{"id":161421,"date":"2024-03-22T07:09:52","date_gmt":"2024-03-22T11:09:52","guid":{"rendered":"https:\/\/news.canadamotorjobs.com\/?p=161421"},"modified":"2024-03-22T07:14:29","modified_gmt":"2024-03-22T11:14:29","slug":"tesla-model-y-superchargee","status":"publish","type":"post","link":"https:\/\/news.canadamotorjobs.com\/fr\/tesla-model-y-superchargee\/","title":{"rendered":"Tesla Model Y\u00a0: supercharg\u00e9e!"},"content":{"rendered":"<\/p>\n<p>\u00c7a faisait un petit bout de temps qu\u2019on n\u2019avait pas eu la chance de conduire une Tesla pour des fins d\u2019essai routier, alors quand l\u2019occasion s\u2019est pr\u00e9sent\u00e9e, j\u2019ai rapidement saut\u00e9 dessus. Pour \u00e7a, je dois remercier les gens de Turo. Turo est une application de location \u00e0 court terme de v\u00e9hicules pour particuliers. Comme Airbnb permet de louer son logement, on peut mettre sa voiture en location \u00e0 court terme sur Turo, et on peut en tirer un petit revenu.<\/p>\n<p>J\u2019ai donc trouv\u00e9 sur l\u2019application un Model Y pr\u00eat pour la route. J\u2019ai opt\u00e9 pour 400 km par jour et l\u2019assurance compl\u00e8te, pour une location de deux jours. Deux heures plus tard, j\u2019ai vu que j\u2019avais un pneu \u00e0 plat. Les gens de Turo m\u2019ont donc propos\u00e9 un autre Model Y en \u00e9change, une version Performance \u00e0 deux moteurs et qui vient justement de voir son prix baisser juste assez pour \u00eatre admissible \u00e0 l\u2019aide \u00e0 l\u2019achat gouvernementale.<\/p>\n<p>\u00c7a valait presque la peine de subir une crevaison\u2026 En tout cas, je remercie Turo pour son service, qui \u00e9tait impeccable. Si vous voulez essayer une auto \u00e9lectrique, le temps d\u2019un weekend, avant d\u2019acheter, ou m\u00eame pour \u00e9viter d\u2019avoir \u00e0 acheter un nouveau v\u00e9hicule, c\u2019est une option \u00e0 consid\u00e9rer absolument.<\/p>\n<p>Le Model Y que j\u2019ai finalement conduit de Montr\u00e9al \u00e0 Qu\u00e9bec, puis de retour jusqu\u2019\u00e0 Montr\u00e9al, co\u00fbte 72\u00a0000 $, avant l\u2019aide \u00e0 l\u2019achat. Son autonomie est annonc\u00e9e \u00e0 459 km, mais elle s\u2019affichait en r\u00e9alit\u00e9 plus pr\u00e8s des 420 km sur l\u2019unique \u00e9cran de son tableau de bord.<\/p>\n<p>C\u2019est une des bonnes id\u00e9es de Tesla pour r\u00e9duire ses co\u00fbts de production\u00a0: le tableau de bord est enti\u00e8rement d\u00e9garni. Tout passe par l\u2019\u00e9cran central, quand m\u00eame assez grand. Tout, sauf les interfaces connect\u00e9es d\u2019Apple et de Google, que Tesla refuse d\u2019adopter. Il faut s\u2019y faire, mais on trouve Spotify, Apple Music et d\u2019autres applis parmi le catalogue des applis qu\u2019on peut installer directement sur l\u2019appareil, alors c\u2019est moins grave que \u00e7a en a l\u2019air.<\/p>\n<p>Le Model Y essay\u00e9 n\u2019avait pas beaucoup de gadgets install\u00e9s d\u2019office. Le r\u00e9gulateur de vitesse \u00e9tait adaptatif, et c\u2019est tout. Il s\u2019active \u00e0 m\u00eame le petit levier de transmission log\u00e9 sur la colonne de direction, tout simplement.<\/p>\n<p>En fait, on a tendance \u00e0 pr\u00e9senter Tesla comme une marque de luxe, mais tout dans le Model Y aide \u00e0 nous convaincre du contraire\u00a0: ses v\u00e9hicules sont surtout de belles vitrines technologiques. Car je n\u2019associe pas n\u00e9cessairement le fait de pouvoir bondir de 0 \u00e0 100 km\/h en 4 secondes d\u2019une caract\u00e9ristique de luxe, tellement que de performance.<\/p>\n<p>Pas tout \u00e0 fait la m\u00eame chose. Peu importe. Sur la route, le v\u00e9hicule a un comportement extr\u00eamement doux. La visibilit\u00e9 est bonne vers l\u2019avant, mais vers l\u2019arri\u00e8re, la petite lunette du hayon est vraiment \u00e9troite. C\u2019est irritant \u00e0 la longue.<\/p>\n<p>C\u00f4t\u00e9 confort, \u00e0 l\u2019arri\u00e8re, les enfants ont eu de la mis\u00e8re \u00e0 tenir tous les trois sur la banquette en m\u00eame temps. On s\u2019attendait \u00e0 un peu plus d\u2019espace, vu la forme du v\u00e9hicule. Mais bon.<\/p>\n<p>Bien des gens l\u2019ont dit avant nous, la plus grande qualit\u00e9 des Tesla ne se trouve dans les v\u00e9hicules, mais dans le stationnement de centres d\u2019achats partout en Am\u00e9rique du Nord. Les Superchargers font toute une diff\u00e9rence. On aurait pu faire l\u2019aller-retour Montr\u00e9al-Qu\u00e9bec sans se brancher, mais on a crois\u00e9 des Supercharger en banlieue de Qu\u00e9bec et on avait une heure de temps libre, alors on s\u2019est branch\u00e9s. 25 minutes et 20$ plus tard, la charge est pass\u00e9 de 38 % \u00e0 presque 90 %.<\/p>\n<p>\u00c7a, c\u2019est impressionnant. C\u2019est aussi plut\u00f4t rassurant. Et sans surprise, \u00e7a explique pourquoi les autres constructeurs veulent y avoir acc\u00e8s eux aussi\u00a0: ces chargeurs-l\u00e0 sont partout, et ils sont tr\u00e8s fiables.<\/p>\n<p>Alors, vu son prix, on ne se surprend pas trop que le Model Y soit si populaire au Qu\u00e9bec. Il va continuer de l\u2019\u00eatre au moins jusqu\u2019en 2027\u2026 et peut-\u00eatre plus longtemps encore, si jamais les prix continuent \u00e0 baisser assez pour faire oublier le repli de Qu\u00e9bec dans son propre programme d\u2019aide \u00e0 l\u2019achat de v\u00e9hicules \u00e9lectriques\u2026<\/p>\n<p>Le texte <a rel=\"nofollow\" href=\"https:\/\/annuelauto.ca\/tesla-model-y-superchargee\/\">Tesla Model Y\u00a0: supercharg\u00e9e!<\/a> provient de <a rel=\"nofollow\" href=\"https:\/\/annuelauto.ca\">L&#8217;annuel de l&#8217;automobile &#8211; Actualit\u00e9 automobile<\/a><\/p>\n<p><\/p>\n","protected":false},"excerpt":{"rendered":"<p>\u00c7a faisait un petit bout de temps qu\u2019on n\u2019avait pas eu la chance de conduire une Tesla pour des fins d\u2019essai routier, alors quand l\u2019occasion s\u2019est pr\u00e9sent\u00e9e, j\u2019ai rapidement saut\u00e9 dessus. Pour \u00e7a, je dois remercier les gens de Turo. Turo est une application de location \u00e0 court terme de v\u00e9hicules pour particuliers. Comme Airbnb [&hellip;]<\/p>\n","protected":false},"author":8,"featured_media":161423,"comment_status":"close","ping_status":"closed","sticky":false,"template":"","format":"standard","meta":{"_monsterinsights_skip_tracking":false,"_monsterinsights_sitenote_active":false,"_monsterinsights_sitenote_note":"","_monsterinsights_sitenote_category":0,"footnotes":""},"categories":[101],"tags":[],"yoast_head":"<!-- This site is optimized with the Yoast SEO plugin v23.2 - https:\/\/yoast.com\/wordpress\/plugins\/seo\/ -->\n<title>Tesla Model Y\u00a0: supercharg\u00e9e! - CanadaMotorJobs.com<\/title>\n<meta name=\"description\" content=\"Tesla Model Y\u00a0: supercharg\u00e9e! - Benoit Charette - Annuel automobile - CanadaMotorJobs.com.\" \/>\n<meta name=\"robots\" content=\"index, follow, max-snippet:-1, max-image-preview:large, max-video-preview:-1\" \/>\n<meta property=\"og:locale\" content=\"fr_CA\" \/>\n<meta property=\"og:type\" content=\"article\" \/>\n<meta property=\"og:title\" content=\"Tesla Model Y\u00a0: supercharg\u00e9e! - CanadaMotorJobs.com\" \/>\n<meta property=\"og:description\" content=\"Tesla Model Y\u00a0: supercharg\u00e9e! - Benoit Charette - Annuel automobile - CanadaMotorJobs.com.\" \/>\n<meta property=\"og:url\" content=\"https:\/\/news.canadamotorjobs.com\/fr\/tesla-model-y-superchargee\/\" \/>\n<meta property=\"og:site_name\" content=\"CanadaMotorJobs.com\" \/>\n<meta property=\"article:publisher\" content=\"https:\/\/www.facebook.com\/canadamotorjobs\/\" \/>\n<meta property=\"article:published_time\" content=\"2024-03-22T11:09:52+00:00\" \/>\n<meta property=\"article:modified_time\" content=\"2024-03-22T11:14:29+00:00\" \/>\n<meta property=\"og:image\" content=\"https:\/\/news.canadamotorjobs.com\/wp-content\/uploads\/2024\/03\/2023_Tesla_Model_Y_Angular_Front_1.jpg\" \/>\n\t<meta property=\"og:image:width\" content=\"960\" \/>\n\t<meta property=\"og:image:height\" content=\"720\" \/>\n\t<meta property=\"og:image:type\" content=\"image\/jpeg\" \/>\n<meta name=\"author\" content=\"Benoit Charette\" \/>\n<meta name=\"twitter:card\" content=\"summary_large_image\" \/>\n<meta name=\"twitter:creator\" content=\"@canadamotorjobs\" \/>\n<meta name=\"twitter:site\" content=\"@canadamotorjobs\" \/>\n<meta name=\"twitter:label1\" content=\"\u00c9crit par\" \/>\n\t<meta name=\"twitter:data1\" content=\"Benoit Charette\" \/>\n\t<meta name=\"twitter:label2\" content=\"Estimation du temps de lecture\" \/>\n\t<meta name=\"twitter:data2\" content=\"4 minutes\" \/>\n<!-- \/ Yoast SEO plugin. -->","yoast_head_json":{"title":"Tesla Model Y\u00a0: supercharg\u00e9e! - CanadaMotorJobs.com","description":"Tesla Model Y\u00a0: supercharg\u00e9e! - Benoit Charette - Annuel automobile - CanadaMotorJobs.com.","robots":{"index":"index","follow":"follow","max-snippet":"max-snippet:-1","max-image-preview":"max-image-preview:large","max-video-preview":"max-video-preview:-1"},"og_locale":"fr_CA","og_type":"article","og_title":"Tesla Model Y\u00a0: supercharg\u00e9e! - CanadaMotorJobs.com","og_description":"Tesla Model Y\u00a0: supercharg\u00e9e! - Benoit Charette - Annuel automobile - CanadaMotorJobs.com.","og_url":"https:\/\/news.canadamotorjobs.com\/fr\/tesla-model-y-superchargee\/","og_site_name":"CanadaMotorJobs.com","article_publisher":"https:\/\/www.facebook.com\/canadamotorjobs\/","article_published_time":"2024-03-22T11:09:52+00:00","article_modified_time":"2024-03-22T11:14:29+00:00","og_image":[{"width":960,"height":720,"url":"https:\/\/news.canadamotorjobs.com\/wp-content\/uploads\/2024\/03\/2023_Tesla_Model_Y_Angular_Front_1.jpg","type":"image\/jpeg"}],"author":"Benoit Charette","twitter_card":"summary_large_image","twitter_creator":"@canadamotorjobs","twitter_site":"@canadamotorjobs","twitter_misc":{"\u00c9crit par":"Benoit Charette","Estimation du temps de lecture":"4 minutes"},"schema":{"@context":"https:\/\/schema.org","@graph":[{"@type":"Article","@id":"https:\/\/news.canadamotorjobs.com\/fr\/tesla-model-y-superchargee\/#article","isPartOf":{"@id":"https:\/\/news.canadamotorjobs.com\/fr\/tesla-model-y-superchargee\/"},"author":{"name":"Benoit Charette","@id":"https:\/\/news.canadamotorjobs.com\/#\/schema\/person\/51793d1f87d44011d7bcc2ed99269a90"},"headline":"Tesla Model Y\u00a0: supercharg\u00e9e!","datePublished":"2024-03-22T11:09:52+00:00","dateModified":"2024-03-22T11:14:29+00:00","mainEntityOfPage":{"@id":"https:\/\/news.canadamotorjobs.com\/fr\/tesla-model-y-superchargee\/"},"wordCount":771,"publisher":{"@id":"https:\/\/news.canadamotorjobs.com\/#organization"},"image":{"@id":"https:\/\/news.canadamotorjobs.com\/fr\/tesla-model-y-superchargee\/#primaryimage"},"thumbnailUrl":"https:\/\/news.canadamotorjobs.com\/wp-content\/uploads\/2024\/03\/2023_Tesla_Model_Y_Angular_Front_1.jpg","articleSection":["Annuel automobile"],"inLanguage":"fr-CA"},{"@type":"WebPage","@id":"https:\/\/news.canadamotorjobs.com\/fr\/tesla-model-y-superchargee\/","url":"https:\/\/news.canadamotorjobs.com\/fr\/tesla-model-y-superchargee\/","name":"Tesla Model Y\u00a0: supercharg\u00e9e! - CanadaMotorJobs.com","isPartOf":{"@id":"https:\/\/news.canadamotorjobs.com\/#website"},"primaryImageOfPage":{"@id":"https:\/\/news.canadamotorjobs.com\/fr\/tesla-model-y-superchargee\/#primaryimage"},"image":{"@id":"https:\/\/news.canadamotorjobs.com\/fr\/tesla-model-y-superchargee\/#primaryimage"},"thumbnailUrl":"https:\/\/news.canadamotorjobs.com\/wp-content\/uploads\/2024\/03\/2023_Tesla_Model_Y_Angular_Front_1.jpg","datePublished":"2024-03-22T11:09:52+00:00","dateModified":"2024-03-22T11:14:29+00:00","description":"Tesla Model Y\u00a0: supercharg\u00e9e! - Benoit Charette - Annuel automobile - CanadaMotorJobs.com.","breadcrumb":{"@id":"https:\/\/news.canadamotorjobs.com\/fr\/tesla-model-y-superchargee\/#breadcrumb"},"inLanguage":"fr-CA","potentialAction":[{"@type":"ReadAction","target":["https:\/\/news.canadamotorjobs.com\/fr\/tesla-model-y-superchargee\/"]}]},{"@type":"ImageObject","inLanguage":"fr-CA","@id":"https:\/\/news.canadamotorjobs.com\/fr\/tesla-model-y-superchargee\/#primaryimage","url":"https:\/\/news.canadamotorjobs.com\/wp-content\/uploads\/2024\/03\/2023_Tesla_Model_Y_Angular_Front_1.jpg","contentUrl":"https:\/\/news.canadamotorjobs.com\/wp-content\/uploads\/2024\/03\/2023_Tesla_Model_Y_Angular_Front_1.jpg","width":960,"height":720},{"@type":"BreadcrumbList","@id":"https:\/\/news.canadamotorjobs.com\/fr\/tesla-model-y-superchargee\/#breadcrumb","itemListElement":[{"@type":"ListItem","position":1,"name":"Home","item":"https:\/\/news.canadamotorjobs.com\/fr\/blog\/"},{"@type":"ListItem","position":2,"name":"Tesla Model Y\u00a0: supercharg\u00e9e!"}]},{"@type":"WebSite","@id":"https:\/\/news.canadamotorjobs.com\/#website","url":"https:\/\/news.canadamotorjobs.com\/","name":"CanadaMotorJobs.com","description":"Automotive Jobs","publisher":{"@id":"https:\/\/news.canadamotorjobs.com\/#organization"},"potentialAction":[{"@type":"SearchAction","target":{"@type":"EntryPoint","urlTemplate":"https:\/\/news.canadamotorjobs.com\/?s={search_term_string}"},"query-input":"required name=search_term_string"}],"inLanguage":"fr-CA"},{"@type":"Organization","@id":"https:\/\/news.canadamotorjobs.com\/#organization","name":"Canada Motor Jobs","url":"https:\/\/news.canadamotorjobs.com\/","logo":{"@type":"ImageObject","inLanguage":"fr-CA","@id":"https:\/\/news.canadamotorjobs.com\/#\/schema\/logo\/image\/","url":"https:\/\/news.canadamotorjobs.com\/wp-content\/uploads\/2022\/10\/logo-canada-motor-jobs-1.png","contentUrl":"https:\/\/news.canadamotorjobs.com\/wp-content\/uploads\/2022\/10\/logo-canada-motor-jobs-1.png","width":800,"height":400,"caption":"Canada Motor Jobs"},"image":{"@id":"https:\/\/news.canadamotorjobs.com\/#\/schema\/logo\/image\/"},"sameAs":["https:\/\/www.facebook.com\/canadamotorjobs\/","https:\/\/x.com\/canadamotorjobs","https:\/\/www.instagram.com\/canadamotorjobs\/","https:\/\/www.linkedin.com\/company\/canadamotorjobs"]},{"@type":"Person","@id":"https:\/\/news.canadamotorjobs.com\/#\/schema\/person\/51793d1f87d44011d7bcc2ed99269a90","name":"Benoit Charette","image":{"@type":"ImageObject","inLanguage":"fr-CA","@id":"https:\/\/news.canadamotorjobs.com\/#\/schema\/person\/image\/","url":"https:\/\/secure.gravatar.com\/avatar\/45f3d2eebcccd909668d7ce7ea7267b6?s=96&d=mm&r=g","contentUrl":"https:\/\/secure.gravatar.com\/avatar\/45f3d2eebcccd909668d7ce7ea7267b6?s=96&d=mm&r=g","caption":"Benoit Charette"},"description":"Benoit Charette \/ Propri\u00e9taire et r\u00e9dacteur en chef Benoit Charette pratique le journalisme automobile depuis bient\u00f4t 30 ans. Il a fait ses classes au c\u00f4t\u00e9 de Daniel H\u00e9raud et au Carnet de route de 1992 \u00e0 2001. Il est fondateur, copropri\u00e9taire et r\u00e9dacteur en chef de L\u2019Annuel de l\u2019automobile, qu\u2019il publie depuis 2001. Il a anim\u00e9 les \u00e9missions RPM et RPM+ sur V et les L\u00e9gendes de la route sur Historia. \u00c0 la radio depuis 1986, il reprend l\u2019antenne cette ann\u00e9e sur les ondes de Cogeco et participe pour la deuxi\u00e8me ann\u00e9e \u00e0 l\u2019\u00e9mission Passion Auto sur RDS en plus de mettre en ligne le site Web officiel de L\u2019Annuel de l\u2019automobile sur annuelauto.ca.","sameAs":["https:\/\/annuelauto.ca\/"],"url":"https:\/\/news.canadamotorjobs.com\/fr\/author\/benoit-charette\/"}]}},"_links":{"self":[{"href":"https:\/\/news.canadamotorjobs.com\/fr\/wp-json\/wp\/v2\/posts\/161421"}],"collection":[{"href":"https:\/\/news.canadamotorjobs.com\/fr\/wp-json\/wp\/v2\/posts"}],"about":[{"href":"https:\/\/news.canadamotorjobs.com\/fr\/wp-json\/wp\/v2\/types\/post"}],"author":[{"embeddable":true,"href":"https:\/\/news.canadamotorjobs.com\/fr\/wp-json\/wp\/v2\/users\/8"}],"replies":[{"embeddable":true,"href":"https:\/\/news.canadamotorjobs.com\/fr\/wp-json\/wp\/v2\/comments?post=161421"}],"version-history":[{"count":2,"href":"https:\/\/news.canadamotorjobs.com\/fr\/wp-json\/wp\/v2\/posts\/161421\/revisions"}],"predecessor-version":[{"id":161425,"href":"https:\/\/news.canadamotorjobs.com\/fr\/wp-json\/wp\/v2\/posts\/161421\/revisions\/161425"}],"wp:featuredmedia":[{"embeddable":true,"href":"https:\/\/news.canadamotorjobs.com\/fr\/wp-json\/wp\/v2\/media\/161423"}],"wp:attachment":[{"href":"https:\/\/news.canadamotorjobs.com\/fr\/wp-json\/wp\/v2\/media?parent=161421"}],"wp:term":[{"taxonomy":"category","embeddable":true,"href":"https:\/\/news.canadamotorjobs.com\/fr\/wp-json\/wp\/v2\/categories?post=161421"},{"taxonomy":"post_tag","embeddable":true,"href":"https:\/\/news.canadamotorjobs.com\/fr\/wp-json\/wp\/v2\/tags?post=161421"}],"curies":[{"name":"wp","href":"https:\/\/api.w.org\/{rel}","templated":true}]}}