{"id":161379,"date":"2024-03-21T10:42:30","date_gmt":"2024-03-21T14:42:30","guid":{"rendered":"https:\/\/news.canadamotorjobs.com\/?p=161379"},"modified":"2024-03-21T10:44:42","modified_gmt":"2024-03-21T14:44:42","slug":"147-000-rappels-pour-unite-de-charge-endommagee-chez-kia-et-hyundai","status":"publish","type":"post","link":"https:\/\/news.canadamotorjobs.com\/fr\/147-000-rappels-pour-unite-de-charge-endommagee-chez-kia-et-hyundai\/","title":{"rendered":"147 000 rappels pour unit\u00e9 de charge endommag\u00e9e chez Kia et Hyundai"},"content":{"rendered":"<\/p>\n<p>Hyundai et Kia rappellent un total de 147 100 v\u00e9hicules am\u00e9ricains en raison d&#8217;une unit\u00e9 de charge endommag\u00e9e, a annonc\u00e9 jeudi l&#8217;Administration nationale de la s\u00e9curit\u00e9 routi\u00e8re (NHTSA). Hyundai rappellera 98.878 v\u00e9hicules, dont certains mod\u00e8les \u00a0Ioniq 5 et Ioniq 6, Genesis GV60, Genesis GV70 Electrified et Genesis GV80 Electrified de 2022 \u00e0 2024, tandis que Kia rappellera 48.232 v\u00e9hicules concernant certains mod\u00e8les EV6.<\/p>\n<h3>Unit\u00e9 de contr\u00f4le de charge endommag\u00e9e<\/h3>\n<p>\nL&#8217;unit\u00e9 de contr\u00f4le de charge int\u00e9gr\u00e9e (ICCU) &#8220;peut \u00eatre endommag\u00e9e au fil du temps par une haute tension transitoire et des cycles thermiques&#8221; et cesser de charger la batterie de 12 volts, ce qui peut entra\u00eener une perte de puissance d&#8217;entra\u00eenement, augmentant ainsi le risque d&#8217;accident, a d\u00e9clar\u00e9 l&#8217;organisme de r\u00e9glementation de la s\u00e9curit\u00e9. Kia note qu&#8217;il y aura &#8220;des avertissements sonores et un ou plusieurs des \u00e9l\u00e9ments suivants : Allumage du voyant &#8220;Check Electric Vehicle System&#8221;, du voyant &#8220;Master&#8221;, du voyant &#8220;Charging system&#8221;, du voyant &#8220;Stop vehicle and check power supply&#8221;, du voyant &#8220;Power down (turtle)&#8221; et\/ou r\u00e9duction de la puissance motrice.<\/p>\n<p>Les concessionnaires inspecteront et remplaceront l&#8217;ICCU et son fusible, si n\u00e9cessaire. En outre, les concessionnaires mettront \u00e0 jour le logiciel de l&#8217;ICCU.<\/p>\n<p>Avec des renseignements d\u2019Autoblog<\/p>\n<p>Le texte <a rel=\"nofollow\" href=\"https:\/\/annuelauto.ca\/147-000-rappels-pour-unite-de-charge-endommagee-chez-kia-et-hyundai\/\">147 000 rappels pour unit\u00e9 de charge endommag\u00e9e chez Kia et Hyundai<\/a> provient de <a rel=\"nofollow\" href=\"https:\/\/annuelauto.ca\">L&#8217;annuel de l&#8217;automobile &#8211; Actualit\u00e9 automobile<\/a><\/p>\n<p><\/p>\n","protected":false},"excerpt":{"rendered":"<p>Hyundai et Kia rappellent un total de 147 100 v\u00e9hicules am\u00e9ricains en raison d&#8217;une unit\u00e9 de charge endommag\u00e9e, a annonc\u00e9 jeudi l&#8217;Administration nationale de la s\u00e9curit\u00e9 routi\u00e8re (NHTSA). Hyundai rappellera 98.878 v\u00e9hicules, dont certains mod\u00e8les \u00a0Ioniq 5 et Ioniq 6, Genesis GV60, Genesis GV70 Electrified et Genesis GV80 Electrified de 2022 \u00e0 2024, tandis que [&hellip;]<\/p>\n","protected":false},"author":8,"featured_media":161381,"comment_status":"close","ping_status":"closed","sticky":false,"template":"","format":"standard","meta":{"_monsterinsights_skip_tracking":false,"_monsterinsights_sitenote_active":false,"_monsterinsights_sitenote_note":"","_monsterinsights_sitenote_category":0,"footnotes":""},"categories":[101],"tags":[],"yoast_head":"<!-- This site is optimized with the Yoast SEO plugin v23.2 - https:\/\/yoast.com\/wordpress\/plugins\/seo\/ -->\n<title>147 000 rappels pour unit\u00e9 de charge endommag\u00e9e chez Kia et Hyundai - CanadaMotorJobs.com<\/title>\n<meta name=\"description\" content=\"147 000 rappels pour unit\u00e9 de charge endommag\u00e9e chez Kia et Hyundai - Benoit Charette - Annuel automobile - CanadaMotorJobs.com.\" \/>\n<meta name=\"robots\" content=\"index, follow, max-snippet:-1, max-image-preview:large, max-video-preview:-1\" \/>\n<meta property=\"og:locale\" content=\"fr_CA\" \/>\n<meta property=\"og:type\" content=\"article\" \/>\n<meta property=\"og:title\" content=\"147 000 rappels pour unit\u00e9 de charge endommag\u00e9e chez Kia et Hyundai - CanadaMotorJobs.com\" \/>\n<meta property=\"og:description\" content=\"147 000 rappels pour unit\u00e9 de charge endommag\u00e9e chez Kia et Hyundai - Benoit Charette - Annuel automobile - CanadaMotorJobs.com.\" \/>\n<meta property=\"og:url\" content=\"https:\/\/news.canadamotorjobs.com\/fr\/147-000-rappels-pour-unite-de-charge-endommagee-chez-kia-et-hyundai\/\" \/>\n<meta property=\"og:site_name\" content=\"CanadaMotorJobs.com\" \/>\n<meta property=\"article:publisher\" content=\"https:\/\/www.facebook.com\/canadamotorjobs\/\" \/>\n<meta property=\"article:published_time\" content=\"2024-03-21T14:42:30+00:00\" \/>\n<meta property=\"article:modified_time\" content=\"2024-03-21T14:44:42+00:00\" \/>\n<meta property=\"og:image\" content=\"https:\/\/news.canadamotorjobs.com\/wp-content\/uploads\/2024\/03\/IMG_4914-1024x768-1.jpg\" \/>\n\t<meta property=\"og:image:width\" content=\"1024\" \/>\n\t<meta property=\"og:image:height\" content=\"768\" \/>\n\t<meta property=\"og:image:type\" content=\"image\/jpeg\" \/>\n<meta name=\"author\" content=\"Benoit Charette\" \/>\n<meta name=\"twitter:card\" content=\"summary_large_image\" \/>\n<meta name=\"twitter:creator\" content=\"@canadamotorjobs\" \/>\n<meta name=\"twitter:site\" content=\"@canadamotorjobs\" \/>\n<meta name=\"twitter:label1\" content=\"\u00c9crit par\" \/>\n\t<meta name=\"twitter:data1\" content=\"Benoit Charette\" \/>\n\t<meta name=\"twitter:label2\" content=\"Estimation du temps de lecture\" \/>\n\t<meta name=\"twitter:data2\" content=\"1 minute\" \/>\n<!-- \/ Yoast SEO plugin. -->","yoast_head_json":{"title":"147 000 rappels pour unit\u00e9 de charge endommag\u00e9e chez Kia et Hyundai - CanadaMotorJobs.com","description":"147 000 rappels pour unit\u00e9 de charge endommag\u00e9e chez Kia et Hyundai - Benoit Charette - Annuel automobile - CanadaMotorJobs.com.","robots":{"index":"index","follow":"follow","max-snippet":"max-snippet:-1","max-image-preview":"max-image-preview:large","max-video-preview":"max-video-preview:-1"},"og_locale":"fr_CA","og_type":"article","og_title":"147 000 rappels pour unit\u00e9 de charge endommag\u00e9e chez Kia et Hyundai - CanadaMotorJobs.com","og_description":"147 000 rappels pour unit\u00e9 de charge endommag\u00e9e chez Kia et Hyundai - Benoit Charette - Annuel automobile - CanadaMotorJobs.com.","og_url":"https:\/\/news.canadamotorjobs.com\/fr\/147-000-rappels-pour-unite-de-charge-endommagee-chez-kia-et-hyundai\/","og_site_name":"CanadaMotorJobs.com","article_publisher":"https:\/\/www.facebook.com\/canadamotorjobs\/","article_published_time":"2024-03-21T14:42:30+00:00","article_modified_time":"2024-03-21T14:44:42+00:00","og_image":[{"width":1024,"height":768,"url":"https:\/\/news.canadamotorjobs.com\/wp-content\/uploads\/2024\/03\/IMG_4914-1024x768-1.jpg","type":"image\/jpeg"}],"author":"Benoit Charette","twitter_card":"summary_large_image","twitter_creator":"@canadamotorjobs","twitter_site":"@canadamotorjobs","twitter_misc":{"\u00c9crit par":"Benoit Charette","Estimation du temps de lecture":"1 minute"},"schema":{"@context":"https:\/\/schema.org","@graph":[{"@type":"Article","@id":"https:\/\/news.canadamotorjobs.com\/fr\/147-000-rappels-pour-unite-de-charge-endommagee-chez-kia-et-hyundai\/#article","isPartOf":{"@id":"https:\/\/news.canadamotorjobs.com\/fr\/147-000-rappels-pour-unite-de-charge-endommagee-chez-kia-et-hyundai\/"},"author":{"name":"Benoit Charette","@id":"https:\/\/news.canadamotorjobs.com\/#\/schema\/person\/51793d1f87d44011d7bcc2ed99269a90"},"headline":"147 000 rappels pour unit\u00e9 de charge endommag\u00e9e chez Kia et Hyundai","datePublished":"2024-03-21T14:42:30+00:00","dateModified":"2024-03-21T14:44:42+00:00","mainEntityOfPage":{"@id":"https:\/\/news.canadamotorjobs.com\/fr\/147-000-rappels-pour-unite-de-charge-endommagee-chez-kia-et-hyundai\/"},"wordCount":253,"publisher":{"@id":"https:\/\/news.canadamotorjobs.com\/#organization"},"image":{"@id":"https:\/\/news.canadamotorjobs.com\/fr\/147-000-rappels-pour-unite-de-charge-endommagee-chez-kia-et-hyundai\/#primaryimage"},"thumbnailUrl":"https:\/\/news.canadamotorjobs.com\/wp-content\/uploads\/2024\/03\/IMG_4914-1024x768-1.jpg","articleSection":["Annuel automobile"],"inLanguage":"fr-CA"},{"@type":"WebPage","@id":"https:\/\/news.canadamotorjobs.com\/fr\/147-000-rappels-pour-unite-de-charge-endommagee-chez-kia-et-hyundai\/","url":"https:\/\/news.canadamotorjobs.com\/fr\/147-000-rappels-pour-unite-de-charge-endommagee-chez-kia-et-hyundai\/","name":"147 000 rappels pour unit\u00e9 de charge endommag\u00e9e chez Kia et Hyundai - CanadaMotorJobs.com","isPartOf":{"@id":"https:\/\/news.canadamotorjobs.com\/#website"},"primaryImageOfPage":{"@id":"https:\/\/news.canadamotorjobs.com\/fr\/147-000-rappels-pour-unite-de-charge-endommagee-chez-kia-et-hyundai\/#primaryimage"},"image":{"@id":"https:\/\/news.canadamotorjobs.com\/fr\/147-000-rappels-pour-unite-de-charge-endommagee-chez-kia-et-hyundai\/#primaryimage"},"thumbnailUrl":"https:\/\/news.canadamotorjobs.com\/wp-content\/uploads\/2024\/03\/IMG_4914-1024x768-1.jpg","datePublished":"2024-03-21T14:42:30+00:00","dateModified":"2024-03-21T14:44:42+00:00","description":"147 000 rappels pour unit\u00e9 de charge endommag\u00e9e chez Kia et Hyundai - Benoit Charette - Annuel automobile - CanadaMotorJobs.com.","breadcrumb":{"@id":"https:\/\/news.canadamotorjobs.com\/fr\/147-000-rappels-pour-unite-de-charge-endommagee-chez-kia-et-hyundai\/#breadcrumb"},"inLanguage":"fr-CA","potentialAction":[{"@type":"ReadAction","target":["https:\/\/news.canadamotorjobs.com\/fr\/147-000-rappels-pour-unite-de-charge-endommagee-chez-kia-et-hyundai\/"]}]},{"@type":"ImageObject","inLanguage":"fr-CA","@id":"https:\/\/news.canadamotorjobs.com\/fr\/147-000-rappels-pour-unite-de-charge-endommagee-chez-kia-et-hyundai\/#primaryimage","url":"https:\/\/news.canadamotorjobs.com\/wp-content\/uploads\/2024\/03\/IMG_4914-1024x768-1.jpg","contentUrl":"https:\/\/news.canadamotorjobs.com\/wp-content\/uploads\/2024\/03\/IMG_4914-1024x768-1.jpg","width":1024,"height":768},{"@type":"BreadcrumbList","@id":"https:\/\/news.canadamotorjobs.com\/fr\/147-000-rappels-pour-unite-de-charge-endommagee-chez-kia-et-hyundai\/#breadcrumb","itemListElement":[{"@type":"ListItem","position":1,"name":"Home","item":"https:\/\/news.canadamotorjobs.com\/fr\/blog\/"},{"@type":"ListItem","position":2,"name":"147 000 rappels pour unit\u00e9 de charge endommag\u00e9e chez Kia et Hyundai"}]},{"@type":"WebSite","@id":"https:\/\/news.canadamotorjobs.com\/#website","url":"https:\/\/news.canadamotorjobs.com\/","name":"CanadaMotorJobs.com","description":"Automotive Jobs","publisher":{"@id":"https:\/\/news.canadamotorjobs.com\/#organization"},"potentialAction":[{"@type":"SearchAction","target":{"@type":"EntryPoint","urlTemplate":"https:\/\/news.canadamotorjobs.com\/?s={search_term_string}"},"query-input":"required name=search_term_string"}],"inLanguage":"fr-CA"},{"@type":"Organization","@id":"https:\/\/news.canadamotorjobs.com\/#organization","name":"Canada Motor Jobs","url":"https:\/\/news.canadamotorjobs.com\/","logo":{"@type":"ImageObject","inLanguage":"fr-CA","@id":"https:\/\/news.canadamotorjobs.com\/#\/schema\/logo\/image\/","url":"https:\/\/news.canadamotorjobs.com\/wp-content\/uploads\/2022\/10\/logo-canada-motor-jobs-1.png","contentUrl":"https:\/\/news.canadamotorjobs.com\/wp-content\/uploads\/2022\/10\/logo-canada-motor-jobs-1.png","width":800,"height":400,"caption":"Canada Motor Jobs"},"image":{"@id":"https:\/\/news.canadamotorjobs.com\/#\/schema\/logo\/image\/"},"sameAs":["https:\/\/www.facebook.com\/canadamotorjobs\/","https:\/\/x.com\/canadamotorjobs","https:\/\/www.instagram.com\/canadamotorjobs\/","https:\/\/www.linkedin.com\/company\/canadamotorjobs"]},{"@type":"Person","@id":"https:\/\/news.canadamotorjobs.com\/#\/schema\/person\/51793d1f87d44011d7bcc2ed99269a90","name":"Benoit Charette","image":{"@type":"ImageObject","inLanguage":"fr-CA","@id":"https:\/\/news.canadamotorjobs.com\/#\/schema\/person\/image\/","url":"https:\/\/secure.gravatar.com\/avatar\/45f3d2eebcccd909668d7ce7ea7267b6?s=96&d=mm&r=g","contentUrl":"https:\/\/secure.gravatar.com\/avatar\/45f3d2eebcccd909668d7ce7ea7267b6?s=96&d=mm&r=g","caption":"Benoit Charette"},"description":"Benoit Charette \/ Propri\u00e9taire et r\u00e9dacteur en chef Benoit Charette pratique le journalisme automobile depuis bient\u00f4t 30 ans. Il a fait ses classes au c\u00f4t\u00e9 de Daniel H\u00e9raud et au Carnet de route de 1992 \u00e0 2001. Il est fondateur, copropri\u00e9taire et r\u00e9dacteur en chef de L\u2019Annuel de l\u2019automobile, qu\u2019il publie depuis 2001. Il a anim\u00e9 les \u00e9missions RPM et RPM+ sur V et les L\u00e9gendes de la route sur Historia. \u00c0 la radio depuis 1986, il reprend l\u2019antenne cette ann\u00e9e sur les ondes de Cogeco et participe pour la deuxi\u00e8me ann\u00e9e \u00e0 l\u2019\u00e9mission Passion Auto sur RDS en plus de mettre en ligne le site Web officiel de L\u2019Annuel de l\u2019automobile sur annuelauto.ca.","sameAs":["https:\/\/annuelauto.ca\/"],"url":"https:\/\/news.canadamotorjobs.com\/fr\/author\/benoit-charette\/"}]}},"_links":{"self":[{"href":"https:\/\/news.canadamotorjobs.com\/fr\/wp-json\/wp\/v2\/posts\/161379"}],"collection":[{"href":"https:\/\/news.canadamotorjobs.com\/fr\/wp-json\/wp\/v2\/posts"}],"about":[{"href":"https:\/\/news.canadamotorjobs.com\/fr\/wp-json\/wp\/v2\/types\/post"}],"author":[{"embeddable":true,"href":"https:\/\/news.canadamotorjobs.com\/fr\/wp-json\/wp\/v2\/users\/8"}],"replies":[{"embeddable":true,"href":"https:\/\/news.canadamotorjobs.com\/fr\/wp-json\/wp\/v2\/comments?post=161379"}],"version-history":[{"count":2,"href":"https:\/\/news.canadamotorjobs.com\/fr\/wp-json\/wp\/v2\/posts\/161379\/revisions"}],"predecessor-version":[{"id":161383,"href":"https:\/\/news.canadamotorjobs.com\/fr\/wp-json\/wp\/v2\/posts\/161379\/revisions\/161383"}],"wp:featuredmedia":[{"embeddable":true,"href":"https:\/\/news.canadamotorjobs.com\/fr\/wp-json\/wp\/v2\/media\/161381"}],"wp:attachment":[{"href":"https:\/\/news.canadamotorjobs.com\/fr\/wp-json\/wp\/v2\/media?parent=161379"}],"wp:term":[{"taxonomy":"category","embeddable":true,"href":"https:\/\/news.canadamotorjobs.com\/fr\/wp-json\/wp\/v2\/categories?post=161379"},{"taxonomy":"post_tag","embeddable":true,"href":"https:\/\/news.canadamotorjobs.com\/fr\/wp-json\/wp\/v2\/tags?post=161379"}],"curies":[{"name":"wp","href":"https:\/\/api.w.org\/{rel}","templated":true}]}}