{"id":161333,"date":"2024-03-21T08:01:57","date_gmt":"2024-03-21T12:01:57","guid":{"rendered":"https:\/\/news.canadamotorjobs.com\/?p=161333"},"modified":"2024-03-21T08:06:34","modified_gmt":"2024-03-21T12:06:34","slug":"voici-le-bmw-vision-neue-klasse-x-un-avant-gout-du-prochain-x3","status":"publish","type":"post","link":"https:\/\/news.canadamotorjobs.com\/fr\/voici-le-bmw-vision-neue-klasse-x-un-avant-gout-du-prochain-x3\/","title":{"rendered":"Voici le BMW Vision Neue Klasse X, un avant-go\u00fbt du prochain X3"},"content":{"rendered":"<\/p>\n<p>BMW, en qu\u00eate constante d&#8217;innovation, \u00e9blouit une fois de plus avec la r\u00e9v\u00e9lation de son dernier concept, le Vision Neue Klasse X, au salon de la mobilit\u00e9 de Munich \u00e0 l&#8217;automne 2023. Ce VUS enti\u00e8rement \u00e9lectrique annonce le futur du mod\u00e8le X3 tout en incarnant l&#8217;esth\u00e9tique, la technologie et la philosophie \u00e9lectrique \u00e0 venir chez BMW. Pr\u00e9vu pour la production en s\u00e9rie \u00e0 l&#8217;usine de Debrecen (Hongrie) en 2025, ce mod\u00e8le va bien au-del\u00e0 de la simple voiture pour symboliser une red\u00e9finition compl\u00e8te de la marque BMW.<\/p>\n<h3><strong>Red\u00e9finition de la Marque BMW<\/strong><\/h3>\n<p>\nOliver Zipse, Pr\u00e9sident du Conseil d&#8217;Administration de BMW AG, met en avant que le BMW Vision Neue Klasse X repr\u00e9sente bien plus qu&#8217;un simple v\u00e9hicule. Il incarne un style de vie actif, une dynamique efficace et une assurance in\u00e9branlable, le tout fusionn\u00e9 avec des technologies de pointe et une exp\u00e9rience utilisateur intuitive.<\/p>\n<h3><strong>Une nouvelle approche<\/strong><\/h3>\n<p>\nLe d\u00e9veloppement du Vision Neue Klasse X marque une avanc\u00e9e majeure dans le contr\u00f4le de la conduite et du ch\u00e2ssis. Avec l&#8217;int\u00e9gration de nouveaux super-cerveaux, la conduite BMW atteint de nouveaux sommets, offrant des performances plus dynamiques, une pr\u00e9cision accrue et une efficacit\u00e9 optimale.<\/p>\n<h3><strong>Design Futuriste<\/strong><\/h3>\n<p>\nLe design de la BMW Vision Neue Klasse X marie habilement l&#8217;identit\u00e9 distinctive des mod\u00e8les X avec le langage de design \u00e9pur\u00e9 de la Nouvelle Classe. Des \u00e9l\u00e9ments comme les feux DEL verticaux et la calandre BMW repens\u00e9e conf\u00e8rent \u00e0 ce v\u00e9hicule une pr\u00e9sence in\u00e9gal\u00e9e sur la route.<\/p>\n<h3><strong>Exp\u00e9rience Utilisateur Personnalis\u00e9e<\/strong><\/h3>\n<p>\n\u00c0 l&#8217;int\u00e9rieur, la BMW Vision Neue Klasse X offre une immersion totale gr\u00e2ce \u00e0 une interface utilisateur intuitive bas\u00e9e sur la BMW Panoramic Vision et le HYPERSONX WHEEL, offrant une exp\u00e9rience sonore personnalis\u00e9e. Cette approche place conducteur et passagers au c\u0153ur de l&#8217;exp\u00e9rience de conduite.<\/p>\n<h3><strong>Technologie Avanc\u00e9e eDrive<\/strong><\/h3>\n<p>\nLa sixi\u00e8me g\u00e9n\u00e9ration de la technologie <a href=\"https:\/\/www.bmw.ca\/fr\/topics\/experience\/efficient-dynamics\/moteur-electrique.html\">BMW eDrive<\/a> garantit une efficacit\u00e9 accrue, gr\u00e2ce \u00e0 des unit\u00e9s d&#8217;entra\u00eenement \u00e9lectrique am\u00e9lior\u00e9es et des batteries lithium-ion de nouvelle g\u00e9n\u00e9ration, offrant une charge rapide et une autonomie \u00e9tendue tout en r\u00e9duisant l&#8217;empreinte carbone globale.<\/p>\n<h3><strong>Durabilit\u00e9 et Responsabilit\u00e9 Sociale<\/strong><\/h3>\n<p>\nBMW s&#8217;engage \u00e9galement dans la durabilit\u00e9 avec une empreinte CO2 r\u00e9duite gr\u00e2ce \u00e0 une production et une cha\u00eene d&#8217;approvisionnement plus efficaces en ressources. <a href=\"https:\/\/www.press.bmwgroup.com\/global\">Le &#8220;Verdana&#8221;<\/a>, un mat\u00e9riau enti\u00e8rement naturel, est utilis\u00e9 pour l&#8217;int\u00e9rieur, tandis que des plastiques maritimes et d&#8217;autres mat\u00e9riaux recycl\u00e9s sont \u00e9galement int\u00e9gr\u00e9s \u00e0 la conception.<\/p>\n<h3><strong>Conclusion<\/strong><\/h3>\n<p>\nLe Vision Neue Klasse red\u00e9finit les normes de l&#8217;industrie automobile en int\u00e9grant des innovations technologiques, un design avant-gardiste et un engagement envers la durabilit\u00e9. Avec la BMW Vision Neue Klasse X, BMW ouvre la voie \u00e0 une nouvelle \u00e8re de conduite \u00e9lectrique et responsable, marquant ainsi un tournant dans l&#8217;industrie automobile mondiale.<\/p>\n<p>\u00a0<\/p>\n<p>Le texte <a rel=\"nofollow\" href=\"https:\/\/annuelauto.ca\/voici-le-bmw-vision-neue-klasse-x-un-avant-gout-du-prochain-x3\/\">Voici le BMW Vision Neue Klasse X, un avant-go\u00fbt du prochain X3<\/a> provient de <a rel=\"nofollow\" href=\"https:\/\/annuelauto.ca\">L&#8217;annuel de l&#8217;automobile &#8211; Actualit\u00e9 automobile<\/a><\/p>\n<p><\/p>\n","protected":false},"excerpt":{"rendered":"<p>BMW, en qu\u00eate constante d&#8217;innovation, \u00e9blouit une fois de plus avec la r\u00e9v\u00e9lation de son dernier concept, le Vision Neue Klasse X, au salon de la mobilit\u00e9 de Munich \u00e0 l&#8217;automne 2023. Ce VUS enti\u00e8rement \u00e9lectrique annonce le futur du mod\u00e8le X3 tout en incarnant l&#8217;esth\u00e9tique, la technologie et la philosophie \u00e9lectrique \u00e0 venir chez [&hellip;]<\/p>\n","protected":false},"author":8,"featured_media":161335,"comment_status":"close","ping_status":"closed","sticky":false,"template":"","format":"standard","meta":{"_monsterinsights_skip_tracking":false,"_monsterinsights_sitenote_active":false,"_monsterinsights_sitenote_note":"","_monsterinsights_sitenote_category":0,"footnotes":""},"categories":[101],"tags":[],"yoast_head":"<!-- This site is optimized with the Yoast SEO plugin v23.2 - https:\/\/yoast.com\/wordpress\/plugins\/seo\/ -->\n<title>Voici le BMW Vision Neue Klasse X, un avant-go\u00fbt du prochain X3 - CanadaMotorJobs.com<\/title>\n<meta name=\"description\" content=\"Voici le BMW Vision Neue Klasse X, un avant-go\u00fbt du prochain X3 - Benoit Charette - Annuel automobile - CanadaMotorJobs.com.\" \/>\n<meta name=\"robots\" content=\"index, follow, max-snippet:-1, max-image-preview:large, max-video-preview:-1\" \/>\n<meta property=\"og:locale\" content=\"fr_CA\" \/>\n<meta property=\"og:type\" content=\"article\" \/>\n<meta property=\"og:title\" content=\"Voici le BMW Vision Neue Klasse X, un avant-go\u00fbt du prochain X3 - CanadaMotorJobs.com\" \/>\n<meta property=\"og:description\" content=\"Voici le BMW Vision Neue Klasse X, un avant-go\u00fbt du prochain X3 - Benoit Charette - Annuel automobile - CanadaMotorJobs.com.\" \/>\n<meta property=\"og:url\" content=\"https:\/\/news.canadamotorjobs.com\/fr\/voici-le-bmw-vision-neue-klasse-x-un-avant-gout-du-prochain-x3\/\" \/>\n<meta property=\"og:site_name\" content=\"CanadaMotorJobs.com\" \/>\n<meta property=\"article:publisher\" content=\"https:\/\/www.facebook.com\/canadamotorjobs\/\" \/>\n<meta property=\"article:published_time\" content=\"2024-03-21T12:01:57+00:00\" \/>\n<meta property=\"article:modified_time\" content=\"2024-03-21T12:06:34+00:00\" \/>\n<meta property=\"og:image\" content=\"https:\/\/news.canadamotorjobs.com\/wp-content\/uploads\/2024\/03\/01-Inform-14.jpg\" \/>\n\t<meta property=\"og:image:width\" content=\"1200\" \/>\n\t<meta property=\"og:image:height\" content=\"800\" \/>\n\t<meta property=\"og:image:type\" content=\"image\/jpeg\" \/>\n<meta name=\"author\" content=\"Benoit Charette\" \/>\n<meta name=\"twitter:card\" content=\"summary_large_image\" \/>\n<meta name=\"twitter:creator\" content=\"@canadamotorjobs\" \/>\n<meta name=\"twitter:site\" content=\"@canadamotorjobs\" \/>\n<meta name=\"twitter:label1\" content=\"\u00c9crit par\" \/>\n\t<meta name=\"twitter:data1\" content=\"Benoit Charette\" \/>\n\t<meta name=\"twitter:label2\" content=\"Estimation du temps de lecture\" \/>\n\t<meta name=\"twitter:data2\" content=\"3 minutes\" \/>\n<!-- \/ Yoast SEO plugin. -->","yoast_head_json":{"title":"Voici le BMW Vision Neue Klasse X, un avant-go\u00fbt du prochain X3 - CanadaMotorJobs.com","description":"Voici le BMW Vision Neue Klasse X, un avant-go\u00fbt du prochain X3 - Benoit Charette - Annuel automobile - CanadaMotorJobs.com.","robots":{"index":"index","follow":"follow","max-snippet":"max-snippet:-1","max-image-preview":"max-image-preview:large","max-video-preview":"max-video-preview:-1"},"og_locale":"fr_CA","og_type":"article","og_title":"Voici le BMW Vision Neue Klasse X, un avant-go\u00fbt du prochain X3 - CanadaMotorJobs.com","og_description":"Voici le BMW Vision Neue Klasse X, un avant-go\u00fbt du prochain X3 - Benoit Charette - Annuel automobile - CanadaMotorJobs.com.","og_url":"https:\/\/news.canadamotorjobs.com\/fr\/voici-le-bmw-vision-neue-klasse-x-un-avant-gout-du-prochain-x3\/","og_site_name":"CanadaMotorJobs.com","article_publisher":"https:\/\/www.facebook.com\/canadamotorjobs\/","article_published_time":"2024-03-21T12:01:57+00:00","article_modified_time":"2024-03-21T12:06:34+00:00","og_image":[{"width":1200,"height":800,"url":"https:\/\/news.canadamotorjobs.com\/wp-content\/uploads\/2024\/03\/01-Inform-14.jpg","type":"image\/jpeg"}],"author":"Benoit Charette","twitter_card":"summary_large_image","twitter_creator":"@canadamotorjobs","twitter_site":"@canadamotorjobs","twitter_misc":{"\u00c9crit par":"Benoit Charette","Estimation du temps de lecture":"3 minutes"},"schema":{"@context":"https:\/\/schema.org","@graph":[{"@type":"Article","@id":"https:\/\/news.canadamotorjobs.com\/fr\/voici-le-bmw-vision-neue-klasse-x-un-avant-gout-du-prochain-x3\/#article","isPartOf":{"@id":"https:\/\/news.canadamotorjobs.com\/fr\/voici-le-bmw-vision-neue-klasse-x-un-avant-gout-du-prochain-x3\/"},"author":{"name":"Benoit Charette","@id":"https:\/\/news.canadamotorjobs.com\/#\/schema\/person\/51793d1f87d44011d7bcc2ed99269a90"},"headline":"Voici le BMW Vision Neue Klasse X, un avant-go\u00fbt du prochain X3","datePublished":"2024-03-21T12:01:57+00:00","dateModified":"2024-03-21T12:06:34+00:00","mainEntityOfPage":{"@id":"https:\/\/news.canadamotorjobs.com\/fr\/voici-le-bmw-vision-neue-klasse-x-un-avant-gout-du-prochain-x3\/"},"wordCount":545,"publisher":{"@id":"https:\/\/news.canadamotorjobs.com\/#organization"},"image":{"@id":"https:\/\/news.canadamotorjobs.com\/fr\/voici-le-bmw-vision-neue-klasse-x-un-avant-gout-du-prochain-x3\/#primaryimage"},"thumbnailUrl":"https:\/\/news.canadamotorjobs.com\/wp-content\/uploads\/2024\/03\/01-Inform-14.jpg","articleSection":["Annuel automobile"],"inLanguage":"fr-CA"},{"@type":"WebPage","@id":"https:\/\/news.canadamotorjobs.com\/fr\/voici-le-bmw-vision-neue-klasse-x-un-avant-gout-du-prochain-x3\/","url":"https:\/\/news.canadamotorjobs.com\/fr\/voici-le-bmw-vision-neue-klasse-x-un-avant-gout-du-prochain-x3\/","name":"Voici le BMW Vision Neue Klasse X, un avant-go\u00fbt du prochain X3 - CanadaMotorJobs.com","isPartOf":{"@id":"https:\/\/news.canadamotorjobs.com\/#website"},"primaryImageOfPage":{"@id":"https:\/\/news.canadamotorjobs.com\/fr\/voici-le-bmw-vision-neue-klasse-x-un-avant-gout-du-prochain-x3\/#primaryimage"},"image":{"@id":"https:\/\/news.canadamotorjobs.com\/fr\/voici-le-bmw-vision-neue-klasse-x-un-avant-gout-du-prochain-x3\/#primaryimage"},"thumbnailUrl":"https:\/\/news.canadamotorjobs.com\/wp-content\/uploads\/2024\/03\/01-Inform-14.jpg","datePublished":"2024-03-21T12:01:57+00:00","dateModified":"2024-03-21T12:06:34+00:00","description":"Voici le BMW Vision Neue Klasse X, un avant-go\u00fbt du prochain X3 - Benoit Charette - Annuel automobile - CanadaMotorJobs.com.","breadcrumb":{"@id":"https:\/\/news.canadamotorjobs.com\/fr\/voici-le-bmw-vision-neue-klasse-x-un-avant-gout-du-prochain-x3\/#breadcrumb"},"inLanguage":"fr-CA","potentialAction":[{"@type":"ReadAction","target":["https:\/\/news.canadamotorjobs.com\/fr\/voici-le-bmw-vision-neue-klasse-x-un-avant-gout-du-prochain-x3\/"]}]},{"@type":"ImageObject","inLanguage":"fr-CA","@id":"https:\/\/news.canadamotorjobs.com\/fr\/voici-le-bmw-vision-neue-klasse-x-un-avant-gout-du-prochain-x3\/#primaryimage","url":"https:\/\/news.canadamotorjobs.com\/wp-content\/uploads\/2024\/03\/01-Inform-14.jpg","contentUrl":"https:\/\/news.canadamotorjobs.com\/wp-content\/uploads\/2024\/03\/01-Inform-14.jpg","width":1200,"height":800},{"@type":"BreadcrumbList","@id":"https:\/\/news.canadamotorjobs.com\/fr\/voici-le-bmw-vision-neue-klasse-x-un-avant-gout-du-prochain-x3\/#breadcrumb","itemListElement":[{"@type":"ListItem","position":1,"name":"Home","item":"https:\/\/news.canadamotorjobs.com\/fr\/blog\/"},{"@type":"ListItem","position":2,"name":"Voici le BMW Vision Neue Klasse X, un avant-go\u00fbt du prochain X3"}]},{"@type":"WebSite","@id":"https:\/\/news.canadamotorjobs.com\/#website","url":"https:\/\/news.canadamotorjobs.com\/","name":"CanadaMotorJobs.com","description":"Automotive Jobs","publisher":{"@id":"https:\/\/news.canadamotorjobs.com\/#organization"},"potentialAction":[{"@type":"SearchAction","target":{"@type":"EntryPoint","urlTemplate":"https:\/\/news.canadamotorjobs.com\/?s={search_term_string}"},"query-input":"required name=search_term_string"}],"inLanguage":"fr-CA"},{"@type":"Organization","@id":"https:\/\/news.canadamotorjobs.com\/#organization","name":"Canada Motor Jobs","url":"https:\/\/news.canadamotorjobs.com\/","logo":{"@type":"ImageObject","inLanguage":"fr-CA","@id":"https:\/\/news.canadamotorjobs.com\/#\/schema\/logo\/image\/","url":"https:\/\/news.canadamotorjobs.com\/wp-content\/uploads\/2022\/10\/logo-canada-motor-jobs-1.png","contentUrl":"https:\/\/news.canadamotorjobs.com\/wp-content\/uploads\/2022\/10\/logo-canada-motor-jobs-1.png","width":800,"height":400,"caption":"Canada Motor Jobs"},"image":{"@id":"https:\/\/news.canadamotorjobs.com\/#\/schema\/logo\/image\/"},"sameAs":["https:\/\/www.facebook.com\/canadamotorjobs\/","https:\/\/x.com\/canadamotorjobs","https:\/\/www.instagram.com\/canadamotorjobs\/","https:\/\/www.linkedin.com\/company\/canadamotorjobs"]},{"@type":"Person","@id":"https:\/\/news.canadamotorjobs.com\/#\/schema\/person\/51793d1f87d44011d7bcc2ed99269a90","name":"Benoit Charette","image":{"@type":"ImageObject","inLanguage":"fr-CA","@id":"https:\/\/news.canadamotorjobs.com\/#\/schema\/person\/image\/","url":"https:\/\/secure.gravatar.com\/avatar\/45f3d2eebcccd909668d7ce7ea7267b6?s=96&d=mm&r=g","contentUrl":"https:\/\/secure.gravatar.com\/avatar\/45f3d2eebcccd909668d7ce7ea7267b6?s=96&d=mm&r=g","caption":"Benoit Charette"},"description":"Benoit Charette \/ Propri\u00e9taire et r\u00e9dacteur en chef Benoit Charette pratique le journalisme automobile depuis bient\u00f4t 30 ans. Il a fait ses classes au c\u00f4t\u00e9 de Daniel H\u00e9raud et au Carnet de route de 1992 \u00e0 2001. Il est fondateur, copropri\u00e9taire et r\u00e9dacteur en chef de L\u2019Annuel de l\u2019automobile, qu\u2019il publie depuis 2001. Il a anim\u00e9 les \u00e9missions RPM et RPM+ sur V et les L\u00e9gendes de la route sur Historia. \u00c0 la radio depuis 1986, il reprend l\u2019antenne cette ann\u00e9e sur les ondes de Cogeco et participe pour la deuxi\u00e8me ann\u00e9e \u00e0 l\u2019\u00e9mission Passion Auto sur RDS en plus de mettre en ligne le site Web officiel de L\u2019Annuel de l\u2019automobile sur annuelauto.ca.","sameAs":["https:\/\/annuelauto.ca\/"],"url":"https:\/\/news.canadamotorjobs.com\/fr\/author\/benoit-charette\/"}]}},"_links":{"self":[{"href":"https:\/\/news.canadamotorjobs.com\/fr\/wp-json\/wp\/v2\/posts\/161333"}],"collection":[{"href":"https:\/\/news.canadamotorjobs.com\/fr\/wp-json\/wp\/v2\/posts"}],"about":[{"href":"https:\/\/news.canadamotorjobs.com\/fr\/wp-json\/wp\/v2\/types\/post"}],"author":[{"embeddable":true,"href":"https:\/\/news.canadamotorjobs.com\/fr\/wp-json\/wp\/v2\/users\/8"}],"replies":[{"embeddable":true,"href":"https:\/\/news.canadamotorjobs.com\/fr\/wp-json\/wp\/v2\/comments?post=161333"}],"version-history":[{"count":2,"href":"https:\/\/news.canadamotorjobs.com\/fr\/wp-json\/wp\/v2\/posts\/161333\/revisions"}],"predecessor-version":[{"id":161337,"href":"https:\/\/news.canadamotorjobs.com\/fr\/wp-json\/wp\/v2\/posts\/161333\/revisions\/161337"}],"wp:featuredmedia":[{"embeddable":true,"href":"https:\/\/news.canadamotorjobs.com\/fr\/wp-json\/wp\/v2\/media\/161335"}],"wp:attachment":[{"href":"https:\/\/news.canadamotorjobs.com\/fr\/wp-json\/wp\/v2\/media?parent=161333"}],"wp:term":[{"taxonomy":"category","embeddable":true,"href":"https:\/\/news.canadamotorjobs.com\/fr\/wp-json\/wp\/v2\/categories?post=161333"},{"taxonomy":"post_tag","embeddable":true,"href":"https:\/\/news.canadamotorjobs.com\/fr\/wp-json\/wp\/v2\/tags?post=161333"}],"curies":[{"name":"wp","href":"https:\/\/api.w.org\/{rel}","templated":true}]}}