{"id":161257,"date":"2024-03-19T13:15:44","date_gmt":"2024-03-19T17:15:44","guid":{"rendered":"https:\/\/news.canadamotorjobs.com\/?p=161257"},"modified":"2024-03-19T14:29:53","modified_gmt":"2024-03-19T18:29:53","slug":"bricklin-3ev-le-projet-evanescent","status":"publish","type":"post","link":"https:\/\/news.canadamotorjobs.com\/fr\/bricklin-3ev-le-projet-evanescent\/","title":{"rendered":"Bricklin 3EV, le projet \u00e9vanescent"},"content":{"rendered":"<\/p>\n<p>Malcolm Bricklin veut se tailler une place dans l\u2019industrie automobile. Encore une fois. Le 16\u00a0mars dernier, cet homme d\u2019affaires bien connu a c\u00e9l\u00e9br\u00e9 son 85e\u00a0anniversaire de naissance entour\u00e9 de sa famille et de supporters en montrant fi\u00e8rement la Bricklin\u00a03EV. C\u2019est le prototype d\u2019une nouvelle marque \u00e9ponyme qu\u2019il souhaite commercialiser, 50\u00a0ans apr\u00e8s avoir lanc\u00e9 l\u2019autre voiture qui a port\u00e9 son nom\u00a0: la <a href=\"https:\/\/annuelauto.ca\/bricklin-sv-1\/\" target=\"_blank\" rel=\"noopener noreferrer\">Bricklin SV-1<\/a>.<\/p>\n<p>Entour\u00e9 d\u2019une dizaine de <a href=\"https:\/\/annuelauto.ca\/bricklin-presente-sa-voiture-aux-etats-unis\/\" target=\"_blank\" rel=\"noopener noreferrer\">SV-1<\/a>, le rutilant coup\u00e9 biplace rouge pr\u00e9sent\u00e9 en plein air ce jour-l\u00e0 \u00e9tait gar\u00e9 devant l\u2019<a href=\"https:\/\/www.americanmusclecarmuseum.com\/\" target=\"_blank\" rel=\"noopener noreferrer\">American Muscle Car Museum<\/a> de Melbourne, en Floride; un d\u00e9cor plus appropri\u00e9 \u00e0 ces voitures cinquantenaires. Cela dit, il faut admettre que la Bricklin du 21e si\u00e8cle n\u2019est plus vraiment nouvelle non plus. Elle a beau avoir troqu\u00e9 le moteur thermique de grosse cylindr\u00e9e, l\u2019architecture \u00e0 quatre roues et les portes en ailes de mouette d\u2019il y a un demi-si\u00e8cle pour une motorisation \u00e9lectrique, trois roues et des portes en \u00e9lytre pour \u00eatre d\u2019\u00eatre au go\u00fbt du jour, il n\u2019emp\u00eache que Malcolm Bricklin et son fils, Mark, colportent ce concept \u00e0 des investisseurs depuis d\u00e9j\u00e0 2017. Et apr\u00e8s sept ans, le portrait qu\u2019ils en font n\u2019a gu\u00e8re \u00e9volu\u00e9.<\/p>\n<p>Avec ses 4,7\u00a0m de longueur et 2,0\u00a0m de largeur, la 3EV s\u2019apparente \u00e0 une Mercedes-Benz SL. Mais \u00e0 la place d\u2019un V8 ronflant, ce sont trois moteurs \u00e9lectriques, un par roue, qui l\u2019animent avec une devant lui permettre de parcourir jusqu\u2019\u00e0 450\u00a0kilom\u00e8tres environ. Cela, l\u2019origine des \u00e9l\u00e9ments de sa motorisation reste inconnue.<\/p>\n<p>Pour le concept initial montr\u00e9 en 2017 \u2014 dont il n\u2019existe que des illustrations \u2014 la soci\u00e9t\u00e9 Panoz Engineering Services de Dan Panoz, en Georgie, avait r\u00e9alis\u00e9 un \u00ab\u00a0travail pr\u00e9liminaire d\u2019ing\u00e9nierie et de design\u00a0\u00bb, selon Bricklin. Quels travaux\u00a0? \u00c7a aussi, on l\u2019ignore.<\/p>\n<p>Puis, en 2022, le <a href=\"https:\/\/annuelauto.ca\/poseidon-trident-ls-1-le-3-roues-electrique-qui-peut-glisser-sur-leau\/\" target=\"_blank\" rel=\"noopener noreferrer\">designer Andreas Haase<\/a> a \u00e9t\u00e9 invit\u00e9 \u00e0 retoucher la silhouette de la carrosserie. Ce Floridien est celui qui a, notamment, esquiss\u00e9 les formes plus raffin\u00e9es de l\u2019actuel concept du Poseidon Trident LS-1 amphibie. Pour la Bricklin, il a en a \u00e9largi la partie arri\u00e8re, tout en ajoutant du volume \u00e0 l&#8217;ensemble de la carrosserie; un exercice visiblement destin\u00e9 \u00e0 lui donner une pr\u00e9sence plus forte que ce que sugg\u00e9rait le design de 2017.<\/p>\n<p>Ce sont ces formes qu\u2019adopte le prototype expos\u00e9 au mus\u00e9e cette fin de semaine, le premier qui donne vie \u00e0 la 3EV. Il a \u00e9t\u00e9 construit par MTV\u00a0Concepts, un atelier floridien de carrosserie dirig\u00e9 par Michael Vetter qui r\u00e9alise des voitures d\u2019allures excentriques comme, par exemple, le bolide conduit par le Joker dans le film \u00ab\u00a0Suicide Squad\u00a0\u00bb de 2016.<\/p>\n<p>Mais la 3EV n\u2019a rien d\u2019excentrique d\u2019apr\u00e8s Malcolm Bricklin, qui souhaite m\u00eame la rendre abordable. Il fait donc miroiter un \u00e9ventail de prix allant de 28\u00a0980\u00a0$\u00a0US \u00e0 38\u00a0980\u00a0$\u00a0US, selon la version. Qui plus est, pour assurer une meilleure valeur de revente \u00e0 cette voiture, il a d\u00e9j\u00e0 pr\u00e9vu de renouveler sa silhouette d\u00e8s que le 50\u00a0000e exemplaire aura \u00e9t\u00e9 produit. Il faut savoir que l\u2019abordabilit\u00e9 est un mantra pour Bricklin, et ce depuis l\u2019\u00e9poque peu glorieuse de l\u2019arriv\u00e9e des <a href=\"https:\/\/annuelauto.ca\/3-mars-1958-subaru-presente-sa-premiere-voiture\/\" target=\"_blank\" rel=\"noopener noreferrer\">premi\u00e8res Subaru en Am\u00e9rique<\/a> du Nord (de petites 360) dans les ann\u00e9es 60.<\/p>\n<p>Dans le cas de cette nouvelle voiture, il justifie les prix all\u00e9chants, entre autres, par son architecture \u00e0 trois roues. Dans une entrevue r\u00e9alis\u00e9e par l\u2019ing\u00e9nieur Sandy Monroe pour la cha\u00eene YouTube Munro Live, en novembre 2020, Malcolm Bricklin affirme que ce type d\u2019architecture permet de r\u00e9duire la masse d\u2019un v\u00e9hicule de 680\u00a0kg, ce qui aurait naturellement un impact direct sur sa consommation d\u2019\u00e9nergie et, par le fait m\u00eame, son autonomie.<\/p>\n<p>Toutefois, au fil de l\u2019entrevue, il admet candidement que cette conception, qui fait de la 3EV un \u00ab\u00a0autocycle\u00a0\u00bb aux yeux de la NHTSA, lui permet de se soustraire \u00e0 diverses r\u00e9glementations gouvernementales contraignantes, en mati\u00e8re de pollution et de s\u00e9curit\u00e9. Une affirmation qui n\u2019a rien de rassurant en soi.<\/p>\n<p>Entre-temps, le duo p\u00e8re-fils s\u2019affaire \u00e0 solliciter des distributeurs et revendeurs en esp\u00e9rant leur soutirer ces pr\u00e9cieux millions qui leur permettrait peut-\u00eatre de d\u00e9velopper davantage cette Bricklin contemporaine pour la rendre moins \u00e9vanescente.<\/p>\n<p><em>Photos : Visionary Vehicles, Mark Bricklin et Andreas Haase<br \/>\n<\/em><\/p>\n<p>Le texte <a rel=\"nofollow\" href=\"https:\/\/annuelauto.ca\/bricklin-3ev-le-projet-evanescent\/\">Bricklin 3EV, le projet \u00e9vanescent<\/a> provient de <a rel=\"nofollow\" href=\"https:\/\/annuelauto.ca\">L&#8217;annuel de l&#8217;automobile &#8211; Actualit\u00e9 automobile<\/a><\/p>\n<p><\/p>\n","protected":false},"excerpt":{"rendered":"<p>Malcolm Bricklin veut se tailler une place dans l\u2019industrie automobile. Encore une fois. Le 16\u00a0mars dernier, cet homme d\u2019affaires bien connu a c\u00e9l\u00e9br\u00e9 son 85e\u00a0anniversaire de naissance entour\u00e9 de sa famille et de supporters en montrant fi\u00e8rement la Bricklin\u00a03EV. C\u2019est le prototype d\u2019une nouvelle marque \u00e9ponyme qu\u2019il souhaite commercialiser, 50\u00a0ans apr\u00e8s avoir lanc\u00e9 l\u2019autre voiture [&hellip;]<\/p>\n","protected":false},"author":8,"featured_media":161259,"comment_status":"close","ping_status":"closed","sticky":false,"template":"","format":"standard","meta":{"_monsterinsights_skip_tracking":false,"_monsterinsights_sitenote_active":false,"_monsterinsights_sitenote_note":"","_monsterinsights_sitenote_category":0,"footnotes":""},"categories":[101],"tags":[],"yoast_head":"<!-- This site is optimized with the Yoast SEO plugin v23.2 - https:\/\/yoast.com\/wordpress\/plugins\/seo\/ -->\n<title>Bricklin 3EV, le projet \u00e9vanescent - CanadaMotorJobs.com<\/title>\n<meta name=\"description\" content=\"Bricklin 3EV, le projet \u00e9vanescent - Benoit Charette - Annuel automobile - CanadaMotorJobs.com.\" \/>\n<meta name=\"robots\" content=\"index, follow, max-snippet:-1, max-image-preview:large, max-video-preview:-1\" \/>\n<meta property=\"og:locale\" content=\"fr_CA\" \/>\n<meta property=\"og:type\" content=\"article\" \/>\n<meta property=\"og:title\" content=\"Bricklin 3EV, le projet \u00e9vanescent - CanadaMotorJobs.com\" \/>\n<meta property=\"og:description\" content=\"Bricklin 3EV, le projet \u00e9vanescent - Benoit Charette - Annuel automobile - CanadaMotorJobs.com.\" \/>\n<meta property=\"og:url\" content=\"https:\/\/news.canadamotorjobs.com\/fr\/bricklin-3ev-le-projet-evanescent\/\" \/>\n<meta property=\"og:site_name\" content=\"CanadaMotorJobs.com\" \/>\n<meta property=\"article:publisher\" content=\"https:\/\/www.facebook.com\/canadamotorjobs\/\" \/>\n<meta property=\"article:published_time\" content=\"2024-03-19T17:15:44+00:00\" \/>\n<meta property=\"article:modified_time\" content=\"2024-03-19T18:29:53+00:00\" \/>\n<meta property=\"og:image\" content=\"https:\/\/news.canadamotorjobs.com\/wp-content\/uploads\/2024\/03\/Bricklin-3EV-2024_12.jpg\" \/>\n\t<meta property=\"og:image:width\" content=\"1024\" \/>\n\t<meta property=\"og:image:height\" content=\"683\" \/>\n\t<meta property=\"og:image:type\" content=\"image\/jpeg\" \/>\n<meta name=\"author\" content=\"Benoit Charette\" \/>\n<meta name=\"twitter:card\" content=\"summary_large_image\" \/>\n<meta name=\"twitter:creator\" content=\"@canadamotorjobs\" \/>\n<meta name=\"twitter:site\" content=\"@canadamotorjobs\" \/>\n<meta name=\"twitter:label1\" content=\"\u00c9crit par\" \/>\n\t<meta name=\"twitter:data1\" content=\"Benoit Charette\" \/>\n\t<meta name=\"twitter:label2\" content=\"Estimation du temps de lecture\" \/>\n\t<meta name=\"twitter:data2\" content=\"4 minutes\" \/>\n<!-- \/ Yoast SEO plugin. -->","yoast_head_json":{"title":"Bricklin 3EV, le projet \u00e9vanescent - CanadaMotorJobs.com","description":"Bricklin 3EV, le projet \u00e9vanescent - Benoit Charette - Annuel automobile - CanadaMotorJobs.com.","robots":{"index":"index","follow":"follow","max-snippet":"max-snippet:-1","max-image-preview":"max-image-preview:large","max-video-preview":"max-video-preview:-1"},"og_locale":"fr_CA","og_type":"article","og_title":"Bricklin 3EV, le projet \u00e9vanescent - CanadaMotorJobs.com","og_description":"Bricklin 3EV, le projet \u00e9vanescent - Benoit Charette - Annuel automobile - CanadaMotorJobs.com.","og_url":"https:\/\/news.canadamotorjobs.com\/fr\/bricklin-3ev-le-projet-evanescent\/","og_site_name":"CanadaMotorJobs.com","article_publisher":"https:\/\/www.facebook.com\/canadamotorjobs\/","article_published_time":"2024-03-19T17:15:44+00:00","article_modified_time":"2024-03-19T18:29:53+00:00","og_image":[{"width":1024,"height":683,"url":"https:\/\/news.canadamotorjobs.com\/wp-content\/uploads\/2024\/03\/Bricklin-3EV-2024_12.jpg","type":"image\/jpeg"}],"author":"Benoit Charette","twitter_card":"summary_large_image","twitter_creator":"@canadamotorjobs","twitter_site":"@canadamotorjobs","twitter_misc":{"\u00c9crit par":"Benoit Charette","Estimation du temps de lecture":"4 minutes"},"schema":{"@context":"https:\/\/schema.org","@graph":[{"@type":"Article","@id":"https:\/\/news.canadamotorjobs.com\/fr\/bricklin-3ev-le-projet-evanescent\/#article","isPartOf":{"@id":"https:\/\/news.canadamotorjobs.com\/fr\/bricklin-3ev-le-projet-evanescent\/"},"author":{"name":"Benoit Charette","@id":"https:\/\/news.canadamotorjobs.com\/#\/schema\/person\/51793d1f87d44011d7bcc2ed99269a90"},"headline":"Bricklin 3EV, le projet \u00e9vanescent","datePublished":"2024-03-19T17:15:44+00:00","dateModified":"2024-03-19T18:29:53+00:00","mainEntityOfPage":{"@id":"https:\/\/news.canadamotorjobs.com\/fr\/bricklin-3ev-le-projet-evanescent\/"},"wordCount":764,"publisher":{"@id":"https:\/\/news.canadamotorjobs.com\/#organization"},"image":{"@id":"https:\/\/news.canadamotorjobs.com\/fr\/bricklin-3ev-le-projet-evanescent\/#primaryimage"},"thumbnailUrl":"https:\/\/news.canadamotorjobs.com\/wp-content\/uploads\/2024\/03\/Bricklin-3EV-2024_12.jpg","articleSection":["Annuel automobile"],"inLanguage":"fr-CA"},{"@type":"WebPage","@id":"https:\/\/news.canadamotorjobs.com\/fr\/bricklin-3ev-le-projet-evanescent\/","url":"https:\/\/news.canadamotorjobs.com\/fr\/bricklin-3ev-le-projet-evanescent\/","name":"Bricklin 3EV, le projet \u00e9vanescent - CanadaMotorJobs.com","isPartOf":{"@id":"https:\/\/news.canadamotorjobs.com\/#website"},"primaryImageOfPage":{"@id":"https:\/\/news.canadamotorjobs.com\/fr\/bricklin-3ev-le-projet-evanescent\/#primaryimage"},"image":{"@id":"https:\/\/news.canadamotorjobs.com\/fr\/bricklin-3ev-le-projet-evanescent\/#primaryimage"},"thumbnailUrl":"https:\/\/news.canadamotorjobs.com\/wp-content\/uploads\/2024\/03\/Bricklin-3EV-2024_12.jpg","datePublished":"2024-03-19T17:15:44+00:00","dateModified":"2024-03-19T18:29:53+00:00","description":"Bricklin 3EV, le projet \u00e9vanescent - Benoit Charette - Annuel automobile - CanadaMotorJobs.com.","breadcrumb":{"@id":"https:\/\/news.canadamotorjobs.com\/fr\/bricklin-3ev-le-projet-evanescent\/#breadcrumb"},"inLanguage":"fr-CA","potentialAction":[{"@type":"ReadAction","target":["https:\/\/news.canadamotorjobs.com\/fr\/bricklin-3ev-le-projet-evanescent\/"]}]},{"@type":"ImageObject","inLanguage":"fr-CA","@id":"https:\/\/news.canadamotorjobs.com\/fr\/bricklin-3ev-le-projet-evanescent\/#primaryimage","url":"https:\/\/news.canadamotorjobs.com\/wp-content\/uploads\/2024\/03\/Bricklin-3EV-2024_12.jpg","contentUrl":"https:\/\/news.canadamotorjobs.com\/wp-content\/uploads\/2024\/03\/Bricklin-3EV-2024_12.jpg","width":1024,"height":683},{"@type":"BreadcrumbList","@id":"https:\/\/news.canadamotorjobs.com\/fr\/bricklin-3ev-le-projet-evanescent\/#breadcrumb","itemListElement":[{"@type":"ListItem","position":1,"name":"Home","item":"https:\/\/news.canadamotorjobs.com\/fr\/blog\/"},{"@type":"ListItem","position":2,"name":"Bricklin 3EV, le projet \u00e9vanescent"}]},{"@type":"WebSite","@id":"https:\/\/news.canadamotorjobs.com\/#website","url":"https:\/\/news.canadamotorjobs.com\/","name":"CanadaMotorJobs.com","description":"Automotive Jobs","publisher":{"@id":"https:\/\/news.canadamotorjobs.com\/#organization"},"potentialAction":[{"@type":"SearchAction","target":{"@type":"EntryPoint","urlTemplate":"https:\/\/news.canadamotorjobs.com\/?s={search_term_string}"},"query-input":"required name=search_term_string"}],"inLanguage":"fr-CA"},{"@type":"Organization","@id":"https:\/\/news.canadamotorjobs.com\/#organization","name":"Canada Motor Jobs","url":"https:\/\/news.canadamotorjobs.com\/","logo":{"@type":"ImageObject","inLanguage":"fr-CA","@id":"https:\/\/news.canadamotorjobs.com\/#\/schema\/logo\/image\/","url":"https:\/\/news.canadamotorjobs.com\/wp-content\/uploads\/2022\/10\/logo-canada-motor-jobs-1.png","contentUrl":"https:\/\/news.canadamotorjobs.com\/wp-content\/uploads\/2022\/10\/logo-canada-motor-jobs-1.png","width":800,"height":400,"caption":"Canada Motor Jobs"},"image":{"@id":"https:\/\/news.canadamotorjobs.com\/#\/schema\/logo\/image\/"},"sameAs":["https:\/\/www.facebook.com\/canadamotorjobs\/","https:\/\/x.com\/canadamotorjobs","https:\/\/www.instagram.com\/canadamotorjobs\/","https:\/\/www.linkedin.com\/company\/canadamotorjobs"]},{"@type":"Person","@id":"https:\/\/news.canadamotorjobs.com\/#\/schema\/person\/51793d1f87d44011d7bcc2ed99269a90","name":"Benoit Charette","image":{"@type":"ImageObject","inLanguage":"fr-CA","@id":"https:\/\/news.canadamotorjobs.com\/#\/schema\/person\/image\/","url":"https:\/\/secure.gravatar.com\/avatar\/45f3d2eebcccd909668d7ce7ea7267b6?s=96&d=mm&r=g","contentUrl":"https:\/\/secure.gravatar.com\/avatar\/45f3d2eebcccd909668d7ce7ea7267b6?s=96&d=mm&r=g","caption":"Benoit Charette"},"description":"Benoit Charette \/ Propri\u00e9taire et r\u00e9dacteur en chef Benoit Charette pratique le journalisme automobile depuis bient\u00f4t 30 ans. Il a fait ses classes au c\u00f4t\u00e9 de Daniel H\u00e9raud et au Carnet de route de 1992 \u00e0 2001. Il est fondateur, copropri\u00e9taire et r\u00e9dacteur en chef de L\u2019Annuel de l\u2019automobile, qu\u2019il publie depuis 2001. Il a anim\u00e9 les \u00e9missions RPM et RPM+ sur V et les L\u00e9gendes de la route sur Historia. \u00c0 la radio depuis 1986, il reprend l\u2019antenne cette ann\u00e9e sur les ondes de Cogeco et participe pour la deuxi\u00e8me ann\u00e9e \u00e0 l\u2019\u00e9mission Passion Auto sur RDS en plus de mettre en ligne le site Web officiel de L\u2019Annuel de l\u2019automobile sur annuelauto.ca.","sameAs":["https:\/\/annuelauto.ca\/"],"url":"https:\/\/news.canadamotorjobs.com\/fr\/author\/benoit-charette\/"}]}},"_links":{"self":[{"href":"https:\/\/news.canadamotorjobs.com\/fr\/wp-json\/wp\/v2\/posts\/161257"}],"collection":[{"href":"https:\/\/news.canadamotorjobs.com\/fr\/wp-json\/wp\/v2\/posts"}],"about":[{"href":"https:\/\/news.canadamotorjobs.com\/fr\/wp-json\/wp\/v2\/types\/post"}],"author":[{"embeddable":true,"href":"https:\/\/news.canadamotorjobs.com\/fr\/wp-json\/wp\/v2\/users\/8"}],"replies":[{"embeddable":true,"href":"https:\/\/news.canadamotorjobs.com\/fr\/wp-json\/wp\/v2\/comments?post=161257"}],"version-history":[{"count":2,"href":"https:\/\/news.canadamotorjobs.com\/fr\/wp-json\/wp\/v2\/posts\/161257\/revisions"}],"predecessor-version":[{"id":161261,"href":"https:\/\/news.canadamotorjobs.com\/fr\/wp-json\/wp\/v2\/posts\/161257\/revisions\/161261"}],"wp:featuredmedia":[{"embeddable":true,"href":"https:\/\/news.canadamotorjobs.com\/fr\/wp-json\/wp\/v2\/media\/161259"}],"wp:attachment":[{"href":"https:\/\/news.canadamotorjobs.com\/fr\/wp-json\/wp\/v2\/media?parent=161257"}],"wp:term":[{"taxonomy":"category","embeddable":true,"href":"https:\/\/news.canadamotorjobs.com\/fr\/wp-json\/wp\/v2\/categories?post=161257"},{"taxonomy":"post_tag","embeddable":true,"href":"https:\/\/news.canadamotorjobs.com\/fr\/wp-json\/wp\/v2\/tags?post=161257"}],"curies":[{"name":"wp","href":"https:\/\/api.w.org\/{rel}","templated":true}]}}