{"id":161234,"date":"2024-03-19T11:21:54","date_gmt":"2024-03-19T15:21:54","guid":{"rendered":"https:\/\/news.canadamotorjobs.com\/?p=161234"},"modified":"2024-03-19T11:29:49","modified_gmt":"2024-03-19T15:29:49","slug":"bienvenue-dans-la-nouvelle-ere-damg","status":"publish","type":"post","link":"https:\/\/news.canadamotorjobs.com\/fr\/bienvenue-dans-la-nouvelle-ere-damg\/","title":{"rendered":"Bienvenue dans la nouvelle \u00e8re d\u2019AMG"},"content":{"rendered":"<\/p>\n<p>La Mercedes-AMG GT 43 brise les codes en adoptant un moteur quatre cylindres de 2,0 litres \u00e0 la place du traditionnel V6, tout en conservant une puissance impressionnante de 416 chevaux et 369 lb-pi de couple. Cependant, cette innovation audacieuse n&#8217;a pas manqu\u00e9 de susciter des r\u00e9actions mitig\u00e9es parmi les passionn\u00e9s de voitures.<\/p>\n<h3><strong>Performance de haut niveau<\/strong><\/h3>\n<p>\nMalgr\u00e9 le choix d&#8217;un moteur quatre cylindres, la Mercedes-AMG GT 43 offre des performances \u00e9tonnantes, avec une acc\u00e9l\u00e9ration de 0 \u00e0 100 km\/h en seulement 4,6 secondes et une vitesse de pointe de 280 km\/h. Cette puissance est canalis\u00e9e \u00e0 travers les seules roues arri\u00e8re et une transmission automatique \u00e0 neuf vitesses, offrant une exp\u00e9rience de conduite palpitante.<\/p>\n<h3><strong>Ch\u00e2ssis l\u00e9ger<\/strong><\/h3>\n<p>\nBien que le moteur puisse sembler d\u00e9cevant pour certains, le ch\u00e2ssis de la GT 43 reste fid\u00e8le \u00e0 l&#8217;excellence d&#8217;AMG, avec une suspension avant et arri\u00e8re sophistiqu\u00e9e et des composants en aluminium l\u00e9ger. Cette attention port\u00e9e \u00e0 la r\u00e9duction du poids contribue \u00e0 am\u00e9liorer la maniabilit\u00e9 et le confort de conduite, offrant une exp\u00e9rience de conduite dynamique.<\/p>\n<h3><strong>Un sommet technologique <\/strong><\/h3>\n<p>\nPour compl\u00e9ter ses performances impressionnantes, la Mercedes-AMG GT 43 est \u00e9quip\u00e9e d&#8217;une gamme de technologies de ch\u00e2ssis actif et d&#8217;a\u00e9ro, offrant un contr\u00f4le optimal dans toutes les conditions de conduite. De l&#8217;amortissement adaptatif AMG Ride Control \u00e0 la dynamique a\u00e9rodynamique active, chaque aspect de la voiture est con\u00e7u pour offrir une exp\u00e9rience de conduite in\u00e9gal\u00e9e.<\/p>\n<h3><strong>Design sportif et int\u00e9rieur luxueux<\/strong><\/h3>\n<p>\nLe design ext\u00e9rieur de la GT 43 est \u00e0 la fois sportif et \u00e9l\u00e9gant, avec des \u00e9l\u00e9ments distinctifs qui la diff\u00e9rencient des mod\u00e8les V8. \u00c0 l&#8217;int\u00e9rieur, vous trouverez un am\u00e9nagement pratique en 2+2 avec des si\u00e8ges confortables et un ensemble de technologies avanc\u00e9es, y compris le syst\u00e8me d&#8217;infodivertissement MBUX et des outils de performance AMG.<\/p>\n<h3><strong>Sur nos routes d\u2019ici la fin de l\u2019ann\u00e9e<\/strong><\/h3>\n<p>\nCe plus r\u00e9cent mod\u00e8le AMG sera vendu au Canada comme mod\u00e8le 2025. Aucun prix n\u2019a pour le moment \u00e9t\u00e9 annonc\u00e9e, mais il d\u00e9passera assez facilement les 100\u00a0000 $. On peut le comparer \u00e0 des mod\u00e8les comme la Porsche Cayman.<\/p>\n<h3><strong>Conclusion<\/strong><\/h3>\n<p>\nLa Mercedes-AMG GT 43 repr\u00e9sente une nouvelle \u00e8re pour la marque, combinant performances de pointe, technologie de pointe et design innovant. Bien que son moteur puisse surprendre, sa capacit\u00e9 \u00e0 offrir une exp\u00e9rience de conduite exceptionnelle ne fait aucun doute. Reste \u00e0 voir si elle r\u00e9ussira \u00e0 conqu\u00e9rir le c\u0153ur des amateurs de voitures du monde entier. Nous avons bien h\u00e2te de voir si le 4 cylindres va r\u00e9pondre aux attentes \u00e9lev\u00e9es.<\/p>\n<p>\u00a0<\/p>\n<p>Le texte <a rel=\"nofollow\" href=\"https:\/\/annuelauto.ca\/bienvenue-dans-la-nouvelle-ere-damg\/\">Bienvenue dans la nouvelle \u00e8re d\u2019AMG<\/a> provient de <a rel=\"nofollow\" href=\"https:\/\/annuelauto.ca\">L&#8217;annuel de l&#8217;automobile &#8211; Actualit\u00e9 automobile<\/a><\/p>\n<p><\/p>\n","protected":false},"excerpt":{"rendered":"<p>La Mercedes-AMG GT 43 brise les codes en adoptant un moteur quatre cylindres de 2,0 litres \u00e0 la place du traditionnel V6, tout en conservant une puissance impressionnante de 416 chevaux et 369 lb-pi de couple. Cependant, cette innovation audacieuse n&#8217;a pas manqu\u00e9 de susciter des r\u00e9actions mitig\u00e9es parmi les passionn\u00e9s de voitures. Performance de [&hellip;]<\/p>\n","protected":false},"author":8,"featured_media":161236,"comment_status":"close","ping_status":"closed","sticky":false,"template":"","format":"standard","meta":{"_monsterinsights_skip_tracking":false,"_monsterinsights_sitenote_active":false,"_monsterinsights_sitenote_note":"","_monsterinsights_sitenote_category":0,"footnotes":""},"categories":[101],"tags":[],"yoast_head":"<!-- This site is optimized with the Yoast SEO plugin v23.2 - https:\/\/yoast.com\/wordpress\/plugins\/seo\/ -->\n<title>Bienvenue dans la nouvelle \u00e8re d\u2019AMG - CanadaMotorJobs.com<\/title>\n<meta name=\"description\" content=\"Bienvenue dans la nouvelle \u00e8re d\u2019AMG - Benoit Charette - Annuel automobile - CanadaMotorJobs.com.\" \/>\n<meta name=\"robots\" content=\"index, follow, max-snippet:-1, max-image-preview:large, max-video-preview:-1\" \/>\n<meta property=\"og:locale\" content=\"fr_CA\" \/>\n<meta property=\"og:type\" content=\"article\" \/>\n<meta property=\"og:title\" content=\"Bienvenue dans la nouvelle \u00e8re d\u2019AMG - CanadaMotorJobs.com\" \/>\n<meta property=\"og:description\" content=\"Bienvenue dans la nouvelle \u00e8re d\u2019AMG - Benoit Charette - Annuel automobile - CanadaMotorJobs.com.\" \/>\n<meta property=\"og:url\" content=\"https:\/\/news.canadamotorjobs.com\/fr\/bienvenue-dans-la-nouvelle-ere-damg\/\" \/>\n<meta property=\"og:site_name\" content=\"CanadaMotorJobs.com\" \/>\n<meta property=\"article:publisher\" content=\"https:\/\/www.facebook.com\/canadamotorjobs\/\" \/>\n<meta property=\"article:published_time\" content=\"2024-03-19T15:21:54+00:00\" \/>\n<meta property=\"article:modified_time\" content=\"2024-03-19T15:29:49+00:00\" \/>\n<meta property=\"og:image\" content=\"https:\/\/news.canadamotorjobs.com\/wp-content\/uploads\/2024\/03\/24c0119_001.jpg\" \/>\n\t<meta property=\"og:image:width\" content=\"1199\" \/>\n\t<meta property=\"og:image:height\" content=\"800\" \/>\n\t<meta property=\"og:image:type\" content=\"image\/jpeg\" \/>\n<meta name=\"author\" content=\"Benoit Charette\" \/>\n<meta name=\"twitter:card\" content=\"summary_large_image\" \/>\n<meta name=\"twitter:creator\" content=\"@canadamotorjobs\" \/>\n<meta name=\"twitter:site\" content=\"@canadamotorjobs\" \/>\n<meta name=\"twitter:label1\" content=\"\u00c9crit par\" \/>\n\t<meta name=\"twitter:data1\" content=\"Benoit Charette\" \/>\n\t<meta name=\"twitter:label2\" content=\"Estimation du temps de lecture\" \/>\n\t<meta name=\"twitter:data2\" content=\"2 minutes\" \/>\n<!-- \/ Yoast SEO plugin. -->","yoast_head_json":{"title":"Bienvenue dans la nouvelle \u00e8re d\u2019AMG - CanadaMotorJobs.com","description":"Bienvenue dans la nouvelle \u00e8re d\u2019AMG - Benoit Charette - Annuel automobile - CanadaMotorJobs.com.","robots":{"index":"index","follow":"follow","max-snippet":"max-snippet:-1","max-image-preview":"max-image-preview:large","max-video-preview":"max-video-preview:-1"},"og_locale":"fr_CA","og_type":"article","og_title":"Bienvenue dans la nouvelle \u00e8re d\u2019AMG - CanadaMotorJobs.com","og_description":"Bienvenue dans la nouvelle \u00e8re d\u2019AMG - Benoit Charette - Annuel automobile - CanadaMotorJobs.com.","og_url":"https:\/\/news.canadamotorjobs.com\/fr\/bienvenue-dans-la-nouvelle-ere-damg\/","og_site_name":"CanadaMotorJobs.com","article_publisher":"https:\/\/www.facebook.com\/canadamotorjobs\/","article_published_time":"2024-03-19T15:21:54+00:00","article_modified_time":"2024-03-19T15:29:49+00:00","og_image":[{"width":1199,"height":800,"url":"https:\/\/news.canadamotorjobs.com\/wp-content\/uploads\/2024\/03\/24c0119_001.jpg","type":"image\/jpeg"}],"author":"Benoit Charette","twitter_card":"summary_large_image","twitter_creator":"@canadamotorjobs","twitter_site":"@canadamotorjobs","twitter_misc":{"\u00c9crit par":"Benoit Charette","Estimation du temps de lecture":"2 minutes"},"schema":{"@context":"https:\/\/schema.org","@graph":[{"@type":"Article","@id":"https:\/\/news.canadamotorjobs.com\/fr\/bienvenue-dans-la-nouvelle-ere-damg\/#article","isPartOf":{"@id":"https:\/\/news.canadamotorjobs.com\/fr\/bienvenue-dans-la-nouvelle-ere-damg\/"},"author":{"name":"Benoit Charette","@id":"https:\/\/news.canadamotorjobs.com\/#\/schema\/person\/51793d1f87d44011d7bcc2ed99269a90"},"headline":"Bienvenue dans la nouvelle \u00e8re d\u2019AMG","datePublished":"2024-03-19T15:21:54+00:00","dateModified":"2024-03-19T15:29:49+00:00","mainEntityOfPage":{"@id":"https:\/\/news.canadamotorjobs.com\/fr\/bienvenue-dans-la-nouvelle-ere-damg\/"},"wordCount":476,"publisher":{"@id":"https:\/\/news.canadamotorjobs.com\/#organization"},"image":{"@id":"https:\/\/news.canadamotorjobs.com\/fr\/bienvenue-dans-la-nouvelle-ere-damg\/#primaryimage"},"thumbnailUrl":"https:\/\/news.canadamotorjobs.com\/wp-content\/uploads\/2024\/03\/24c0119_001.jpg","articleSection":["Annuel automobile"],"inLanguage":"fr-CA"},{"@type":"WebPage","@id":"https:\/\/news.canadamotorjobs.com\/fr\/bienvenue-dans-la-nouvelle-ere-damg\/","url":"https:\/\/news.canadamotorjobs.com\/fr\/bienvenue-dans-la-nouvelle-ere-damg\/","name":"Bienvenue dans la nouvelle \u00e8re d\u2019AMG - CanadaMotorJobs.com","isPartOf":{"@id":"https:\/\/news.canadamotorjobs.com\/#website"},"primaryImageOfPage":{"@id":"https:\/\/news.canadamotorjobs.com\/fr\/bienvenue-dans-la-nouvelle-ere-damg\/#primaryimage"},"image":{"@id":"https:\/\/news.canadamotorjobs.com\/fr\/bienvenue-dans-la-nouvelle-ere-damg\/#primaryimage"},"thumbnailUrl":"https:\/\/news.canadamotorjobs.com\/wp-content\/uploads\/2024\/03\/24c0119_001.jpg","datePublished":"2024-03-19T15:21:54+00:00","dateModified":"2024-03-19T15:29:49+00:00","description":"Bienvenue dans la nouvelle \u00e8re d\u2019AMG - Benoit Charette - Annuel automobile - CanadaMotorJobs.com.","breadcrumb":{"@id":"https:\/\/news.canadamotorjobs.com\/fr\/bienvenue-dans-la-nouvelle-ere-damg\/#breadcrumb"},"inLanguage":"fr-CA","potentialAction":[{"@type":"ReadAction","target":["https:\/\/news.canadamotorjobs.com\/fr\/bienvenue-dans-la-nouvelle-ere-damg\/"]}]},{"@type":"ImageObject","inLanguage":"fr-CA","@id":"https:\/\/news.canadamotorjobs.com\/fr\/bienvenue-dans-la-nouvelle-ere-damg\/#primaryimage","url":"https:\/\/news.canadamotorjobs.com\/wp-content\/uploads\/2024\/03\/24c0119_001.jpg","contentUrl":"https:\/\/news.canadamotorjobs.com\/wp-content\/uploads\/2024\/03\/24c0119_001.jpg","width":1199,"height":800},{"@type":"BreadcrumbList","@id":"https:\/\/news.canadamotorjobs.com\/fr\/bienvenue-dans-la-nouvelle-ere-damg\/#breadcrumb","itemListElement":[{"@type":"ListItem","position":1,"name":"Home","item":"https:\/\/news.canadamotorjobs.com\/fr\/blog\/"},{"@type":"ListItem","position":2,"name":"Bienvenue dans la nouvelle \u00e8re d\u2019AMG"}]},{"@type":"WebSite","@id":"https:\/\/news.canadamotorjobs.com\/#website","url":"https:\/\/news.canadamotorjobs.com\/","name":"CanadaMotorJobs.com","description":"Automotive Jobs","publisher":{"@id":"https:\/\/news.canadamotorjobs.com\/#organization"},"potentialAction":[{"@type":"SearchAction","target":{"@type":"EntryPoint","urlTemplate":"https:\/\/news.canadamotorjobs.com\/?s={search_term_string}"},"query-input":"required name=search_term_string"}],"inLanguage":"fr-CA"},{"@type":"Organization","@id":"https:\/\/news.canadamotorjobs.com\/#organization","name":"Canada Motor Jobs","url":"https:\/\/news.canadamotorjobs.com\/","logo":{"@type":"ImageObject","inLanguage":"fr-CA","@id":"https:\/\/news.canadamotorjobs.com\/#\/schema\/logo\/image\/","url":"https:\/\/news.canadamotorjobs.com\/wp-content\/uploads\/2022\/10\/logo-canada-motor-jobs-1.png","contentUrl":"https:\/\/news.canadamotorjobs.com\/wp-content\/uploads\/2022\/10\/logo-canada-motor-jobs-1.png","width":800,"height":400,"caption":"Canada Motor Jobs"},"image":{"@id":"https:\/\/news.canadamotorjobs.com\/#\/schema\/logo\/image\/"},"sameAs":["https:\/\/www.facebook.com\/canadamotorjobs\/","https:\/\/x.com\/canadamotorjobs","https:\/\/www.instagram.com\/canadamotorjobs\/","https:\/\/www.linkedin.com\/company\/canadamotorjobs"]},{"@type":"Person","@id":"https:\/\/news.canadamotorjobs.com\/#\/schema\/person\/51793d1f87d44011d7bcc2ed99269a90","name":"Benoit Charette","image":{"@type":"ImageObject","inLanguage":"fr-CA","@id":"https:\/\/news.canadamotorjobs.com\/#\/schema\/person\/image\/","url":"https:\/\/secure.gravatar.com\/avatar\/45f3d2eebcccd909668d7ce7ea7267b6?s=96&d=mm&r=g","contentUrl":"https:\/\/secure.gravatar.com\/avatar\/45f3d2eebcccd909668d7ce7ea7267b6?s=96&d=mm&r=g","caption":"Benoit Charette"},"description":"Benoit Charette \/ Propri\u00e9taire et r\u00e9dacteur en chef Benoit Charette pratique le journalisme automobile depuis bient\u00f4t 30 ans. Il a fait ses classes au c\u00f4t\u00e9 de Daniel H\u00e9raud et au Carnet de route de 1992 \u00e0 2001. Il est fondateur, copropri\u00e9taire et r\u00e9dacteur en chef de L\u2019Annuel de l\u2019automobile, qu\u2019il publie depuis 2001. Il a anim\u00e9 les \u00e9missions RPM et RPM+ sur V et les L\u00e9gendes de la route sur Historia. \u00c0 la radio depuis 1986, il reprend l\u2019antenne cette ann\u00e9e sur les ondes de Cogeco et participe pour la deuxi\u00e8me ann\u00e9e \u00e0 l\u2019\u00e9mission Passion Auto sur RDS en plus de mettre en ligne le site Web officiel de L\u2019Annuel de l\u2019automobile sur annuelauto.ca.","sameAs":["https:\/\/annuelauto.ca\/"],"url":"https:\/\/news.canadamotorjobs.com\/fr\/author\/benoit-charette\/"}]}},"_links":{"self":[{"href":"https:\/\/news.canadamotorjobs.com\/fr\/wp-json\/wp\/v2\/posts\/161234"}],"collection":[{"href":"https:\/\/news.canadamotorjobs.com\/fr\/wp-json\/wp\/v2\/posts"}],"about":[{"href":"https:\/\/news.canadamotorjobs.com\/fr\/wp-json\/wp\/v2\/types\/post"}],"author":[{"embeddable":true,"href":"https:\/\/news.canadamotorjobs.com\/fr\/wp-json\/wp\/v2\/users\/8"}],"replies":[{"embeddable":true,"href":"https:\/\/news.canadamotorjobs.com\/fr\/wp-json\/wp\/v2\/comments?post=161234"}],"version-history":[{"count":2,"href":"https:\/\/news.canadamotorjobs.com\/fr\/wp-json\/wp\/v2\/posts\/161234\/revisions"}],"predecessor-version":[{"id":161238,"href":"https:\/\/news.canadamotorjobs.com\/fr\/wp-json\/wp\/v2\/posts\/161234\/revisions\/161238"}],"wp:featuredmedia":[{"embeddable":true,"href":"https:\/\/news.canadamotorjobs.com\/fr\/wp-json\/wp\/v2\/media\/161236"}],"wp:attachment":[{"href":"https:\/\/news.canadamotorjobs.com\/fr\/wp-json\/wp\/v2\/media?parent=161234"}],"wp:term":[{"taxonomy":"category","embeddable":true,"href":"https:\/\/news.canadamotorjobs.com\/fr\/wp-json\/wp\/v2\/categories?post=161234"},{"taxonomy":"post_tag","embeddable":true,"href":"https:\/\/news.canadamotorjobs.com\/fr\/wp-json\/wp\/v2\/tags?post=161234"}],"curies":[{"name":"wp","href":"https:\/\/api.w.org\/{rel}","templated":true}]}}