{"id":161187,"date":"2024-03-18T18:33:42","date_gmt":"2024-03-18T22:33:42","guid":{"rendered":"https:\/\/news.canadamotorjobs.com\/?p=161187"},"modified":"2024-03-18T18:33:57","modified_gmt":"2024-03-18T22:33:57","slug":"audi-presente-le-q6-et-sq6-electrique","status":"publish","type":"post","link":"https:\/\/news.canadamotorjobs.com\/fr\/audi-presente-le-q6-et-sq6-electrique\/","title":{"rendered":"Audi pr\u00e9sente le Q6 et SQ6 \u00e9lectrique"},"content":{"rendered":"<\/p>\n<p>Audi d\u00e9voile ses derniers joyaux \u00e9lectriques : le Q6 et sa version haute performance, le SQ6. Ces v\u00e9hicules incarnent l&#8217;avenir de la mobilit\u00e9 \u00e9lectrique, alliant performances de pointe, technologie de pointe et design \u00e9l\u00e9gant.<\/p>\n<h3><strong>Performances de haut niveau<\/strong><\/h3>\n<p>\nLe c\u0153ur de ces v\u00e9hicules \u00e9lectriques r\u00e9side dans leurs performances impressionnantes. Dot\u00e9 d&#8217;une batterie de 100 kWh, le Q6 offre une autonomie allant jusqu&#8217;\u00e0 625 km (WLTP) et une puissance de 382 chevaux. Pour ceux en qu\u00eate d&#8217;adr\u00e9naline, le SQ6 pousse les limites avec une puissance de 510 chevaux. Ces bolides \u00e9lectriques peuvent acc\u00e9l\u00e9rer de 0 \u00e0 100 km\/h en seulement 5,9 secondes pour le Q6 e-tron quattro et 4,3 secondes pour le SQ6 e-tron. Avec des vitesses maximales respectives de 210 km\/h et 230 km\/h, ces v\u00e9hicules offrent une exp\u00e9rience de conduite incomparable.<\/p>\n<h3><strong>Recharge Rapide et Capacit\u00e9<\/strong><\/h3>\n<p>\nL&#8217;autonomie n&#8217;est plus un probl\u00e8me avec la technologie de recharge ultrarapide des Q6 et SQ6. Gr\u00e2ce \u00e0 une capacit\u00e9 de recharge maximale de 270 kW, le Q6 peut r\u00e9cup\u00e9rer jusqu&#8217;\u00e0 255 km en seulement dix minutes. De plus, la recharge de 10 \u00e0 80 % ne prend que 20 minutes, offrant une flexibilit\u00e9 in\u00e9gal\u00e9e. La gestion thermique intelligente et la compatibilit\u00e9 avec les bornes de 400 volts rendent la recharge encore plus pratique et accessible.<\/p>\n<h3><strong>Design \u00c9l\u00e9gant et Spacieux<\/strong><\/h3>\n<p>\nEsth\u00e9tiquement, ces v\u00e9hicules ne d\u00e9\u00e7oivent pas. Avec des dimensions g\u00e9n\u00e9reuses et un design \u00e9l\u00e9gant, le Q6 offre un espace int\u00e9rieur raffin\u00e9 et confortable. Les lignes sportives et dynamiques captivent le regard, tandis que l&#8217;int\u00e9rieur \u00e9pur\u00e9 cr\u00e9e une ambiance accueillante. Les technologies d&#8217;\u00e9clairage num\u00e9rique et l&#8217;interface utilisateur intuitive soulignent l&#8217;engagement d&#8217;Audi envers l&#8217;innovation et le design de pointe.<\/p>\n<h3><strong>Technologie Avanc\u00e9e \u00e0 Bord<\/strong><\/h3>\n<p>\nLe Q6 est \u00e9quip\u00e9 du dernier cri en mati\u00e8re de technologie embarqu\u00e9e. Fonctionnant sous Android Automotive OS, le syst\u00e8me d&#8217;infodivertissement offre une exp\u00e9rience connect\u00e9e sans pr\u00e9c\u00e9dent. Avec plus de 800 commandes vocales, les occupants peuvent interagir avec le v\u00e9hicule de mani\u00e8re intuitive, tandis que le syst\u00e8me audio Bang &amp; Olufsen garantit une qualit\u00e9 sonore exceptionnelle. De plus, le Q6 propose une gamme \u00e9tendue de fonctionnalit\u00e9s d&#8217;assistance \u00e0 la conduite, assurant une exp\u00e9rience de conduite s\u00e9curis\u00e9e et confortable pour tous les occupants.<\/p>\n<h3><strong>Conduite Dynamique et S\u00e9curit\u00e9<\/strong><\/h3>\n<p>\nAudi ne l\u00e9sine pas sur la s\u00e9curit\u00e9 et la dynamique de conduite. Des fonctionnalit\u00e9s telles que l&#8217;assistant de conduite adaptatif, l&#8217;aide au stationnement et l&#8217;alerte de sortie de voie garantissent une conduite s\u00fbre et confortable. La r\u00e9partition du couple orient\u00e9e vers l&#8217;arri\u00e8re dans le cadre d&#8217;un syst\u00e8me de traction int\u00e9grale hautement variable am\u00e9liore \u00e9galement les caract\u00e9ristiques de conduite dynamiques. Audi continue de repousser les limites de l&#8217;innovation pour offrir une exp\u00e9rience de conduite in\u00e9gal\u00e9e.<\/p>\n<h3><strong>Conclusion<\/strong><\/h3>\n<p>\nEn conclusion, les nouveaux Audi Q6 et SQ6 repr\u00e9sentent une avanc\u00e9e significative dans le domaine de la mobilit\u00e9 \u00e9lectrique. Avec leurs performances impressionnantes, leur recharge rapide, leur design \u00e9l\u00e9gant et leur technologie de pointe, ces v\u00e9hicules sont pr\u00eats \u00e0 r\u00e9volutionner l&#8217;industrie automobile. Audi continue de d\u00e9montrer son engagement envers l&#8217;innovation et le progr\u00e8s, offrant ainsi une exp\u00e9rience de conduite exceptionnelle pour les conducteurs du monde entier. Pr\u00e9parez-vous \u00e0 \u00eatre \u00e9lectris\u00e9 par l&#8217;avenir de l&#8217;automobile avec les nouveaux Audi Q6 et SQ6.<\/p>\n<p>Le texte <a rel=\"nofollow\" href=\"https:\/\/annuelauto.ca\/audi-presente-le-q6-et-sq6-electrique\/\">Audi pr\u00e9sente le Q6 et SQ6 \u00e9lectrique<\/a> provient de <a rel=\"nofollow\" href=\"https:\/\/annuelauto.ca\">L&#8217;annuel de l&#8217;automobile &#8211; Actualit\u00e9 automobile<\/a><\/p>\n<p><\/p>\n","protected":false},"excerpt":{"rendered":"<p>Audi d\u00e9voile ses derniers joyaux \u00e9lectriques : le Q6 et sa version haute performance, le SQ6. Ces v\u00e9hicules incarnent l&#8217;avenir de la mobilit\u00e9 \u00e9lectrique, alliant performances de pointe, technologie de pointe et design \u00e9l\u00e9gant. Performances de haut niveau Le c\u0153ur de ces v\u00e9hicules \u00e9lectriques r\u00e9side dans leurs performances impressionnantes. Dot\u00e9 d&#8217;une batterie de 100 kWh, [&hellip;]<\/p>\n","protected":false},"author":8,"featured_media":161189,"comment_status":"close","ping_status":"closed","sticky":false,"template":"","format":"standard","meta":{"_monsterinsights_skip_tracking":false,"_monsterinsights_sitenote_active":false,"_monsterinsights_sitenote_note":"","_monsterinsights_sitenote_category":0,"footnotes":""},"categories":[101],"tags":[],"yoast_head":"<!-- This site is optimized with the Yoast SEO plugin v23.2 - https:\/\/yoast.com\/wordpress\/plugins\/seo\/ -->\n<title>Audi pr\u00e9sente le Q6 et SQ6 \u00e9lectrique - CanadaMotorJobs.com<\/title>\n<meta name=\"description\" content=\"Audi pr\u00e9sente le Q6 et SQ6 \u00e9lectrique - Benoit Charette - Annuel automobile - CanadaMotorJobs.com.\" \/>\n<meta name=\"robots\" content=\"index, follow, max-snippet:-1, max-image-preview:large, max-video-preview:-1\" \/>\n<meta property=\"og:locale\" content=\"fr_CA\" \/>\n<meta property=\"og:type\" content=\"article\" \/>\n<meta property=\"og:title\" content=\"Audi pr\u00e9sente le Q6 et SQ6 \u00e9lectrique - CanadaMotorJobs.com\" \/>\n<meta property=\"og:description\" content=\"Audi pr\u00e9sente le Q6 et SQ6 \u00e9lectrique - Benoit Charette - Annuel automobile - CanadaMotorJobs.com.\" \/>\n<meta property=\"og:url\" content=\"https:\/\/news.canadamotorjobs.com\/fr\/audi-presente-le-q6-et-sq6-electrique\/\" \/>\n<meta property=\"og:site_name\" content=\"CanadaMotorJobs.com\" \/>\n<meta property=\"article:publisher\" content=\"https:\/\/www.facebook.com\/canadamotorjobs\/\" \/>\n<meta property=\"article:published_time\" content=\"2024-03-18T22:33:42+00:00\" \/>\n<meta property=\"article:modified_time\" content=\"2024-03-18T22:33:57+00:00\" \/>\n<meta property=\"og:image\" content=\"https:\/\/news.canadamotorjobs.com\/wp-content\/uploads\/2024\/03\/A241760_large.jpg\" \/>\n\t<meta property=\"og:image:width\" content=\"1067\" \/>\n\t<meta property=\"og:image:height\" content=\"800\" \/>\n\t<meta property=\"og:image:type\" content=\"image\/jpeg\" \/>\n<meta name=\"author\" content=\"Benoit Charette\" \/>\n<meta name=\"twitter:card\" content=\"summary_large_image\" \/>\n<meta name=\"twitter:creator\" content=\"@canadamotorjobs\" \/>\n<meta name=\"twitter:site\" content=\"@canadamotorjobs\" \/>\n<meta name=\"twitter:label1\" content=\"\u00c9crit par\" \/>\n\t<meta name=\"twitter:data1\" content=\"Benoit Charette\" \/>\n\t<meta name=\"twitter:label2\" content=\"Estimation du temps de lecture\" \/>\n\t<meta name=\"twitter:data2\" content=\"3 minutes\" \/>\n<!-- \/ Yoast SEO plugin. -->","yoast_head_json":{"title":"Audi pr\u00e9sente le Q6 et SQ6 \u00e9lectrique - CanadaMotorJobs.com","description":"Audi pr\u00e9sente le Q6 et SQ6 \u00e9lectrique - Benoit Charette - Annuel automobile - CanadaMotorJobs.com.","robots":{"index":"index","follow":"follow","max-snippet":"max-snippet:-1","max-image-preview":"max-image-preview:large","max-video-preview":"max-video-preview:-1"},"og_locale":"fr_CA","og_type":"article","og_title":"Audi pr\u00e9sente le Q6 et SQ6 \u00e9lectrique - CanadaMotorJobs.com","og_description":"Audi pr\u00e9sente le Q6 et SQ6 \u00e9lectrique - Benoit Charette - Annuel automobile - CanadaMotorJobs.com.","og_url":"https:\/\/news.canadamotorjobs.com\/fr\/audi-presente-le-q6-et-sq6-electrique\/","og_site_name":"CanadaMotorJobs.com","article_publisher":"https:\/\/www.facebook.com\/canadamotorjobs\/","article_published_time":"2024-03-18T22:33:42+00:00","article_modified_time":"2024-03-18T22:33:57+00:00","og_image":[{"width":1067,"height":800,"url":"https:\/\/news.canadamotorjobs.com\/wp-content\/uploads\/2024\/03\/A241760_large.jpg","type":"image\/jpeg"}],"author":"Benoit Charette","twitter_card":"summary_large_image","twitter_creator":"@canadamotorjobs","twitter_site":"@canadamotorjobs","twitter_misc":{"\u00c9crit par":"Benoit Charette","Estimation du temps de lecture":"3 minutes"},"schema":{"@context":"https:\/\/schema.org","@graph":[{"@type":"Article","@id":"https:\/\/news.canadamotorjobs.com\/fr\/audi-presente-le-q6-et-sq6-electrique\/#article","isPartOf":{"@id":"https:\/\/news.canadamotorjobs.com\/fr\/audi-presente-le-q6-et-sq6-electrique\/"},"author":{"name":"Benoit Charette","@id":"https:\/\/news.canadamotorjobs.com\/#\/schema\/person\/51793d1f87d44011d7bcc2ed99269a90"},"headline":"Audi pr\u00e9sente le Q6 et SQ6 \u00e9lectrique","datePublished":"2024-03-18T22:33:42+00:00","dateModified":"2024-03-18T22:33:57+00:00","mainEntityOfPage":{"@id":"https:\/\/news.canadamotorjobs.com\/fr\/audi-presente-le-q6-et-sq6-electrique\/"},"wordCount":614,"publisher":{"@id":"https:\/\/news.canadamotorjobs.com\/#organization"},"image":{"@id":"https:\/\/news.canadamotorjobs.com\/fr\/audi-presente-le-q6-et-sq6-electrique\/#primaryimage"},"thumbnailUrl":"https:\/\/news.canadamotorjobs.com\/wp-content\/uploads\/2024\/03\/A241760_large.jpg","articleSection":["Annuel automobile"],"inLanguage":"fr-CA"},{"@type":"WebPage","@id":"https:\/\/news.canadamotorjobs.com\/fr\/audi-presente-le-q6-et-sq6-electrique\/","url":"https:\/\/news.canadamotorjobs.com\/fr\/audi-presente-le-q6-et-sq6-electrique\/","name":"Audi pr\u00e9sente le Q6 et SQ6 \u00e9lectrique - CanadaMotorJobs.com","isPartOf":{"@id":"https:\/\/news.canadamotorjobs.com\/#website"},"primaryImageOfPage":{"@id":"https:\/\/news.canadamotorjobs.com\/fr\/audi-presente-le-q6-et-sq6-electrique\/#primaryimage"},"image":{"@id":"https:\/\/news.canadamotorjobs.com\/fr\/audi-presente-le-q6-et-sq6-electrique\/#primaryimage"},"thumbnailUrl":"https:\/\/news.canadamotorjobs.com\/wp-content\/uploads\/2024\/03\/A241760_large.jpg","datePublished":"2024-03-18T22:33:42+00:00","dateModified":"2024-03-18T22:33:57+00:00","description":"Audi pr\u00e9sente le Q6 et SQ6 \u00e9lectrique - Benoit Charette - Annuel automobile - CanadaMotorJobs.com.","breadcrumb":{"@id":"https:\/\/news.canadamotorjobs.com\/fr\/audi-presente-le-q6-et-sq6-electrique\/#breadcrumb"},"inLanguage":"fr-CA","potentialAction":[{"@type":"ReadAction","target":["https:\/\/news.canadamotorjobs.com\/fr\/audi-presente-le-q6-et-sq6-electrique\/"]}]},{"@type":"ImageObject","inLanguage":"fr-CA","@id":"https:\/\/news.canadamotorjobs.com\/fr\/audi-presente-le-q6-et-sq6-electrique\/#primaryimage","url":"https:\/\/news.canadamotorjobs.com\/wp-content\/uploads\/2024\/03\/A241760_large.jpg","contentUrl":"https:\/\/news.canadamotorjobs.com\/wp-content\/uploads\/2024\/03\/A241760_large.jpg","width":1067,"height":800},{"@type":"BreadcrumbList","@id":"https:\/\/news.canadamotorjobs.com\/fr\/audi-presente-le-q6-et-sq6-electrique\/#breadcrumb","itemListElement":[{"@type":"ListItem","position":1,"name":"Home","item":"https:\/\/news.canadamotorjobs.com\/fr\/blog\/"},{"@type":"ListItem","position":2,"name":"Audi pr\u00e9sente le Q6 et SQ6 \u00e9lectrique"}]},{"@type":"WebSite","@id":"https:\/\/news.canadamotorjobs.com\/#website","url":"https:\/\/news.canadamotorjobs.com\/","name":"CanadaMotorJobs.com","description":"Automotive Jobs","publisher":{"@id":"https:\/\/news.canadamotorjobs.com\/#organization"},"potentialAction":[{"@type":"SearchAction","target":{"@type":"EntryPoint","urlTemplate":"https:\/\/news.canadamotorjobs.com\/?s={search_term_string}"},"query-input":"required name=search_term_string"}],"inLanguage":"fr-CA"},{"@type":"Organization","@id":"https:\/\/news.canadamotorjobs.com\/#organization","name":"Canada Motor Jobs","url":"https:\/\/news.canadamotorjobs.com\/","logo":{"@type":"ImageObject","inLanguage":"fr-CA","@id":"https:\/\/news.canadamotorjobs.com\/#\/schema\/logo\/image\/","url":"https:\/\/news.canadamotorjobs.com\/wp-content\/uploads\/2022\/10\/logo-canada-motor-jobs-1.png","contentUrl":"https:\/\/news.canadamotorjobs.com\/wp-content\/uploads\/2022\/10\/logo-canada-motor-jobs-1.png","width":800,"height":400,"caption":"Canada Motor Jobs"},"image":{"@id":"https:\/\/news.canadamotorjobs.com\/#\/schema\/logo\/image\/"},"sameAs":["https:\/\/www.facebook.com\/canadamotorjobs\/","https:\/\/x.com\/canadamotorjobs","https:\/\/www.instagram.com\/canadamotorjobs\/","https:\/\/www.linkedin.com\/company\/canadamotorjobs"]},{"@type":"Person","@id":"https:\/\/news.canadamotorjobs.com\/#\/schema\/person\/51793d1f87d44011d7bcc2ed99269a90","name":"Benoit Charette","image":{"@type":"ImageObject","inLanguage":"fr-CA","@id":"https:\/\/news.canadamotorjobs.com\/#\/schema\/person\/image\/","url":"https:\/\/secure.gravatar.com\/avatar\/45f3d2eebcccd909668d7ce7ea7267b6?s=96&d=mm&r=g","contentUrl":"https:\/\/secure.gravatar.com\/avatar\/45f3d2eebcccd909668d7ce7ea7267b6?s=96&d=mm&r=g","caption":"Benoit Charette"},"description":"Benoit Charette \/ Propri\u00e9taire et r\u00e9dacteur en chef Benoit Charette pratique le journalisme automobile depuis bient\u00f4t 30 ans. Il a fait ses classes au c\u00f4t\u00e9 de Daniel H\u00e9raud et au Carnet de route de 1992 \u00e0 2001. Il est fondateur, copropri\u00e9taire et r\u00e9dacteur en chef de L\u2019Annuel de l\u2019automobile, qu\u2019il publie depuis 2001. Il a anim\u00e9 les \u00e9missions RPM et RPM+ sur V et les L\u00e9gendes de la route sur Historia. \u00c0 la radio depuis 1986, il reprend l\u2019antenne cette ann\u00e9e sur les ondes de Cogeco et participe pour la deuxi\u00e8me ann\u00e9e \u00e0 l\u2019\u00e9mission Passion Auto sur RDS en plus de mettre en ligne le site Web officiel de L\u2019Annuel de l\u2019automobile sur annuelauto.ca.","sameAs":["https:\/\/annuelauto.ca\/"],"url":"https:\/\/news.canadamotorjobs.com\/fr\/author\/benoit-charette\/"}]}},"_links":{"self":[{"href":"https:\/\/news.canadamotorjobs.com\/fr\/wp-json\/wp\/v2\/posts\/161187"}],"collection":[{"href":"https:\/\/news.canadamotorjobs.com\/fr\/wp-json\/wp\/v2\/posts"}],"about":[{"href":"https:\/\/news.canadamotorjobs.com\/fr\/wp-json\/wp\/v2\/types\/post"}],"author":[{"embeddable":true,"href":"https:\/\/news.canadamotorjobs.com\/fr\/wp-json\/wp\/v2\/users\/8"}],"replies":[{"embeddable":true,"href":"https:\/\/news.canadamotorjobs.com\/fr\/wp-json\/wp\/v2\/comments?post=161187"}],"version-history":[{"count":2,"href":"https:\/\/news.canadamotorjobs.com\/fr\/wp-json\/wp\/v2\/posts\/161187\/revisions"}],"predecessor-version":[{"id":161191,"href":"https:\/\/news.canadamotorjobs.com\/fr\/wp-json\/wp\/v2\/posts\/161187\/revisions\/161191"}],"wp:featuredmedia":[{"embeddable":true,"href":"https:\/\/news.canadamotorjobs.com\/fr\/wp-json\/wp\/v2\/media\/161189"}],"wp:attachment":[{"href":"https:\/\/news.canadamotorjobs.com\/fr\/wp-json\/wp\/v2\/media?parent=161187"}],"wp:term":[{"taxonomy":"category","embeddable":true,"href":"https:\/\/news.canadamotorjobs.com\/fr\/wp-json\/wp\/v2\/categories?post=161187"},{"taxonomy":"post_tag","embeddable":true,"href":"https:\/\/news.canadamotorjobs.com\/fr\/wp-json\/wp\/v2\/tags?post=161187"}],"curies":[{"name":"wp","href":"https:\/\/api.w.org\/{rel}","templated":true}]}}