{"id":161164,"date":"2024-03-18T08:59:02","date_gmt":"2024-03-18T12:59:02","guid":{"rendered":"https:\/\/news.canadamotorjobs.com\/?p=161164"},"modified":"2024-03-18T09:01:49","modified_gmt":"2024-03-18T13:01:49","slug":"hyundai-santa-fe-2024","status":"publish","type":"post","link":"https:\/\/news.canadamotorjobs.com\/fr\/hyundai-santa-fe-2024\/","title":{"rendered":"Hyundai Santa Fe 2024"},"content":{"rendered":"<\/p>\n<p><em>Rock Water Secret Cove, Colombie-Britannique &#8211;<\/em> Quand il s&#8217;agit de secouer le march\u00e9 automobile, Hyundai ne fait pas les choses \u00e0 moiti\u00e9. Pour marquer dignement le 25e anniversaire du Santa Fe, Hyundai pr\u00e9sente un mod\u00e8le qui brise les conventions \u00e9tablies par ses pr\u00e9d\u00e9cesseurs. Cette strat\u00e9gie audacieuse, d\u00e9j\u00e0 couronn\u00e9e de succ\u00e8s avec des mod\u00e8les embl\u00e9matiques comme la Sonata, l\u2019Elantra ou encore le Tucson, montre que l&#8217;audace sourit parfois aux ambitieux.<\/p>\n<h3><strong>Le style avant tout<\/strong><\/h3>\n<p>\nOn ne peut qu&#8217;imaginer l&#8217;ambiance lors de la r\u00e9union de conception du Santa Fe chez Hyundai. Certains diront que les esprits \u00e9taient particuli\u00e8rement cr\u00e9atifs ce jour-l\u00e0, d&#8217;autres attribueront que les designers ont connu un moment d\u2019\u00e9garement. Seul l&#8217;avenir pourra r\u00e9v\u00e9ler la v\u00e9rit\u00e9. Arborant des lignes angulaires et un toit flottant, le design ext\u00e9rieur du Santa Fe 2024 s&#8217;inspire de l&#8217;\u00e9l\u00e9gance robuste des v\u00e9hicules Land Rover. Avec son allure \u00e0 la fois robuste et moderne, ce VUS se d\u00e9marque avec son motif lumineux en forme de &#8220;H&#8221; propre \u00e0 Hyundai. Offrant trois rang\u00e9es de si\u00e8ges de s\u00e9rie, il se positionne entre le Tucson compact et le plus imposant Palisade dans la gamme Hyundai. La version XRT vise les amateurs d\u2019aventures avec ses \u00e9quipements tout-terrain et sa garde au sol sur\u00e9lev\u00e9e, offrant m\u00eame la possibilit\u00e9 d&#8217;installer une tente sur le toit.<\/p>\n<h3><strong>Un int\u00e9rieur spacieux<\/strong><\/h3>\n<p>\nLes dimensions g\u00e9n\u00e9reuses du Santa Fe se traduisent par un int\u00e9rieur accueillant et confortable. Un levier de vitesse \u00e0 colonne rotative lib\u00e8re l&#8217;espace au centre, tandis qu&#8217;un plateau de st\u00e9rilisation UV-C, une innovation bienvenue \u00e0 l&#8217;\u00e8re de la pand\u00e9mie, tr\u00f4ne sur le dessus de la bo\u00eete \u00e0 gants. L&#8217;habitacle regorge de touches haut de gamme, avec une abondance d&#8217;espace pour accueillir confortablement jusqu&#8217;\u00e0 sept passagers. Les si\u00e8ges se replient pratiquement \u00e0 plat pour offrir une capacit\u00e9 de chargement impressionnante, faisant du Santa Fe un compagnon id\u00e9al pour les escapades en famille. Dot\u00e9 de deux \u00e9crans de 12,3 pouces, le tableau de bord du Santa Fe offre une connectivit\u00e9 moderne avec des fonctionnalit\u00e9s telles qu&#8217;Android Auto sans fil et Apple CarPlay. Malgr\u00e9 la pr\u00e9sence de ces \u00e9crans, Hyundai a eu la judicieuse id\u00e9e de conserver des boutons physiques pour des fonctions essentielles comme la climatisation et le volume audio. Les technologies d\u2019assistance \u00e0 la conduite, telles que le r\u00e9gulateur de vitesse adaptatif et l&#8217;assistance au maintien de voie, offrent une tranquillit\u00e9 d&#8217;esprit suppl\u00e9mentaire aux conducteurs.<\/p>\n<h3><strong>Pas moins de 5 versions<\/strong><\/h3>\n<p>\nHyundai va offrir \u00e0 terme 5 versions du Santa Fe. Le mod\u00e8le d\u2019entr\u00e9e de gamme est le Preferred\u00a0 qui vient avec le moteur hybride 1,6 litre, un \u00e9cran tactile de 12,3 pouces, Bluelink Connected Car, Android Auto\/Apple Carplay sans fil, et de nombreuses fonctions de s\u00e9curit\u00e9 SmartSense. La version XRT arrive le moteur 2,5 litres plus puissant offre des performances suppl\u00e9mentaires gr\u00e2ce \u00e0 une diff\u00e9renciation de l&#8217;ext\u00e9rieur et de l&#8217;int\u00e9rieur, des jantes exclusives XRT de 18 pouces avec des pneus tout-terrain et une garde au sol plus importante. La version Luxury est \u00e9quip\u00e9 de caract\u00e9ristiques haut de gamme telles que si\u00e8ges en cuir, si\u00e8ges avant ventil\u00e9s, si\u00e8ge conducteur IMS, syst\u00e8me d&#8217;infodivertissement de 12,3 pouces avec navigation, moniteur de vision panoramique et de vision sans visibilit\u00e9, et bien plus encore. La version. L\u2019Ultimate Calligraphy est enti\u00e8rement \u00e9quip\u00e9 de caract\u00e9ristiques haut de gamme telles que les fauteuils Capitaine de la 2e rang\u00e9e, le si\u00e8ge relaxant du conducteur, le chargement de deux appareils sans fil, le plateau d\u00e9sinfectant UV, le syst\u00e8me audio BOSE haut de gamme. Un peu plus tard une version LNH avec un \u00e9quipement comparable au mod\u00e8le Ultimate, mais avec le moteur 1,6 litre sera aussi livrable.<\/p>\n<h3>Deux moteurs<\/h3>\n<p>\nLes versions Preferred offrent un moteur 1,6 litre turbo hybride de 231 chevaux et 271 lb-pi de couple avec une bo\u00eete automatique \u00e0 six rapports. Les autres viennent avec un 4 cylindres en ligne de 2,5 litres turbo g\u00e9n\u00e9rant une puissance de 277 chevaux, compl\u00e9t\u00e9 par une transmission automatique \u00e0 double embrayage \u00e0 huit rapports. Il est \u00e0 noter que plus tard cette ann\u00e9e, une version LNH qui sera le mod\u00e8le le plus dispendieux viendra compl\u00e9t\u00e9 la gamme avec une motorisation hybride.<\/p>\n<h3>Au volant<\/h3>\n<p>\nLe confort de conduite demeure la priorit\u00e9 pour ce nouveau Santa-Fe. Si la puissance du moteur 2,5 litres est bonne, nous n\u2019avons pas appr\u00e9ci\u00e9 l\u2019acc\u00e9l\u00e9rateur h\u00e9sitant et erratique. La tenue de route n&#8217;est pas athl\u00e9tique, mais la plupart des acheteurs de VUS n\u2019ont jamais mis la conduite \u00e0 l\u2019avant plan des priorit\u00e9s. Si vous cherchez une meilleure exp\u00e9rience au volant, nous vous sugg\u00e9rons le Mazda CX-90 ou comme plan B un Kia Sorento. Le silence de conduite est bon, le confort g\u00e9n\u00e9ral appr\u00e9ciable et au final, vous avez beaucoup de VUS pour votre argent. Hyundai annonce une \u00e9conomie de carburant de 10,8 L\/100 km pour sa version 2,5 litres. Nos essais ont plut\u00f4t donn\u00e9s des r\u00e9sultats autour de 12,2 L\/100 km sur des routes secondaires le plus souvent \u00e0 moins de 80 km\/h. Des r\u00e9sultats peu convaincant. Lors du lancement, le moteur 1,6 litre n\u2019\u00e9tait pas pr\u00e9sent.<\/p>\n<h3><strong>Conclusion <\/strong><\/h3>\n<p>\nAvec son design audacieux, ses fonctionnalit\u00e9s innovantes et son confort exceptionnel, le Hyundai Santa Fe 2024 promet d&#8217;ouvrir un nouveau chapitre passionnant dans l&#8217;histoire des VUS. \u00c0 un prix comp\u00e9titif et avec une garantie solide, ce v\u00e9hicule est destin\u00e9 \u00e0 s\u00e9duire les conducteurs en qu\u00eate d&#8217;aventure et de confort sur la route.<\/p>\n<p>\u00a0<\/p>\n<h3>Forces<\/h3>\n<p>\nUn style unique<\/p>\n<p>Confort g\u00e9n\u00e9ral appr\u00e9ciable<\/p>\n<p>Am\u00e9nagement int\u00e9rieur bien con\u00e7u<\/p>\n<p>\u00a0<\/p>\n<h3>Faiblesses<\/h3>\n<p>\nBo\u00eete DCT \u00e0 repenser (2,5 L)<\/p>\n<p>Consommation de carburant d\u00e9cevante<\/p>\n<p>\u00a0<\/p>\n<p>Le texte <a rel=\"nofollow\" href=\"https:\/\/annuelauto.ca\/hyundai-santa-fe-2024\/\">Hyundai Santa Fe 2024<\/a> provient de <a rel=\"nofollow\" href=\"https:\/\/annuelauto.ca\">L&#8217;annuel de l&#8217;automobile &#8211; Actualit\u00e9 automobile<\/a><\/p>\n<p><\/p>\n","protected":false},"excerpt":{"rendered":"<p>Rock Water Secret Cove, Colombie-Britannique &#8211; Quand il s&#8217;agit de secouer le march\u00e9 automobile, Hyundai ne fait pas les choses \u00e0 moiti\u00e9. Pour marquer dignement le 25e anniversaire du Santa Fe, Hyundai pr\u00e9sente un mod\u00e8le qui brise les conventions \u00e9tablies par ses pr\u00e9d\u00e9cesseurs. Cette strat\u00e9gie audacieuse, d\u00e9j\u00e0 couronn\u00e9e de succ\u00e8s avec des mod\u00e8les embl\u00e9matiques comme [&hellip;]<\/p>\n","protected":false},"author":8,"featured_media":161166,"comment_status":"close","ping_status":"closed","sticky":false,"template":"","format":"standard","meta":{"_monsterinsights_skip_tracking":false,"_monsterinsights_sitenote_active":false,"_monsterinsights_sitenote_note":"","_monsterinsights_sitenote_category":0,"footnotes":""},"categories":[101],"tags":[],"yoast_head":"<!-- This site is optimized with the Yoast SEO plugin v23.2 - https:\/\/yoast.com\/wordpress\/plugins\/seo\/ -->\n<title>Hyundai Santa Fe 2024 - CanadaMotorJobs.com<\/title>\n<meta name=\"description\" content=\"Hyundai Santa Fe 2024 - Benoit Charette - Annuel automobile - CanadaMotorJobs.com.\" \/>\n<meta name=\"robots\" content=\"index, follow, max-snippet:-1, max-image-preview:large, max-video-preview:-1\" \/>\n<meta property=\"og:locale\" content=\"fr_CA\" \/>\n<meta property=\"og:type\" content=\"article\" \/>\n<meta property=\"og:title\" content=\"Hyundai Santa Fe 2024 - CanadaMotorJobs.com\" \/>\n<meta property=\"og:description\" content=\"Hyundai Santa Fe 2024 - Benoit Charette - Annuel automobile - CanadaMotorJobs.com.\" \/>\n<meta property=\"og:url\" content=\"https:\/\/news.canadamotorjobs.com\/fr\/hyundai-santa-fe-2024\/\" \/>\n<meta property=\"og:site_name\" content=\"CanadaMotorJobs.com\" \/>\n<meta property=\"article:publisher\" content=\"https:\/\/www.facebook.com\/canadamotorjobs\/\" \/>\n<meta property=\"article:published_time\" content=\"2024-03-18T12:59:02+00:00\" \/>\n<meta property=\"article:modified_time\" content=\"2024-03-18T13:01:49+00:00\" \/>\n<meta property=\"og:image\" content=\"https:\/\/news.canadamotorjobs.com\/wp-content\/uploads\/2024\/03\/IMG_5803.jpg\" \/>\n\t<meta property=\"og:image:width\" content=\"1200\" \/>\n\t<meta property=\"og:image:height\" content=\"800\" \/>\n\t<meta property=\"og:image:type\" content=\"image\/jpeg\" \/>\n<meta name=\"author\" content=\"Benoit Charette\" \/>\n<meta name=\"twitter:card\" content=\"summary_large_image\" \/>\n<meta name=\"twitter:creator\" content=\"@canadamotorjobs\" \/>\n<meta name=\"twitter:site\" content=\"@canadamotorjobs\" \/>\n<meta name=\"twitter:label1\" content=\"\u00c9crit par\" \/>\n\t<meta name=\"twitter:data1\" content=\"Benoit Charette\" \/>\n\t<meta name=\"twitter:label2\" content=\"Estimation du temps de lecture\" \/>\n\t<meta name=\"twitter:data2\" content=\"5 minutes\" \/>\n<!-- \/ Yoast SEO plugin. -->","yoast_head_json":{"title":"Hyundai Santa Fe 2024 - CanadaMotorJobs.com","description":"Hyundai Santa Fe 2024 - Benoit Charette - Annuel automobile - CanadaMotorJobs.com.","robots":{"index":"index","follow":"follow","max-snippet":"max-snippet:-1","max-image-preview":"max-image-preview:large","max-video-preview":"max-video-preview:-1"},"og_locale":"fr_CA","og_type":"article","og_title":"Hyundai Santa Fe 2024 - CanadaMotorJobs.com","og_description":"Hyundai Santa Fe 2024 - Benoit Charette - Annuel automobile - CanadaMotorJobs.com.","og_url":"https:\/\/news.canadamotorjobs.com\/fr\/hyundai-santa-fe-2024\/","og_site_name":"CanadaMotorJobs.com","article_publisher":"https:\/\/www.facebook.com\/canadamotorjobs\/","article_published_time":"2024-03-18T12:59:02+00:00","article_modified_time":"2024-03-18T13:01:49+00:00","og_image":[{"width":1200,"height":800,"url":"https:\/\/news.canadamotorjobs.com\/wp-content\/uploads\/2024\/03\/IMG_5803.jpg","type":"image\/jpeg"}],"author":"Benoit Charette","twitter_card":"summary_large_image","twitter_creator":"@canadamotorjobs","twitter_site":"@canadamotorjobs","twitter_misc":{"\u00c9crit par":"Benoit Charette","Estimation du temps de lecture":"5 minutes"},"schema":{"@context":"https:\/\/schema.org","@graph":[{"@type":"Article","@id":"https:\/\/news.canadamotorjobs.com\/fr\/hyundai-santa-fe-2024\/#article","isPartOf":{"@id":"https:\/\/news.canadamotorjobs.com\/fr\/hyundai-santa-fe-2024\/"},"author":{"name":"Benoit Charette","@id":"https:\/\/news.canadamotorjobs.com\/#\/schema\/person\/51793d1f87d44011d7bcc2ed99269a90"},"headline":"Hyundai Santa Fe 2024","datePublished":"2024-03-18T12:59:02+00:00","dateModified":"2024-03-18T13:01:49+00:00","mainEntityOfPage":{"@id":"https:\/\/news.canadamotorjobs.com\/fr\/hyundai-santa-fe-2024\/"},"wordCount":1009,"publisher":{"@id":"https:\/\/news.canadamotorjobs.com\/#organization"},"image":{"@id":"https:\/\/news.canadamotorjobs.com\/fr\/hyundai-santa-fe-2024\/#primaryimage"},"thumbnailUrl":"https:\/\/news.canadamotorjobs.com\/wp-content\/uploads\/2024\/03\/IMG_5803.jpg","articleSection":["Annuel automobile"],"inLanguage":"fr-CA"},{"@type":"WebPage","@id":"https:\/\/news.canadamotorjobs.com\/fr\/hyundai-santa-fe-2024\/","url":"https:\/\/news.canadamotorjobs.com\/fr\/hyundai-santa-fe-2024\/","name":"Hyundai Santa Fe 2024 - CanadaMotorJobs.com","isPartOf":{"@id":"https:\/\/news.canadamotorjobs.com\/#website"},"primaryImageOfPage":{"@id":"https:\/\/news.canadamotorjobs.com\/fr\/hyundai-santa-fe-2024\/#primaryimage"},"image":{"@id":"https:\/\/news.canadamotorjobs.com\/fr\/hyundai-santa-fe-2024\/#primaryimage"},"thumbnailUrl":"https:\/\/news.canadamotorjobs.com\/wp-content\/uploads\/2024\/03\/IMG_5803.jpg","datePublished":"2024-03-18T12:59:02+00:00","dateModified":"2024-03-18T13:01:49+00:00","description":"Hyundai Santa Fe 2024 - Benoit Charette - Annuel automobile - CanadaMotorJobs.com.","breadcrumb":{"@id":"https:\/\/news.canadamotorjobs.com\/fr\/hyundai-santa-fe-2024\/#breadcrumb"},"inLanguage":"fr-CA","potentialAction":[{"@type":"ReadAction","target":["https:\/\/news.canadamotorjobs.com\/fr\/hyundai-santa-fe-2024\/"]}]},{"@type":"ImageObject","inLanguage":"fr-CA","@id":"https:\/\/news.canadamotorjobs.com\/fr\/hyundai-santa-fe-2024\/#primaryimage","url":"https:\/\/news.canadamotorjobs.com\/wp-content\/uploads\/2024\/03\/IMG_5803.jpg","contentUrl":"https:\/\/news.canadamotorjobs.com\/wp-content\/uploads\/2024\/03\/IMG_5803.jpg","width":1200,"height":800},{"@type":"BreadcrumbList","@id":"https:\/\/news.canadamotorjobs.com\/fr\/hyundai-santa-fe-2024\/#breadcrumb","itemListElement":[{"@type":"ListItem","position":1,"name":"Home","item":"https:\/\/news.canadamotorjobs.com\/fr\/blog\/"},{"@type":"ListItem","position":2,"name":"Hyundai Santa Fe 2024"}]},{"@type":"WebSite","@id":"https:\/\/news.canadamotorjobs.com\/#website","url":"https:\/\/news.canadamotorjobs.com\/","name":"CanadaMotorJobs.com","description":"Automotive Jobs","publisher":{"@id":"https:\/\/news.canadamotorjobs.com\/#organization"},"potentialAction":[{"@type":"SearchAction","target":{"@type":"EntryPoint","urlTemplate":"https:\/\/news.canadamotorjobs.com\/?s={search_term_string}"},"query-input":"required name=search_term_string"}],"inLanguage":"fr-CA"},{"@type":"Organization","@id":"https:\/\/news.canadamotorjobs.com\/#organization","name":"Canada Motor Jobs","url":"https:\/\/news.canadamotorjobs.com\/","logo":{"@type":"ImageObject","inLanguage":"fr-CA","@id":"https:\/\/news.canadamotorjobs.com\/#\/schema\/logo\/image\/","url":"https:\/\/news.canadamotorjobs.com\/wp-content\/uploads\/2022\/10\/logo-canada-motor-jobs-1.png","contentUrl":"https:\/\/news.canadamotorjobs.com\/wp-content\/uploads\/2022\/10\/logo-canada-motor-jobs-1.png","width":800,"height":400,"caption":"Canada Motor Jobs"},"image":{"@id":"https:\/\/news.canadamotorjobs.com\/#\/schema\/logo\/image\/"},"sameAs":["https:\/\/www.facebook.com\/canadamotorjobs\/","https:\/\/x.com\/canadamotorjobs","https:\/\/www.instagram.com\/canadamotorjobs\/","https:\/\/www.linkedin.com\/company\/canadamotorjobs"]},{"@type":"Person","@id":"https:\/\/news.canadamotorjobs.com\/#\/schema\/person\/51793d1f87d44011d7bcc2ed99269a90","name":"Benoit Charette","image":{"@type":"ImageObject","inLanguage":"fr-CA","@id":"https:\/\/news.canadamotorjobs.com\/#\/schema\/person\/image\/","url":"https:\/\/secure.gravatar.com\/avatar\/45f3d2eebcccd909668d7ce7ea7267b6?s=96&d=mm&r=g","contentUrl":"https:\/\/secure.gravatar.com\/avatar\/45f3d2eebcccd909668d7ce7ea7267b6?s=96&d=mm&r=g","caption":"Benoit Charette"},"description":"Benoit Charette \/ Propri\u00e9taire et r\u00e9dacteur en chef Benoit Charette pratique le journalisme automobile depuis bient\u00f4t 30 ans. Il a fait ses classes au c\u00f4t\u00e9 de Daniel H\u00e9raud et au Carnet de route de 1992 \u00e0 2001. Il est fondateur, copropri\u00e9taire et r\u00e9dacteur en chef de L\u2019Annuel de l\u2019automobile, qu\u2019il publie depuis 2001. Il a anim\u00e9 les \u00e9missions RPM et RPM+ sur V et les L\u00e9gendes de la route sur Historia. \u00c0 la radio depuis 1986, il reprend l\u2019antenne cette ann\u00e9e sur les ondes de Cogeco et participe pour la deuxi\u00e8me ann\u00e9e \u00e0 l\u2019\u00e9mission Passion Auto sur RDS en plus de mettre en ligne le site Web officiel de L\u2019Annuel de l\u2019automobile sur annuelauto.ca.","sameAs":["https:\/\/annuelauto.ca\/"],"url":"https:\/\/news.canadamotorjobs.com\/fr\/author\/benoit-charette\/"}]}},"_links":{"self":[{"href":"https:\/\/news.canadamotorjobs.com\/fr\/wp-json\/wp\/v2\/posts\/161164"}],"collection":[{"href":"https:\/\/news.canadamotorjobs.com\/fr\/wp-json\/wp\/v2\/posts"}],"about":[{"href":"https:\/\/news.canadamotorjobs.com\/fr\/wp-json\/wp\/v2\/types\/post"}],"author":[{"embeddable":true,"href":"https:\/\/news.canadamotorjobs.com\/fr\/wp-json\/wp\/v2\/users\/8"}],"replies":[{"embeddable":true,"href":"https:\/\/news.canadamotorjobs.com\/fr\/wp-json\/wp\/v2\/comments?post=161164"}],"version-history":[{"count":2,"href":"https:\/\/news.canadamotorjobs.com\/fr\/wp-json\/wp\/v2\/posts\/161164\/revisions"}],"predecessor-version":[{"id":161168,"href":"https:\/\/news.canadamotorjobs.com\/fr\/wp-json\/wp\/v2\/posts\/161164\/revisions\/161168"}],"wp:featuredmedia":[{"embeddable":true,"href":"https:\/\/news.canadamotorjobs.com\/fr\/wp-json\/wp\/v2\/media\/161166"}],"wp:attachment":[{"href":"https:\/\/news.canadamotorjobs.com\/fr\/wp-json\/wp\/v2\/media?parent=161164"}],"wp:term":[{"taxonomy":"category","embeddable":true,"href":"https:\/\/news.canadamotorjobs.com\/fr\/wp-json\/wp\/v2\/categories?post=161164"},{"taxonomy":"post_tag","embeddable":true,"href":"https:\/\/news.canadamotorjobs.com\/fr\/wp-json\/wp\/v2\/tags?post=161164"}],"curies":[{"name":"wp","href":"https:\/\/api.w.org\/{rel}","templated":true}]}}