{"id":161145,"date":"2024-03-18T07:56:50","date_gmt":"2024-03-18T11:56:50","guid":{"rendered":"https:\/\/news.canadamotorjobs.com\/?p=161145"},"modified":"2024-03-18T08:02:29","modified_gmt":"2024-03-18T12:02:29","slug":"mercedes-songe-a-mettre-des-robots-a-son-service","status":"publish","type":"post","link":"https:\/\/news.canadamotorjobs.com\/fr\/mercedes-songe-a-mettre-des-robots-a-son-service\/","title":{"rendered":"Mercedes songe \u00e0 mettre des robots \u00e0 son service"},"content":{"rendered":"<\/p>\n<p>Mercedes-Benz emprunte une page au livre de Tesla et explorera l&#8217;utilisation potentielle de robots humano\u00efdes sur le sol de l&#8217;usine. Plut\u00f4t que de d\u00e9velopper ses propres robots, \u00e0 la mani\u00e8re de Tesla avec Optimus (anciennement Tesla Bot), Mercedes s&#8217;associera \u00e0 la jeune pousse am\u00e9ricaine de technologie robotique Apptronik. En janvier, BMW a sign\u00e9 un accord similaire avec la startup de technologie robotique concurrente, Figure, pour explorer l&#8217;utilisation du robot Figure 01 dans l&#8217;immense usine de BMW \u00e0 Spartanburg, en Caroline du Sud.<\/p>\n<h3>Directement de Austin<\/h3>\n<p>\nApptronik, bas\u00e9e \u00e0 Austin, au Texas, d\u00e9veloppe un robot appel\u00e9 Apollo, con\u00e7u pour effectuer des t\u00e2ches r\u00e9p\u00e9titives ne n\u00e9cessitant peu de comp\u00e9tences. Selon J\u00f6rg Burzer, responsable de la production chez Mercedes, il existe un d\u00e9ficit de main-d&#8217;\u0153uvre dans des domaines tels que les t\u00e2ches peu qualifi\u00e9es, r\u00e9p\u00e9titives et exigeantes physiquement.<\/p>\n<h3>Faciliter le travail<\/h3>\n<p>\nApptronik et Mercedes travaillent encore \u00e0 identifier des applications sp\u00e9cifiques pour Apollo, mais les possibilit\u00e9s mentionn\u00e9es dans l&#8217;annonce de la semaine derni\u00e8re comprennent des robots apportant des pi\u00e8ces depuis le stockage jusqu&#8217;aux travailleurs de la ligne humaine. Les pi\u00e8ces sont g\u00e9n\u00e9ralement transport\u00e9es dans des conteneurs appel\u00e9s &#8220;totes&#8221;, et les robots pourraient inspecter simultan\u00e9ment les composants dans les &#8220;totes&#8221; pendant leur transport.<\/p>\n<h3>Pas de gros changements<\/h3>\n<p>\n\u00c9tant donn\u00e9 que les robots sont con\u00e7us pour travailler dans les m\u00eames espaces que les humains, des r\u00e9am\u00e9nagements co\u00fbteux des sols d&#8217;usine ne sont pas n\u00e9cessaires pour les entreprises qui souhaitent introduire une certaine automatisation. Les robots Apollo mesurent environ cinq pieds huit pouces de hauteur et p\u00e8sent 160 livres. Ils peuvent soulever jusqu&#8217;\u00e0 55 livres, selon Apptronik. Ils disposent \u00e9galement d&#8217;intelligence artificielle qui leur permet d&#8217;\u00eatre form\u00e9s pour des t\u00e2ches sp\u00e9cifiques.<\/p>\n<h3>Encore au stade de r\u00e9flexion<\/h3>\n<p>\nUn calendrier pour le d\u00e9ploiement des robots Apollo dans les usines de Mercedes n&#8217;a pas \u00e9t\u00e9 r\u00e9v\u00e9l\u00e9. Tesla n&#8217;a pas non plus pr\u00e9cis\u00e9 quand elle pr\u00e9voit de d\u00e9ployer son propre robot Optimus, bien que l&#8217;entreprise ait montr\u00e9 fin de l&#8217;ann\u00e9e derni\u00e8re un prototype de deuxi\u00e8me g\u00e9n\u00e9ration qu&#8217;elle affirmait \u00eatre plus rapide et plus performant que le design original d\u00e9voil\u00e9 en 2021.<\/p>\n<h3>Honda et Hyundai y songe aussi<\/h3>\n<p>\nHonda a \u00e9t\u00e9 un pionnier parmi les constructeurs automobiles dans le domaine des robots humano\u00efdes avec sa s\u00e9rie de robots ASIMO, dont le premier a \u00e9t\u00e9 d\u00e9voil\u00e9 en 2000. Plus r\u00e9cemment, le groupe Hyundai Motor a investi massivement dans cet espace, notamment en acqu\u00e9rant la soci\u00e9t\u00e9 de robotique Boston Dynamics.<\/p>\n<p>https:\/\/www.youtube.com\/watch?v=uJOA5IDaL5g<\/p>\n<p>Avec des renseignements de Motor Authority<\/p>\n<p>\u00a0<\/p>\n<p>Le texte <a rel=\"nofollow\" href=\"https:\/\/annuelauto.ca\/mercedes-songe-a-mettre-des-robots-a-son-service\/\">Mercedes songe \u00e0 mettre des robots \u00e0 son service<\/a> provient de <a rel=\"nofollow\" href=\"https:\/\/annuelauto.ca\">L&#8217;annuel de l&#8217;automobile &#8211; Actualit\u00e9 automobile<\/a><\/p>\n<p><\/p>\n","protected":false},"excerpt":{"rendered":"<p>Mercedes-Benz emprunte une page au livre de Tesla et explorera l&#8217;utilisation potentielle de robots humano\u00efdes sur le sol de l&#8217;usine. Plut\u00f4t que de d\u00e9velopper ses propres robots, \u00e0 la mani\u00e8re de Tesla avec Optimus (anciennement Tesla Bot), Mercedes s&#8217;associera \u00e0 la jeune pousse am\u00e9ricaine de technologie robotique Apptronik. En janvier, BMW a sign\u00e9 un accord [&hellip;]<\/p>\n","protected":false},"author":8,"featured_media":161147,"comment_status":"close","ping_status":"closed","sticky":false,"template":"","format":"standard","meta":{"_monsterinsights_skip_tracking":false,"_monsterinsights_sitenote_active":false,"_monsterinsights_sitenote_note":"","_monsterinsights_sitenote_category":0,"footnotes":""},"categories":[101],"tags":[],"yoast_head":"<!-- This site is optimized with the Yoast SEO plugin v23.2 - https:\/\/yoast.com\/wordpress\/plugins\/seo\/ -->\n<title>Mercedes songe \u00e0 mettre des robots \u00e0 son service - CanadaMotorJobs.com<\/title>\n<meta name=\"description\" content=\"Mercedes songe \u00e0 mettre des robots \u00e0 son service - Benoit Charette - Annuel automobile - CanadaMotorJobs.com.\" \/>\n<meta name=\"robots\" content=\"index, follow, max-snippet:-1, max-image-preview:large, max-video-preview:-1\" \/>\n<meta property=\"og:locale\" content=\"fr_CA\" \/>\n<meta property=\"og:type\" content=\"article\" \/>\n<meta property=\"og:title\" content=\"Mercedes songe \u00e0 mettre des robots \u00e0 son service - CanadaMotorJobs.com\" \/>\n<meta property=\"og:description\" content=\"Mercedes songe \u00e0 mettre des robots \u00e0 son service - Benoit Charette - Annuel automobile - CanadaMotorJobs.com.\" \/>\n<meta property=\"og:url\" content=\"https:\/\/news.canadamotorjobs.com\/fr\/mercedes-songe-a-mettre-des-robots-a-son-service\/\" \/>\n<meta property=\"og:site_name\" content=\"CanadaMotorJobs.com\" \/>\n<meta property=\"article:publisher\" content=\"https:\/\/www.facebook.com\/canadamotorjobs\/\" \/>\n<meta property=\"article:published_time\" content=\"2024-03-18T11:56:50+00:00\" \/>\n<meta property=\"article:modified_time\" content=\"2024-03-18T12:02:29+00:00\" \/>\n<meta property=\"og:image\" content=\"https:\/\/news.canadamotorjobs.com\/wp-content\/uploads\/2024\/03\/mercedes-benz-apptronik-apollo-humanoid-robot.jpg\" \/>\n\t<meta property=\"og:image:width\" content=\"960\" \/>\n\t<meta property=\"og:image:height\" content=\"640\" \/>\n\t<meta property=\"og:image:type\" content=\"image\/jpeg\" \/>\n<meta name=\"author\" content=\"Benoit Charette\" \/>\n<meta name=\"twitter:card\" content=\"summary_large_image\" \/>\n<meta name=\"twitter:creator\" content=\"@canadamotorjobs\" \/>\n<meta name=\"twitter:site\" content=\"@canadamotorjobs\" \/>\n<meta name=\"twitter:label1\" content=\"\u00c9crit par\" \/>\n\t<meta name=\"twitter:data1\" content=\"Benoit Charette\" \/>\n\t<meta name=\"twitter:label2\" content=\"Estimation du temps de lecture\" \/>\n\t<meta name=\"twitter:data2\" content=\"2 minutes\" \/>\n<!-- \/ Yoast SEO plugin. -->","yoast_head_json":{"title":"Mercedes songe \u00e0 mettre des robots \u00e0 son service - CanadaMotorJobs.com","description":"Mercedes songe \u00e0 mettre des robots \u00e0 son service - Benoit Charette - Annuel automobile - CanadaMotorJobs.com.","robots":{"index":"index","follow":"follow","max-snippet":"max-snippet:-1","max-image-preview":"max-image-preview:large","max-video-preview":"max-video-preview:-1"},"og_locale":"fr_CA","og_type":"article","og_title":"Mercedes songe \u00e0 mettre des robots \u00e0 son service - CanadaMotorJobs.com","og_description":"Mercedes songe \u00e0 mettre des robots \u00e0 son service - Benoit Charette - Annuel automobile - CanadaMotorJobs.com.","og_url":"https:\/\/news.canadamotorjobs.com\/fr\/mercedes-songe-a-mettre-des-robots-a-son-service\/","og_site_name":"CanadaMotorJobs.com","article_publisher":"https:\/\/www.facebook.com\/canadamotorjobs\/","article_published_time":"2024-03-18T11:56:50+00:00","article_modified_time":"2024-03-18T12:02:29+00:00","og_image":[{"width":960,"height":640,"url":"https:\/\/news.canadamotorjobs.com\/wp-content\/uploads\/2024\/03\/mercedes-benz-apptronik-apollo-humanoid-robot.jpg","type":"image\/jpeg"}],"author":"Benoit Charette","twitter_card":"summary_large_image","twitter_creator":"@canadamotorjobs","twitter_site":"@canadamotorjobs","twitter_misc":{"\u00c9crit par":"Benoit Charette","Estimation du temps de lecture":"2 minutes"},"schema":{"@context":"https:\/\/schema.org","@graph":[{"@type":"Article","@id":"https:\/\/news.canadamotorjobs.com\/fr\/mercedes-songe-a-mettre-des-robots-a-son-service\/#article","isPartOf":{"@id":"https:\/\/news.canadamotorjobs.com\/fr\/mercedes-songe-a-mettre-des-robots-a-son-service\/"},"author":{"name":"Benoit Charette","@id":"https:\/\/news.canadamotorjobs.com\/#\/schema\/person\/51793d1f87d44011d7bcc2ed99269a90"},"headline":"Mercedes songe \u00e0 mettre des robots \u00e0 son service","datePublished":"2024-03-18T11:56:50+00:00","dateModified":"2024-03-18T12:02:29+00:00","mainEntityOfPage":{"@id":"https:\/\/news.canadamotorjobs.com\/fr\/mercedes-songe-a-mettre-des-robots-a-son-service\/"},"wordCount":503,"publisher":{"@id":"https:\/\/news.canadamotorjobs.com\/#organization"},"image":{"@id":"https:\/\/news.canadamotorjobs.com\/fr\/mercedes-songe-a-mettre-des-robots-a-son-service\/#primaryimage"},"thumbnailUrl":"https:\/\/news.canadamotorjobs.com\/wp-content\/uploads\/2024\/03\/mercedes-benz-apptronik-apollo-humanoid-robot.jpg","articleSection":["Annuel automobile"],"inLanguage":"fr-CA"},{"@type":"WebPage","@id":"https:\/\/news.canadamotorjobs.com\/fr\/mercedes-songe-a-mettre-des-robots-a-son-service\/","url":"https:\/\/news.canadamotorjobs.com\/fr\/mercedes-songe-a-mettre-des-robots-a-son-service\/","name":"Mercedes songe \u00e0 mettre des robots \u00e0 son service - CanadaMotorJobs.com","isPartOf":{"@id":"https:\/\/news.canadamotorjobs.com\/#website"},"primaryImageOfPage":{"@id":"https:\/\/news.canadamotorjobs.com\/fr\/mercedes-songe-a-mettre-des-robots-a-son-service\/#primaryimage"},"image":{"@id":"https:\/\/news.canadamotorjobs.com\/fr\/mercedes-songe-a-mettre-des-robots-a-son-service\/#primaryimage"},"thumbnailUrl":"https:\/\/news.canadamotorjobs.com\/wp-content\/uploads\/2024\/03\/mercedes-benz-apptronik-apollo-humanoid-robot.jpg","datePublished":"2024-03-18T11:56:50+00:00","dateModified":"2024-03-18T12:02:29+00:00","description":"Mercedes songe \u00e0 mettre des robots \u00e0 son service - Benoit Charette - Annuel automobile - CanadaMotorJobs.com.","breadcrumb":{"@id":"https:\/\/news.canadamotorjobs.com\/fr\/mercedes-songe-a-mettre-des-robots-a-son-service\/#breadcrumb"},"inLanguage":"fr-CA","potentialAction":[{"@type":"ReadAction","target":["https:\/\/news.canadamotorjobs.com\/fr\/mercedes-songe-a-mettre-des-robots-a-son-service\/"]}]},{"@type":"ImageObject","inLanguage":"fr-CA","@id":"https:\/\/news.canadamotorjobs.com\/fr\/mercedes-songe-a-mettre-des-robots-a-son-service\/#primaryimage","url":"https:\/\/news.canadamotorjobs.com\/wp-content\/uploads\/2024\/03\/mercedes-benz-apptronik-apollo-humanoid-robot.jpg","contentUrl":"https:\/\/news.canadamotorjobs.com\/wp-content\/uploads\/2024\/03\/mercedes-benz-apptronik-apollo-humanoid-robot.jpg","width":960,"height":640},{"@type":"BreadcrumbList","@id":"https:\/\/news.canadamotorjobs.com\/fr\/mercedes-songe-a-mettre-des-robots-a-son-service\/#breadcrumb","itemListElement":[{"@type":"ListItem","position":1,"name":"Home","item":"https:\/\/news.canadamotorjobs.com\/fr\/blog\/"},{"@type":"ListItem","position":2,"name":"Mercedes songe \u00e0 mettre des robots \u00e0 son service"}]},{"@type":"WebSite","@id":"https:\/\/news.canadamotorjobs.com\/#website","url":"https:\/\/news.canadamotorjobs.com\/","name":"CanadaMotorJobs.com","description":"Automotive Jobs","publisher":{"@id":"https:\/\/news.canadamotorjobs.com\/#organization"},"potentialAction":[{"@type":"SearchAction","target":{"@type":"EntryPoint","urlTemplate":"https:\/\/news.canadamotorjobs.com\/?s={search_term_string}"},"query-input":"required name=search_term_string"}],"inLanguage":"fr-CA"},{"@type":"Organization","@id":"https:\/\/news.canadamotorjobs.com\/#organization","name":"Canada Motor Jobs","url":"https:\/\/news.canadamotorjobs.com\/","logo":{"@type":"ImageObject","inLanguage":"fr-CA","@id":"https:\/\/news.canadamotorjobs.com\/#\/schema\/logo\/image\/","url":"https:\/\/news.canadamotorjobs.com\/wp-content\/uploads\/2022\/10\/logo-canada-motor-jobs-1.png","contentUrl":"https:\/\/news.canadamotorjobs.com\/wp-content\/uploads\/2022\/10\/logo-canada-motor-jobs-1.png","width":800,"height":400,"caption":"Canada Motor Jobs"},"image":{"@id":"https:\/\/news.canadamotorjobs.com\/#\/schema\/logo\/image\/"},"sameAs":["https:\/\/www.facebook.com\/canadamotorjobs\/","https:\/\/x.com\/canadamotorjobs","https:\/\/www.instagram.com\/canadamotorjobs\/","https:\/\/www.linkedin.com\/company\/canadamotorjobs"]},{"@type":"Person","@id":"https:\/\/news.canadamotorjobs.com\/#\/schema\/person\/51793d1f87d44011d7bcc2ed99269a90","name":"Benoit Charette","image":{"@type":"ImageObject","inLanguage":"fr-CA","@id":"https:\/\/news.canadamotorjobs.com\/#\/schema\/person\/image\/","url":"https:\/\/secure.gravatar.com\/avatar\/45f3d2eebcccd909668d7ce7ea7267b6?s=96&d=mm&r=g","contentUrl":"https:\/\/secure.gravatar.com\/avatar\/45f3d2eebcccd909668d7ce7ea7267b6?s=96&d=mm&r=g","caption":"Benoit Charette"},"description":"Benoit Charette \/ Propri\u00e9taire et r\u00e9dacteur en chef Benoit Charette pratique le journalisme automobile depuis bient\u00f4t 30 ans. Il a fait ses classes au c\u00f4t\u00e9 de Daniel H\u00e9raud et au Carnet de route de 1992 \u00e0 2001. Il est fondateur, copropri\u00e9taire et r\u00e9dacteur en chef de L\u2019Annuel de l\u2019automobile, qu\u2019il publie depuis 2001. Il a anim\u00e9 les \u00e9missions RPM et RPM+ sur V et les L\u00e9gendes de la route sur Historia. \u00c0 la radio depuis 1986, il reprend l\u2019antenne cette ann\u00e9e sur les ondes de Cogeco et participe pour la deuxi\u00e8me ann\u00e9e \u00e0 l\u2019\u00e9mission Passion Auto sur RDS en plus de mettre en ligne le site Web officiel de L\u2019Annuel de l\u2019automobile sur annuelauto.ca.","sameAs":["https:\/\/annuelauto.ca\/"],"url":"https:\/\/news.canadamotorjobs.com\/fr\/author\/benoit-charette\/"}]}},"_links":{"self":[{"href":"https:\/\/news.canadamotorjobs.com\/fr\/wp-json\/wp\/v2\/posts\/161145"}],"collection":[{"href":"https:\/\/news.canadamotorjobs.com\/fr\/wp-json\/wp\/v2\/posts"}],"about":[{"href":"https:\/\/news.canadamotorjobs.com\/fr\/wp-json\/wp\/v2\/types\/post"}],"author":[{"embeddable":true,"href":"https:\/\/news.canadamotorjobs.com\/fr\/wp-json\/wp\/v2\/users\/8"}],"replies":[{"embeddable":true,"href":"https:\/\/news.canadamotorjobs.com\/fr\/wp-json\/wp\/v2\/comments?post=161145"}],"version-history":[{"count":2,"href":"https:\/\/news.canadamotorjobs.com\/fr\/wp-json\/wp\/v2\/posts\/161145\/revisions"}],"predecessor-version":[{"id":161149,"href":"https:\/\/news.canadamotorjobs.com\/fr\/wp-json\/wp\/v2\/posts\/161145\/revisions\/161149"}],"wp:featuredmedia":[{"embeddable":true,"href":"https:\/\/news.canadamotorjobs.com\/fr\/wp-json\/wp\/v2\/media\/161147"}],"wp:attachment":[{"href":"https:\/\/news.canadamotorjobs.com\/fr\/wp-json\/wp\/v2\/media?parent=161145"}],"wp:term":[{"taxonomy":"category","embeddable":true,"href":"https:\/\/news.canadamotorjobs.com\/fr\/wp-json\/wp\/v2\/categories?post=161145"},{"taxonomy":"post_tag","embeddable":true,"href":"https:\/\/news.canadamotorjobs.com\/fr\/wp-json\/wp\/v2\/tags?post=161145"}],"curies":[{"name":"wp","href":"https:\/\/api.w.org\/{rel}","templated":true}]}}