{"id":161080,"date":"2024-03-15T08:10:58","date_gmt":"2024-03-15T12:10:58","guid":{"rendered":"https:\/\/news.canadamotorjobs.com\/?p=161080"},"modified":"2024-03-15T08:15:04","modified_gmt":"2024-03-15T12:15:04","slug":"nissan-et-honda-envisagent-de-cooperer-dans-les-vehicules-electriques","status":"publish","type":"post","link":"https:\/\/news.canadamotorjobs.com\/fr\/nissan-et-honda-envisagent-de-cooperer-dans-les-vehicules-electriques\/","title":{"rendered":"Nissan et Honda envisagent de coop\u00e9rer dans les v\u00e9hicules \u00e9lectriques"},"content":{"rendered":"<\/p>\n<h3><em>Des \u00e9conomies d&#8217;\u00e9chelle pour affronter la concurrence<\/em><\/h3>\n<p>\nNissan et Honda ont annonc\u00e9 un projet de coop\u00e9ration dans le domaine des v\u00e9hicules \u00e9lectriques (VE) lors d&#8217;une conf\u00e9rence de presse le vendredi. Les deux constructeurs automobiles japonais souhaitent r\u00e9duire les co\u00fbts et se positionner en t\u00eate de la course mondiale aux VE contre des rivaux tels que Tesla et les nouveaux venus de Chine.<\/p>\n<h3><em>Partage de technologies et de composants<\/em><\/h3>\n<p>\nLes deux entreprises envisagent de partager et d&#8217;acheter conjointement des \u00e9l\u00e9ments essentiels des VE, tels que les eAxles, ainsi que d&#8217;autres composants centraux. Elles examineront \u00e9galement la possibilit\u00e9 de partager des technologies de batterie et des plateformes logicielles.<\/p>\n<h3><em>D\u00e9fis et opportunit\u00e9s<\/em><\/h3>\n<p>\nCette coop\u00e9ration survient alors que les constructeurs automobiles japonais repensent le d\u00e9veloppement et la fabrication des VE, apr\u00e8s avoir pris du retard par rapport \u00e0 leurs concurrents mondiaux de Chine et de la Silicon Valley. S&#8217;associer \u00e0 d&#8217;autres constructeurs est consid\u00e9r\u00e9 comme une strat\u00e9gie cl\u00e9 pour atteindre l&#8217;\u00e9chelle n\u00e9cessaire et partager les investissements.<\/p>\n<h3><em>Objectifs \u00e0 venir<\/em><\/h3>\n<p>\nBien que les synergies puissent concerner environ 7,65 millions de v\u00e9hicules vendus chaque ann\u00e9e dans le monde par les deux soci\u00e9t\u00e9s combin\u00e9es, aucun objectif de co\u00fbt ou de volume n&#8217;a \u00e9t\u00e9 fix\u00e9 pour le moment. Les d\u00e9tails complets de la port\u00e9e du partenariat restent \u00e0 d\u00e9terminer, mais les deux entreprises cr\u00e9eront un groupe de faisabilit\u00e9 pour \u00e9tudier les possibilit\u00e9s et identifier les domaines pr\u00e9sentant le meilleur potentiel dans un &#8220;court laps de temps&#8221;.<\/p>\n<h3><em>\u00c9largissement du champ de coop\u00e9ration<\/em><\/h3>\n<p>\nLa coop\u00e9ration ne se limitera pas au Japon ; elle pourrait \u00e9galement s&#8217;\u00e9tendre \u00e0 l&#8217;Am\u00e9rique du Nord et \u00e0 l&#8217;Europe, o\u00f9 Nissan et Honda ont des op\u00e9rations d&#8217;envergure. Les VE seront n\u00e9cessaires pour r\u00e9pondre aux r\u00e9glementations, et les deux entreprises sont encore de petits acteurs sur ce march\u00e9 en Europe.<\/p>\n<h3><em>D\u00e9fis culturels et ant\u00e9c\u00e9dents<\/em><\/h3>\n<p>\nNissan et Honda ont des cultures d&#8217;entreprise diff\u00e9rentes, notamment en ce qui concerne leurs relations avec les fournisseurs. Cependant, les dirigeants des deux entreprises estiment que ces diff\u00e9rences peuvent \u00eatre g\u00e9r\u00e9es.<\/p>\n<h3><em>Vers une nouvelle \u00e8re des V\u00c9S<\/em><\/h3>\n<p>\nCette collaboration vise \u00e0 revitaliser les programmes de VE de Nissan, qui peine \u00e0 augmenter son volume global, et \u00e0 soutenir la transition de Honda vers une gamme enti\u00e8rement \u00e9lectrique. Les deux entreprises affrontent l&#8217;arriv\u00e9e pr\u00e9vue de constructeurs de VE \u00e0 bas co\u00fbt, en particulier de Chine, et doivent repenser leurs m\u00e9thodes de travail pour rester comp\u00e9titives.<\/p>\n<p>La coop\u00e9ration entre Nissan et Honda dans le domaine des v\u00e9hicules \u00e9lectriques illustre les d\u00e9fis et les opportunit\u00e9s auxquels sont confront\u00e9s les constructeurs automobiles japonais dans un march\u00e9 mondial en \u00e9volution rapide.<\/p>\n<p>\u00a0<\/p>\n<p>Avec des renseigements d&#8217;Automotive News<\/p>\n<p>\u00a0<\/p>\n<p>Le texte <a rel=\"nofollow\" href=\"https:\/\/annuelauto.ca\/nissan-et-honda-envisagent-de-cooperer-dans-les-vehicules-electriques\/\">Nissan et Honda envisagent de coop\u00e9rer dans les v\u00e9hicules \u00e9lectriques<\/a> provient de <a rel=\"nofollow\" href=\"https:\/\/annuelauto.ca\">L&#8217;annuel de l&#8217;automobile &#8211; Actualit\u00e9 automobile<\/a><\/p>\n<p><\/p>\n","protected":false},"excerpt":{"rendered":"<p>Des \u00e9conomies d&#8217;\u00e9chelle pour affronter la concurrence Nissan et Honda ont annonc\u00e9 un projet de coop\u00e9ration dans le domaine des v\u00e9hicules \u00e9lectriques (VE) lors d&#8217;une conf\u00e9rence de presse le vendredi. Les deux constructeurs automobiles japonais souhaitent r\u00e9duire les co\u00fbts et se positionner en t\u00eate de la course mondiale aux VE contre des rivaux tels que [&hellip;]<\/p>\n","protected":false},"author":8,"featured_media":161082,"comment_status":"close","ping_status":"closed","sticky":false,"template":"","format":"standard","meta":{"_monsterinsights_skip_tracking":false,"_monsterinsights_sitenote_active":false,"_monsterinsights_sitenote_note":"","_monsterinsights_sitenote_category":0,"footnotes":""},"categories":[101],"tags":[],"yoast_head":"<!-- This site is optimized with the Yoast SEO plugin v23.2 - https:\/\/yoast.com\/wordpress\/plugins\/seo\/ -->\n<title>Nissan et Honda envisagent de coop\u00e9rer dans les v\u00e9hicules \u00e9lectriques - CanadaMotorJobs.com<\/title>\n<meta name=\"description\" content=\"Nissan et Honda envisagent de coop\u00e9rer dans les v\u00e9hicules \u00e9lectriques - Benoit Charette - Annuel automobile - CanadaMotorJobs.com.\" \/>\n<meta name=\"robots\" content=\"index, follow, max-snippet:-1, max-image-preview:large, max-video-preview:-1\" \/>\n<meta property=\"og:locale\" content=\"fr_CA\" \/>\n<meta property=\"og:type\" content=\"article\" \/>\n<meta property=\"og:title\" content=\"Nissan et Honda envisagent de coop\u00e9rer dans les v\u00e9hicules \u00e9lectriques - CanadaMotorJobs.com\" \/>\n<meta property=\"og:description\" content=\"Nissan et Honda envisagent de coop\u00e9rer dans les v\u00e9hicules \u00e9lectriques - Benoit Charette - Annuel automobile - CanadaMotorJobs.com.\" \/>\n<meta property=\"og:url\" content=\"https:\/\/news.canadamotorjobs.com\/fr\/nissan-et-honda-envisagent-de-cooperer-dans-les-vehicules-electriques\/\" \/>\n<meta property=\"og:site_name\" content=\"CanadaMotorJobs.com\" \/>\n<meta property=\"article:publisher\" content=\"https:\/\/www.facebook.com\/canadamotorjobs\/\" \/>\n<meta property=\"article:published_time\" content=\"2024-03-15T12:10:58+00:00\" \/>\n<meta property=\"article:modified_time\" content=\"2024-03-15T12:15:04+00:00\" \/>\n<meta property=\"og:image\" content=\"https:\/\/news.canadamotorjobs.com\/wp-content\/uploads\/2024\/03\/nissan-and-honda.jpg\" \/>\n\t<meta property=\"og:image:width\" content=\"1920\" \/>\n\t<meta property=\"og:image:height\" content=\"1080\" \/>\n\t<meta property=\"og:image:type\" content=\"image\/jpeg\" \/>\n<meta name=\"author\" content=\"Benoit Charette\" \/>\n<meta name=\"twitter:card\" content=\"summary_large_image\" \/>\n<meta name=\"twitter:creator\" content=\"@canadamotorjobs\" \/>\n<meta name=\"twitter:site\" content=\"@canadamotorjobs\" \/>\n<meta name=\"twitter:label1\" content=\"\u00c9crit par\" \/>\n\t<meta name=\"twitter:data1\" content=\"Benoit Charette\" \/>\n\t<meta name=\"twitter:label2\" content=\"Estimation du temps de lecture\" \/>\n\t<meta name=\"twitter:data2\" content=\"2 minutes\" \/>\n<!-- \/ Yoast SEO plugin. -->","yoast_head_json":{"title":"Nissan et Honda envisagent de coop\u00e9rer dans les v\u00e9hicules \u00e9lectriques - CanadaMotorJobs.com","description":"Nissan et Honda envisagent de coop\u00e9rer dans les v\u00e9hicules \u00e9lectriques - Benoit Charette - Annuel automobile - CanadaMotorJobs.com.","robots":{"index":"index","follow":"follow","max-snippet":"max-snippet:-1","max-image-preview":"max-image-preview:large","max-video-preview":"max-video-preview:-1"},"og_locale":"fr_CA","og_type":"article","og_title":"Nissan et Honda envisagent de coop\u00e9rer dans les v\u00e9hicules \u00e9lectriques - CanadaMotorJobs.com","og_description":"Nissan et Honda envisagent de coop\u00e9rer dans les v\u00e9hicules \u00e9lectriques - Benoit Charette - Annuel automobile - CanadaMotorJobs.com.","og_url":"https:\/\/news.canadamotorjobs.com\/fr\/nissan-et-honda-envisagent-de-cooperer-dans-les-vehicules-electriques\/","og_site_name":"CanadaMotorJobs.com","article_publisher":"https:\/\/www.facebook.com\/canadamotorjobs\/","article_published_time":"2024-03-15T12:10:58+00:00","article_modified_time":"2024-03-15T12:15:04+00:00","og_image":[{"width":1920,"height":1080,"url":"https:\/\/news.canadamotorjobs.com\/wp-content\/uploads\/2024\/03\/nissan-and-honda.jpg","type":"image\/jpeg"}],"author":"Benoit Charette","twitter_card":"summary_large_image","twitter_creator":"@canadamotorjobs","twitter_site":"@canadamotorjobs","twitter_misc":{"\u00c9crit par":"Benoit Charette","Estimation du temps de lecture":"2 minutes"},"schema":{"@context":"https:\/\/schema.org","@graph":[{"@type":"Article","@id":"https:\/\/news.canadamotorjobs.com\/fr\/nissan-et-honda-envisagent-de-cooperer-dans-les-vehicules-electriques\/#article","isPartOf":{"@id":"https:\/\/news.canadamotorjobs.com\/fr\/nissan-et-honda-envisagent-de-cooperer-dans-les-vehicules-electriques\/"},"author":{"name":"Benoit Charette","@id":"https:\/\/news.canadamotorjobs.com\/#\/schema\/person\/51793d1f87d44011d7bcc2ed99269a90"},"headline":"Nissan et Honda envisagent de coop\u00e9rer dans les v\u00e9hicules \u00e9lectriques","datePublished":"2024-03-15T12:10:58+00:00","dateModified":"2024-03-15T12:15:04+00:00","mainEntityOfPage":{"@id":"https:\/\/news.canadamotorjobs.com\/fr\/nissan-et-honda-envisagent-de-cooperer-dans-les-vehicules-electriques\/"},"wordCount":520,"publisher":{"@id":"https:\/\/news.canadamotorjobs.com\/#organization"},"image":{"@id":"https:\/\/news.canadamotorjobs.com\/fr\/nissan-et-honda-envisagent-de-cooperer-dans-les-vehicules-electriques\/#primaryimage"},"thumbnailUrl":"https:\/\/news.canadamotorjobs.com\/wp-content\/uploads\/2024\/03\/nissan-and-honda.jpg","articleSection":["Annuel automobile"],"inLanguage":"fr-CA"},{"@type":"WebPage","@id":"https:\/\/news.canadamotorjobs.com\/fr\/nissan-et-honda-envisagent-de-cooperer-dans-les-vehicules-electriques\/","url":"https:\/\/news.canadamotorjobs.com\/fr\/nissan-et-honda-envisagent-de-cooperer-dans-les-vehicules-electriques\/","name":"Nissan et Honda envisagent de coop\u00e9rer dans les v\u00e9hicules \u00e9lectriques - CanadaMotorJobs.com","isPartOf":{"@id":"https:\/\/news.canadamotorjobs.com\/#website"},"primaryImageOfPage":{"@id":"https:\/\/news.canadamotorjobs.com\/fr\/nissan-et-honda-envisagent-de-cooperer-dans-les-vehicules-electriques\/#primaryimage"},"image":{"@id":"https:\/\/news.canadamotorjobs.com\/fr\/nissan-et-honda-envisagent-de-cooperer-dans-les-vehicules-electriques\/#primaryimage"},"thumbnailUrl":"https:\/\/news.canadamotorjobs.com\/wp-content\/uploads\/2024\/03\/nissan-and-honda.jpg","datePublished":"2024-03-15T12:10:58+00:00","dateModified":"2024-03-15T12:15:04+00:00","description":"Nissan et Honda envisagent de coop\u00e9rer dans les v\u00e9hicules \u00e9lectriques - Benoit Charette - Annuel automobile - CanadaMotorJobs.com.","breadcrumb":{"@id":"https:\/\/news.canadamotorjobs.com\/fr\/nissan-et-honda-envisagent-de-cooperer-dans-les-vehicules-electriques\/#breadcrumb"},"inLanguage":"fr-CA","potentialAction":[{"@type":"ReadAction","target":["https:\/\/news.canadamotorjobs.com\/fr\/nissan-et-honda-envisagent-de-cooperer-dans-les-vehicules-electriques\/"]}]},{"@type":"ImageObject","inLanguage":"fr-CA","@id":"https:\/\/news.canadamotorjobs.com\/fr\/nissan-et-honda-envisagent-de-cooperer-dans-les-vehicules-electriques\/#primaryimage","url":"https:\/\/news.canadamotorjobs.com\/wp-content\/uploads\/2024\/03\/nissan-and-honda.jpg","contentUrl":"https:\/\/news.canadamotorjobs.com\/wp-content\/uploads\/2024\/03\/nissan-and-honda.jpg","width":1920,"height":1080},{"@type":"BreadcrumbList","@id":"https:\/\/news.canadamotorjobs.com\/fr\/nissan-et-honda-envisagent-de-cooperer-dans-les-vehicules-electriques\/#breadcrumb","itemListElement":[{"@type":"ListItem","position":1,"name":"Home","item":"https:\/\/news.canadamotorjobs.com\/fr\/blog\/"},{"@type":"ListItem","position":2,"name":"Nissan et Honda envisagent de coop\u00e9rer dans les v\u00e9hicules \u00e9lectriques"}]},{"@type":"WebSite","@id":"https:\/\/news.canadamotorjobs.com\/#website","url":"https:\/\/news.canadamotorjobs.com\/","name":"CanadaMotorJobs.com","description":"Automotive Jobs","publisher":{"@id":"https:\/\/news.canadamotorjobs.com\/#organization"},"potentialAction":[{"@type":"SearchAction","target":{"@type":"EntryPoint","urlTemplate":"https:\/\/news.canadamotorjobs.com\/?s={search_term_string}"},"query-input":"required name=search_term_string"}],"inLanguage":"fr-CA"},{"@type":"Organization","@id":"https:\/\/news.canadamotorjobs.com\/#organization","name":"Canada Motor Jobs","url":"https:\/\/news.canadamotorjobs.com\/","logo":{"@type":"ImageObject","inLanguage":"fr-CA","@id":"https:\/\/news.canadamotorjobs.com\/#\/schema\/logo\/image\/","url":"https:\/\/news.canadamotorjobs.com\/wp-content\/uploads\/2022\/10\/logo-canada-motor-jobs-1.png","contentUrl":"https:\/\/news.canadamotorjobs.com\/wp-content\/uploads\/2022\/10\/logo-canada-motor-jobs-1.png","width":800,"height":400,"caption":"Canada Motor Jobs"},"image":{"@id":"https:\/\/news.canadamotorjobs.com\/#\/schema\/logo\/image\/"},"sameAs":["https:\/\/www.facebook.com\/canadamotorjobs\/","https:\/\/x.com\/canadamotorjobs","https:\/\/www.instagram.com\/canadamotorjobs\/","https:\/\/www.linkedin.com\/company\/canadamotorjobs"]},{"@type":"Person","@id":"https:\/\/news.canadamotorjobs.com\/#\/schema\/person\/51793d1f87d44011d7bcc2ed99269a90","name":"Benoit Charette","image":{"@type":"ImageObject","inLanguage":"fr-CA","@id":"https:\/\/news.canadamotorjobs.com\/#\/schema\/person\/image\/","url":"https:\/\/secure.gravatar.com\/avatar\/45f3d2eebcccd909668d7ce7ea7267b6?s=96&d=mm&r=g","contentUrl":"https:\/\/secure.gravatar.com\/avatar\/45f3d2eebcccd909668d7ce7ea7267b6?s=96&d=mm&r=g","caption":"Benoit Charette"},"description":"Benoit Charette \/ Propri\u00e9taire et r\u00e9dacteur en chef Benoit Charette pratique le journalisme automobile depuis bient\u00f4t 30 ans. Il a fait ses classes au c\u00f4t\u00e9 de Daniel H\u00e9raud et au Carnet de route de 1992 \u00e0 2001. Il est fondateur, copropri\u00e9taire et r\u00e9dacteur en chef de L\u2019Annuel de l\u2019automobile, qu\u2019il publie depuis 2001. Il a anim\u00e9 les \u00e9missions RPM et RPM+ sur V et les L\u00e9gendes de la route sur Historia. \u00c0 la radio depuis 1986, il reprend l\u2019antenne cette ann\u00e9e sur les ondes de Cogeco et participe pour la deuxi\u00e8me ann\u00e9e \u00e0 l\u2019\u00e9mission Passion Auto sur RDS en plus de mettre en ligne le site Web officiel de L\u2019Annuel de l\u2019automobile sur annuelauto.ca.","sameAs":["https:\/\/annuelauto.ca\/"],"url":"https:\/\/news.canadamotorjobs.com\/fr\/author\/benoit-charette\/"}]}},"_links":{"self":[{"href":"https:\/\/news.canadamotorjobs.com\/fr\/wp-json\/wp\/v2\/posts\/161080"}],"collection":[{"href":"https:\/\/news.canadamotorjobs.com\/fr\/wp-json\/wp\/v2\/posts"}],"about":[{"href":"https:\/\/news.canadamotorjobs.com\/fr\/wp-json\/wp\/v2\/types\/post"}],"author":[{"embeddable":true,"href":"https:\/\/news.canadamotorjobs.com\/fr\/wp-json\/wp\/v2\/users\/8"}],"replies":[{"embeddable":true,"href":"https:\/\/news.canadamotorjobs.com\/fr\/wp-json\/wp\/v2\/comments?post=161080"}],"version-history":[{"count":2,"href":"https:\/\/news.canadamotorjobs.com\/fr\/wp-json\/wp\/v2\/posts\/161080\/revisions"}],"predecessor-version":[{"id":161084,"href":"https:\/\/news.canadamotorjobs.com\/fr\/wp-json\/wp\/v2\/posts\/161080\/revisions\/161084"}],"wp:featuredmedia":[{"embeddable":true,"href":"https:\/\/news.canadamotorjobs.com\/fr\/wp-json\/wp\/v2\/media\/161082"}],"wp:attachment":[{"href":"https:\/\/news.canadamotorjobs.com\/fr\/wp-json\/wp\/v2\/media?parent=161080"}],"wp:term":[{"taxonomy":"category","embeddable":true,"href":"https:\/\/news.canadamotorjobs.com\/fr\/wp-json\/wp\/v2\/categories?post=161080"},{"taxonomy":"post_tag","embeddable":true,"href":"https:\/\/news.canadamotorjobs.com\/fr\/wp-json\/wp\/v2\/tags?post=161080"}],"curies":[{"name":"wp","href":"https:\/\/api.w.org\/{rel}","templated":true}]}}