{"id":161061,"date":"2024-03-14T11:37:52","date_gmt":"2024-03-14T15:37:52","guid":{"rendered":"https:\/\/news.canadamotorjobs.com\/?p=161061"},"modified":"2024-03-14T12:02:05","modified_gmt":"2024-03-14T16:02:05","slug":"une-collection-de-monoplaces-de-f1-de-jody-scheckter-sera-en-vedette-a-la-vente-aux-encheres-de-rm-sothebys-a-monaco","status":"publish","type":"post","link":"https:\/\/news.canadamotorjobs.com\/fr\/une-collection-de-monoplaces-de-f1-de-jody-scheckter-sera-en-vedette-a-la-vente-aux-encheres-de-rm-sothebys-a-monaco\/","title":{"rendered":"Une collection de monoplaces de F1 de Jody Scheckter sera en vedette \u00e0 la vente aux ench\u00e8res de RM\u00a0Sotheby\u2019s \u00e0 Monaco"},"content":{"rendered":"<\/p>\n<p>La collection de monoplaces de Jody Scheckter, champion du monde de F1 en 1979, sera le point de mire de la <a href=\"https:\/\/annuelauto.ca\/hh-classics-offrira-bientot-la-bentley-s2-continental-de-linspecteur-clouseau-aux-encheres\/\" target=\"_blank\" rel=\"noopener noreferrer\">vente aux ench\u00e8res<\/a> organis\u00e9e par <a href=\"https:\/\/annuelauto.ca\/un-quart-de-million-pour-la-ferrari-testarossa-1988-de-nigel-mansell-cest-dans-vos-prix\/\" target=\"_blank\" rel=\"noopener noreferrer\">RM Sotheby\u2019s<\/a> \u00e0 Monaco en mai prochain. Mise en vente par le c\u00e9l\u00e8bre pilote sud-africain, c\u2019est incontestablement de l\u2019une des plus importantes collections de bolides de course jamais offerte \u00e0 une vente pareille.<\/p>\n<p>Cette collection r\u00e9unit 11\u00a0monoplaces dont certaines qui ont appartenu \u00e0 de grands pilotes et d\u2019autres que Scheckter a pilot\u00e9es et qui ont marqu\u00e9 sa carri\u00e8re, notamment la Ferrari\u00a0312\u00a0T4 qui lui a permis de remporter le Championnat du monde des pilotes en 1979.<\/p>\n<h3><strong>L\u2019\u00e9toile de la collection<\/strong><\/h3>\n<p>\nL\u2019\u00e9toile de la collection est sans aucun doute cette Ferrari 312\u00a0T4. Derni\u00e8re voiture gagnante du Championnat du monde des pilotes de F1 d\u2019Enzo Ferrari, cette monoplace a permis \u00e0 Scheckter de remporter trois victoires en 1979, en Belgique, \u00e0 Monaco et en Italie. Propuls\u00e9e par le c\u00e9l\u00e8bre moteur \u00e0 12\u00a0cylindres \u00e0 plat de 3\u00a0litres d\u2019alors, c\u2019est aussi la premi\u00e8re Ferrari de GP qui a exploit\u00e9 pleinement l\u2019effet de sol.<\/p>\n<p>Achet\u00e9e \u00e0 l\u2019usine par Jody Scheckter en novembre 1982, elle est dans son \u00e9tat d\u2019origine. Scheckter est d\u2019ailleurs la seule personne \u00e0 l\u2019avoir pilot\u00e9e. Rappelons qu\u2019au grand prix d\u2019Italie de 2019, le Sud-Africain a fait une d\u00e9monstration m\u00e9morable avec cette voiture pour souligner le 40e\u00a0anniversaire de son titre de Champion du monde des pilotes. La valeur de cette voiture unique et irrempla\u00e7able est estim\u00e9e entre 5\u2009500\u2009000\u00a0$\u00a0US et 7\u2009000\u2009000\u00a0$\u00a0US.<\/p>\n<h3><strong>Pr\u00e9sence marqu\u00e9e de McLaren<\/strong><\/h3>\n<p>\nEn marge de la c\u00e9l\u00e9brit\u00e9 de la Ferrari, l\u2019h\u00e9ritage de McLaren sera \u00e9galement mis en valeur lors de cette vente avec un trio de monoplace de cette marque embl\u00e9matique. L\u2019une d\u2019elles, la McLaren M23 de 1973, demeure sans doute une des plus c\u00e9l\u00e8bres et des plus belles de toutes, affirme l\u2019encanteur. C\u2019est aussi la voiture qui a donn\u00e9 \u00e0 l\u2019\u00e9curie son premier titre de champion des constructeurs, de m\u00eame que deux titres de Champion des pilotes \u00e0 Emerson Fittipaldi et James Hunt.<\/p>\n<p>La voiture de Scheckter est celle qui, par ailleurs, avait permis \u00e0 <a href=\"https:\/\/annuelauto.ca\/23-septembre-1973-peter-revson-remporte-le-grand-prix-du-canada\/\" target=\"_blank\" rel=\"noopener noreferrer\">Peter Revson<\/a> de remporter le GP d\u2019Angleterre en 1973. On l\u2019a vue sur quatre continents dans des courses de Formule\u00a01, de Formule\u00a05000 et de Can\u00a0Am. Ce pur-sang qui faisant partie de la collection de McLaren avant d\u2019\u00eatre acquis par Scheckter sera offert sans r\u00e9serve. Sa valeur est estim\u00e9e entre 1\u2009900\u2009000\u00a0$\u00a0US et 2\u2009450\u2009000\u00a0$\u00a0US.<\/p>\n<p>Parmi les deux autres McLaren, on retrouve une M19A de 1971 qui a servi \u00e0 l\u2019\u00e9curie McLaren lors de 17\u00a0\u00e9preuves de GP, en 1971 et 1972. Elle a servi \u00e0 des c\u00e9l\u00e9brit\u00e9s comme Denny Hulme, Peter Revson et Jackie Oliver. Scheckter a aussi fait ses d\u00e9buts en F1 au volant de cette monoplace. C\u2019\u00e9tait au Grand Prix des \u00c9tats-Unis de 1972, \u00e0 Watkins Glen. C\u2019est un mod\u00e8le tr\u00e8s rare dont il n\u2019existe que deux exemplaires dans le monde. Propos\u00e9e sans r\u00e9serve, la valeur de cette monoplace est estim\u00e9e entre 800\u2009000\u00a0$\u00a0US et 1\u2009100\u2009000\u00a0$\u00a0US. La derni\u00e8re McLaren est une M21 de 1972. Cette voiture de Formule\u00a02 a \u00e9t\u00e9 construite pour Scheckter sur la base d\u2019un ch\u00e2ssis original (portant le num\u00e9ro de s\u00e9rie\u00a02). Sa valeur est estim\u00e9e entre 140\u2009000\u00a0$\u00a0US et 220\u2009000\u00a0$\u00a0US.<\/p>\n<h3><strong>Deux Tyrell qui ont marqu\u00e9 l\u2019histoire<\/strong><\/h3>\n<p>\nPeu de constructeurs ont connu autant de succ\u00e8s que Tyrrell dans les ann\u00e9es\u00a01970. Tyrell a d\u2019ailleurs produit certaines voitures m\u00e9morables de cette \u00e9poque, \u00e0 commencer par la Tyrrell\u00a0007 de 1975 dont un exemplaire est inscrit au catalogue.<\/p>\n<p>Cette voiture est celle que Scheckter a utilis\u00e9e lors de 12\u00a0courses en 1975 et 1976. \u00c0 cette \u00e9poque, il a d\u00e9croch\u00e9 une troisi\u00e8me place au Grand Prix d\u2019Angleterre de 1975, \u00e0 Silverstone. Dot\u00e9e de son moteur Ford-Cosworth DFV et d\u2019une bo\u00eete de vitesses Hewland d\u2019origine, cette voiture est propos\u00e9e sans r\u00e9serve et estim\u00e9e entre 700\u2009000\u00a0$\u00a0US et 1\u2009000\u2009000\u00a0$\u00a0US.<\/p>\n<p>Une autre Tyrrell tr\u00e8s sp\u00e9ciale figure au catalogue de cette vente\u00a0: une P34 \u00e0 six roues. Cet exemplaire construit en 2008 \u00e0 partir d\u2019un ch\u00e2ssis d\u2019\u00e9poque inutilis\u00e9 et que Scheckter a achet\u00e9 en 2013 reproduit la remarquable monoplace d\u00e9voil\u00e9e par Tyrell en septembre 1975 et qui a servi \u00e0 son \u00e9curie durant les saisons\u00a01976 et 1977. Bien qu\u2019elle n\u2019ait jamais domin\u00e9 \u00e0 son \u00e9poque, la P34 demeure un mod\u00e8le embl\u00e9matique qui illustre bien l\u2019anticonformisme que la F1 met parfois de l\u2019avant. Cette voiture vaudrait entre 490\u2009000\u00a0$\u00a0US et 700\u2009000\u00a0$\u00a0US, selon les sp\u00e9cialistes de RM\u00a0Sotheby\u2019s.<\/p>\n<h3><strong>Une F1 canadienne<\/strong><\/h3>\n<p>\nPour les Canadiens f\u00e9rus de F1, la Wolf\u00a0WR1 de 1977 offerte \u00e0 cette vente sera assur\u00e9ment aussi attrayante qu\u2019une Ferrari pour un Tifosi. C\u2019est la premi\u00e8re monoplace construite pour l\u2019\u00e9curie canadienne de l\u2019homme d\u2019affaires Walter Wolf, qui a \u00e9t\u00e9 en activit\u00e9 durant trois saisons (1977, 1978 et 1979).<\/p>\n<p>Cette voiture a permis \u00e0 Jody Scheckter de remporter une remarquable deuxi\u00e8me place au Championnat du monde des pilotes de F1 d\u00e8s 1977. Il l\u2019a pilot\u00e9e lors de cinq \u00e9preuves de F1. Puis, elle a servi \u00e0 un autre pilote et futur Champion du monde\u00a0: Keke Rosberg. Cette voiture, qui a marqu\u00e9 l\u2019histoire du sport automobile au Canada, est estim\u00e9e entre 490\u2009000\u00a0$\u00a0US et 700\u2009000\u00a0$\u00a0US.<\/p>\n<h3><strong>D\u2019autres monoplaces d\u00e9sirables<\/strong><\/h3>\n<p>\nParmi les autres monoplaces qui seront offertes, mentionnons, entre autres, une Trojan T101\u00a01974 de Formule\u00a05000 (70\u2009000\u00a0$\u00a0US &#8211; 110\u2009000\u00a0$\u00a0US), une Rondel Motul\u00a0M1\u00a01973 de F2 europ\u00e9enne (70\u2009000\u00a0$\u00a0US &#8211; 110\u2009000 \u00a0$\u00a0US), une Merlyn Mk21 de 1971 (38\u2009000\u00a0$\u00a0US &#8211; 60\u2009000\u00a0$\u00a0US) et une Merlyn Mk11a de 1969 (50\u2009000\u00a0$\u00a0US &#8211; 70\u2009000\u00a0$\u00a0US).<\/p>\n<p>Surnomm\u00e9e \u00ab\u2009Magic Merlyn\u2009\u00bb, elle a permis \u00e0 trois pilotes \u2014 Emerson Fittipaldi, Colin Vandervell et Jody Scheckter \u2014 d\u2019amorcer leurs carri\u00e8res respectives, tout en leur procurant une multitude de victoires\u2009!<\/p>\n<p>La septi\u00e8me \u00e9dition de la vente aux ench\u00e8res bisannuelle de RM\u00a0Sotheby\u2019s \u00e0 Monaco aura lieu le 11\u00a0mai 2024 au Forum Grimaldi Monaco.<\/p>\n<p><em>Photos : RM Sotheby\u2019s<\/em><\/p>\n<p>Le texte <a rel=\"nofollow\" href=\"https:\/\/annuelauto.ca\/une-collection-de-monoplaces-de-f1-de-jody-scheckter-sera-en-vedette-a-la-vente-aux-encheres-de-rm-sothebys-a-monaco\/\">Une collection de monoplaces de F1 de Jody Scheckter sera en vedette \u00e0 la vente aux ench\u00e8res de RM\u00a0Sotheby\u2019s \u00e0 Monaco<\/a> provient de <a rel=\"nofollow\" href=\"https:\/\/annuelauto.ca\">L&#8217;annuel de l&#8217;automobile &#8211; Actualit\u00e9 automobile<\/a><\/p>\n<p><\/p>\n","protected":false},"excerpt":{"rendered":"<p>La collection de monoplaces de Jody Scheckter, champion du monde de F1 en 1979, sera le point de mire de la vente aux ench\u00e8res organis\u00e9e par RM Sotheby\u2019s \u00e0 Monaco en mai prochain. Mise en vente par le c\u00e9l\u00e8bre pilote sud-africain, c\u2019est incontestablement de l\u2019une des plus importantes collections de bolides de course jamais offerte [&hellip;]<\/p>\n","protected":false},"author":8,"featured_media":161063,"comment_status":"close","ping_status":"closed","sticky":false,"template":"","format":"standard","meta":{"_monsterinsights_skip_tracking":false,"_monsterinsights_sitenote_active":false,"_monsterinsights_sitenote_note":"","_monsterinsights_sitenote_category":0,"footnotes":""},"categories":[101],"tags":[],"yoast_head":"<!-- This site is optimized with the Yoast SEO plugin v23.2 - https:\/\/yoast.com\/wordpress\/plugins\/seo\/ -->\n<title>Une collection de monoplaces de F1 de Jody Scheckter sera en vedette \u00e0 la vente aux ench\u00e8res de RM\u00a0Sotheby\u2019s \u00e0 Monaco - CanadaMotorJobs.com<\/title>\n<meta name=\"description\" content=\"Une collection de monoplaces de F1 de Jody Scheckter sera en vedette \u00e0 la vente aux ench\u00e8res de RM\u00a0Sotheby\u2019s \u00e0 Monaco - Benoit Charette - Annuel automobile - CanadaMotorJobs.com.\" \/>\n<meta name=\"robots\" content=\"index, follow, max-snippet:-1, max-image-preview:large, max-video-preview:-1\" \/>\n<meta property=\"og:locale\" content=\"fr_CA\" \/>\n<meta property=\"og:type\" content=\"article\" \/>\n<meta property=\"og:title\" content=\"Une collection de monoplaces de F1 de Jody Scheckter sera en vedette \u00e0 la vente aux ench\u00e8res de RM\u00a0Sotheby\u2019s \u00e0 Monaco - CanadaMotorJobs.com\" \/>\n<meta property=\"og:description\" content=\"Une collection de monoplaces de F1 de Jody Scheckter sera en vedette \u00e0 la vente aux ench\u00e8res de RM\u00a0Sotheby\u2019s \u00e0 Monaco - Benoit Charette - Annuel automobile - CanadaMotorJobs.com.\" \/>\n<meta property=\"og:url\" content=\"https:\/\/news.canadamotorjobs.com\/fr\/une-collection-de-monoplaces-de-f1-de-jody-scheckter-sera-en-vedette-a-la-vente-aux-encheres-de-rm-sothebys-a-monaco\/\" \/>\n<meta property=\"og:site_name\" content=\"CanadaMotorJobs.com\" \/>\n<meta property=\"article:publisher\" content=\"https:\/\/www.facebook.com\/canadamotorjobs\/\" \/>\n<meta property=\"article:published_time\" content=\"2024-03-14T15:37:52+00:00\" \/>\n<meta property=\"article:modified_time\" content=\"2024-03-14T16:02:05+00:00\" \/>\n<meta property=\"og:image\" content=\"https:\/\/news.canadamotorjobs.com\/wp-content\/uploads\/2024\/03\/Collection-Scheckter.jpg\" \/>\n\t<meta property=\"og:image:width\" content=\"1024\" \/>\n\t<meta property=\"og:image:height\" content=\"683\" \/>\n\t<meta property=\"og:image:type\" content=\"image\/jpeg\" \/>\n<meta name=\"author\" content=\"Benoit Charette\" \/>\n<meta name=\"twitter:card\" content=\"summary_large_image\" \/>\n<meta name=\"twitter:creator\" content=\"@canadamotorjobs\" \/>\n<meta name=\"twitter:site\" content=\"@canadamotorjobs\" \/>\n<meta name=\"twitter:label1\" content=\"\u00c9crit par\" \/>\n\t<meta name=\"twitter:data1\" content=\"Benoit Charette\" \/>\n\t<meta name=\"twitter:label2\" content=\"Estimation du temps de lecture\" \/>\n\t<meta name=\"twitter:data2\" content=\"5 minutes\" \/>\n<!-- \/ Yoast SEO plugin. -->","yoast_head_json":{"title":"Une collection de monoplaces de F1 de Jody Scheckter sera en vedette \u00e0 la vente aux ench\u00e8res de RM\u00a0Sotheby\u2019s \u00e0 Monaco - CanadaMotorJobs.com","description":"Une collection de monoplaces de F1 de Jody Scheckter sera en vedette \u00e0 la vente aux ench\u00e8res de RM\u00a0Sotheby\u2019s \u00e0 Monaco - Benoit Charette - Annuel automobile - CanadaMotorJobs.com.","robots":{"index":"index","follow":"follow","max-snippet":"max-snippet:-1","max-image-preview":"max-image-preview:large","max-video-preview":"max-video-preview:-1"},"og_locale":"fr_CA","og_type":"article","og_title":"Une collection de monoplaces de F1 de Jody Scheckter sera en vedette \u00e0 la vente aux ench\u00e8res de RM\u00a0Sotheby\u2019s \u00e0 Monaco - CanadaMotorJobs.com","og_description":"Une collection de monoplaces de F1 de Jody Scheckter sera en vedette \u00e0 la vente aux ench\u00e8res de RM\u00a0Sotheby\u2019s \u00e0 Monaco - Benoit Charette - Annuel automobile - CanadaMotorJobs.com.","og_url":"https:\/\/news.canadamotorjobs.com\/fr\/une-collection-de-monoplaces-de-f1-de-jody-scheckter-sera-en-vedette-a-la-vente-aux-encheres-de-rm-sothebys-a-monaco\/","og_site_name":"CanadaMotorJobs.com","article_publisher":"https:\/\/www.facebook.com\/canadamotorjobs\/","article_published_time":"2024-03-14T15:37:52+00:00","article_modified_time":"2024-03-14T16:02:05+00:00","og_image":[{"width":1024,"height":683,"url":"https:\/\/news.canadamotorjobs.com\/wp-content\/uploads\/2024\/03\/Collection-Scheckter.jpg","type":"image\/jpeg"}],"author":"Benoit Charette","twitter_card":"summary_large_image","twitter_creator":"@canadamotorjobs","twitter_site":"@canadamotorjobs","twitter_misc":{"\u00c9crit par":"Benoit Charette","Estimation du temps de lecture":"5 minutes"},"schema":{"@context":"https:\/\/schema.org","@graph":[{"@type":"Article","@id":"https:\/\/news.canadamotorjobs.com\/fr\/une-collection-de-monoplaces-de-f1-de-jody-scheckter-sera-en-vedette-a-la-vente-aux-encheres-de-rm-sothebys-a-monaco\/#article","isPartOf":{"@id":"https:\/\/news.canadamotorjobs.com\/fr\/une-collection-de-monoplaces-de-f1-de-jody-scheckter-sera-en-vedette-a-la-vente-aux-encheres-de-rm-sothebys-a-monaco\/"},"author":{"name":"Benoit Charette","@id":"https:\/\/news.canadamotorjobs.com\/#\/schema\/person\/51793d1f87d44011d7bcc2ed99269a90"},"headline":"Une collection de monoplaces de F1 de Jody Scheckter sera en vedette \u00e0 la vente aux ench\u00e8res de RM\u00a0Sotheby\u2019s \u00e0 Monaco","datePublished":"2024-03-14T15:37:52+00:00","dateModified":"2024-03-14T16:02:05+00:00","mainEntityOfPage":{"@id":"https:\/\/news.canadamotorjobs.com\/fr\/une-collection-de-monoplaces-de-f1-de-jody-scheckter-sera-en-vedette-a-la-vente-aux-encheres-de-rm-sothebys-a-monaco\/"},"wordCount":1066,"publisher":{"@id":"https:\/\/news.canadamotorjobs.com\/#organization"},"image":{"@id":"https:\/\/news.canadamotorjobs.com\/fr\/une-collection-de-monoplaces-de-f1-de-jody-scheckter-sera-en-vedette-a-la-vente-aux-encheres-de-rm-sothebys-a-monaco\/#primaryimage"},"thumbnailUrl":"https:\/\/news.canadamotorjobs.com\/wp-content\/uploads\/2024\/03\/Collection-Scheckter.jpg","articleSection":["Annuel automobile"],"inLanguage":"fr-CA"},{"@type":"WebPage","@id":"https:\/\/news.canadamotorjobs.com\/fr\/une-collection-de-monoplaces-de-f1-de-jody-scheckter-sera-en-vedette-a-la-vente-aux-encheres-de-rm-sothebys-a-monaco\/","url":"https:\/\/news.canadamotorjobs.com\/fr\/une-collection-de-monoplaces-de-f1-de-jody-scheckter-sera-en-vedette-a-la-vente-aux-encheres-de-rm-sothebys-a-monaco\/","name":"Une collection de monoplaces de F1 de Jody Scheckter sera en vedette \u00e0 la vente aux ench\u00e8res de RM\u00a0Sotheby\u2019s \u00e0 Monaco - CanadaMotorJobs.com","isPartOf":{"@id":"https:\/\/news.canadamotorjobs.com\/#website"},"primaryImageOfPage":{"@id":"https:\/\/news.canadamotorjobs.com\/fr\/une-collection-de-monoplaces-de-f1-de-jody-scheckter-sera-en-vedette-a-la-vente-aux-encheres-de-rm-sothebys-a-monaco\/#primaryimage"},"image":{"@id":"https:\/\/news.canadamotorjobs.com\/fr\/une-collection-de-monoplaces-de-f1-de-jody-scheckter-sera-en-vedette-a-la-vente-aux-encheres-de-rm-sothebys-a-monaco\/#primaryimage"},"thumbnailUrl":"https:\/\/news.canadamotorjobs.com\/wp-content\/uploads\/2024\/03\/Collection-Scheckter.jpg","datePublished":"2024-03-14T15:37:52+00:00","dateModified":"2024-03-14T16:02:05+00:00","description":"Une collection de monoplaces de F1 de Jody Scheckter sera en vedette \u00e0 la vente aux ench\u00e8res de RM\u00a0Sotheby\u2019s \u00e0 Monaco - Benoit Charette - Annuel automobile - CanadaMotorJobs.com.","breadcrumb":{"@id":"https:\/\/news.canadamotorjobs.com\/fr\/une-collection-de-monoplaces-de-f1-de-jody-scheckter-sera-en-vedette-a-la-vente-aux-encheres-de-rm-sothebys-a-monaco\/#breadcrumb"},"inLanguage":"fr-CA","potentialAction":[{"@type":"ReadAction","target":["https:\/\/news.canadamotorjobs.com\/fr\/une-collection-de-monoplaces-de-f1-de-jody-scheckter-sera-en-vedette-a-la-vente-aux-encheres-de-rm-sothebys-a-monaco\/"]}]},{"@type":"ImageObject","inLanguage":"fr-CA","@id":"https:\/\/news.canadamotorjobs.com\/fr\/une-collection-de-monoplaces-de-f1-de-jody-scheckter-sera-en-vedette-a-la-vente-aux-encheres-de-rm-sothebys-a-monaco\/#primaryimage","url":"https:\/\/news.canadamotorjobs.com\/wp-content\/uploads\/2024\/03\/Collection-Scheckter.jpg","contentUrl":"https:\/\/news.canadamotorjobs.com\/wp-content\/uploads\/2024\/03\/Collection-Scheckter.jpg","width":1024,"height":683},{"@type":"BreadcrumbList","@id":"https:\/\/news.canadamotorjobs.com\/fr\/une-collection-de-monoplaces-de-f1-de-jody-scheckter-sera-en-vedette-a-la-vente-aux-encheres-de-rm-sothebys-a-monaco\/#breadcrumb","itemListElement":[{"@type":"ListItem","position":1,"name":"Home","item":"https:\/\/news.canadamotorjobs.com\/fr\/blog\/"},{"@type":"ListItem","position":2,"name":"Une collection de monoplaces de F1 de Jody Scheckter sera en vedette \u00e0 la vente aux ench\u00e8res de RM\u00a0Sotheby\u2019s \u00e0 Monaco"}]},{"@type":"WebSite","@id":"https:\/\/news.canadamotorjobs.com\/#website","url":"https:\/\/news.canadamotorjobs.com\/","name":"CanadaMotorJobs.com","description":"Automotive Jobs","publisher":{"@id":"https:\/\/news.canadamotorjobs.com\/#organization"},"potentialAction":[{"@type":"SearchAction","target":{"@type":"EntryPoint","urlTemplate":"https:\/\/news.canadamotorjobs.com\/?s={search_term_string}"},"query-input":"required name=search_term_string"}],"inLanguage":"fr-CA"},{"@type":"Organization","@id":"https:\/\/news.canadamotorjobs.com\/#organization","name":"Canada Motor Jobs","url":"https:\/\/news.canadamotorjobs.com\/","logo":{"@type":"ImageObject","inLanguage":"fr-CA","@id":"https:\/\/news.canadamotorjobs.com\/#\/schema\/logo\/image\/","url":"https:\/\/news.canadamotorjobs.com\/wp-content\/uploads\/2022\/10\/logo-canada-motor-jobs-1.png","contentUrl":"https:\/\/news.canadamotorjobs.com\/wp-content\/uploads\/2022\/10\/logo-canada-motor-jobs-1.png","width":800,"height":400,"caption":"Canada Motor Jobs"},"image":{"@id":"https:\/\/news.canadamotorjobs.com\/#\/schema\/logo\/image\/"},"sameAs":["https:\/\/www.facebook.com\/canadamotorjobs\/","https:\/\/x.com\/canadamotorjobs","https:\/\/www.instagram.com\/canadamotorjobs\/","https:\/\/www.linkedin.com\/company\/canadamotorjobs"]},{"@type":"Person","@id":"https:\/\/news.canadamotorjobs.com\/#\/schema\/person\/51793d1f87d44011d7bcc2ed99269a90","name":"Benoit Charette","image":{"@type":"ImageObject","inLanguage":"fr-CA","@id":"https:\/\/news.canadamotorjobs.com\/#\/schema\/person\/image\/","url":"https:\/\/secure.gravatar.com\/avatar\/45f3d2eebcccd909668d7ce7ea7267b6?s=96&d=mm&r=g","contentUrl":"https:\/\/secure.gravatar.com\/avatar\/45f3d2eebcccd909668d7ce7ea7267b6?s=96&d=mm&r=g","caption":"Benoit Charette"},"description":"Benoit Charette \/ Propri\u00e9taire et r\u00e9dacteur en chef Benoit Charette pratique le journalisme automobile depuis bient\u00f4t 30 ans. Il a fait ses classes au c\u00f4t\u00e9 de Daniel H\u00e9raud et au Carnet de route de 1992 \u00e0 2001. Il est fondateur, copropri\u00e9taire et r\u00e9dacteur en chef de L\u2019Annuel de l\u2019automobile, qu\u2019il publie depuis 2001. Il a anim\u00e9 les \u00e9missions RPM et RPM+ sur V et les L\u00e9gendes de la route sur Historia. \u00c0 la radio depuis 1986, il reprend l\u2019antenne cette ann\u00e9e sur les ondes de Cogeco et participe pour la deuxi\u00e8me ann\u00e9e \u00e0 l\u2019\u00e9mission Passion Auto sur RDS en plus de mettre en ligne le site Web officiel de L\u2019Annuel de l\u2019automobile sur annuelauto.ca.","sameAs":["https:\/\/annuelauto.ca\/"],"url":"https:\/\/news.canadamotorjobs.com\/fr\/author\/benoit-charette\/"}]}},"_links":{"self":[{"href":"https:\/\/news.canadamotorjobs.com\/fr\/wp-json\/wp\/v2\/posts\/161061"}],"collection":[{"href":"https:\/\/news.canadamotorjobs.com\/fr\/wp-json\/wp\/v2\/posts"}],"about":[{"href":"https:\/\/news.canadamotorjobs.com\/fr\/wp-json\/wp\/v2\/types\/post"}],"author":[{"embeddable":true,"href":"https:\/\/news.canadamotorjobs.com\/fr\/wp-json\/wp\/v2\/users\/8"}],"replies":[{"embeddable":true,"href":"https:\/\/news.canadamotorjobs.com\/fr\/wp-json\/wp\/v2\/comments?post=161061"}],"version-history":[{"count":2,"href":"https:\/\/news.canadamotorjobs.com\/fr\/wp-json\/wp\/v2\/posts\/161061\/revisions"}],"predecessor-version":[{"id":161065,"href":"https:\/\/news.canadamotorjobs.com\/fr\/wp-json\/wp\/v2\/posts\/161061\/revisions\/161065"}],"wp:featuredmedia":[{"embeddable":true,"href":"https:\/\/news.canadamotorjobs.com\/fr\/wp-json\/wp\/v2\/media\/161063"}],"wp:attachment":[{"href":"https:\/\/news.canadamotorjobs.com\/fr\/wp-json\/wp\/v2\/media?parent=161061"}],"wp:term":[{"taxonomy":"category","embeddable":true,"href":"https:\/\/news.canadamotorjobs.com\/fr\/wp-json\/wp\/v2\/categories?post=161061"},{"taxonomy":"post_tag","embeddable":true,"href":"https:\/\/news.canadamotorjobs.com\/fr\/wp-json\/wp\/v2\/tags?post=161061"}],"curies":[{"name":"wp","href":"https:\/\/api.w.org\/{rel}","templated":true}]}}