{"id":161015,"date":"2024-03-14T07:17:33","date_gmt":"2024-03-14T11:17:33","guid":{"rendered":"https:\/\/news.canadamotorjobs.com\/?p=161015"},"modified":"2024-03-14T07:18:40","modified_gmt":"2024-03-14T11:18:40","slug":"marcello-gandini-legende-du-design-automobile-meurt-a-85-ans","status":"publish","type":"post","link":"https:\/\/news.canadamotorjobs.com\/fr\/marcello-gandini-legende-du-design-automobile-meurt-a-85-ans\/","title":{"rendered":"Marcello Gandini : L\u00e9gende du Design Automobile meurt \u00e0 85 ans"},"content":{"rendered":"<\/p>\n<h3><strong>La perte d&#8217;un g\u00e9nie cr\u00e9atif<\/strong><\/h3>\n<p>\nLe monde de l&#8217;automobile pleure aujourd&#8217;hui la perte de Marcello Gandini, \u00e0 l&#8217;\u00e2ge de 85 ans. Ce designer automobile l\u00e9gendaire, originaire de Turin, a fa\u00e7onn\u00e9 certaines des voitures italiennes les plus embl\u00e9matiques et v\u00e9n\u00e9r\u00e9es de tous les temps.<\/p>\n<h3><strong>L&#8217;ascension d&#8217;un ma\u00eetre<\/strong><\/h3>\n<p>\nReconnu comme l&#8217;un des designers automobiles les plus prolifiques et influents de son \u00e9poque, Gandini s&#8217;est fait un nom dans les ann\u00e9es 1960 en travaillant pour la prestigieuse maison de design Bertone. C&#8217;est l\u00e0 qu&#8217;il a cr\u00e9\u00e9 des ic\u00f4nes telles que la Lamborghini Miura, la Lancia Stratos et la Ferrari 308\/GT4, cette derni\u00e8re \u00e9tant la seule voiture con\u00e7ue par Bertone pour Ferrari.<\/p>\n<h3><strong>Un h\u00e9ritage in\u00e9gal\u00e9<\/strong><\/h3>\n<p>\nL&#8217;apog\u00e9e de Gandini a \u00e9t\u00e9 marqu\u00e9e par des cr\u00e9ations telles que la Lamborghini Countach, c\u00e9l\u00e8bre pour sa silhouette, symbole du design automobile exp\u00e9rimental des ann\u00e9es 1970 et 1980. Son influence perdure encore aujourd&#8217;hui.<\/p>\n<h3><strong>Au-del\u00e0 des exotiques<\/strong><\/h3>\n<p>\nGandini ne se limitait pas aux mod\u00e8les exotiques \u00e0 faible volume. Il a \u00e9galement donn\u00e9 naissance \u00e0 certaines des voitures les plus populaires des derni\u00e8res d\u00e9cennies, notamment la BMW S\u00e9rie 5 originale, la premi\u00e8re Volkswagen Polo, la Fiat 132, la Renault 5 Turbo et la Citro\u00ebn BX.<\/p>\n<h3><strong>L&#8217;Innovation sans limites<\/strong><\/h3>\n<p>\nEn plus de ses contributions majeures, Gandini a \u00e9galement imagin\u00e9 des concepts \u00e9blouissants tels que l&#8217;Alfa Romeo 33 Carabo et le Navajo, ainsi que les premiers concepts de la Bugatti EB110 et de la Lamborghini Diablo.<\/p>\n<h3><strong>Un h\u00e9ritage durables<\/strong><\/h3>\n<p>\nM\u00eame apr\u00e8s avoir quitt\u00e9 Bertone, Gandini a continu\u00e9 \u00e0 repousser les limites du design automobile avec des cr\u00e9ations audacieuses pour des marques telles que Nissan et Perodua. Parmi ses derni\u00e8res \u0153uvres remarquables figure la Stola S86 Diamante, un concept con\u00e7u en seulement cinq semaines pour le salon de l&#8217;automobile de Gen\u00e8ve 2005.<\/p>\n<h3><strong>Un legs immortel<\/strong><\/h3>\n<p>\nMarcello Gandini laisse derri\u00e8re lui un h\u00e9ritage ind\u00e9l\u00e9bile dans le monde de l&#8217;automobile, sa cr\u00e9ativit\u00e9 et son audace continuant d&#8217;inspirer les designers et les passionn\u00e9s de voitures \u00e0 travers le monde. Son impact sur l&#8217;industrie restera grav\u00e9 dans l&#8217;histoire comme celui d&#8217;un v\u00e9ritable ma\u00eetre du design automobile.<\/p>\n<p><em>Avec des renseignements d\u2019Autocar<\/em><\/p>\n<p>\u00a0<\/p>\n<p>Le texte <a rel=\"nofollow\" href=\"https:\/\/annuelauto.ca\/marcello-gandini-legende-du-design-automobile-meurt-a-85-ans\/\">Marcello Gandini : L\u00e9gende du Design Automobile meurt \u00e0 85 ans<\/a> provient de <a rel=\"nofollow\" href=\"https:\/\/annuelauto.ca\">L&#8217;annuel de l&#8217;automobile &#8211; Actualit\u00e9 automobile<\/a><\/p>\n<p><\/p>\n","protected":false},"excerpt":{"rendered":"<p>La perte d&#8217;un g\u00e9nie cr\u00e9atif Le monde de l&#8217;automobile pleure aujourd&#8217;hui la perte de Marcello Gandini, \u00e0 l&#8217;\u00e2ge de 85 ans. Ce designer automobile l\u00e9gendaire, originaire de Turin, a fa\u00e7onn\u00e9 certaines des voitures italiennes les plus embl\u00e9matiques et v\u00e9n\u00e9r\u00e9es de tous les temps. L&#8217;ascension d&#8217;un ma\u00eetre Reconnu comme l&#8217;un des designers automobiles les plus prolifiques [&hellip;]<\/p>\n","protected":false},"author":8,"featured_media":161017,"comment_status":"close","ping_status":"closed","sticky":false,"template":"","format":"standard","meta":{"_monsterinsights_skip_tracking":false,"_monsterinsights_sitenote_active":false,"_monsterinsights_sitenote_note":"","_monsterinsights_sitenote_category":0,"footnotes":""},"categories":[101],"tags":[],"yoast_head":"<!-- This site is optimized with the Yoast SEO plugin v23.2 - https:\/\/yoast.com\/wordpress\/plugins\/seo\/ -->\n<title>Marcello Gandini : L\u00e9gende du Design Automobile meurt \u00e0 85 ans - CanadaMotorJobs.com<\/title>\n<meta name=\"description\" content=\"Marcello Gandini : L\u00e9gende du Design Automobile meurt \u00e0 85 ans - Benoit Charette - Annuel automobile - CanadaMotorJobs.com.\" \/>\n<meta name=\"robots\" content=\"index, follow, max-snippet:-1, max-image-preview:large, max-video-preview:-1\" \/>\n<meta property=\"og:locale\" content=\"fr_CA\" \/>\n<meta property=\"og:type\" content=\"article\" \/>\n<meta property=\"og:title\" content=\"Marcello Gandini : L\u00e9gende du Design Automobile meurt \u00e0 85 ans - CanadaMotorJobs.com\" \/>\n<meta property=\"og:description\" content=\"Marcello Gandini : L\u00e9gende du Design Automobile meurt \u00e0 85 ans - Benoit Charette - Annuel automobile - CanadaMotorJobs.com.\" \/>\n<meta property=\"og:url\" content=\"https:\/\/news.canadamotorjobs.com\/fr\/marcello-gandini-legende-du-design-automobile-meurt-a-85-ans\/\" \/>\n<meta property=\"og:site_name\" content=\"CanadaMotorJobs.com\" \/>\n<meta property=\"article:publisher\" content=\"https:\/\/www.facebook.com\/canadamotorjobs\/\" \/>\n<meta property=\"article:published_time\" content=\"2024-03-14T11:17:33+00:00\" \/>\n<meta property=\"article:modified_time\" content=\"2024-03-14T11:18:40+00:00\" \/>\n<meta property=\"og:image\" content=\"https:\/\/news.canadamotorjobs.com\/wp-content\/uploads\/2024\/03\/Marcello-Gandini.jpg\" \/>\n\t<meta property=\"og:image:width\" content=\"1400\" \/>\n\t<meta property=\"og:image:height\" content=\"778\" \/>\n\t<meta property=\"og:image:type\" content=\"image\/jpeg\" \/>\n<meta name=\"author\" content=\"Benoit Charette\" \/>\n<meta name=\"twitter:card\" content=\"summary_large_image\" \/>\n<meta name=\"twitter:creator\" content=\"@canadamotorjobs\" \/>\n<meta name=\"twitter:site\" content=\"@canadamotorjobs\" \/>\n<meta name=\"twitter:label1\" content=\"\u00c9crit par\" \/>\n\t<meta name=\"twitter:data1\" content=\"Benoit Charette\" \/>\n\t<meta name=\"twitter:label2\" content=\"Estimation du temps de lecture\" \/>\n\t<meta name=\"twitter:data2\" content=\"2 minutes\" \/>\n<!-- \/ Yoast SEO plugin. -->","yoast_head_json":{"title":"Marcello Gandini : L\u00e9gende du Design Automobile meurt \u00e0 85 ans - CanadaMotorJobs.com","description":"Marcello Gandini : L\u00e9gende du Design Automobile meurt \u00e0 85 ans - Benoit Charette - Annuel automobile - CanadaMotorJobs.com.","robots":{"index":"index","follow":"follow","max-snippet":"max-snippet:-1","max-image-preview":"max-image-preview:large","max-video-preview":"max-video-preview:-1"},"og_locale":"fr_CA","og_type":"article","og_title":"Marcello Gandini : L\u00e9gende du Design Automobile meurt \u00e0 85 ans - CanadaMotorJobs.com","og_description":"Marcello Gandini : L\u00e9gende du Design Automobile meurt \u00e0 85 ans - Benoit Charette - Annuel automobile - CanadaMotorJobs.com.","og_url":"https:\/\/news.canadamotorjobs.com\/fr\/marcello-gandini-legende-du-design-automobile-meurt-a-85-ans\/","og_site_name":"CanadaMotorJobs.com","article_publisher":"https:\/\/www.facebook.com\/canadamotorjobs\/","article_published_time":"2024-03-14T11:17:33+00:00","article_modified_time":"2024-03-14T11:18:40+00:00","og_image":[{"width":1400,"height":778,"url":"https:\/\/news.canadamotorjobs.com\/wp-content\/uploads\/2024\/03\/Marcello-Gandini.jpg","type":"image\/jpeg"}],"author":"Benoit Charette","twitter_card":"summary_large_image","twitter_creator":"@canadamotorjobs","twitter_site":"@canadamotorjobs","twitter_misc":{"\u00c9crit par":"Benoit Charette","Estimation du temps de lecture":"2 minutes"},"schema":{"@context":"https:\/\/schema.org","@graph":[{"@type":"Article","@id":"https:\/\/news.canadamotorjobs.com\/fr\/marcello-gandini-legende-du-design-automobile-meurt-a-85-ans\/#article","isPartOf":{"@id":"https:\/\/news.canadamotorjobs.com\/fr\/marcello-gandini-legende-du-design-automobile-meurt-a-85-ans\/"},"author":{"name":"Benoit Charette","@id":"https:\/\/news.canadamotorjobs.com\/#\/schema\/person\/51793d1f87d44011d7bcc2ed99269a90"},"headline":"Marcello Gandini : L\u00e9gende du Design Automobile meurt \u00e0 85 ans","datePublished":"2024-03-14T11:17:33+00:00","dateModified":"2024-03-14T11:18:40+00:00","mainEntityOfPage":{"@id":"https:\/\/news.canadamotorjobs.com\/fr\/marcello-gandini-legende-du-design-automobile-meurt-a-85-ans\/"},"wordCount":422,"publisher":{"@id":"https:\/\/news.canadamotorjobs.com\/#organization"},"image":{"@id":"https:\/\/news.canadamotorjobs.com\/fr\/marcello-gandini-legende-du-design-automobile-meurt-a-85-ans\/#primaryimage"},"thumbnailUrl":"https:\/\/news.canadamotorjobs.com\/wp-content\/uploads\/2024\/03\/Marcello-Gandini.jpg","articleSection":["Annuel automobile"],"inLanguage":"fr-CA"},{"@type":"WebPage","@id":"https:\/\/news.canadamotorjobs.com\/fr\/marcello-gandini-legende-du-design-automobile-meurt-a-85-ans\/","url":"https:\/\/news.canadamotorjobs.com\/fr\/marcello-gandini-legende-du-design-automobile-meurt-a-85-ans\/","name":"Marcello Gandini : L\u00e9gende du Design Automobile meurt \u00e0 85 ans - CanadaMotorJobs.com","isPartOf":{"@id":"https:\/\/news.canadamotorjobs.com\/#website"},"primaryImageOfPage":{"@id":"https:\/\/news.canadamotorjobs.com\/fr\/marcello-gandini-legende-du-design-automobile-meurt-a-85-ans\/#primaryimage"},"image":{"@id":"https:\/\/news.canadamotorjobs.com\/fr\/marcello-gandini-legende-du-design-automobile-meurt-a-85-ans\/#primaryimage"},"thumbnailUrl":"https:\/\/news.canadamotorjobs.com\/wp-content\/uploads\/2024\/03\/Marcello-Gandini.jpg","datePublished":"2024-03-14T11:17:33+00:00","dateModified":"2024-03-14T11:18:40+00:00","description":"Marcello Gandini : L\u00e9gende du Design Automobile meurt \u00e0 85 ans - Benoit Charette - Annuel automobile - CanadaMotorJobs.com.","breadcrumb":{"@id":"https:\/\/news.canadamotorjobs.com\/fr\/marcello-gandini-legende-du-design-automobile-meurt-a-85-ans\/#breadcrumb"},"inLanguage":"fr-CA","potentialAction":[{"@type":"ReadAction","target":["https:\/\/news.canadamotorjobs.com\/fr\/marcello-gandini-legende-du-design-automobile-meurt-a-85-ans\/"]}]},{"@type":"ImageObject","inLanguage":"fr-CA","@id":"https:\/\/news.canadamotorjobs.com\/fr\/marcello-gandini-legende-du-design-automobile-meurt-a-85-ans\/#primaryimage","url":"https:\/\/news.canadamotorjobs.com\/wp-content\/uploads\/2024\/03\/Marcello-Gandini.jpg","contentUrl":"https:\/\/news.canadamotorjobs.com\/wp-content\/uploads\/2024\/03\/Marcello-Gandini.jpg","width":1400,"height":778},{"@type":"BreadcrumbList","@id":"https:\/\/news.canadamotorjobs.com\/fr\/marcello-gandini-legende-du-design-automobile-meurt-a-85-ans\/#breadcrumb","itemListElement":[{"@type":"ListItem","position":1,"name":"Home","item":"https:\/\/news.canadamotorjobs.com\/fr\/blog\/"},{"@type":"ListItem","position":2,"name":"Marcello Gandini : L\u00e9gende du Design Automobile meurt \u00e0 85 ans"}]},{"@type":"WebSite","@id":"https:\/\/news.canadamotorjobs.com\/#website","url":"https:\/\/news.canadamotorjobs.com\/","name":"CanadaMotorJobs.com","description":"Automotive Jobs","publisher":{"@id":"https:\/\/news.canadamotorjobs.com\/#organization"},"potentialAction":[{"@type":"SearchAction","target":{"@type":"EntryPoint","urlTemplate":"https:\/\/news.canadamotorjobs.com\/?s={search_term_string}"},"query-input":"required name=search_term_string"}],"inLanguage":"fr-CA"},{"@type":"Organization","@id":"https:\/\/news.canadamotorjobs.com\/#organization","name":"Canada Motor Jobs","url":"https:\/\/news.canadamotorjobs.com\/","logo":{"@type":"ImageObject","inLanguage":"fr-CA","@id":"https:\/\/news.canadamotorjobs.com\/#\/schema\/logo\/image\/","url":"https:\/\/news.canadamotorjobs.com\/wp-content\/uploads\/2022\/10\/logo-canada-motor-jobs-1.png","contentUrl":"https:\/\/news.canadamotorjobs.com\/wp-content\/uploads\/2022\/10\/logo-canada-motor-jobs-1.png","width":800,"height":400,"caption":"Canada Motor Jobs"},"image":{"@id":"https:\/\/news.canadamotorjobs.com\/#\/schema\/logo\/image\/"},"sameAs":["https:\/\/www.facebook.com\/canadamotorjobs\/","https:\/\/x.com\/canadamotorjobs","https:\/\/www.instagram.com\/canadamotorjobs\/","https:\/\/www.linkedin.com\/company\/canadamotorjobs"]},{"@type":"Person","@id":"https:\/\/news.canadamotorjobs.com\/#\/schema\/person\/51793d1f87d44011d7bcc2ed99269a90","name":"Benoit Charette","image":{"@type":"ImageObject","inLanguage":"fr-CA","@id":"https:\/\/news.canadamotorjobs.com\/#\/schema\/person\/image\/","url":"https:\/\/secure.gravatar.com\/avatar\/45f3d2eebcccd909668d7ce7ea7267b6?s=96&d=mm&r=g","contentUrl":"https:\/\/secure.gravatar.com\/avatar\/45f3d2eebcccd909668d7ce7ea7267b6?s=96&d=mm&r=g","caption":"Benoit Charette"},"description":"Benoit Charette \/ Propri\u00e9taire et r\u00e9dacteur en chef Benoit Charette pratique le journalisme automobile depuis bient\u00f4t 30 ans. Il a fait ses classes au c\u00f4t\u00e9 de Daniel H\u00e9raud et au Carnet de route de 1992 \u00e0 2001. Il est fondateur, copropri\u00e9taire et r\u00e9dacteur en chef de L\u2019Annuel de l\u2019automobile, qu\u2019il publie depuis 2001. Il a anim\u00e9 les \u00e9missions RPM et RPM+ sur V et les L\u00e9gendes de la route sur Historia. \u00c0 la radio depuis 1986, il reprend l\u2019antenne cette ann\u00e9e sur les ondes de Cogeco et participe pour la deuxi\u00e8me ann\u00e9e \u00e0 l\u2019\u00e9mission Passion Auto sur RDS en plus de mettre en ligne le site Web officiel de L\u2019Annuel de l\u2019automobile sur annuelauto.ca.","sameAs":["https:\/\/annuelauto.ca\/"],"url":"https:\/\/news.canadamotorjobs.com\/fr\/author\/benoit-charette\/"}]}},"_links":{"self":[{"href":"https:\/\/news.canadamotorjobs.com\/fr\/wp-json\/wp\/v2\/posts\/161015"}],"collection":[{"href":"https:\/\/news.canadamotorjobs.com\/fr\/wp-json\/wp\/v2\/posts"}],"about":[{"href":"https:\/\/news.canadamotorjobs.com\/fr\/wp-json\/wp\/v2\/types\/post"}],"author":[{"embeddable":true,"href":"https:\/\/news.canadamotorjobs.com\/fr\/wp-json\/wp\/v2\/users\/8"}],"replies":[{"embeddable":true,"href":"https:\/\/news.canadamotorjobs.com\/fr\/wp-json\/wp\/v2\/comments?post=161015"}],"version-history":[{"count":2,"href":"https:\/\/news.canadamotorjobs.com\/fr\/wp-json\/wp\/v2\/posts\/161015\/revisions"}],"predecessor-version":[{"id":161019,"href":"https:\/\/news.canadamotorjobs.com\/fr\/wp-json\/wp\/v2\/posts\/161015\/revisions\/161019"}],"wp:featuredmedia":[{"embeddable":true,"href":"https:\/\/news.canadamotorjobs.com\/fr\/wp-json\/wp\/v2\/media\/161017"}],"wp:attachment":[{"href":"https:\/\/news.canadamotorjobs.com\/fr\/wp-json\/wp\/v2\/media?parent=161015"}],"wp:term":[{"taxonomy":"category","embeddable":true,"href":"https:\/\/news.canadamotorjobs.com\/fr\/wp-json\/wp\/v2\/categories?post=161015"},{"taxonomy":"post_tag","embeddable":true,"href":"https:\/\/news.canadamotorjobs.com\/fr\/wp-json\/wp\/v2\/tags?post=161015"}],"curies":[{"name":"wp","href":"https:\/\/api.w.org\/{rel}","templated":true}]}}