{"id":160902,"date":"2024-03-12T12:29:20","date_gmt":"2024-03-12T16:29:20","guid":{"rendered":"https:\/\/news.canadamotorjobs.com\/?p=160902"},"modified":"2024-03-12T12:29:47","modified_gmt":"2024-03-12T16:29:47","slug":"fiat-annonce-le-nouveau-modele-electrique-500e-la-prima","status":"publish","type":"post","link":"https:\/\/news.canadamotorjobs.com\/fr\/fiat-annonce-le-nouveau-modele-electrique-500e-la-prima\/","title":{"rendered":"FIAT Annonce le Nouveau Mod\u00e8le \u00c9lectrique 500e La Prima"},"content":{"rendered":"<\/p>\n<p>FIAT a annonc\u00e9 le lancement de la 500e enti\u00e8rement \u00e9lectrique. La Prima rejoint l&#8217;\u00e9dition (500e)RED et c\u00e9l\u00e8bre la marque FIAT et la culture italienne.<\/p>\n<h3>Le charme de la 500 avec des \u00e9lectrons en prime<\/h3>\n<p>\n\u201cFIAT et la 500 sont \u00e9troitement li\u00e9es \u00e0 la culture italienne, alors associer notre voiture citadine enti\u00e8rement \u00e9lectrique \u00e0 deux tr\u00e9sors du pays \u00e9tait une \u00e9vidence,\u201d a d\u00e9clar\u00e9 Fran\u00e7ois, PDG de FIAT, PDG de DS Automobiles et CMO Global \u2013 Stellantis. \u201cLa Fiat 500e refl\u00e8te de nombreux aspects de son h\u00e9ritage italien. En c\u00e9l\u00e9brant le style et la culture, le mod\u00e8le La Prima met en avant l&#8217;ADN italien de la 500e de mani\u00e8re unique, comme seule FIAT sait le faire.\u201d<\/p>\n<h3>Un style unique<\/h3>\n<p>\nLa Prima pr\u00e9sente des r\u00e9troviseurs de couleur carrosserie et une moulure chrom\u00e9e d&#8217;ouverture de fen\u00eatre. La Prima est disponible uniquement en Or Rose, tout en offrant des couleurs ext\u00e9rieures Noir Tuxedo ou Blanc Glacier. \u00c0 l&#8217;int\u00e9rieur, le style rencontre le confort avec des si\u00e8ges en \u00e9co-cuir beige, un volant en cuir souple et un tableau de bord \u00e9l\u00e9gant en \u00e9co-cuir.<\/p>\n<h3>Ensemble Andrea Bocelli<\/h3>\n<p>\nLes clients vivront l&#8217;art du son avec La Prima. Deux ic\u00f4nes italiennes, la cinquecento et Maestro Andrea Bocelli, s&#8217;associent pour cr\u00e9er un package sp\u00e9cial pour les amateurs de musique \u00e9lectrique. La Prima rend hommage \u00e0 certaines des plus belles musiques du monde avec un syst\u00e8me audio JBL exceptionnel de 7 haut-parleurs amplifi\u00e9s avec caisson de basses.<\/p>\n<h3>Exp\u00e9rience auditive unique<\/h3>\n<p>\nDot\u00e9 de quatre salles virtuelles s\u00e9lectionn\u00e9es par Maestro Bocelli, le syst\u00e8me audio premium JBL offre aux auditeurs une exp\u00e9rience audio en r\u00e9alit\u00e9 virtuelle qui change les caract\u00e9ristiques acoustiques de la voiture en fonction du lieu choisi.<\/p>\n<ul><\/p>\n<li><strong>Ma Salle de Musique<\/strong> \u2013 Une exp\u00e9rience musicale intime comme si l&#8217;artiste jouait votre chanson pr\u00e9f\u00e9r\u00e9e juste devant vous.<\/li>\n<p><\/p>\n<li><strong>Mon Studio d&#8217;Enregistrement<\/strong> \u2013 Acoustique pure et tons magnifiques d&#8217;un v\u00e9ritable studio d&#8217;enregistrement cr\u00e9\u00e9 sp\u00e9cifiquement pour la musique et l&#8217;enregistrement.<\/li>\n<p><\/p>\n<li><strong>Op\u00e9ra Giuseppe Verdi, Pise<\/strong> \u2013 Ressentez la nature spectaculaire de la musique dans un cadre th\u00e9\u00e2tral unique : comme si vous \u00e9tiez assis au premier rang, profitant d&#8217;une performance en direct.<\/li>\n<p><\/p>\n<li><strong>Ar\u00e8ne en Plein Air<\/strong> \u2013 Entendez l&#8217;acoustique inimitable et l&#8217;\u00e9nergie d&#8217;une ar\u00e8ne en plein air.<\/li>\n<p>\n<\/ul>\n<p><\/p>\n<h3>Le prix<\/h3>\n<p>\nLe prix de La Prima commence \u00e0 47 190 $ (44 995 $ PDSF plus frais suppl\u00e9mentaires), avec des avantages fiscaux gouvernementaux jusqu&#8217;\u00e0 5 000 $ en remises f\u00e9d\u00e9rales et jusqu&#8217;\u00e0 7 000 $ en remises provinciales.<\/p>\n<h3>Aide \u00e0 la conduite<\/h3>\n<p>\nLa Prima introduit un syst\u00e8me de conduite active de niveau 2 pour la premi\u00e8re fois sur un mod\u00e8le FIAT en Am\u00e9rique du Nord, combinant le r\u00e9gulateur de vitesse adaptatif et l&#8217;assistance au maintien de voie pour aider le conducteur sur certaines routes.<\/p>\n<h3>Autonomie<\/h3>\n<p>\nLa 500e, la voiture \u00e9lectrique la plus l\u00e9g\u00e8re du march\u00e9, offre une autonomie allant jusqu&#8217;\u00e0 227 kilom\u00e8tres gr\u00e2ce \u00e0 une batterie de 42 kWh, avec un temps de charge de niveau 2 (11 kW) de quatre heures et 15 minutes. Avec son design inimitable, la 500e reste indubitablement FIAT, avec le style et la durabilit\u00e9 au c\u0153ur.<\/p>\n<h3>Recharge<\/h3>\n<p>\nLa 500e offre 117 chevaux et 162 lb-pi de couple, atteignant 0-60 mph en 8,5 secondes, offrant d&#8217;excellentes performances tout en g\u00e9rant l&#8217;autonomie. Avec un temps de charge de niveau 3 de 85 kW, cinq minutes de charge \u00e9quivalent \u00e0 une autonomie de jusqu&#8217;\u00e0 50 kilom\u00e8tres (31 miles).<\/p>\n<h3>Disponibilit\u00e9 initiale en Colombie-Britannique et au Qu\u00e9bec<\/h3>\n<p>\nLa 500e sera initialement disponible en Colombie-Britannique et au Qu\u00e9bec, puis s&#8217;\u00e9tendra \u00e0 d&#8217;autres march\u00e9s \u00e0 mesure que la production augmentera. Le mod\u00e8le La Prima arrive dans les salles d&#8217;exposition Stellantis en Colombie-Britannique et au Qu\u00e9bec \u00e0 partir du troisi\u00e8me trimestre de 2024.<\/p>\n<p>Source\u00a0: Stellantis<\/p>\n<p>\u00a0<\/p>\n<p>Le texte <a rel=\"nofollow\" href=\"https:\/\/annuelauto.ca\/fiat-annonce-le-nouveau-modele-electrique-500e-la-prima\/\">FIAT Annonce le Nouveau Mod\u00e8le \u00c9lectrique 500e La Prima<\/a> provient de <a rel=\"nofollow\" href=\"https:\/\/annuelauto.ca\">L&#8217;annuel de l&#8217;automobile &#8211; Actualit\u00e9 automobile<\/a><\/p>\n<p><\/p>\n","protected":false},"excerpt":{"rendered":"<p>FIAT a annonc\u00e9 le lancement de la 500e enti\u00e8rement \u00e9lectrique. La Prima rejoint l&#8217;\u00e9dition (500e)RED et c\u00e9l\u00e8bre la marque FIAT et la culture italienne. Le charme de la 500 avec des \u00e9lectrons en prime \u201cFIAT et la 500 sont \u00e9troitement li\u00e9es \u00e0 la culture italienne, alors associer notre voiture citadine enti\u00e8rement \u00e9lectrique \u00e0 deux tr\u00e9sors [&hellip;]<\/p>\n","protected":false},"author":8,"featured_media":160904,"comment_status":"close","ping_status":"closed","sticky":false,"template":"","format":"standard","meta":{"_monsterinsights_skip_tracking":false,"_monsterinsights_sitenote_active":false,"_monsterinsights_sitenote_note":"","_monsterinsights_sitenote_category":0,"footnotes":""},"categories":[101],"tags":[],"yoast_head":"<!-- This site is optimized with the Yoast SEO plugin v23.2 - https:\/\/yoast.com\/wordpress\/plugins\/seo\/ -->\n<title>FIAT Annonce le Nouveau Mod\u00e8le \u00c9lectrique 500e La Prima - CanadaMotorJobs.com<\/title>\n<meta name=\"description\" content=\"FIAT Annonce le Nouveau Mod\u00e8le \u00c9lectrique 500e La Prima - Benoit Charette - Annuel automobile - CanadaMotorJobs.com.\" \/>\n<meta name=\"robots\" content=\"index, follow, max-snippet:-1, max-image-preview:large, max-video-preview:-1\" \/>\n<meta property=\"og:locale\" content=\"fr_CA\" \/>\n<meta property=\"og:type\" content=\"article\" \/>\n<meta property=\"og:title\" content=\"FIAT Annonce le Nouveau Mod\u00e8le \u00c9lectrique 500e La Prima - CanadaMotorJobs.com\" \/>\n<meta property=\"og:description\" content=\"FIAT Annonce le Nouveau Mod\u00e8le \u00c9lectrique 500e La Prima - Benoit Charette - Annuel automobile - CanadaMotorJobs.com.\" \/>\n<meta property=\"og:url\" content=\"https:\/\/news.canadamotorjobs.com\/fr\/fiat-annonce-le-nouveau-modele-electrique-500e-la-prima\/\" \/>\n<meta property=\"og:site_name\" content=\"CanadaMotorJobs.com\" \/>\n<meta property=\"article:publisher\" content=\"https:\/\/www.facebook.com\/canadamotorjobs\/\" \/>\n<meta property=\"article:published_time\" content=\"2024-03-12T16:29:20+00:00\" \/>\n<meta property=\"article:modified_time\" content=\"2024-03-12T16:29:47+00:00\" \/>\n<meta property=\"og:image\" content=\"https:\/\/news.canadamotorjobs.com\/wp-content\/uploads\/2024\/03\/FT024_034FH.jpg\" \/>\n\t<meta property=\"og:image:width\" content=\"1200\" \/>\n\t<meta property=\"og:image:height\" content=\"800\" \/>\n\t<meta property=\"og:image:type\" content=\"image\/jpeg\" \/>\n<meta name=\"author\" content=\"Benoit Charette\" \/>\n<meta name=\"twitter:card\" content=\"summary_large_image\" \/>\n<meta name=\"twitter:creator\" content=\"@canadamotorjobs\" \/>\n<meta name=\"twitter:site\" content=\"@canadamotorjobs\" \/>\n<meta name=\"twitter:label1\" content=\"\u00c9crit par\" \/>\n\t<meta name=\"twitter:data1\" content=\"Benoit Charette\" \/>\n\t<meta name=\"twitter:label2\" content=\"Estimation du temps de lecture\" \/>\n\t<meta name=\"twitter:data2\" content=\"3 minutes\" \/>\n<!-- \/ Yoast SEO plugin. -->","yoast_head_json":{"title":"FIAT Annonce le Nouveau Mod\u00e8le \u00c9lectrique 500e La Prima - CanadaMotorJobs.com","description":"FIAT Annonce le Nouveau Mod\u00e8le \u00c9lectrique 500e La Prima - Benoit Charette - Annuel automobile - CanadaMotorJobs.com.","robots":{"index":"index","follow":"follow","max-snippet":"max-snippet:-1","max-image-preview":"max-image-preview:large","max-video-preview":"max-video-preview:-1"},"og_locale":"fr_CA","og_type":"article","og_title":"FIAT Annonce le Nouveau Mod\u00e8le \u00c9lectrique 500e La Prima - CanadaMotorJobs.com","og_description":"FIAT Annonce le Nouveau Mod\u00e8le \u00c9lectrique 500e La Prima - Benoit Charette - Annuel automobile - CanadaMotorJobs.com.","og_url":"https:\/\/news.canadamotorjobs.com\/fr\/fiat-annonce-le-nouveau-modele-electrique-500e-la-prima\/","og_site_name":"CanadaMotorJobs.com","article_publisher":"https:\/\/www.facebook.com\/canadamotorjobs\/","article_published_time":"2024-03-12T16:29:20+00:00","article_modified_time":"2024-03-12T16:29:47+00:00","og_image":[{"width":1200,"height":800,"url":"https:\/\/news.canadamotorjobs.com\/wp-content\/uploads\/2024\/03\/FT024_034FH.jpg","type":"image\/jpeg"}],"author":"Benoit Charette","twitter_card":"summary_large_image","twitter_creator":"@canadamotorjobs","twitter_site":"@canadamotorjobs","twitter_misc":{"\u00c9crit par":"Benoit Charette","Estimation du temps de lecture":"3 minutes"},"schema":{"@context":"https:\/\/schema.org","@graph":[{"@type":"Article","@id":"https:\/\/news.canadamotorjobs.com\/fr\/fiat-annonce-le-nouveau-modele-electrique-500e-la-prima\/#article","isPartOf":{"@id":"https:\/\/news.canadamotorjobs.com\/fr\/fiat-annonce-le-nouveau-modele-electrique-500e-la-prima\/"},"author":{"name":"Benoit Charette","@id":"https:\/\/news.canadamotorjobs.com\/#\/schema\/person\/51793d1f87d44011d7bcc2ed99269a90"},"headline":"FIAT Annonce le Nouveau Mod\u00e8le \u00c9lectrique 500e La Prima","datePublished":"2024-03-12T16:29:20+00:00","dateModified":"2024-03-12T16:29:47+00:00","mainEntityOfPage":{"@id":"https:\/\/news.canadamotorjobs.com\/fr\/fiat-annonce-le-nouveau-modele-electrique-500e-la-prima\/"},"wordCount":677,"publisher":{"@id":"https:\/\/news.canadamotorjobs.com\/#organization"},"image":{"@id":"https:\/\/news.canadamotorjobs.com\/fr\/fiat-annonce-le-nouveau-modele-electrique-500e-la-prima\/#primaryimage"},"thumbnailUrl":"https:\/\/news.canadamotorjobs.com\/wp-content\/uploads\/2024\/03\/FT024_034FH.jpg","articleSection":["Annuel automobile"],"inLanguage":"fr-CA"},{"@type":"WebPage","@id":"https:\/\/news.canadamotorjobs.com\/fr\/fiat-annonce-le-nouveau-modele-electrique-500e-la-prima\/","url":"https:\/\/news.canadamotorjobs.com\/fr\/fiat-annonce-le-nouveau-modele-electrique-500e-la-prima\/","name":"FIAT Annonce le Nouveau Mod\u00e8le \u00c9lectrique 500e La Prima - CanadaMotorJobs.com","isPartOf":{"@id":"https:\/\/news.canadamotorjobs.com\/#website"},"primaryImageOfPage":{"@id":"https:\/\/news.canadamotorjobs.com\/fr\/fiat-annonce-le-nouveau-modele-electrique-500e-la-prima\/#primaryimage"},"image":{"@id":"https:\/\/news.canadamotorjobs.com\/fr\/fiat-annonce-le-nouveau-modele-electrique-500e-la-prima\/#primaryimage"},"thumbnailUrl":"https:\/\/news.canadamotorjobs.com\/wp-content\/uploads\/2024\/03\/FT024_034FH.jpg","datePublished":"2024-03-12T16:29:20+00:00","dateModified":"2024-03-12T16:29:47+00:00","description":"FIAT Annonce le Nouveau Mod\u00e8le \u00c9lectrique 500e La Prima - Benoit Charette - Annuel automobile - CanadaMotorJobs.com.","breadcrumb":{"@id":"https:\/\/news.canadamotorjobs.com\/fr\/fiat-annonce-le-nouveau-modele-electrique-500e-la-prima\/#breadcrumb"},"inLanguage":"fr-CA","potentialAction":[{"@type":"ReadAction","target":["https:\/\/news.canadamotorjobs.com\/fr\/fiat-annonce-le-nouveau-modele-electrique-500e-la-prima\/"]}]},{"@type":"ImageObject","inLanguage":"fr-CA","@id":"https:\/\/news.canadamotorjobs.com\/fr\/fiat-annonce-le-nouveau-modele-electrique-500e-la-prima\/#primaryimage","url":"https:\/\/news.canadamotorjobs.com\/wp-content\/uploads\/2024\/03\/FT024_034FH.jpg","contentUrl":"https:\/\/news.canadamotorjobs.com\/wp-content\/uploads\/2024\/03\/FT024_034FH.jpg","width":1200,"height":800},{"@type":"BreadcrumbList","@id":"https:\/\/news.canadamotorjobs.com\/fr\/fiat-annonce-le-nouveau-modele-electrique-500e-la-prima\/#breadcrumb","itemListElement":[{"@type":"ListItem","position":1,"name":"Home","item":"https:\/\/news.canadamotorjobs.com\/fr\/blog\/"},{"@type":"ListItem","position":2,"name":"FIAT Annonce le Nouveau Mod\u00e8le \u00c9lectrique 500e La Prima"}]},{"@type":"WebSite","@id":"https:\/\/news.canadamotorjobs.com\/#website","url":"https:\/\/news.canadamotorjobs.com\/","name":"CanadaMotorJobs.com","description":"Automotive Jobs","publisher":{"@id":"https:\/\/news.canadamotorjobs.com\/#organization"},"potentialAction":[{"@type":"SearchAction","target":{"@type":"EntryPoint","urlTemplate":"https:\/\/news.canadamotorjobs.com\/?s={search_term_string}"},"query-input":"required name=search_term_string"}],"inLanguage":"fr-CA"},{"@type":"Organization","@id":"https:\/\/news.canadamotorjobs.com\/#organization","name":"Canada Motor Jobs","url":"https:\/\/news.canadamotorjobs.com\/","logo":{"@type":"ImageObject","inLanguage":"fr-CA","@id":"https:\/\/news.canadamotorjobs.com\/#\/schema\/logo\/image\/","url":"https:\/\/news.canadamotorjobs.com\/wp-content\/uploads\/2022\/10\/logo-canada-motor-jobs-1.png","contentUrl":"https:\/\/news.canadamotorjobs.com\/wp-content\/uploads\/2022\/10\/logo-canada-motor-jobs-1.png","width":800,"height":400,"caption":"Canada Motor Jobs"},"image":{"@id":"https:\/\/news.canadamotorjobs.com\/#\/schema\/logo\/image\/"},"sameAs":["https:\/\/www.facebook.com\/canadamotorjobs\/","https:\/\/x.com\/canadamotorjobs","https:\/\/www.instagram.com\/canadamotorjobs\/","https:\/\/www.linkedin.com\/company\/canadamotorjobs"]},{"@type":"Person","@id":"https:\/\/news.canadamotorjobs.com\/#\/schema\/person\/51793d1f87d44011d7bcc2ed99269a90","name":"Benoit Charette","image":{"@type":"ImageObject","inLanguage":"fr-CA","@id":"https:\/\/news.canadamotorjobs.com\/#\/schema\/person\/image\/","url":"https:\/\/secure.gravatar.com\/avatar\/45f3d2eebcccd909668d7ce7ea7267b6?s=96&d=mm&r=g","contentUrl":"https:\/\/secure.gravatar.com\/avatar\/45f3d2eebcccd909668d7ce7ea7267b6?s=96&d=mm&r=g","caption":"Benoit Charette"},"description":"Benoit Charette \/ Propri\u00e9taire et r\u00e9dacteur en chef Benoit Charette pratique le journalisme automobile depuis bient\u00f4t 30 ans. Il a fait ses classes au c\u00f4t\u00e9 de Daniel H\u00e9raud et au Carnet de route de 1992 \u00e0 2001. Il est fondateur, copropri\u00e9taire et r\u00e9dacteur en chef de L\u2019Annuel de l\u2019automobile, qu\u2019il publie depuis 2001. Il a anim\u00e9 les \u00e9missions RPM et RPM+ sur V et les L\u00e9gendes de la route sur Historia. \u00c0 la radio depuis 1986, il reprend l\u2019antenne cette ann\u00e9e sur les ondes de Cogeco et participe pour la deuxi\u00e8me ann\u00e9e \u00e0 l\u2019\u00e9mission Passion Auto sur RDS en plus de mettre en ligne le site Web officiel de L\u2019Annuel de l\u2019automobile sur annuelauto.ca.","sameAs":["https:\/\/annuelauto.ca\/"],"url":"https:\/\/news.canadamotorjobs.com\/fr\/author\/benoit-charette\/"}]}},"_links":{"self":[{"href":"https:\/\/news.canadamotorjobs.com\/fr\/wp-json\/wp\/v2\/posts\/160902"}],"collection":[{"href":"https:\/\/news.canadamotorjobs.com\/fr\/wp-json\/wp\/v2\/posts"}],"about":[{"href":"https:\/\/news.canadamotorjobs.com\/fr\/wp-json\/wp\/v2\/types\/post"}],"author":[{"embeddable":true,"href":"https:\/\/news.canadamotorjobs.com\/fr\/wp-json\/wp\/v2\/users\/8"}],"replies":[{"embeddable":true,"href":"https:\/\/news.canadamotorjobs.com\/fr\/wp-json\/wp\/v2\/comments?post=160902"}],"version-history":[{"count":2,"href":"https:\/\/news.canadamotorjobs.com\/fr\/wp-json\/wp\/v2\/posts\/160902\/revisions"}],"predecessor-version":[{"id":160906,"href":"https:\/\/news.canadamotorjobs.com\/fr\/wp-json\/wp\/v2\/posts\/160902\/revisions\/160906"}],"wp:featuredmedia":[{"embeddable":true,"href":"https:\/\/news.canadamotorjobs.com\/fr\/wp-json\/wp\/v2\/media\/160904"}],"wp:attachment":[{"href":"https:\/\/news.canadamotorjobs.com\/fr\/wp-json\/wp\/v2\/media?parent=160902"}],"wp:term":[{"taxonomy":"category","embeddable":true,"href":"https:\/\/news.canadamotorjobs.com\/fr\/wp-json\/wp\/v2\/categories?post=160902"},{"taxonomy":"post_tag","embeddable":true,"href":"https:\/\/news.canadamotorjobs.com\/fr\/wp-json\/wp\/v2\/tags?post=160902"}],"curies":[{"name":"wp","href":"https:\/\/api.w.org\/{rel}","templated":true}]}}