{"id":160875,"date":"2024-03-12T12:08:10","date_gmt":"2024-03-12T16:08:10","guid":{"rendered":"https:\/\/news.canadamotorjobs.com\/?p=160875"},"modified":"2024-03-12T12:18:16","modified_gmt":"2024-03-12T16:18:16","slug":"porsche-confirme-la-premiere-motorisation-hybride-pour-la-911-en-2024","status":"publish","type":"post","link":"https:\/\/news.canadamotorjobs.com\/fr\/porsche-confirme-la-premiere-motorisation-hybride-pour-la-911-en-2024\/","title":{"rendered":"Porsche Confirme la Premi\u00e8re Motorisation Hybride pour la 911 en 2024"},"content":{"rendered":"<\/p>\n<p>Porsche a confirm\u00e9 que la 911 recevra son tout premier groupe motopropulseur hybride cet \u00e9t\u00e9, dans le cadre d&#8217;une mise \u00e0 jour majeure du mod\u00e8le \u00e9labor\u00e9e sur deux ans.<\/p>\n<h3>Une Nouvelle G\u00e9n\u00e9ration &#8216;992.2&#8217; Pr\u00e9vue d&#8217;ici la Fin de l&#8217;Ann\u00e9e<\/h3>\n<p>\nPr\u00e9vue \u00e0 la vente d&#8217;ici la fin de l&#8217;ann\u00e9e, la Porsche 911 de g\u00e9n\u00e9ration &#8216;992.2&#8217; conna\u00eet une s\u00e9rie de r\u00e9visions \u00e0 mi-vie, comprenant des ajustements subtils au style ext\u00e9rieur, une refonte de l&#8217;int\u00e9rieur et des moteurs \u00e0 essence six cylindres mis \u00e0 jour.<\/p>\n<h3>Quatre Nouveaux Mod\u00e8les en 2024<\/h3>\n<p>\nC&#8217;est l&#8217;une des quatre nouvelles Porsche pr\u00e9vues pour 2024, une ann\u00e9e record en termes de lancements de nouveaux produits, aux c\u00f4t\u00e9s de la Panamera, de la Taycan et de la Macan \u00e9lectrique.<\/p>\n<h3>Maintenir l&#8217;Attrait de la 911 Jusqu&#8217;en 2027<\/h3>\n<p>\nCes changements visent \u00e0 maintenir l&#8217;attrait de la 911 jusqu&#8217;en 2027, ann\u00e9e o\u00f9 un tout nouveau mod\u00e8le de neuvi\u00e8me g\u00e9n\u00e9ration rejoindra la gamme Porsche de plus en plus \u00e9lectrifi\u00e9e.<\/p>\n<h3>Adoption d&#8217;un Syst\u00e8me Hybride Essence-\u00c9lectrique Unique<\/h3>\n<p>\nLa modification la plus significative de la 911 en six d\u00e9cennies de production est l&#8217;adoption d&#8217;un syst\u00e8me hybride essence-\u00e9lectrique unique.<\/p>\n<h3>Nouveau Mod\u00e8le \u00e0 Quatre Roues Motrices Pr\u00e9vu pour l&#8217;\u00c9t\u00e9<\/h3>\n<p>\n\u00c0 para\u00eetre dans un nouveau mod\u00e8le \u00e0 quatre roues motrices cet \u00e9t\u00e9, il combine une version optimis\u00e9e du moteur six cylindres suraliment\u00e9 de Porsche avec un moteur \u00e9lectrique sp\u00e9cialement con\u00e7u log\u00e9 dans l&#8217;essieu avant.<\/p>\n<h3>Syst\u00e8me Hybride de 400V avec R\u00e9g\u00e9n\u00e9ration d&#8217;\u00c9nergie<\/h3>\n<p>\nLe nouveau syst\u00e8me de 400V g\u00e9n\u00e8re ses propres r\u00e9serves d&#8217;\u00e9nergie en utilisant le moteur comme g\u00e9n\u00e9rateur et via la r\u00e9g\u00e9n\u00e9ration au frein, \u00e9liminant ainsi le besoin de recharge externe.<\/p>\n<h3>Des Performances encore secr\u00e8tes<\/h3>\n<p>\nLe rendement du nouveau groupe motopropulseur hybride est entour\u00e9 de myst\u00e8re, bien que Porsche devrait \u00e9ventuellement le proposer dans diff\u00e9rentes versions de performances.<\/p>\n<h3>Nouveaux Mod\u00e8les Hybrides Turbo-E et Turbo S Pr\u00e9vus<\/h3>\n<p>\nDes mod\u00e8les Turbo-E Hybrid et Turbo S E-Hybrid sont envisag\u00e9s, align\u00e9s sur les gammes Cayenne et Panamera.<\/p>\n<h3>Collaboration avec Rimac pour un moteur Innovant<\/h3>\n<p>\nLe nouveau groupe motopropulseur a \u00e9t\u00e9 d\u00e9velopp\u00e9 en collaboration avec Rimac, le sp\u00e9cialiste croate de la propulsion \u00e9lectrique dont Porsche d\u00e9tient 45% des parts.<\/p>\n<h3>Porsche Pr\u00e9voit un Successeur Hybride de Plus de 800 ch pour la GT2 RS<\/h3>\n<p>\nAvant la fin de la d\u00e9cennie, Porsche lancera \u00e9galement un successeur hybride de plus de 800 ch pour la redoutable GT2 RS.<\/p>\n<h3>\u00c9volutions \u00e0 Pr\u00e9voir pour les Mod\u00e8les Carrera et Carrera S<\/h3>\n<p>\nLes Carrera standard et Carrera S conserveront le moteur \u00e0 essence \u00e0 plat suraliment\u00e9 de 3,0 litres, mais l&#8217;adoption du syst\u00e8me hybride l\u00e9ger 48V reste \u00e0 confirmer.<\/p>\n<h3>Possibilit\u00e9 d&#8217;\u00c9lectrification pour les Mod\u00e8les Standard<\/h3>\n<p>\nAvec des normes d&#8217;\u00e9missions plus strictes, ces mod\u00e8les pourraient recevoir une \u00e9lectrification et une l\u00e9g\u00e8re augmentation de leurs r\u00e9serves lors du lifting de la 911.<\/p>\n<h3>Des Plans Secrets pour les Mod\u00e8les GTS<\/h3>\n<p>\nLes mod\u00e8les GTS pourraient adopter le moteur six cylindres atmosph\u00e9rique de 4,0 litres utilis\u00e9 par la 718 Cayman GT4, mais Porsche reste discret sur ses plans.<\/p>\n<h3>Nouveau Moteur 3.6 litres pour les Mod\u00e8les 911 Sportifs<\/h3>\n<p>\nUne nouvelle version 3,6 litres du classique moteur six cylindres Porsche, \u00e9quip\u00e9e d&#8217;un turbo \u00e0 aubes variables unique, est envisag\u00e9e pour les mod\u00e8les sportifs de la 911.<\/p>\n<h3>Porsche Envisage des Mod\u00e8les 911 \u00c9lectrifi\u00e9s<\/h3>\n<p>\nPlut\u00f4t qu&#8217;une 911 enti\u00e8rement \u00e9lectrique, Porsche imagine que sa coup\u00e9 et cabriolet embl\u00e9matiques progresseront avec des moteurs \u00e0 combustion \u00e9lectrifi\u00e9s et de nouveaux d\u00e9riv\u00e9s d&#8217;e-carburant pour des \u00e9missions nettes nulles.<\/p>\n<h3>\u00c9volutions en Bref<\/h3>\n<p><\/p>\n<ul><\/p>\n<li>Refroidissement Am\u00e9lior\u00e9 : Nouveaux conduits d&#8217;air distinctifs dans le pare-chocs avant pour am\u00e9liorer le refroidissement.<\/li>\n<p><\/p>\n<li>Phares Redessin\u00e9s : Int\u00e9gration des clignotants dans de nouveaux ensembles de phares avec une conception graphique moderne.<\/li>\n<p><\/p>\n<li>Arri\u00e8re Restyl\u00e9 : Nouveaux feux de freinage int\u00e9gr\u00e9s dans un pare-chocs arri\u00e8re redessin\u00e9.<\/li>\n<p><\/p>\n<li>Upgrades Int\u00e9rieurs : Changements subtils, avec de nouvelles graphiques d&#8217;instruments num\u00e9riques et le dernier syst\u00e8me de gestion de la communication Porsche.<\/li>\n<p>\n<\/ul>\n<p>\nUne Porsche 911 \u00e9lectrifi\u00e9e et Innovante s&#8217;annonce pour 2024 !<\/p>\n<p>\u00a0<\/p>\n<p>Le texte <a rel=\"nofollow\" href=\"https:\/\/annuelauto.ca\/porsche-confirme-la-premiere-motorisation-hybride-pour-la-911-en-2024\/\">Porsche Confirme la Premi\u00e8re Motorisation Hybride pour la 911 en 2024<\/a> provient de <a rel=\"nofollow\" href=\"https:\/\/annuelauto.ca\">L&#8217;annuel de l&#8217;automobile &#8211; Actualit\u00e9 automobile<\/a><\/p>\n<p><\/p>\n","protected":false},"excerpt":{"rendered":"<p>Porsche a confirm\u00e9 que la 911 recevra son tout premier groupe motopropulseur hybride cet \u00e9t\u00e9, dans le cadre d&#8217;une mise \u00e0 jour majeure du mod\u00e8le \u00e9labor\u00e9e sur deux ans. Une Nouvelle G\u00e9n\u00e9ration &#8216;992.2&#8217; Pr\u00e9vue d&#8217;ici la Fin de l&#8217;Ann\u00e9e Pr\u00e9vue \u00e0 la vente d&#8217;ici la fin de l&#8217;ann\u00e9e, la Porsche 911 de g\u00e9n\u00e9ration &#8216;992.2&#8217; conna\u00eet [&hellip;]<\/p>\n","protected":false},"author":8,"featured_media":160877,"comment_status":"close","ping_status":"closed","sticky":false,"template":"","format":"standard","meta":{"_monsterinsights_skip_tracking":false,"_monsterinsights_sitenote_active":false,"_monsterinsights_sitenote_note":"","_monsterinsights_sitenote_category":0,"footnotes":""},"categories":[101],"tags":[],"yoast_head":"<!-- This site is optimized with the Yoast SEO plugin v23.2 - https:\/\/yoast.com\/wordpress\/plugins\/seo\/ -->\n<title>Porsche Confirme la Premi\u00e8re Motorisation Hybride pour la 911 en 2024 - CanadaMotorJobs.com<\/title>\n<meta name=\"description\" content=\"Porsche Confirme la Premi\u00e8re Motorisation Hybride pour la 911 en 2024 - Benoit Charette - Annuel automobile - CanadaMotorJobs.com.\" \/>\n<meta name=\"robots\" content=\"index, follow, max-snippet:-1, max-image-preview:large, max-video-preview:-1\" \/>\n<meta property=\"og:locale\" content=\"fr_CA\" \/>\n<meta property=\"og:type\" content=\"article\" \/>\n<meta property=\"og:title\" content=\"Porsche Confirme la Premi\u00e8re Motorisation Hybride pour la 911 en 2024 - CanadaMotorJobs.com\" \/>\n<meta property=\"og:description\" content=\"Porsche Confirme la Premi\u00e8re Motorisation Hybride pour la 911 en 2024 - Benoit Charette - Annuel automobile - CanadaMotorJobs.com.\" \/>\n<meta property=\"og:url\" content=\"https:\/\/news.canadamotorjobs.com\/fr\/porsche-confirme-la-premiere-motorisation-hybride-pour-la-911-en-2024\/\" \/>\n<meta property=\"og:site_name\" content=\"CanadaMotorJobs.com\" \/>\n<meta property=\"article:publisher\" content=\"https:\/\/www.facebook.com\/canadamotorjobs\/\" \/>\n<meta property=\"article:published_time\" content=\"2024-03-12T16:08:10+00:00\" \/>\n<meta property=\"article:modified_time\" content=\"2024-03-12T16:18:16+00:00\" \/>\n<meta property=\"og:image\" content=\"https:\/\/news.canadamotorjobs.com\/wp-content\/uploads\/2024\/03\/HEADD.jpg\" \/>\n\t<meta property=\"og:image:width\" content=\"1890\" \/>\n\t<meta property=\"og:image:height\" content=\"1063\" \/>\n\t<meta property=\"og:image:type\" content=\"image\/jpeg\" \/>\n<meta name=\"author\" content=\"Benoit Charette\" \/>\n<meta name=\"twitter:card\" content=\"summary_large_image\" \/>\n<meta name=\"twitter:creator\" content=\"@canadamotorjobs\" \/>\n<meta name=\"twitter:site\" content=\"@canadamotorjobs\" \/>\n<meta name=\"twitter:label1\" content=\"\u00c9crit par\" \/>\n\t<meta name=\"twitter:data1\" content=\"Benoit Charette\" \/>\n\t<meta name=\"twitter:label2\" content=\"Estimation du temps de lecture\" \/>\n\t<meta name=\"twitter:data2\" content=\"4 minutes\" \/>\n<!-- \/ Yoast SEO plugin. -->","yoast_head_json":{"title":"Porsche Confirme la Premi\u00e8re Motorisation Hybride pour la 911 en 2024 - CanadaMotorJobs.com","description":"Porsche Confirme la Premi\u00e8re Motorisation Hybride pour la 911 en 2024 - Benoit Charette - Annuel automobile - CanadaMotorJobs.com.","robots":{"index":"index","follow":"follow","max-snippet":"max-snippet:-1","max-image-preview":"max-image-preview:large","max-video-preview":"max-video-preview:-1"},"og_locale":"fr_CA","og_type":"article","og_title":"Porsche Confirme la Premi\u00e8re Motorisation Hybride pour la 911 en 2024 - CanadaMotorJobs.com","og_description":"Porsche Confirme la Premi\u00e8re Motorisation Hybride pour la 911 en 2024 - Benoit Charette - Annuel automobile - CanadaMotorJobs.com.","og_url":"https:\/\/news.canadamotorjobs.com\/fr\/porsche-confirme-la-premiere-motorisation-hybride-pour-la-911-en-2024\/","og_site_name":"CanadaMotorJobs.com","article_publisher":"https:\/\/www.facebook.com\/canadamotorjobs\/","article_published_time":"2024-03-12T16:08:10+00:00","article_modified_time":"2024-03-12T16:18:16+00:00","og_image":[{"width":1890,"height":1063,"url":"https:\/\/news.canadamotorjobs.com\/wp-content\/uploads\/2024\/03\/HEADD.jpg","type":"image\/jpeg"}],"author":"Benoit Charette","twitter_card":"summary_large_image","twitter_creator":"@canadamotorjobs","twitter_site":"@canadamotorjobs","twitter_misc":{"\u00c9crit par":"Benoit Charette","Estimation du temps de lecture":"4 minutes"},"schema":{"@context":"https:\/\/schema.org","@graph":[{"@type":"Article","@id":"https:\/\/news.canadamotorjobs.com\/fr\/porsche-confirme-la-premiere-motorisation-hybride-pour-la-911-en-2024\/#article","isPartOf":{"@id":"https:\/\/news.canadamotorjobs.com\/fr\/porsche-confirme-la-premiere-motorisation-hybride-pour-la-911-en-2024\/"},"author":{"name":"Benoit Charette","@id":"https:\/\/news.canadamotorjobs.com\/#\/schema\/person\/51793d1f87d44011d7bcc2ed99269a90"},"headline":"Porsche Confirme la Premi\u00e8re Motorisation Hybride pour la 911 en 2024","datePublished":"2024-03-12T16:08:10+00:00","dateModified":"2024-03-12T16:18:16+00:00","mainEntityOfPage":{"@id":"https:\/\/news.canadamotorjobs.com\/fr\/porsche-confirme-la-premiere-motorisation-hybride-pour-la-911-en-2024\/"},"wordCount":745,"publisher":{"@id":"https:\/\/news.canadamotorjobs.com\/#organization"},"image":{"@id":"https:\/\/news.canadamotorjobs.com\/fr\/porsche-confirme-la-premiere-motorisation-hybride-pour-la-911-en-2024\/#primaryimage"},"thumbnailUrl":"https:\/\/news.canadamotorjobs.com\/wp-content\/uploads\/2024\/03\/HEADD.jpg","articleSection":["Annuel automobile"],"inLanguage":"fr-CA"},{"@type":"WebPage","@id":"https:\/\/news.canadamotorjobs.com\/fr\/porsche-confirme-la-premiere-motorisation-hybride-pour-la-911-en-2024\/","url":"https:\/\/news.canadamotorjobs.com\/fr\/porsche-confirme-la-premiere-motorisation-hybride-pour-la-911-en-2024\/","name":"Porsche Confirme la Premi\u00e8re Motorisation Hybride pour la 911 en 2024 - CanadaMotorJobs.com","isPartOf":{"@id":"https:\/\/news.canadamotorjobs.com\/#website"},"primaryImageOfPage":{"@id":"https:\/\/news.canadamotorjobs.com\/fr\/porsche-confirme-la-premiere-motorisation-hybride-pour-la-911-en-2024\/#primaryimage"},"image":{"@id":"https:\/\/news.canadamotorjobs.com\/fr\/porsche-confirme-la-premiere-motorisation-hybride-pour-la-911-en-2024\/#primaryimage"},"thumbnailUrl":"https:\/\/news.canadamotorjobs.com\/wp-content\/uploads\/2024\/03\/HEADD.jpg","datePublished":"2024-03-12T16:08:10+00:00","dateModified":"2024-03-12T16:18:16+00:00","description":"Porsche Confirme la Premi\u00e8re Motorisation Hybride pour la 911 en 2024 - Benoit Charette - Annuel automobile - CanadaMotorJobs.com.","breadcrumb":{"@id":"https:\/\/news.canadamotorjobs.com\/fr\/porsche-confirme-la-premiere-motorisation-hybride-pour-la-911-en-2024\/#breadcrumb"},"inLanguage":"fr-CA","potentialAction":[{"@type":"ReadAction","target":["https:\/\/news.canadamotorjobs.com\/fr\/porsche-confirme-la-premiere-motorisation-hybride-pour-la-911-en-2024\/"]}]},{"@type":"ImageObject","inLanguage":"fr-CA","@id":"https:\/\/news.canadamotorjobs.com\/fr\/porsche-confirme-la-premiere-motorisation-hybride-pour-la-911-en-2024\/#primaryimage","url":"https:\/\/news.canadamotorjobs.com\/wp-content\/uploads\/2024\/03\/HEADD.jpg","contentUrl":"https:\/\/news.canadamotorjobs.com\/wp-content\/uploads\/2024\/03\/HEADD.jpg","width":1890,"height":1063},{"@type":"BreadcrumbList","@id":"https:\/\/news.canadamotorjobs.com\/fr\/porsche-confirme-la-premiere-motorisation-hybride-pour-la-911-en-2024\/#breadcrumb","itemListElement":[{"@type":"ListItem","position":1,"name":"Home","item":"https:\/\/news.canadamotorjobs.com\/fr\/blog\/"},{"@type":"ListItem","position":2,"name":"Porsche Confirme la Premi\u00e8re Motorisation Hybride pour la 911 en 2024"}]},{"@type":"WebSite","@id":"https:\/\/news.canadamotorjobs.com\/#website","url":"https:\/\/news.canadamotorjobs.com\/","name":"CanadaMotorJobs.com","description":"Automotive Jobs","publisher":{"@id":"https:\/\/news.canadamotorjobs.com\/#organization"},"potentialAction":[{"@type":"SearchAction","target":{"@type":"EntryPoint","urlTemplate":"https:\/\/news.canadamotorjobs.com\/?s={search_term_string}"},"query-input":"required name=search_term_string"}],"inLanguage":"fr-CA"},{"@type":"Organization","@id":"https:\/\/news.canadamotorjobs.com\/#organization","name":"Canada Motor Jobs","url":"https:\/\/news.canadamotorjobs.com\/","logo":{"@type":"ImageObject","inLanguage":"fr-CA","@id":"https:\/\/news.canadamotorjobs.com\/#\/schema\/logo\/image\/","url":"https:\/\/news.canadamotorjobs.com\/wp-content\/uploads\/2022\/10\/logo-canada-motor-jobs-1.png","contentUrl":"https:\/\/news.canadamotorjobs.com\/wp-content\/uploads\/2022\/10\/logo-canada-motor-jobs-1.png","width":800,"height":400,"caption":"Canada Motor Jobs"},"image":{"@id":"https:\/\/news.canadamotorjobs.com\/#\/schema\/logo\/image\/"},"sameAs":["https:\/\/www.facebook.com\/canadamotorjobs\/","https:\/\/x.com\/canadamotorjobs","https:\/\/www.instagram.com\/canadamotorjobs\/","https:\/\/www.linkedin.com\/company\/canadamotorjobs"]},{"@type":"Person","@id":"https:\/\/news.canadamotorjobs.com\/#\/schema\/person\/51793d1f87d44011d7bcc2ed99269a90","name":"Benoit Charette","image":{"@type":"ImageObject","inLanguage":"fr-CA","@id":"https:\/\/news.canadamotorjobs.com\/#\/schema\/person\/image\/","url":"https:\/\/secure.gravatar.com\/avatar\/45f3d2eebcccd909668d7ce7ea7267b6?s=96&d=mm&r=g","contentUrl":"https:\/\/secure.gravatar.com\/avatar\/45f3d2eebcccd909668d7ce7ea7267b6?s=96&d=mm&r=g","caption":"Benoit Charette"},"description":"Benoit Charette \/ Propri\u00e9taire et r\u00e9dacteur en chef Benoit Charette pratique le journalisme automobile depuis bient\u00f4t 30 ans. Il a fait ses classes au c\u00f4t\u00e9 de Daniel H\u00e9raud et au Carnet de route de 1992 \u00e0 2001. Il est fondateur, copropri\u00e9taire et r\u00e9dacteur en chef de L\u2019Annuel de l\u2019automobile, qu\u2019il publie depuis 2001. Il a anim\u00e9 les \u00e9missions RPM et RPM+ sur V et les L\u00e9gendes de la route sur Historia. \u00c0 la radio depuis 1986, il reprend l\u2019antenne cette ann\u00e9e sur les ondes de Cogeco et participe pour la deuxi\u00e8me ann\u00e9e \u00e0 l\u2019\u00e9mission Passion Auto sur RDS en plus de mettre en ligne le site Web officiel de L\u2019Annuel de l\u2019automobile sur annuelauto.ca.","sameAs":["https:\/\/annuelauto.ca\/"],"url":"https:\/\/news.canadamotorjobs.com\/fr\/author\/benoit-charette\/"}]}},"_links":{"self":[{"href":"https:\/\/news.canadamotorjobs.com\/fr\/wp-json\/wp\/v2\/posts\/160875"}],"collection":[{"href":"https:\/\/news.canadamotorjobs.com\/fr\/wp-json\/wp\/v2\/posts"}],"about":[{"href":"https:\/\/news.canadamotorjobs.com\/fr\/wp-json\/wp\/v2\/types\/post"}],"author":[{"embeddable":true,"href":"https:\/\/news.canadamotorjobs.com\/fr\/wp-json\/wp\/v2\/users\/8"}],"replies":[{"embeddable":true,"href":"https:\/\/news.canadamotorjobs.com\/fr\/wp-json\/wp\/v2\/comments?post=160875"}],"version-history":[{"count":2,"href":"https:\/\/news.canadamotorjobs.com\/fr\/wp-json\/wp\/v2\/posts\/160875\/revisions"}],"predecessor-version":[{"id":160879,"href":"https:\/\/news.canadamotorjobs.com\/fr\/wp-json\/wp\/v2\/posts\/160875\/revisions\/160879"}],"wp:featuredmedia":[{"embeddable":true,"href":"https:\/\/news.canadamotorjobs.com\/fr\/wp-json\/wp\/v2\/media\/160877"}],"wp:attachment":[{"href":"https:\/\/news.canadamotorjobs.com\/fr\/wp-json\/wp\/v2\/media?parent=160875"}],"wp:term":[{"taxonomy":"category","embeddable":true,"href":"https:\/\/news.canadamotorjobs.com\/fr\/wp-json\/wp\/v2\/categories?post=160875"},{"taxonomy":"post_tag","embeddable":true,"href":"https:\/\/news.canadamotorjobs.com\/fr\/wp-json\/wp\/v2\/tags?post=160875"}],"curies":[{"name":"wp","href":"https:\/\/api.w.org\/{rel}","templated":true}]}}