{"id":160856,"date":"2024-03-11T11:01:17","date_gmt":"2024-03-11T15:01:17","guid":{"rendered":"https:\/\/news.canadamotorjobs.com\/?p=160856"},"modified":"2024-03-11T11:05:10","modified_gmt":"2024-03-11T15:05:10","slug":"kia-prepare-les-modeles-ev3-et-ev4-pour-le-marche-canadien","status":"publish","type":"post","link":"https:\/\/news.canadamotorjobs.com\/fr\/kia-prepare-les-modeles-ev3-et-ev4-pour-le-marche-canadien\/","title":{"rendered":"Kia pr\u00e9pare les mod\u00e8les EV3 et EV4 pour le march\u00e9 Canadien"},"content":{"rendered":"<\/p>\n<h3>Une question de prix<\/h3>\n<p>\nKia suivra le lancement de son co\u00fbteux EV9 avec deux v\u00e9hicules \u00e9lectriques sous-compacts pour stimuler l&#8217;adoption par le march\u00e9 de masse de cette technologie encore trop co\u00fbteuse. Tout comme Tesla et Rivian s&#8217;adresseront \u00e0 des acheteurs plus traditionnels en introduisant des versions plus petites et plus abordables de leurs v\u00e9hicules \u00e9lectriques haut de gamme, Kia a l&#8217;intention de lancer deux v\u00e9hicules \u00e9lectriques sous-compacts pour stimuler les acheteurs qui ont un busget plus r\u00e9aliste pour leur v\u00e9hicule.<\/p>\n<h3>Un multisegment \u00e0 35\u00a0000 $ US<\/h3>\n<p>\nContrairement au mod\u00e8le EV9 qui d\u00e9passe les 80\u00a0000$ dans sa version GT Line, les multisegments EV3 et EV4 seront offerts \u00e0 des prix semblables \u00e0 la Chevrolet Bolt et Nissan Leaf. Les deux v\u00e9hicules sont \u00e0 l\u2019horizon.Les pr\u00e9visionnistes estiment que l\u2019EV3 sera lanc\u00e9 fin 2024 ou d\u00e9but 2025. L\u2019EV4 suivra probablement en 2026.<\/p>\n<h3>\u00c9lev\u00e9 les ventes canadienne<\/h3>\n<p>\nOn observe une tendance au Canada, o\u00f9 les constructeurs automobiles ont vendu 281\u00a0020 VUM compacts en 2023. Seul le segment des camions pleine grandeur a vu ses ventes augmenter en volume, soit 307\u00a0651. &#8220;Si les constructeurs automobiles peuvent garder un prix r\u00e9aliste avec un v\u00e9hicule \u00e9lectrique de la taille d\u2019un RAV4, cela contribuera grandement \u00e0 parler une meilleure adoption des V\u00c9S.<\/p>\n<h3>La croissance de la marque en d\u00e9pend<\/h3>\n<p>\nPour poursuivre la croissance de Kia en tant que marque non luxueuse, ils doivent s&#8217;adresser \u00e0 cette partie dominante du march\u00e9, et c&#8217;est le cas avec les EV3 et EV4. Les deux mod\u00e8les misent sur l\u2019espace. Les plates-formes \u00e9lectriques sur lesquelles roulent ces deux mod\u00e8les offriront un int\u00e9rieur plus spacieux car elles n&#8217;auront pas des pi\u00e8ces encombrantes de v\u00e9hicules \u00e0 essence telles que le moteur, le r\u00e9servoir d&#8217;essence et la transmission. Cela signifie qu\u2019un v\u00e9hicule \u00e9lectrique de taille Seltos \u00e0 l\u2019ext\u00e9rieur ressemblera davantage \u00e0 un Sportage \u00e0 l\u2019int\u00e9rieur.<\/p>\n<h3>Le prix vis\u00e9 au Canada<\/h3>\n<p>\nSi le Canada vise un prix de 40\u00a0000$ dollars pour ces deux mod\u00e8les avec les subventions de 12\u00a0000-$ au Qu\u00e9bec, nous pouvons d\u2019ores et d\u00e9j\u00e0 annonc\u00e9 que ce sera un grand succ\u00e8s<\/p>\n<p>\u00a0<\/p>\n<p>Avec des renseignements d\u2019Automotive News Canada<\/p>\n<p>\u00a0<\/p>\n<p>\u00a0<\/p>\n<p>\u00a0<\/p>\n<p>Le texte <a rel=\"nofollow\" href=\"https:\/\/annuelauto.ca\/kia-prepare-les-modeles-ev3-et-ev4-pour-le-marche-canadien\/\">Kia pr\u00e9pare les mod\u00e8les EV3 et EV4 pour le march\u00e9 Canadien<\/a> provient de <a rel=\"nofollow\" href=\"https:\/\/annuelauto.ca\">L&#8217;annuel de l&#8217;automobile &#8211; Actualit\u00e9 automobile<\/a><\/p>\n<p><\/p>\n","protected":false},"excerpt":{"rendered":"<p>Une question de prix Kia suivra le lancement de son co\u00fbteux EV9 avec deux v\u00e9hicules \u00e9lectriques sous-compacts pour stimuler l&#8217;adoption par le march\u00e9 de masse de cette technologie encore trop co\u00fbteuse. Tout comme Tesla et Rivian s&#8217;adresseront \u00e0 des acheteurs plus traditionnels en introduisant des versions plus petites et plus abordables de leurs v\u00e9hicules \u00e9lectriques [&hellip;]<\/p>\n","protected":false},"author":8,"featured_media":160858,"comment_status":"close","ping_status":"closed","sticky":false,"template":"","format":"standard","meta":{"_monsterinsights_skip_tracking":false,"_monsterinsights_sitenote_active":false,"_monsterinsights_sitenote_note":"","_monsterinsights_sitenote_category":0,"footnotes":""},"categories":[101],"tags":[],"yoast_head":"<!-- This site is optimized with the Yoast SEO plugin v23.2 - https:\/\/yoast.com\/wordpress\/plugins\/seo\/ -->\n<title>Kia pr\u00e9pare les mod\u00e8les EV3 et EV4 pour le march\u00e9 Canadien - CanadaMotorJobs.com<\/title>\n<meta name=\"description\" content=\"Kia pr\u00e9pare les mod\u00e8les EV3 et EV4 pour le march\u00e9 Canadien - Benoit Charette - Annuel automobile - CanadaMotorJobs.com.\" \/>\n<meta name=\"robots\" content=\"index, follow, max-snippet:-1, max-image-preview:large, max-video-preview:-1\" \/>\n<meta property=\"og:locale\" content=\"fr_CA\" \/>\n<meta property=\"og:type\" content=\"article\" \/>\n<meta property=\"og:title\" content=\"Kia pr\u00e9pare les mod\u00e8les EV3 et EV4 pour le march\u00e9 Canadien - CanadaMotorJobs.com\" \/>\n<meta property=\"og:description\" content=\"Kia pr\u00e9pare les mod\u00e8les EV3 et EV4 pour le march\u00e9 Canadien - Benoit Charette - Annuel automobile - CanadaMotorJobs.com.\" \/>\n<meta property=\"og:url\" content=\"https:\/\/news.canadamotorjobs.com\/fr\/kia-prepare-les-modeles-ev3-et-ev4-pour-le-marche-canadien\/\" \/>\n<meta property=\"og:site_name\" content=\"CanadaMotorJobs.com\" \/>\n<meta property=\"article:publisher\" content=\"https:\/\/www.facebook.com\/canadamotorjobs\/\" \/>\n<meta property=\"article:published_time\" content=\"2024-03-11T15:01:17+00:00\" \/>\n<meta property=\"article:modified_time\" content=\"2024-03-11T15:05:10+00:00\" \/>\n<meta property=\"og:image\" content=\"https:\/\/news.canadamotorjobs.com\/wp-content\/uploads\/2024\/03\/Kia-Concept-EV3-Concept-EV4.jpg\" \/>\n\t<meta property=\"og:image:width\" content=\"640\" \/>\n\t<meta property=\"og:image:height\" content=\"413\" \/>\n\t<meta property=\"og:image:type\" content=\"image\/jpeg\" \/>\n<meta name=\"author\" content=\"Benoit Charette\" \/>\n<meta name=\"twitter:card\" content=\"summary_large_image\" \/>\n<meta name=\"twitter:creator\" content=\"@canadamotorjobs\" \/>\n<meta name=\"twitter:site\" content=\"@canadamotorjobs\" \/>\n<meta name=\"twitter:label1\" content=\"\u00c9crit par\" \/>\n\t<meta name=\"twitter:data1\" content=\"Benoit Charette\" \/>\n\t<meta name=\"twitter:label2\" content=\"Estimation du temps de lecture\" \/>\n\t<meta name=\"twitter:data2\" content=\"2 minutes\" \/>\n<!-- \/ Yoast SEO plugin. -->","yoast_head_json":{"title":"Kia pr\u00e9pare les mod\u00e8les EV3 et EV4 pour le march\u00e9 Canadien - CanadaMotorJobs.com","description":"Kia pr\u00e9pare les mod\u00e8les EV3 et EV4 pour le march\u00e9 Canadien - Benoit Charette - Annuel automobile - CanadaMotorJobs.com.","robots":{"index":"index","follow":"follow","max-snippet":"max-snippet:-1","max-image-preview":"max-image-preview:large","max-video-preview":"max-video-preview:-1"},"og_locale":"fr_CA","og_type":"article","og_title":"Kia pr\u00e9pare les mod\u00e8les EV3 et EV4 pour le march\u00e9 Canadien - CanadaMotorJobs.com","og_description":"Kia pr\u00e9pare les mod\u00e8les EV3 et EV4 pour le march\u00e9 Canadien - Benoit Charette - Annuel automobile - CanadaMotorJobs.com.","og_url":"https:\/\/news.canadamotorjobs.com\/fr\/kia-prepare-les-modeles-ev3-et-ev4-pour-le-marche-canadien\/","og_site_name":"CanadaMotorJobs.com","article_publisher":"https:\/\/www.facebook.com\/canadamotorjobs\/","article_published_time":"2024-03-11T15:01:17+00:00","article_modified_time":"2024-03-11T15:05:10+00:00","og_image":[{"width":640,"height":413,"url":"https:\/\/news.canadamotorjobs.com\/wp-content\/uploads\/2024\/03\/Kia-Concept-EV3-Concept-EV4.jpg","type":"image\/jpeg"}],"author":"Benoit Charette","twitter_card":"summary_large_image","twitter_creator":"@canadamotorjobs","twitter_site":"@canadamotorjobs","twitter_misc":{"\u00c9crit par":"Benoit Charette","Estimation du temps de lecture":"2 minutes"},"schema":{"@context":"https:\/\/schema.org","@graph":[{"@type":"Article","@id":"https:\/\/news.canadamotorjobs.com\/fr\/kia-prepare-les-modeles-ev3-et-ev4-pour-le-marche-canadien\/#article","isPartOf":{"@id":"https:\/\/news.canadamotorjobs.com\/fr\/kia-prepare-les-modeles-ev3-et-ev4-pour-le-marche-canadien\/"},"author":{"name":"Benoit Charette","@id":"https:\/\/news.canadamotorjobs.com\/#\/schema\/person\/51793d1f87d44011d7bcc2ed99269a90"},"headline":"Kia pr\u00e9pare les mod\u00e8les EV3 et EV4 pour le march\u00e9 Canadien","datePublished":"2024-03-11T15:01:17+00:00","dateModified":"2024-03-11T15:05:10+00:00","mainEntityOfPage":{"@id":"https:\/\/news.canadamotorjobs.com\/fr\/kia-prepare-les-modeles-ev3-et-ev4-pour-le-marche-canadien\/"},"wordCount":406,"publisher":{"@id":"https:\/\/news.canadamotorjobs.com\/#organization"},"image":{"@id":"https:\/\/news.canadamotorjobs.com\/fr\/kia-prepare-les-modeles-ev3-et-ev4-pour-le-marche-canadien\/#primaryimage"},"thumbnailUrl":"https:\/\/news.canadamotorjobs.com\/wp-content\/uploads\/2024\/03\/Kia-Concept-EV3-Concept-EV4.jpg","articleSection":["Annuel automobile"],"inLanguage":"fr-CA"},{"@type":"WebPage","@id":"https:\/\/news.canadamotorjobs.com\/fr\/kia-prepare-les-modeles-ev3-et-ev4-pour-le-marche-canadien\/","url":"https:\/\/news.canadamotorjobs.com\/fr\/kia-prepare-les-modeles-ev3-et-ev4-pour-le-marche-canadien\/","name":"Kia pr\u00e9pare les mod\u00e8les EV3 et EV4 pour le march\u00e9 Canadien - CanadaMotorJobs.com","isPartOf":{"@id":"https:\/\/news.canadamotorjobs.com\/#website"},"primaryImageOfPage":{"@id":"https:\/\/news.canadamotorjobs.com\/fr\/kia-prepare-les-modeles-ev3-et-ev4-pour-le-marche-canadien\/#primaryimage"},"image":{"@id":"https:\/\/news.canadamotorjobs.com\/fr\/kia-prepare-les-modeles-ev3-et-ev4-pour-le-marche-canadien\/#primaryimage"},"thumbnailUrl":"https:\/\/news.canadamotorjobs.com\/wp-content\/uploads\/2024\/03\/Kia-Concept-EV3-Concept-EV4.jpg","datePublished":"2024-03-11T15:01:17+00:00","dateModified":"2024-03-11T15:05:10+00:00","description":"Kia pr\u00e9pare les mod\u00e8les EV3 et EV4 pour le march\u00e9 Canadien - Benoit Charette - Annuel automobile - CanadaMotorJobs.com.","breadcrumb":{"@id":"https:\/\/news.canadamotorjobs.com\/fr\/kia-prepare-les-modeles-ev3-et-ev4-pour-le-marche-canadien\/#breadcrumb"},"inLanguage":"fr-CA","potentialAction":[{"@type":"ReadAction","target":["https:\/\/news.canadamotorjobs.com\/fr\/kia-prepare-les-modeles-ev3-et-ev4-pour-le-marche-canadien\/"]}]},{"@type":"ImageObject","inLanguage":"fr-CA","@id":"https:\/\/news.canadamotorjobs.com\/fr\/kia-prepare-les-modeles-ev3-et-ev4-pour-le-marche-canadien\/#primaryimage","url":"https:\/\/news.canadamotorjobs.com\/wp-content\/uploads\/2024\/03\/Kia-Concept-EV3-Concept-EV4.jpg","contentUrl":"https:\/\/news.canadamotorjobs.com\/wp-content\/uploads\/2024\/03\/Kia-Concept-EV3-Concept-EV4.jpg","width":640,"height":413},{"@type":"BreadcrumbList","@id":"https:\/\/news.canadamotorjobs.com\/fr\/kia-prepare-les-modeles-ev3-et-ev4-pour-le-marche-canadien\/#breadcrumb","itemListElement":[{"@type":"ListItem","position":1,"name":"Home","item":"https:\/\/news.canadamotorjobs.com\/fr\/blog\/"},{"@type":"ListItem","position":2,"name":"Kia pr\u00e9pare les mod\u00e8les EV3 et EV4 pour le march\u00e9 Canadien"}]},{"@type":"WebSite","@id":"https:\/\/news.canadamotorjobs.com\/#website","url":"https:\/\/news.canadamotorjobs.com\/","name":"CanadaMotorJobs.com","description":"Automotive Jobs","publisher":{"@id":"https:\/\/news.canadamotorjobs.com\/#organization"},"potentialAction":[{"@type":"SearchAction","target":{"@type":"EntryPoint","urlTemplate":"https:\/\/news.canadamotorjobs.com\/?s={search_term_string}"},"query-input":"required name=search_term_string"}],"inLanguage":"fr-CA"},{"@type":"Organization","@id":"https:\/\/news.canadamotorjobs.com\/#organization","name":"Canada Motor Jobs","url":"https:\/\/news.canadamotorjobs.com\/","logo":{"@type":"ImageObject","inLanguage":"fr-CA","@id":"https:\/\/news.canadamotorjobs.com\/#\/schema\/logo\/image\/","url":"https:\/\/news.canadamotorjobs.com\/wp-content\/uploads\/2022\/10\/logo-canada-motor-jobs-1.png","contentUrl":"https:\/\/news.canadamotorjobs.com\/wp-content\/uploads\/2022\/10\/logo-canada-motor-jobs-1.png","width":800,"height":400,"caption":"Canada Motor Jobs"},"image":{"@id":"https:\/\/news.canadamotorjobs.com\/#\/schema\/logo\/image\/"},"sameAs":["https:\/\/www.facebook.com\/canadamotorjobs\/","https:\/\/x.com\/canadamotorjobs","https:\/\/www.instagram.com\/canadamotorjobs\/","https:\/\/www.linkedin.com\/company\/canadamotorjobs"]},{"@type":"Person","@id":"https:\/\/news.canadamotorjobs.com\/#\/schema\/person\/51793d1f87d44011d7bcc2ed99269a90","name":"Benoit Charette","image":{"@type":"ImageObject","inLanguage":"fr-CA","@id":"https:\/\/news.canadamotorjobs.com\/#\/schema\/person\/image\/","url":"https:\/\/secure.gravatar.com\/avatar\/45f3d2eebcccd909668d7ce7ea7267b6?s=96&d=mm&r=g","contentUrl":"https:\/\/secure.gravatar.com\/avatar\/45f3d2eebcccd909668d7ce7ea7267b6?s=96&d=mm&r=g","caption":"Benoit Charette"},"description":"Benoit Charette \/ Propri\u00e9taire et r\u00e9dacteur en chef Benoit Charette pratique le journalisme automobile depuis bient\u00f4t 30 ans. Il a fait ses classes au c\u00f4t\u00e9 de Daniel H\u00e9raud et au Carnet de route de 1992 \u00e0 2001. Il est fondateur, copropri\u00e9taire et r\u00e9dacteur en chef de L\u2019Annuel de l\u2019automobile, qu\u2019il publie depuis 2001. Il a anim\u00e9 les \u00e9missions RPM et RPM+ sur V et les L\u00e9gendes de la route sur Historia. \u00c0 la radio depuis 1986, il reprend l\u2019antenne cette ann\u00e9e sur les ondes de Cogeco et participe pour la deuxi\u00e8me ann\u00e9e \u00e0 l\u2019\u00e9mission Passion Auto sur RDS en plus de mettre en ligne le site Web officiel de L\u2019Annuel de l\u2019automobile sur annuelauto.ca.","sameAs":["https:\/\/annuelauto.ca\/"],"url":"https:\/\/news.canadamotorjobs.com\/fr\/author\/benoit-charette\/"}]}},"_links":{"self":[{"href":"https:\/\/news.canadamotorjobs.com\/fr\/wp-json\/wp\/v2\/posts\/160856"}],"collection":[{"href":"https:\/\/news.canadamotorjobs.com\/fr\/wp-json\/wp\/v2\/posts"}],"about":[{"href":"https:\/\/news.canadamotorjobs.com\/fr\/wp-json\/wp\/v2\/types\/post"}],"author":[{"embeddable":true,"href":"https:\/\/news.canadamotorjobs.com\/fr\/wp-json\/wp\/v2\/users\/8"}],"replies":[{"embeddable":true,"href":"https:\/\/news.canadamotorjobs.com\/fr\/wp-json\/wp\/v2\/comments?post=160856"}],"version-history":[{"count":2,"href":"https:\/\/news.canadamotorjobs.com\/fr\/wp-json\/wp\/v2\/posts\/160856\/revisions"}],"predecessor-version":[{"id":160860,"href":"https:\/\/news.canadamotorjobs.com\/fr\/wp-json\/wp\/v2\/posts\/160856\/revisions\/160860"}],"wp:featuredmedia":[{"embeddable":true,"href":"https:\/\/news.canadamotorjobs.com\/fr\/wp-json\/wp\/v2\/media\/160858"}],"wp:attachment":[{"href":"https:\/\/news.canadamotorjobs.com\/fr\/wp-json\/wp\/v2\/media?parent=160856"}],"wp:term":[{"taxonomy":"category","embeddable":true,"href":"https:\/\/news.canadamotorjobs.com\/fr\/wp-json\/wp\/v2\/categories?post=160856"},{"taxonomy":"post_tag","embeddable":true,"href":"https:\/\/news.canadamotorjobs.com\/fr\/wp-json\/wp\/v2\/tags?post=160856"}],"curies":[{"name":"wp","href":"https:\/\/api.w.org\/{rel}","templated":true}]}}