{"id":160833,"date":"2024-03-11T10:16:47","date_gmt":"2024-03-11T14:16:47","guid":{"rendered":"https:\/\/news.canadamotorjobs.com\/?p=160833"},"modified":"2024-03-11T10:20:26","modified_gmt":"2024-03-11T14:20:26","slug":"la-prochaine-ferrari-pourrait-sappeler-lamalfi","status":"publish","type":"post","link":"https:\/\/news.canadamotorjobs.com\/fr\/la-prochaine-ferrari-pourrait-sappeler-lamalfi\/","title":{"rendered":"La prochaine Ferrari pourrait s\u2019appeler l\u2019Amalfi"},"content":{"rendered":"<\/p>\n<h3>&#8211; Les noms Ferrari Amalfi et Amalfi Spider font l&#8217;objet d&#8217;une marque d\u00e9pos\u00e9e<\/h3>\n<p><\/p>\n<h3>&#8211; Les noms pourraient \u00eatre donn\u00e9s aux successeurs de la Roma et de la Roma Spider<\/h3>\n<p><\/p>\n<h3>&#8211; L&#8217;Amalfi et l&#8217;Amalfi Spider pourraient faire partie des trois voitures que Ferrari lancera en 2024<\/h3>\n<p><\/p>\n<h3>Une r\u00e9gion de r\u00eave pour une voiture de r\u00eave<\/h3>\n<p>\nCeux qui ont visit\u00e9 la c\u00f4te Amalfitaine dans le sud de l\u2019Italie ont \u00e9t\u00e9 renvers\u00e9s par la beaut\u00e9 de l\u2019endroit. Apr\u00e8s la ville de Rome, ce serait cette r\u00e9gion qui serait en lice pour la prochaine Ferrari. Ferrari a d\u00e9pos\u00e9 deux nouveaux noms &#8211; Amalfi et Amalfi Spider &#8211; qui pourraient \u00eatre utilis\u00e9s pour de futures voitures. Le site am\u00e9ricain CarBuzz a d\u00e9couvert r\u00e9cemment les nouvelles demandes de marque aupr\u00e8s de l&#8217;Office italien des brevets et des marques, alors qu&#8217;elles ont \u00e9t\u00e9 d\u00e9pos\u00e9es il y a pr\u00e8s d&#8217;un mois.<\/p>\n<h3>Site du patrimoine mondial de l\u2019Unesco<\/h3>\n<p>\nLa c\u00f4te amalfitaine et la ville du m\u00eame nom (l&#8217;un des sites du patrimoine mondial de l&#8217;UNESCO) se trouvent dans la r\u00e9gion de Campanie, sur le pittoresque golfe de Salerne. Il s&#8217;agit d&#8217;une r\u00e9gion magnifique qui regorge de merveilles naturelles et architecturales. Il n&#8217;est donc pas \u00e9tonnant que Ferrari envisage d&#8217;utiliser ce nom pour d\u00e9crire l&#8217;une de ses futures voitures. Mais laquelle ?<\/p>\n<h3>Trois nouveaux mod\u00e8le pour 2024<\/h3>\n<p>\nLors de sa conf\u00e9rence annuelle avec les investisseurs le mois dernier, Ferrari a confirm\u00e9 l&#8217;arriv\u00e9e de trois nouveaux mod\u00e8les pour 2024. C\u00f4t\u00e9 course, la Ferrari 296 GTB a d\u00e9j\u00e0 re\u00e7u une s\u0153ur pr\u00eate pour les circuits sous la forme de la 296 Challenge, et \u00e0 l\u2019autre bout du spectre, nous avons d\u00e9j\u00e0 eu droit aux d\u00e9buts de la 499P Modificata. Il n&#8217;y a pas beaucoup de place pour d&#8217;autres mod\u00e8les de sport automobile dans la gamme, et nous soup\u00e7onnons donc que les r\u00e9v\u00e9lations de cette ann\u00e9e seront des voitures de route. Mais lesquelles ?<\/p>\n<h3>Un successeur \u00e0 la Roma<\/h3>\n<p>\nLa Ferrari Roma portant le nom d&#8217;une ville italienne, Amalfi pourrait \u00eatre un nom id\u00e9al pour la suite. Cependant, des voitures comme la 360 Modena prouvent que les noms g\u00e9ographiques peuvent \u00eatre appliqu\u00e9s n&#8217;importe o\u00f9. Si l&#8217;Amalfi est la rempla\u00e7ante de la Roma, nous ne le saurons probablement pas avant un certain temps, car la Roma Spider n&#8217;a \u00e9t\u00e9 pr\u00e9sent\u00e9e que l&#8217;ann\u00e9e derni\u00e8re et a encore besoin d&#8217;un peu de temps sur le march\u00e9 pour justifier son d\u00e9veloppement et sa cr\u00e9ation.<\/p>\n<p>\u00a0<\/p>\n<p>En v\u00e9rit\u00e9, les Ferrari Amalfi et Amalfi Spider pourraient s&#8217;ins\u00e9rer dans la gamme de voitures de sport de Maranello n&#8217;importe o\u00f9 et nous ne pouvons pas dire avec certitude o\u00f9 elles appartiennent, en partie parce que nous avons trop d&#8217;informations ; plusieurs autres noms ont \u00e9t\u00e9 d\u00e9pos\u00e9s ces derniers mois, y compris Mugello, Milano, et Montecarlo, qui semblent tous fantastiques en tant que mod\u00e8les Ferrari. Et ce ne sont pas les seuls noms que Ferrari a d\u00e9pos\u00e9s r\u00e9cemment.<\/p>\n<p>\u00a0<\/p>\n<p>Avec des renseignements de Carbuzz<\/p>\n<p>Le texte <a rel=\"nofollow\" href=\"https:\/\/annuelauto.ca\/la-prochaine-ferrari-pourrait-sappeler-lamalfi\/\">La prochaine Ferrari pourrait s\u2019appeler l\u2019Amalfi<\/a> provient de <a rel=\"nofollow\" href=\"https:\/\/annuelauto.ca\">L&#8217;annuel de l&#8217;automobile &#8211; Actualit\u00e9 automobile<\/a><\/p>\n<p><\/p>\n","protected":false},"excerpt":{"rendered":"<p>&#8211; Les noms Ferrari Amalfi et Amalfi Spider font l&#8217;objet d&#8217;une marque d\u00e9pos\u00e9e &#8211; Les noms pourraient \u00eatre donn\u00e9s aux successeurs de la Roma et de la Roma Spider &#8211; L&#8217;Amalfi et l&#8217;Amalfi Spider pourraient faire partie des trois voitures que Ferrari lancera en 2024 Une r\u00e9gion de r\u00eave pour une voiture de r\u00eave Ceux [&hellip;]<\/p>\n","protected":false},"author":8,"featured_media":160835,"comment_status":"close","ping_status":"closed","sticky":false,"template":"","format":"standard","meta":{"_monsterinsights_skip_tracking":false,"_monsterinsights_sitenote_active":false,"_monsterinsights_sitenote_note":"","_monsterinsights_sitenote_category":0,"footnotes":""},"categories":[101],"tags":[],"yoast_head":"<!-- This site is optimized with the Yoast SEO plugin v23.2 - https:\/\/yoast.com\/wordpress\/plugins\/seo\/ -->\n<title>La prochaine Ferrari pourrait s\u2019appeler l\u2019Amalfi - CanadaMotorJobs.com<\/title>\n<meta name=\"description\" content=\"La prochaine Ferrari pourrait s\u2019appeler l\u2019Amalfi - Benoit Charette - Annuel automobile - CanadaMotorJobs.com.\" \/>\n<meta name=\"robots\" content=\"index, follow, max-snippet:-1, max-image-preview:large, max-video-preview:-1\" \/>\n<meta property=\"og:locale\" content=\"fr_CA\" \/>\n<meta property=\"og:type\" content=\"article\" \/>\n<meta property=\"og:title\" content=\"La prochaine Ferrari pourrait s\u2019appeler l\u2019Amalfi - CanadaMotorJobs.com\" \/>\n<meta property=\"og:description\" content=\"La prochaine Ferrari pourrait s\u2019appeler l\u2019Amalfi - Benoit Charette - Annuel automobile - CanadaMotorJobs.com.\" \/>\n<meta property=\"og:url\" content=\"https:\/\/news.canadamotorjobs.com\/fr\/la-prochaine-ferrari-pourrait-sappeler-lamalfi\/\" \/>\n<meta property=\"og:site_name\" content=\"CanadaMotorJobs.com\" \/>\n<meta property=\"article:publisher\" content=\"https:\/\/www.facebook.com\/canadamotorjobs\/\" \/>\n<meta property=\"article:published_time\" content=\"2024-03-11T14:16:47+00:00\" \/>\n<meta property=\"article:modified_time\" content=\"2024-03-11T14:20:26+00:00\" \/>\n<meta property=\"og:image\" content=\"https:\/\/news.canadamotorjobs.com\/wp-content\/uploads\/2024\/03\/S0-ferrari-roma-spider-2023-la-valse-des-cabriolets-749744.jpg\" \/>\n\t<meta property=\"og:image:width\" content=\"1200\" \/>\n\t<meta property=\"og:image:height\" content=\"898\" \/>\n\t<meta property=\"og:image:type\" content=\"image\/jpeg\" \/>\n<meta name=\"author\" content=\"Benoit Charette\" \/>\n<meta name=\"twitter:card\" content=\"summary_large_image\" \/>\n<meta name=\"twitter:creator\" content=\"@canadamotorjobs\" \/>\n<meta name=\"twitter:site\" content=\"@canadamotorjobs\" \/>\n<meta name=\"twitter:label1\" content=\"\u00c9crit par\" \/>\n\t<meta name=\"twitter:data1\" content=\"Benoit Charette\" \/>\n\t<meta name=\"twitter:label2\" content=\"Estimation du temps de lecture\" \/>\n\t<meta name=\"twitter:data2\" content=\"3 minutes\" \/>\n<!-- \/ Yoast SEO plugin. -->","yoast_head_json":{"title":"La prochaine Ferrari pourrait s\u2019appeler l\u2019Amalfi - CanadaMotorJobs.com","description":"La prochaine Ferrari pourrait s\u2019appeler l\u2019Amalfi - Benoit Charette - Annuel automobile - CanadaMotorJobs.com.","robots":{"index":"index","follow":"follow","max-snippet":"max-snippet:-1","max-image-preview":"max-image-preview:large","max-video-preview":"max-video-preview:-1"},"og_locale":"fr_CA","og_type":"article","og_title":"La prochaine Ferrari pourrait s\u2019appeler l\u2019Amalfi - CanadaMotorJobs.com","og_description":"La prochaine Ferrari pourrait s\u2019appeler l\u2019Amalfi - Benoit Charette - Annuel automobile - CanadaMotorJobs.com.","og_url":"https:\/\/news.canadamotorjobs.com\/fr\/la-prochaine-ferrari-pourrait-sappeler-lamalfi\/","og_site_name":"CanadaMotorJobs.com","article_publisher":"https:\/\/www.facebook.com\/canadamotorjobs\/","article_published_time":"2024-03-11T14:16:47+00:00","article_modified_time":"2024-03-11T14:20:26+00:00","og_image":[{"width":1200,"height":898,"url":"https:\/\/news.canadamotorjobs.com\/wp-content\/uploads\/2024\/03\/S0-ferrari-roma-spider-2023-la-valse-des-cabriolets-749744.jpg","type":"image\/jpeg"}],"author":"Benoit Charette","twitter_card":"summary_large_image","twitter_creator":"@canadamotorjobs","twitter_site":"@canadamotorjobs","twitter_misc":{"\u00c9crit par":"Benoit Charette","Estimation du temps de lecture":"3 minutes"},"schema":{"@context":"https:\/\/schema.org","@graph":[{"@type":"Article","@id":"https:\/\/news.canadamotorjobs.com\/fr\/la-prochaine-ferrari-pourrait-sappeler-lamalfi\/#article","isPartOf":{"@id":"https:\/\/news.canadamotorjobs.com\/fr\/la-prochaine-ferrari-pourrait-sappeler-lamalfi\/"},"author":{"name":"Benoit Charette","@id":"https:\/\/news.canadamotorjobs.com\/#\/schema\/person\/51793d1f87d44011d7bcc2ed99269a90"},"headline":"La prochaine Ferrari pourrait s\u2019appeler l\u2019Amalfi","datePublished":"2024-03-11T14:16:47+00:00","dateModified":"2024-03-11T14:20:26+00:00","mainEntityOfPage":{"@id":"https:\/\/news.canadamotorjobs.com\/fr\/la-prochaine-ferrari-pourrait-sappeler-lamalfi\/"},"wordCount":584,"publisher":{"@id":"https:\/\/news.canadamotorjobs.com\/#organization"},"image":{"@id":"https:\/\/news.canadamotorjobs.com\/fr\/la-prochaine-ferrari-pourrait-sappeler-lamalfi\/#primaryimage"},"thumbnailUrl":"https:\/\/news.canadamotorjobs.com\/wp-content\/uploads\/2024\/03\/S0-ferrari-roma-spider-2023-la-valse-des-cabriolets-749744.jpg","articleSection":["Annuel automobile"],"inLanguage":"fr-CA"},{"@type":"WebPage","@id":"https:\/\/news.canadamotorjobs.com\/fr\/la-prochaine-ferrari-pourrait-sappeler-lamalfi\/","url":"https:\/\/news.canadamotorjobs.com\/fr\/la-prochaine-ferrari-pourrait-sappeler-lamalfi\/","name":"La prochaine Ferrari pourrait s\u2019appeler l\u2019Amalfi - CanadaMotorJobs.com","isPartOf":{"@id":"https:\/\/news.canadamotorjobs.com\/#website"},"primaryImageOfPage":{"@id":"https:\/\/news.canadamotorjobs.com\/fr\/la-prochaine-ferrari-pourrait-sappeler-lamalfi\/#primaryimage"},"image":{"@id":"https:\/\/news.canadamotorjobs.com\/fr\/la-prochaine-ferrari-pourrait-sappeler-lamalfi\/#primaryimage"},"thumbnailUrl":"https:\/\/news.canadamotorjobs.com\/wp-content\/uploads\/2024\/03\/S0-ferrari-roma-spider-2023-la-valse-des-cabriolets-749744.jpg","datePublished":"2024-03-11T14:16:47+00:00","dateModified":"2024-03-11T14:20:26+00:00","description":"La prochaine Ferrari pourrait s\u2019appeler l\u2019Amalfi - Benoit Charette - Annuel automobile - CanadaMotorJobs.com.","breadcrumb":{"@id":"https:\/\/news.canadamotorjobs.com\/fr\/la-prochaine-ferrari-pourrait-sappeler-lamalfi\/#breadcrumb"},"inLanguage":"fr-CA","potentialAction":[{"@type":"ReadAction","target":["https:\/\/news.canadamotorjobs.com\/fr\/la-prochaine-ferrari-pourrait-sappeler-lamalfi\/"]}]},{"@type":"ImageObject","inLanguage":"fr-CA","@id":"https:\/\/news.canadamotorjobs.com\/fr\/la-prochaine-ferrari-pourrait-sappeler-lamalfi\/#primaryimage","url":"https:\/\/news.canadamotorjobs.com\/wp-content\/uploads\/2024\/03\/S0-ferrari-roma-spider-2023-la-valse-des-cabriolets-749744.jpg","contentUrl":"https:\/\/news.canadamotorjobs.com\/wp-content\/uploads\/2024\/03\/S0-ferrari-roma-spider-2023-la-valse-des-cabriolets-749744.jpg","width":1200,"height":898},{"@type":"BreadcrumbList","@id":"https:\/\/news.canadamotorjobs.com\/fr\/la-prochaine-ferrari-pourrait-sappeler-lamalfi\/#breadcrumb","itemListElement":[{"@type":"ListItem","position":1,"name":"Home","item":"https:\/\/news.canadamotorjobs.com\/fr\/blog\/"},{"@type":"ListItem","position":2,"name":"La prochaine Ferrari pourrait s\u2019appeler l\u2019Amalfi"}]},{"@type":"WebSite","@id":"https:\/\/news.canadamotorjobs.com\/#website","url":"https:\/\/news.canadamotorjobs.com\/","name":"CanadaMotorJobs.com","description":"Automotive Jobs","publisher":{"@id":"https:\/\/news.canadamotorjobs.com\/#organization"},"potentialAction":[{"@type":"SearchAction","target":{"@type":"EntryPoint","urlTemplate":"https:\/\/news.canadamotorjobs.com\/?s={search_term_string}"},"query-input":"required name=search_term_string"}],"inLanguage":"fr-CA"},{"@type":"Organization","@id":"https:\/\/news.canadamotorjobs.com\/#organization","name":"Canada Motor Jobs","url":"https:\/\/news.canadamotorjobs.com\/","logo":{"@type":"ImageObject","inLanguage":"fr-CA","@id":"https:\/\/news.canadamotorjobs.com\/#\/schema\/logo\/image\/","url":"https:\/\/news.canadamotorjobs.com\/wp-content\/uploads\/2022\/10\/logo-canada-motor-jobs-1.png","contentUrl":"https:\/\/news.canadamotorjobs.com\/wp-content\/uploads\/2022\/10\/logo-canada-motor-jobs-1.png","width":800,"height":400,"caption":"Canada Motor Jobs"},"image":{"@id":"https:\/\/news.canadamotorjobs.com\/#\/schema\/logo\/image\/"},"sameAs":["https:\/\/www.facebook.com\/canadamotorjobs\/","https:\/\/x.com\/canadamotorjobs","https:\/\/www.instagram.com\/canadamotorjobs\/","https:\/\/www.linkedin.com\/company\/canadamotorjobs"]},{"@type":"Person","@id":"https:\/\/news.canadamotorjobs.com\/#\/schema\/person\/51793d1f87d44011d7bcc2ed99269a90","name":"Benoit Charette","image":{"@type":"ImageObject","inLanguage":"fr-CA","@id":"https:\/\/news.canadamotorjobs.com\/#\/schema\/person\/image\/","url":"https:\/\/secure.gravatar.com\/avatar\/45f3d2eebcccd909668d7ce7ea7267b6?s=96&d=mm&r=g","contentUrl":"https:\/\/secure.gravatar.com\/avatar\/45f3d2eebcccd909668d7ce7ea7267b6?s=96&d=mm&r=g","caption":"Benoit Charette"},"description":"Benoit Charette \/ Propri\u00e9taire et r\u00e9dacteur en chef Benoit Charette pratique le journalisme automobile depuis bient\u00f4t 30 ans. Il a fait ses classes au c\u00f4t\u00e9 de Daniel H\u00e9raud et au Carnet de route de 1992 \u00e0 2001. Il est fondateur, copropri\u00e9taire et r\u00e9dacteur en chef de L\u2019Annuel de l\u2019automobile, qu\u2019il publie depuis 2001. Il a anim\u00e9 les \u00e9missions RPM et RPM+ sur V et les L\u00e9gendes de la route sur Historia. \u00c0 la radio depuis 1986, il reprend l\u2019antenne cette ann\u00e9e sur les ondes de Cogeco et participe pour la deuxi\u00e8me ann\u00e9e \u00e0 l\u2019\u00e9mission Passion Auto sur RDS en plus de mettre en ligne le site Web officiel de L\u2019Annuel de l\u2019automobile sur annuelauto.ca.","sameAs":["https:\/\/annuelauto.ca\/"],"url":"https:\/\/news.canadamotorjobs.com\/fr\/author\/benoit-charette\/"}]}},"_links":{"self":[{"href":"https:\/\/news.canadamotorjobs.com\/fr\/wp-json\/wp\/v2\/posts\/160833"}],"collection":[{"href":"https:\/\/news.canadamotorjobs.com\/fr\/wp-json\/wp\/v2\/posts"}],"about":[{"href":"https:\/\/news.canadamotorjobs.com\/fr\/wp-json\/wp\/v2\/types\/post"}],"author":[{"embeddable":true,"href":"https:\/\/news.canadamotorjobs.com\/fr\/wp-json\/wp\/v2\/users\/8"}],"replies":[{"embeddable":true,"href":"https:\/\/news.canadamotorjobs.com\/fr\/wp-json\/wp\/v2\/comments?post=160833"}],"version-history":[{"count":2,"href":"https:\/\/news.canadamotorjobs.com\/fr\/wp-json\/wp\/v2\/posts\/160833\/revisions"}],"predecessor-version":[{"id":160837,"href":"https:\/\/news.canadamotorjobs.com\/fr\/wp-json\/wp\/v2\/posts\/160833\/revisions\/160837"}],"wp:featuredmedia":[{"embeddable":true,"href":"https:\/\/news.canadamotorjobs.com\/fr\/wp-json\/wp\/v2\/media\/160835"}],"wp:attachment":[{"href":"https:\/\/news.canadamotorjobs.com\/fr\/wp-json\/wp\/v2\/media?parent=160833"}],"wp:term":[{"taxonomy":"category","embeddable":true,"href":"https:\/\/news.canadamotorjobs.com\/fr\/wp-json\/wp\/v2\/categories?post=160833"},{"taxonomy":"post_tag","embeddable":true,"href":"https:\/\/news.canadamotorjobs.com\/fr\/wp-json\/wp\/v2\/tags?post=160833"}],"curies":[{"name":"wp","href":"https:\/\/api.w.org\/{rel}","templated":true}]}}