{"id":160791,"date":"2024-03-11T09:28:53","date_gmt":"2024-03-11T13:28:53","guid":{"rendered":"https:\/\/news.canadamotorjobs.com\/?p=160791"},"modified":"2024-03-11T09:30:04","modified_gmt":"2024-03-11T13:30:04","slug":"la-classe-e-amg-53-de-retour-avec-577-chevaux-et-pres-de-100-km-dautonomie","status":"publish","type":"post","link":"https:\/\/news.canadamotorjobs.com\/fr\/la-classe-e-amg-53-de-retour-avec-577-chevaux-et-pres-de-100-km-dautonomie\/","title":{"rendered":"La classe E AMG 53 de retour avec 577 chevaux et pr\u00e8s de 100 km d\u2019autonomie"},"content":{"rendered":"<\/p>\n<p>La Classe E \u00e0 quatre roues motrices, introduite en 2016 conserve son six cylindres en ligne biturbo de 3,0 litres, mais b\u00e9n\u00e9ficie d&#8217;une forte augmentation de puissance gr\u00e2ce \u00e0 l\u2019ajout d\u2019un moteur \u00e9lectrique, qui lui conf\u00e8re jusqu&#8217;\u00e0 603 chevaux en mode dynamic plus. \u00c0 lui seul, le moteur produit 442 ch, soit 19 ch de plus qu&#8217;auparavant, et 161 ch sont fournis par le moteur \u00e9lectrique, int\u00e9gr\u00e9 \u00e0 la bo\u00eete de vitesses \u00e0 convertisseur de couple \u00e0 neuf rapports. \u00a0Cela donne une puissance combin\u00e9e, en fonctionnement normal, de 577 ch et 553 lb-pi, soit 154 ch et 170 lb-pi de plus que son pr\u00e9d\u00e9cesseur, et un temps de 0 \u00e0 100 km\/h de 4,0 s.<\/p>\n<h3>Une batterie de bon format<\/h3>\n<p>\nLe groupe AMG Dynamic Plus en option lib\u00e8re la totalit\u00e9 des 603 chevaux lorsque le conducteur enclenche la fonction &#8220;Race Start&#8221;, qui optimise les performances et r\u00e9duit le temps de 0 \u00e0 100 km\/h \u00e0 3,8 secondes. Cette option supprime \u00e9galement le limiteur de vitesse de 250 km\/h et permet \u00e0 la E 53 de poursuivre sa route jusqu&#8217;\u00e0 sa vitesse maximale naturelle de 280 km\/h. Le PHEV est \u00e9quip\u00e9 d&#8217;une batterie de 21,2 kWh (utilisable) qui revendique une autonomie en mode \u00e9lectrique d\u2019environ 100 km (WLTP) et peut \u00eatre recharg\u00e9e \u00e0 partir d&#8217;un chargeur domestique de 11 kW en six heures environ. Un chargeur rapide de 60 kW est propos\u00e9 en option pour passer de 10 \u00e0 80 % en 20 minutes. La batterie peut \u00e9galement \u00eatre recharg\u00e9e jusqu&#8217;\u00e0 120 kW par le syst\u00e8me de freinage r\u00e9g\u00e9n\u00e9ratif de la voiture, soit 32 kW de plus que la nouvelle Porsche Panamera S E-Hybrid. En mode hybride, les niveaux de r\u00e9cup\u00e9ration peuvent \u00eatre modifi\u00e9s \u00e0 l&#8217;aide des palettes situ\u00e9es derri\u00e8re le volant.<\/p>\n<h3>Conduite en mode \u00e9lectrique<\/h3>\n<p>\nLa conduite en mode \u00e9lectrique est possible \u00e0 des vitesses inf\u00e9rieures \u00e0 140 km\/h, et il existe un mode de maintien de la batterie &#8211; l&#8217;un des sept r\u00e9glages de conduite diff\u00e9rents. Le ch\u00e2ssis de la Classe E a \u00e9galement re\u00e7u le traitement AMG complet, avec des renforts suppl\u00e9mentaires sur les essieux avant et arri\u00e8re pour plus de rigidit\u00e9, une voie avant \u00e9largie de 11 mm et de nouveaux amortisseurs de suspension \u00e0 double chambre qui affichent des changements &#8220;clairement perceptibles&#8221; dans leurs diff\u00e9rents r\u00e9glages : Confort, Sport et Sport Plus.<\/p>\n<h3>Un style AMG<\/h3>\n<p>\nLes changements de style par rapport \u00e0 la Classe E standard comprennent une calandre \u00e9clair\u00e9e sp\u00e9cifique \u00e0 AMG, des passages de roues avant \u00e9vas\u00e9s pour s&#8217;adapter \u00e0 la voie \u00e9largie, des prises d&#8217;air plus grandes, un diffuseur arri\u00e8re pro\u00e9minent, un becquet en queue de canard et des sorties d&#8217;\u00e9chappement circulaires quadruples. Pour signaler sa puissance accrue, l\u2019ensemble AMG Dynamic Plus ajoute divers \u00e9l\u00e9ments \u00e0 saveur de performance, notamment des \u00e9triers rouges pour ses freins plus puissants et un volant gain\u00e9 de microfibres.<\/p>\n<h3>Sp\u00e9cifique aussi dans l\u2019habitacle<\/h3>\n<p>\n\u00c0 l&#8217;int\u00e9rieur, la E 53 est \u00e9quip\u00e9e de s\u00e9rie de si\u00e8ges haute performance moulants garnis de cuir synth\u00e9tique, de boiseries sur mesure et d&#8217;un volant AMG, avec un \u00e9cran conducteur de 12,3 pouces et un \u00e9cran d&#8217;infodivertissement de 14,4 pouces. L\u2019\u00e9cran pleine largeur de Mercedes est disponible en option, permettant au passager avant de disposer de sa propre interface d&#8217;infodivertissement avec acc\u00e8s aux jeux, aux services de streaming et \u00e0 divers r\u00e9glages en cabine.<\/p>\n<p>\u00a0<\/p>\n<p>La nouvelle E 53 devrait d\u00e9barquer d\u2019ici la fin 2024 et Mercedes n\u2019a pas encore confirm\u00e9 le prix qui va largement d\u00e9passer les 100\u00a0000 $.<\/p>\n<p>Source: Mercedes-Benz Canada<\/p>\n<p>Le texte <a rel=\"nofollow\" href=\"https:\/\/annuelauto.ca\/la-classe-e-amg-53-de-retour-avec-577-chevaux-et-pres-de-100-km-dautonomie\/\">La classe E AMG 53 de retour avec 577 chevaux et pr\u00e8s de 100 km d\u2019autonomie<\/a> provient de <a rel=\"nofollow\" href=\"https:\/\/annuelauto.ca\">L&#8217;annuel de l&#8217;automobile &#8211; Actualit\u00e9 automobile<\/a><\/p>\n<p><\/p>\n","protected":false},"excerpt":{"rendered":"<p>La Classe E \u00e0 quatre roues motrices, introduite en 2016 conserve son six cylindres en ligne biturbo de 3,0 litres, mais b\u00e9n\u00e9ficie d&#8217;une forte augmentation de puissance gr\u00e2ce \u00e0 l\u2019ajout d\u2019un moteur \u00e9lectrique, qui lui conf\u00e8re jusqu&#8217;\u00e0 603 chevaux en mode dynamic plus. \u00c0 lui seul, le moteur produit 442 ch, soit 19 ch de [&hellip;]<\/p>\n","protected":false},"author":8,"featured_media":160793,"comment_status":"close","ping_status":"closed","sticky":false,"template":"","format":"standard","meta":{"_monsterinsights_skip_tracking":false,"_monsterinsights_sitenote_active":false,"_monsterinsights_sitenote_note":"","_monsterinsights_sitenote_category":0,"footnotes":""},"categories":[101],"tags":[],"yoast_head":"<!-- This site is optimized with the Yoast SEO plugin v23.2 - https:\/\/yoast.com\/wordpress\/plugins\/seo\/ -->\n<title>La classe E AMG 53 de retour avec 577 chevaux et pr\u00e8s de 100 km d\u2019autonomie - CanadaMotorJobs.com<\/title>\n<meta name=\"description\" content=\"La classe E AMG 53 de retour avec 577 chevaux et pr\u00e8s de 100 km d\u2019autonomie - Benoit Charette - Annuel automobile - CanadaMotorJobs.com.\" \/>\n<meta name=\"robots\" content=\"index, follow, max-snippet:-1, max-image-preview:large, max-video-preview:-1\" \/>\n<meta property=\"og:locale\" content=\"fr_CA\" \/>\n<meta property=\"og:type\" content=\"article\" \/>\n<meta property=\"og:title\" content=\"La classe E AMG 53 de retour avec 577 chevaux et pr\u00e8s de 100 km d\u2019autonomie - CanadaMotorJobs.com\" \/>\n<meta property=\"og:description\" content=\"La classe E AMG 53 de retour avec 577 chevaux et pr\u00e8s de 100 km d\u2019autonomie - Benoit Charette - Annuel automobile - CanadaMotorJobs.com.\" \/>\n<meta property=\"og:url\" content=\"https:\/\/news.canadamotorjobs.com\/fr\/la-classe-e-amg-53-de-retour-avec-577-chevaux-et-pres-de-100-km-dautonomie\/\" \/>\n<meta property=\"og:site_name\" content=\"CanadaMotorJobs.com\" \/>\n<meta property=\"article:publisher\" content=\"https:\/\/www.facebook.com\/canadamotorjobs\/\" \/>\n<meta property=\"article:published_time\" content=\"2024-03-11T13:28:53+00:00\" \/>\n<meta property=\"article:modified_time\" content=\"2024-03-11T13:30:04+00:00\" \/>\n<meta property=\"og:image\" content=\"https:\/\/news.canadamotorjobs.com\/wp-content\/uploads\/2024\/03\/23C0356_001.jpg\" \/>\n\t<meta property=\"og:image:width\" content=\"1199\" \/>\n\t<meta property=\"og:image:height\" content=\"800\" \/>\n\t<meta property=\"og:image:type\" content=\"image\/jpeg\" \/>\n<meta name=\"author\" content=\"Benoit Charette\" \/>\n<meta name=\"twitter:card\" content=\"summary_large_image\" \/>\n<meta name=\"twitter:creator\" content=\"@canadamotorjobs\" \/>\n<meta name=\"twitter:site\" content=\"@canadamotorjobs\" \/>\n<meta name=\"twitter:label1\" content=\"\u00c9crit par\" \/>\n\t<meta name=\"twitter:data1\" content=\"Benoit Charette\" \/>\n\t<meta name=\"twitter:label2\" content=\"Estimation du temps de lecture\" \/>\n\t<meta name=\"twitter:data2\" content=\"3 minutes\" \/>\n<!-- \/ Yoast SEO plugin. -->","yoast_head_json":{"title":"La classe E AMG 53 de retour avec 577 chevaux et pr\u00e8s de 100 km d\u2019autonomie - CanadaMotorJobs.com","description":"La classe E AMG 53 de retour avec 577 chevaux et pr\u00e8s de 100 km d\u2019autonomie - Benoit Charette - Annuel automobile - CanadaMotorJobs.com.","robots":{"index":"index","follow":"follow","max-snippet":"max-snippet:-1","max-image-preview":"max-image-preview:large","max-video-preview":"max-video-preview:-1"},"og_locale":"fr_CA","og_type":"article","og_title":"La classe E AMG 53 de retour avec 577 chevaux et pr\u00e8s de 100 km d\u2019autonomie - CanadaMotorJobs.com","og_description":"La classe E AMG 53 de retour avec 577 chevaux et pr\u00e8s de 100 km d\u2019autonomie - Benoit Charette - Annuel automobile - CanadaMotorJobs.com.","og_url":"https:\/\/news.canadamotorjobs.com\/fr\/la-classe-e-amg-53-de-retour-avec-577-chevaux-et-pres-de-100-km-dautonomie\/","og_site_name":"CanadaMotorJobs.com","article_publisher":"https:\/\/www.facebook.com\/canadamotorjobs\/","article_published_time":"2024-03-11T13:28:53+00:00","article_modified_time":"2024-03-11T13:30:04+00:00","og_image":[{"width":1199,"height":800,"url":"https:\/\/news.canadamotorjobs.com\/wp-content\/uploads\/2024\/03\/23C0356_001.jpg","type":"image\/jpeg"}],"author":"Benoit Charette","twitter_card":"summary_large_image","twitter_creator":"@canadamotorjobs","twitter_site":"@canadamotorjobs","twitter_misc":{"\u00c9crit par":"Benoit Charette","Estimation du temps de lecture":"3 minutes"},"schema":{"@context":"https:\/\/schema.org","@graph":[{"@type":"Article","@id":"https:\/\/news.canadamotorjobs.com\/fr\/la-classe-e-amg-53-de-retour-avec-577-chevaux-et-pres-de-100-km-dautonomie\/#article","isPartOf":{"@id":"https:\/\/news.canadamotorjobs.com\/fr\/la-classe-e-amg-53-de-retour-avec-577-chevaux-et-pres-de-100-km-dautonomie\/"},"author":{"name":"Benoit Charette","@id":"https:\/\/news.canadamotorjobs.com\/#\/schema\/person\/51793d1f87d44011d7bcc2ed99269a90"},"headline":"La classe E AMG 53 de retour avec 577 chevaux et pr\u00e8s de 100 km d\u2019autonomie","datePublished":"2024-03-11T13:28:53+00:00","dateModified":"2024-03-11T13:30:04+00:00","mainEntityOfPage":{"@id":"https:\/\/news.canadamotorjobs.com\/fr\/la-classe-e-amg-53-de-retour-avec-577-chevaux-et-pres-de-100-km-dautonomie\/"},"wordCount":629,"publisher":{"@id":"https:\/\/news.canadamotorjobs.com\/#organization"},"image":{"@id":"https:\/\/news.canadamotorjobs.com\/fr\/la-classe-e-amg-53-de-retour-avec-577-chevaux-et-pres-de-100-km-dautonomie\/#primaryimage"},"thumbnailUrl":"https:\/\/news.canadamotorjobs.com\/wp-content\/uploads\/2024\/03\/23C0356_001.jpg","articleSection":["Annuel automobile"],"inLanguage":"fr-CA"},{"@type":"WebPage","@id":"https:\/\/news.canadamotorjobs.com\/fr\/la-classe-e-amg-53-de-retour-avec-577-chevaux-et-pres-de-100-km-dautonomie\/","url":"https:\/\/news.canadamotorjobs.com\/fr\/la-classe-e-amg-53-de-retour-avec-577-chevaux-et-pres-de-100-km-dautonomie\/","name":"La classe E AMG 53 de retour avec 577 chevaux et pr\u00e8s de 100 km d\u2019autonomie - CanadaMotorJobs.com","isPartOf":{"@id":"https:\/\/news.canadamotorjobs.com\/#website"},"primaryImageOfPage":{"@id":"https:\/\/news.canadamotorjobs.com\/fr\/la-classe-e-amg-53-de-retour-avec-577-chevaux-et-pres-de-100-km-dautonomie\/#primaryimage"},"image":{"@id":"https:\/\/news.canadamotorjobs.com\/fr\/la-classe-e-amg-53-de-retour-avec-577-chevaux-et-pres-de-100-km-dautonomie\/#primaryimage"},"thumbnailUrl":"https:\/\/news.canadamotorjobs.com\/wp-content\/uploads\/2024\/03\/23C0356_001.jpg","datePublished":"2024-03-11T13:28:53+00:00","dateModified":"2024-03-11T13:30:04+00:00","description":"La classe E AMG 53 de retour avec 577 chevaux et pr\u00e8s de 100 km d\u2019autonomie - Benoit Charette - Annuel automobile - CanadaMotorJobs.com.","breadcrumb":{"@id":"https:\/\/news.canadamotorjobs.com\/fr\/la-classe-e-amg-53-de-retour-avec-577-chevaux-et-pres-de-100-km-dautonomie\/#breadcrumb"},"inLanguage":"fr-CA","potentialAction":[{"@type":"ReadAction","target":["https:\/\/news.canadamotorjobs.com\/fr\/la-classe-e-amg-53-de-retour-avec-577-chevaux-et-pres-de-100-km-dautonomie\/"]}]},{"@type":"ImageObject","inLanguage":"fr-CA","@id":"https:\/\/news.canadamotorjobs.com\/fr\/la-classe-e-amg-53-de-retour-avec-577-chevaux-et-pres-de-100-km-dautonomie\/#primaryimage","url":"https:\/\/news.canadamotorjobs.com\/wp-content\/uploads\/2024\/03\/23C0356_001.jpg","contentUrl":"https:\/\/news.canadamotorjobs.com\/wp-content\/uploads\/2024\/03\/23C0356_001.jpg","width":1199,"height":800},{"@type":"BreadcrumbList","@id":"https:\/\/news.canadamotorjobs.com\/fr\/la-classe-e-amg-53-de-retour-avec-577-chevaux-et-pres-de-100-km-dautonomie\/#breadcrumb","itemListElement":[{"@type":"ListItem","position":1,"name":"Home","item":"https:\/\/news.canadamotorjobs.com\/fr\/blog\/"},{"@type":"ListItem","position":2,"name":"La classe E AMG 53 de retour avec 577 chevaux et pr\u00e8s de 100 km d\u2019autonomie"}]},{"@type":"WebSite","@id":"https:\/\/news.canadamotorjobs.com\/#website","url":"https:\/\/news.canadamotorjobs.com\/","name":"CanadaMotorJobs.com","description":"Automotive Jobs","publisher":{"@id":"https:\/\/news.canadamotorjobs.com\/#organization"},"potentialAction":[{"@type":"SearchAction","target":{"@type":"EntryPoint","urlTemplate":"https:\/\/news.canadamotorjobs.com\/?s={search_term_string}"},"query-input":"required name=search_term_string"}],"inLanguage":"fr-CA"},{"@type":"Organization","@id":"https:\/\/news.canadamotorjobs.com\/#organization","name":"Canada Motor Jobs","url":"https:\/\/news.canadamotorjobs.com\/","logo":{"@type":"ImageObject","inLanguage":"fr-CA","@id":"https:\/\/news.canadamotorjobs.com\/#\/schema\/logo\/image\/","url":"https:\/\/news.canadamotorjobs.com\/wp-content\/uploads\/2022\/10\/logo-canada-motor-jobs-1.png","contentUrl":"https:\/\/news.canadamotorjobs.com\/wp-content\/uploads\/2022\/10\/logo-canada-motor-jobs-1.png","width":800,"height":400,"caption":"Canada Motor Jobs"},"image":{"@id":"https:\/\/news.canadamotorjobs.com\/#\/schema\/logo\/image\/"},"sameAs":["https:\/\/www.facebook.com\/canadamotorjobs\/","https:\/\/x.com\/canadamotorjobs","https:\/\/www.instagram.com\/canadamotorjobs\/","https:\/\/www.linkedin.com\/company\/canadamotorjobs"]},{"@type":"Person","@id":"https:\/\/news.canadamotorjobs.com\/#\/schema\/person\/51793d1f87d44011d7bcc2ed99269a90","name":"Benoit Charette","image":{"@type":"ImageObject","inLanguage":"fr-CA","@id":"https:\/\/news.canadamotorjobs.com\/#\/schema\/person\/image\/","url":"https:\/\/secure.gravatar.com\/avatar\/45f3d2eebcccd909668d7ce7ea7267b6?s=96&d=mm&r=g","contentUrl":"https:\/\/secure.gravatar.com\/avatar\/45f3d2eebcccd909668d7ce7ea7267b6?s=96&d=mm&r=g","caption":"Benoit Charette"},"description":"Benoit Charette \/ Propri\u00e9taire et r\u00e9dacteur en chef Benoit Charette pratique le journalisme automobile depuis bient\u00f4t 30 ans. Il a fait ses classes au c\u00f4t\u00e9 de Daniel H\u00e9raud et au Carnet de route de 1992 \u00e0 2001. Il est fondateur, copropri\u00e9taire et r\u00e9dacteur en chef de L\u2019Annuel de l\u2019automobile, qu\u2019il publie depuis 2001. Il a anim\u00e9 les \u00e9missions RPM et RPM+ sur V et les L\u00e9gendes de la route sur Historia. \u00c0 la radio depuis 1986, il reprend l\u2019antenne cette ann\u00e9e sur les ondes de Cogeco et participe pour la deuxi\u00e8me ann\u00e9e \u00e0 l\u2019\u00e9mission Passion Auto sur RDS en plus de mettre en ligne le site Web officiel de L\u2019Annuel de l\u2019automobile sur annuelauto.ca.","sameAs":["https:\/\/annuelauto.ca\/"],"url":"https:\/\/news.canadamotorjobs.com\/fr\/author\/benoit-charette\/"}]}},"_links":{"self":[{"href":"https:\/\/news.canadamotorjobs.com\/fr\/wp-json\/wp\/v2\/posts\/160791"}],"collection":[{"href":"https:\/\/news.canadamotorjobs.com\/fr\/wp-json\/wp\/v2\/posts"}],"about":[{"href":"https:\/\/news.canadamotorjobs.com\/fr\/wp-json\/wp\/v2\/types\/post"}],"author":[{"embeddable":true,"href":"https:\/\/news.canadamotorjobs.com\/fr\/wp-json\/wp\/v2\/users\/8"}],"replies":[{"embeddable":true,"href":"https:\/\/news.canadamotorjobs.com\/fr\/wp-json\/wp\/v2\/comments?post=160791"}],"version-history":[{"count":2,"href":"https:\/\/news.canadamotorjobs.com\/fr\/wp-json\/wp\/v2\/posts\/160791\/revisions"}],"predecessor-version":[{"id":160795,"href":"https:\/\/news.canadamotorjobs.com\/fr\/wp-json\/wp\/v2\/posts\/160791\/revisions\/160795"}],"wp:featuredmedia":[{"embeddable":true,"href":"https:\/\/news.canadamotorjobs.com\/fr\/wp-json\/wp\/v2\/media\/160793"}],"wp:attachment":[{"href":"https:\/\/news.canadamotorjobs.com\/fr\/wp-json\/wp\/v2\/media?parent=160791"}],"wp:term":[{"taxonomy":"category","embeddable":true,"href":"https:\/\/news.canadamotorjobs.com\/fr\/wp-json\/wp\/v2\/categories?post=160791"},{"taxonomy":"post_tag","embeddable":true,"href":"https:\/\/news.canadamotorjobs.com\/fr\/wp-json\/wp\/v2\/tags?post=160791"}],"curies":[{"name":"wp","href":"https:\/\/api.w.org\/{rel}","templated":true}]}}