{"id":160726,"date":"2024-03-08T15:41:48","date_gmt":"2024-03-08T20:41:48","guid":{"rendered":"https:\/\/news.canadamotorjobs.com\/?p=160726"},"modified":"2024-03-08T15:45:49","modified_gmt":"2024-03-08T20:45:49","slug":"chevrolet-reduit-le-prix-des-blazer-ev","status":"publish","type":"post","link":"https:\/\/news.canadamotorjobs.com\/fr\/chevrolet-reduit-le-prix-des-blazer-ev\/","title":{"rendered":"Chevrolet r\u00e9duit le prix des Blazer EV"},"content":{"rendered":"<\/p>\n<p>Aujourd&#8217;hui, General Motors annonce la reprise des ventes de Chevrolet Blazer EV pour les clients. Selon le communiqu\u00e9 de presse, GM a effectu\u00e9 d&#8217;importantes mises \u00e0 jour logicielles qui am\u00e9lioreront les caract\u00e9ristiques et les fonctionnalit\u00e9s.<\/p>\n<h3>De quoi s\u2019agit-il\u00a0?<\/h3>\n<p>\nLes am\u00e9liorations comprennent un \u00e9clairage d&#8217;ambiance multicolore personnalisable, des graphiques r\u00e9vis\u00e9s au centre d&#8217;information du conducteur avec un affichage du pourcentage de la batterie, et plus encore.<\/p>\n<h3>Des prix \u00e0 la baisse<\/h3>\n<p>\nChevrolet propose un prix plus bas et une valeur ajout\u00e9e sur les versions LT et RS du Blazer EV 2024. Les Blazer EV LT et RS resteront \u00e9ligibles au programme de subventions provincial et f\u00e9d\u00e9ral pour un total de 12\u00a0000 $ au Qu\u00e9bec<\/p>\n<p>Mise \u00e0 jour des prix de la MY24 pour les mod\u00e8les en vente :<\/p>\n<table width=\"503\"><\/p>\n<tbody><\/p>\n<tr><\/p>\n<td width=\"122\"><strong>Blazer EV 2024<\/strong><\/td>\n<p><\/p>\n<td width=\"177\">Ancien prix<\/td>\n<p><\/p>\n<td width=\"204\"><strong>Nouveau prix<\/strong><\/td>\n<p>\n<\/tr>\n<p><\/p>\n<tr><\/p>\n<td width=\"122\"><strong>2LT 4RM<\/strong><\/td>\n<p><\/p>\n<td width=\"177\"><em>$63,370<\/em><\/td>\n<p><\/p>\n<td width=\"204\"><em>$60,370<\/em><\/td>\n<p>\n<\/tr>\n<p><\/p>\n<tr><\/p>\n<td width=\"122\"><strong>RS 4RM<\/strong><\/td>\n<p><\/p>\n<td width=\"177\"><em>$73,370<\/em><\/td>\n<p><\/p>\n<td width=\"204\"><em>$67,370<\/em><\/td>\n<p>\n<\/tr>\n<p><\/p>\n<tr><\/p>\n<td width=\"122\"><strong>RS 2RM<\/strong><\/td>\n<p><\/p>\n<td width=\"177\"><em>$73,370<\/em><\/td>\n<p><\/p>\n<td width=\"204\"><em>$67,370<\/em><\/td>\n<p>\n<\/tr>\n<p>\n<\/tbody>\n<p>\n<\/table>\n<p>\n\u00a0<\/p>\n<p>Le texte <a rel=\"nofollow\" href=\"https:\/\/annuelauto.ca\/chevrolet-reduit-le-prix-des-blazer-ev\/\">Chevrolet r\u00e9duit le prix des Blazer EV<\/a> provient de <a rel=\"nofollow\" href=\"https:\/\/annuelauto.ca\">L&#8217;annuel de l&#8217;automobile &#8211; Actualit\u00e9 automobile<\/a><\/p>\n<p><\/p>\n","protected":false},"excerpt":{"rendered":"<p>Aujourd&#8217;hui, General Motors annonce la reprise des ventes de Chevrolet Blazer EV pour les clients. Selon le communiqu\u00e9 de presse, GM a effectu\u00e9 d&#8217;importantes mises \u00e0 jour logicielles qui am\u00e9lioreront les caract\u00e9ristiques et les fonctionnalit\u00e9s. De quoi s\u2019agit-il\u00a0? Les am\u00e9liorations comprennent un \u00e9clairage d&#8217;ambiance multicolore personnalisable, des graphiques r\u00e9vis\u00e9s au centre d&#8217;information du conducteur avec [&hellip;]<\/p>\n","protected":false},"author":8,"featured_media":160728,"comment_status":"close","ping_status":"closed","sticky":false,"template":"","format":"standard","meta":{"_monsterinsights_skip_tracking":false,"_monsterinsights_sitenote_active":false,"_monsterinsights_sitenote_note":"","_monsterinsights_sitenote_category":0,"footnotes":""},"categories":[101],"tags":[],"yoast_head":"<!-- This site is optimized with the Yoast SEO plugin v23.2 - https:\/\/yoast.com\/wordpress\/plugins\/seo\/ -->\n<title>Chevrolet r\u00e9duit le prix des Blazer EV - CanadaMotorJobs.com<\/title>\n<meta name=\"description\" content=\"Chevrolet r\u00e9duit le prix des Blazer EV - Benoit Charette - Annuel automobile - CanadaMotorJobs.com.\" \/>\n<meta name=\"robots\" content=\"index, follow, max-snippet:-1, max-image-preview:large, max-video-preview:-1\" \/>\n<meta property=\"og:locale\" content=\"fr_CA\" \/>\n<meta property=\"og:type\" content=\"article\" \/>\n<meta property=\"og:title\" content=\"Chevrolet r\u00e9duit le prix des Blazer EV - CanadaMotorJobs.com\" \/>\n<meta property=\"og:description\" content=\"Chevrolet r\u00e9duit le prix des Blazer EV - Benoit Charette - Annuel automobile - CanadaMotorJobs.com.\" \/>\n<meta property=\"og:url\" content=\"https:\/\/news.canadamotorjobs.com\/fr\/chevrolet-reduit-le-prix-des-blazer-ev\/\" \/>\n<meta property=\"og:site_name\" content=\"CanadaMotorJobs.com\" \/>\n<meta property=\"article:publisher\" content=\"https:\/\/www.facebook.com\/canadamotorjobs\/\" \/>\n<meta property=\"article:published_time\" content=\"2024-03-08T20:41:48+00:00\" \/>\n<meta property=\"article:modified_time\" content=\"2024-03-08T20:45:49+00:00\" \/>\n<meta property=\"og:image\" content=\"https:\/\/news.canadamotorjobs.com\/wp-content\/uploads\/2024\/03\/32257046_web1_230327-TodaysDrive-2024ChevyBlazer_1.jpg\" \/>\n\t<meta property=\"og:image:width\" content=\"1200\" \/>\n\t<meta property=\"og:image:height\" content=\"800\" \/>\n\t<meta property=\"og:image:type\" content=\"image\/jpeg\" \/>\n<meta name=\"author\" content=\"Benoit Charette\" \/>\n<meta name=\"twitter:card\" content=\"summary_large_image\" \/>\n<meta name=\"twitter:creator\" content=\"@canadamotorjobs\" \/>\n<meta name=\"twitter:site\" content=\"@canadamotorjobs\" \/>\n<meta name=\"twitter:label1\" content=\"\u00c9crit par\" \/>\n\t<meta name=\"twitter:data1\" content=\"Benoit Charette\" \/>\n\t<meta name=\"twitter:label2\" content=\"Estimation du temps de lecture\" \/>\n\t<meta name=\"twitter:data2\" content=\"1 minute\" \/>\n<!-- \/ Yoast SEO plugin. -->","yoast_head_json":{"title":"Chevrolet r\u00e9duit le prix des Blazer EV - CanadaMotorJobs.com","description":"Chevrolet r\u00e9duit le prix des Blazer EV - Benoit Charette - Annuel automobile - CanadaMotorJobs.com.","robots":{"index":"index","follow":"follow","max-snippet":"max-snippet:-1","max-image-preview":"max-image-preview:large","max-video-preview":"max-video-preview:-1"},"og_locale":"fr_CA","og_type":"article","og_title":"Chevrolet r\u00e9duit le prix des Blazer EV - CanadaMotorJobs.com","og_description":"Chevrolet r\u00e9duit le prix des Blazer EV - Benoit Charette - Annuel automobile - CanadaMotorJobs.com.","og_url":"https:\/\/news.canadamotorjobs.com\/fr\/chevrolet-reduit-le-prix-des-blazer-ev\/","og_site_name":"CanadaMotorJobs.com","article_publisher":"https:\/\/www.facebook.com\/canadamotorjobs\/","article_published_time":"2024-03-08T20:41:48+00:00","article_modified_time":"2024-03-08T20:45:49+00:00","og_image":[{"width":1200,"height":800,"url":"https:\/\/news.canadamotorjobs.com\/wp-content\/uploads\/2024\/03\/32257046_web1_230327-TodaysDrive-2024ChevyBlazer_1.jpg","type":"image\/jpeg"}],"author":"Benoit Charette","twitter_card":"summary_large_image","twitter_creator":"@canadamotorjobs","twitter_site":"@canadamotorjobs","twitter_misc":{"\u00c9crit par":"Benoit Charette","Estimation du temps de lecture":"1 minute"},"schema":{"@context":"https:\/\/schema.org","@graph":[{"@type":"Article","@id":"https:\/\/news.canadamotorjobs.com\/fr\/chevrolet-reduit-le-prix-des-blazer-ev\/#article","isPartOf":{"@id":"https:\/\/news.canadamotorjobs.com\/fr\/chevrolet-reduit-le-prix-des-blazer-ev\/"},"author":{"name":"Benoit Charette","@id":"https:\/\/news.canadamotorjobs.com\/#\/schema\/person\/51793d1f87d44011d7bcc2ed99269a90"},"headline":"Chevrolet r\u00e9duit le prix des Blazer EV","datePublished":"2024-03-08T20:41:48+00:00","dateModified":"2024-03-08T20:45:49+00:00","mainEntityOfPage":{"@id":"https:\/\/news.canadamotorjobs.com\/fr\/chevrolet-reduit-le-prix-des-blazer-ev\/"},"wordCount":176,"publisher":{"@id":"https:\/\/news.canadamotorjobs.com\/#organization"},"image":{"@id":"https:\/\/news.canadamotorjobs.com\/fr\/chevrolet-reduit-le-prix-des-blazer-ev\/#primaryimage"},"thumbnailUrl":"https:\/\/news.canadamotorjobs.com\/wp-content\/uploads\/2024\/03\/32257046_web1_230327-TodaysDrive-2024ChevyBlazer_1.jpg","articleSection":["Annuel automobile"],"inLanguage":"fr-CA"},{"@type":"WebPage","@id":"https:\/\/news.canadamotorjobs.com\/fr\/chevrolet-reduit-le-prix-des-blazer-ev\/","url":"https:\/\/news.canadamotorjobs.com\/fr\/chevrolet-reduit-le-prix-des-blazer-ev\/","name":"Chevrolet r\u00e9duit le prix des Blazer EV - CanadaMotorJobs.com","isPartOf":{"@id":"https:\/\/news.canadamotorjobs.com\/#website"},"primaryImageOfPage":{"@id":"https:\/\/news.canadamotorjobs.com\/fr\/chevrolet-reduit-le-prix-des-blazer-ev\/#primaryimage"},"image":{"@id":"https:\/\/news.canadamotorjobs.com\/fr\/chevrolet-reduit-le-prix-des-blazer-ev\/#primaryimage"},"thumbnailUrl":"https:\/\/news.canadamotorjobs.com\/wp-content\/uploads\/2024\/03\/32257046_web1_230327-TodaysDrive-2024ChevyBlazer_1.jpg","datePublished":"2024-03-08T20:41:48+00:00","dateModified":"2024-03-08T20:45:49+00:00","description":"Chevrolet r\u00e9duit le prix des Blazer EV - Benoit Charette - Annuel automobile - CanadaMotorJobs.com.","breadcrumb":{"@id":"https:\/\/news.canadamotorjobs.com\/fr\/chevrolet-reduit-le-prix-des-blazer-ev\/#breadcrumb"},"inLanguage":"fr-CA","potentialAction":[{"@type":"ReadAction","target":["https:\/\/news.canadamotorjobs.com\/fr\/chevrolet-reduit-le-prix-des-blazer-ev\/"]}]},{"@type":"ImageObject","inLanguage":"fr-CA","@id":"https:\/\/news.canadamotorjobs.com\/fr\/chevrolet-reduit-le-prix-des-blazer-ev\/#primaryimage","url":"https:\/\/news.canadamotorjobs.com\/wp-content\/uploads\/2024\/03\/32257046_web1_230327-TodaysDrive-2024ChevyBlazer_1.jpg","contentUrl":"https:\/\/news.canadamotorjobs.com\/wp-content\/uploads\/2024\/03\/32257046_web1_230327-TodaysDrive-2024ChevyBlazer_1.jpg","width":1200,"height":800},{"@type":"BreadcrumbList","@id":"https:\/\/news.canadamotorjobs.com\/fr\/chevrolet-reduit-le-prix-des-blazer-ev\/#breadcrumb","itemListElement":[{"@type":"ListItem","position":1,"name":"Home","item":"https:\/\/news.canadamotorjobs.com\/fr\/blog\/"},{"@type":"ListItem","position":2,"name":"Chevrolet r\u00e9duit le prix des Blazer EV"}]},{"@type":"WebSite","@id":"https:\/\/news.canadamotorjobs.com\/#website","url":"https:\/\/news.canadamotorjobs.com\/","name":"CanadaMotorJobs.com","description":"Automotive Jobs","publisher":{"@id":"https:\/\/news.canadamotorjobs.com\/#organization"},"potentialAction":[{"@type":"SearchAction","target":{"@type":"EntryPoint","urlTemplate":"https:\/\/news.canadamotorjobs.com\/?s={search_term_string}"},"query-input":"required name=search_term_string"}],"inLanguage":"fr-CA"},{"@type":"Organization","@id":"https:\/\/news.canadamotorjobs.com\/#organization","name":"Canada Motor Jobs","url":"https:\/\/news.canadamotorjobs.com\/","logo":{"@type":"ImageObject","inLanguage":"fr-CA","@id":"https:\/\/news.canadamotorjobs.com\/#\/schema\/logo\/image\/","url":"https:\/\/news.canadamotorjobs.com\/wp-content\/uploads\/2022\/10\/logo-canada-motor-jobs-1.png","contentUrl":"https:\/\/news.canadamotorjobs.com\/wp-content\/uploads\/2022\/10\/logo-canada-motor-jobs-1.png","width":800,"height":400,"caption":"Canada Motor Jobs"},"image":{"@id":"https:\/\/news.canadamotorjobs.com\/#\/schema\/logo\/image\/"},"sameAs":["https:\/\/www.facebook.com\/canadamotorjobs\/","https:\/\/x.com\/canadamotorjobs","https:\/\/www.instagram.com\/canadamotorjobs\/","https:\/\/www.linkedin.com\/company\/canadamotorjobs"]},{"@type":"Person","@id":"https:\/\/news.canadamotorjobs.com\/#\/schema\/person\/51793d1f87d44011d7bcc2ed99269a90","name":"Benoit Charette","image":{"@type":"ImageObject","inLanguage":"fr-CA","@id":"https:\/\/news.canadamotorjobs.com\/#\/schema\/person\/image\/","url":"https:\/\/secure.gravatar.com\/avatar\/45f3d2eebcccd909668d7ce7ea7267b6?s=96&d=mm&r=g","contentUrl":"https:\/\/secure.gravatar.com\/avatar\/45f3d2eebcccd909668d7ce7ea7267b6?s=96&d=mm&r=g","caption":"Benoit Charette"},"description":"Benoit Charette \/ Propri\u00e9taire et r\u00e9dacteur en chef Benoit Charette pratique le journalisme automobile depuis bient\u00f4t 30 ans. Il a fait ses classes au c\u00f4t\u00e9 de Daniel H\u00e9raud et au Carnet de route de 1992 \u00e0 2001. Il est fondateur, copropri\u00e9taire et r\u00e9dacteur en chef de L\u2019Annuel de l\u2019automobile, qu\u2019il publie depuis 2001. Il a anim\u00e9 les \u00e9missions RPM et RPM+ sur V et les L\u00e9gendes de la route sur Historia. \u00c0 la radio depuis 1986, il reprend l\u2019antenne cette ann\u00e9e sur les ondes de Cogeco et participe pour la deuxi\u00e8me ann\u00e9e \u00e0 l\u2019\u00e9mission Passion Auto sur RDS en plus de mettre en ligne le site Web officiel de L\u2019Annuel de l\u2019automobile sur annuelauto.ca.","sameAs":["https:\/\/annuelauto.ca\/"],"url":"https:\/\/news.canadamotorjobs.com\/fr\/author\/benoit-charette\/"}]}},"_links":{"self":[{"href":"https:\/\/news.canadamotorjobs.com\/fr\/wp-json\/wp\/v2\/posts\/160726"}],"collection":[{"href":"https:\/\/news.canadamotorjobs.com\/fr\/wp-json\/wp\/v2\/posts"}],"about":[{"href":"https:\/\/news.canadamotorjobs.com\/fr\/wp-json\/wp\/v2\/types\/post"}],"author":[{"embeddable":true,"href":"https:\/\/news.canadamotorjobs.com\/fr\/wp-json\/wp\/v2\/users\/8"}],"replies":[{"embeddable":true,"href":"https:\/\/news.canadamotorjobs.com\/fr\/wp-json\/wp\/v2\/comments?post=160726"}],"version-history":[{"count":2,"href":"https:\/\/news.canadamotorjobs.com\/fr\/wp-json\/wp\/v2\/posts\/160726\/revisions"}],"predecessor-version":[{"id":160730,"href":"https:\/\/news.canadamotorjobs.com\/fr\/wp-json\/wp\/v2\/posts\/160726\/revisions\/160730"}],"wp:featuredmedia":[{"embeddable":true,"href":"https:\/\/news.canadamotorjobs.com\/fr\/wp-json\/wp\/v2\/media\/160728"}],"wp:attachment":[{"href":"https:\/\/news.canadamotorjobs.com\/fr\/wp-json\/wp\/v2\/media?parent=160726"}],"wp:term":[{"taxonomy":"category","embeddable":true,"href":"https:\/\/news.canadamotorjobs.com\/fr\/wp-json\/wp\/v2\/categories?post=160726"},{"taxonomy":"post_tag","embeddable":true,"href":"https:\/\/news.canadamotorjobs.com\/fr\/wp-json\/wp\/v2\/tags?post=160726"}],"curies":[{"name":"wp","href":"https:\/\/api.w.org\/{rel}","templated":true}]}}