{"id":160703,"date":"2024-03-08T08:57:14","date_gmt":"2024-03-08T13:57:14","guid":{"rendered":"https:\/\/news.canadamotorjobs.com\/?p=160703"},"modified":"2024-03-08T09:01:25","modified_gmt":"2024-03-08T14:01:25","slug":"apple-a-depense-un-milliard-par-annee-pour-ne-pas-construire-de-voitures","status":"publish","type":"post","link":"https:\/\/news.canadamotorjobs.com\/fr\/apple-a-depense-un-milliard-par-annee-pour-ne-pas-construire-de-voitures\/","title":{"rendered":"Apple a d\u00e9pens\u00e9 un milliard par ann\u00e9e pour ne pas construire de voitures"},"content":{"rendered":"<\/p>\n<p>Apple Inc. aurait discut\u00e9 de partenariats potentiels avec Mercedes-Benz, Ford Motor Co, BMW, Volkswagen, Tesla, Canoo et McLaren \u00e0 diff\u00e9rents stades de ses efforts pour d\u00e9velopper une voiture auto-conduite avant de mettre fin au programme le mois dernier.<\/p>\n<h3>Apple a d\u00e9j\u00e0 voulu faire l\u2019achat de General Motors<\/h3>\n<p>\nLe cofondateur Steve Jobs a m\u00eame propos\u00e9 d&#8217;acheter General Motors au lendemain de la crise financi\u00e8re de 2008, a rapport\u00e9 Bloomberg jeudi. Le projet Titan, comme l&#8217;a appel\u00e9 Apple, a co\u00fbt\u00e9 \u00e0 l&#8217;entreprise technologique environ 1 milliard de dollars par an, ont indiqu\u00e9 des sources \u00e0 Bloomberg, mais il n&#8217;a jamais atteint le point o\u00f9 des prototypes \u00e0 grande \u00e9chelle ont \u00e9t\u00e9 test\u00e9s sur les routes publiques.<\/p>\n<h3>Des centaines d\u2019ing\u00e9nieurs au travail<\/h3>\n<p>\nL&#8217;entreprise a commenc\u00e9 \u00e0 embaucher des centaines d&#8217;ing\u00e9nieurs automobiles il y a pr\u00e8s de dix ans et visait \u00e0 l&#8217;origine \u00e0 lancer les ventes en 2020, selon le rapport, mais d\u00e9but 2020, la cr\u00e9ation de l&#8217;\u00e9quipe, un microbus arrondi \u00e0 quatre places surnomm\u00e9 &#8220;Bread Loaf&#8221;, \u00e9tait encore \u00e0 cinq ans d&#8217;\u00eatre pr\u00eate pour la production.<\/p>\n<h3>On a voulu faire l\u2019achat de Tesla<\/h3>\n<p>\nApple a envisag\u00e9 d&#8217;essayer d&#8217;acheter Tesla alors qu&#8217;elle valait encore moins de 30 milliards de dollars, mais le PDG Tim Cook a abandonn\u00e9 l&#8217;id\u00e9e. Il a ensuite rencontr\u00e9 le PDG de Tesla, Elon Musk, pour discuter d&#8217;une collaboration, mais les discussions n&#8217;ont pas progress\u00e9.<\/p>\n<h3>Des occasions rat\u00e9s<\/h3>\n<p>\nApple a discut\u00e9 avec Mercedes-Benz &#8220;pendant quelques mois&#8221; d&#8217;une id\u00e9e visant \u00e0 faire construire la voiture par Mercedes et \u00e0 int\u00e9grer la plateforme de conduite autonome d&#8217;Apple dans les v\u00e9hicules Mercedes. Mais Mercedes a finalement d\u00e9cid\u00e9 de construire la voiture elle-m\u00eame. Les discussions avec BMW, Volkswagen et Canoo ont \u00e9chou\u00e9, mais Apple a failli conclure un accord avec McLaren.<\/p>\n<h3>M\u00eame Ford<\/h3>\n<p>\nFord &#8211; qui a recrut\u00e9 Doug Field, chef du projet Titan, en 2021 &#8211; a propos\u00e9 de vendre des voitures Apple par l&#8217;interm\u00e9diaire de sa marque Lincoln, mais les discussions ont pris fin apr\u00e8s une r\u00e9union pr\u00e9liminaire. Apple voulait faire payer 85 000 dollars pour sa voiture, mais des estimations internes estiment le co\u00fbt de production \u00e0 environ 120 000 dollars.<\/p>\n<p>\u00a0<\/p>\n<p>Apple a achet\u00e9 l&#8217;ancien terrain d&#8217;essai de Chrysler en Arizona en 2021 et remet actuellement la propri\u00e9t\u00e9 en vente.<\/p>\n<p>\u00a0<\/p>\n<p>Avec des renseignements d\u2019Automotive News<\/p>\n<p>Le texte <a rel=\"nofollow\" href=\"https:\/\/annuelauto.ca\/apple-a-depense-un-milliard-par-annee-pour-ne-pas-construire-de-voitures\/\">Apple a d\u00e9pens\u00e9 un milliard par ann\u00e9e pour ne pas construire de voitures<\/a> provient de <a rel=\"nofollow\" href=\"https:\/\/annuelauto.ca\">L&#8217;annuel de l&#8217;automobile &#8211; Actualit\u00e9 automobile<\/a><\/p>\n<p><\/p>\n","protected":false},"excerpt":{"rendered":"<p>Apple Inc. aurait discut\u00e9 de partenariats potentiels avec Mercedes-Benz, Ford Motor Co, BMW, Volkswagen, Tesla, Canoo et McLaren \u00e0 diff\u00e9rents stades de ses efforts pour d\u00e9velopper une voiture auto-conduite avant de mettre fin au programme le mois dernier. Apple a d\u00e9j\u00e0 voulu faire l\u2019achat de General Motors Le cofondateur Steve Jobs a m\u00eame propos\u00e9 d&#8217;acheter [&hellip;]<\/p>\n","protected":false},"author":8,"featured_media":160705,"comment_status":"close","ping_status":"closed","sticky":false,"template":"","format":"standard","meta":{"_monsterinsights_skip_tracking":false,"_monsterinsights_sitenote_active":false,"_monsterinsights_sitenote_note":"","_monsterinsights_sitenote_category":0,"footnotes":""},"categories":[101],"tags":[],"yoast_head":"<!-- This site is optimized with the Yoast SEO plugin v23.2 - https:\/\/yoast.com\/wordpress\/plugins\/seo\/ -->\n<title>Apple a d\u00e9pens\u00e9 un milliard par ann\u00e9e pour ne pas construire de voitures - CanadaMotorJobs.com<\/title>\n<meta name=\"description\" content=\"Apple a d\u00e9pens\u00e9 un milliard par ann\u00e9e pour ne pas construire de voitures - Benoit Charette - Annuel automobile - CanadaMotorJobs.com.\" \/>\n<meta name=\"robots\" content=\"index, follow, max-snippet:-1, max-image-preview:large, max-video-preview:-1\" \/>\n<meta property=\"og:locale\" content=\"fr_CA\" \/>\n<meta property=\"og:type\" content=\"article\" \/>\n<meta property=\"og:title\" content=\"Apple a d\u00e9pens\u00e9 un milliard par ann\u00e9e pour ne pas construire de voitures - CanadaMotorJobs.com\" \/>\n<meta property=\"og:description\" content=\"Apple a d\u00e9pens\u00e9 un milliard par ann\u00e9e pour ne pas construire de voitures - Benoit Charette - Annuel automobile - CanadaMotorJobs.com.\" \/>\n<meta property=\"og:url\" content=\"https:\/\/news.canadamotorjobs.com\/fr\/apple-a-depense-un-milliard-par-annee-pour-ne-pas-construire-de-voitures\/\" \/>\n<meta property=\"og:site_name\" content=\"CanadaMotorJobs.com\" \/>\n<meta property=\"article:publisher\" content=\"https:\/\/www.facebook.com\/canadamotorjobs\/\" \/>\n<meta property=\"article:published_time\" content=\"2024-03-08T13:57:14+00:00\" \/>\n<meta property=\"article:modified_time\" content=\"2024-03-08T14:01:25+00:00\" \/>\n<meta property=\"og:image\" content=\"https:\/\/news.canadamotorjobs.com\/wp-content\/uploads\/2024\/03\/apple-car.jpg\" \/>\n\t<meta property=\"og:image:width\" content=\"1200\" \/>\n\t<meta property=\"og:image:height\" content=\"750\" \/>\n\t<meta property=\"og:image:type\" content=\"image\/jpeg\" \/>\n<meta name=\"author\" content=\"Benoit Charette\" \/>\n<meta name=\"twitter:card\" content=\"summary_large_image\" \/>\n<meta name=\"twitter:creator\" content=\"@canadamotorjobs\" \/>\n<meta name=\"twitter:site\" content=\"@canadamotorjobs\" \/>\n<meta name=\"twitter:label1\" content=\"\u00c9crit par\" \/>\n\t<meta name=\"twitter:data1\" content=\"Benoit Charette\" \/>\n\t<meta name=\"twitter:label2\" content=\"Estimation du temps de lecture\" \/>\n\t<meta name=\"twitter:data2\" content=\"2 minutes\" \/>\n<!-- \/ Yoast SEO plugin. -->","yoast_head_json":{"title":"Apple a d\u00e9pens\u00e9 un milliard par ann\u00e9e pour ne pas construire de voitures - CanadaMotorJobs.com","description":"Apple a d\u00e9pens\u00e9 un milliard par ann\u00e9e pour ne pas construire de voitures - Benoit Charette - Annuel automobile - CanadaMotorJobs.com.","robots":{"index":"index","follow":"follow","max-snippet":"max-snippet:-1","max-image-preview":"max-image-preview:large","max-video-preview":"max-video-preview:-1"},"og_locale":"fr_CA","og_type":"article","og_title":"Apple a d\u00e9pens\u00e9 un milliard par ann\u00e9e pour ne pas construire de voitures - CanadaMotorJobs.com","og_description":"Apple a d\u00e9pens\u00e9 un milliard par ann\u00e9e pour ne pas construire de voitures - Benoit Charette - Annuel automobile - CanadaMotorJobs.com.","og_url":"https:\/\/news.canadamotorjobs.com\/fr\/apple-a-depense-un-milliard-par-annee-pour-ne-pas-construire-de-voitures\/","og_site_name":"CanadaMotorJobs.com","article_publisher":"https:\/\/www.facebook.com\/canadamotorjobs\/","article_published_time":"2024-03-08T13:57:14+00:00","article_modified_time":"2024-03-08T14:01:25+00:00","og_image":[{"width":1200,"height":750,"url":"https:\/\/news.canadamotorjobs.com\/wp-content\/uploads\/2024\/03\/apple-car.jpg","type":"image\/jpeg"}],"author":"Benoit Charette","twitter_card":"summary_large_image","twitter_creator":"@canadamotorjobs","twitter_site":"@canadamotorjobs","twitter_misc":{"\u00c9crit par":"Benoit Charette","Estimation du temps de lecture":"2 minutes"},"schema":{"@context":"https:\/\/schema.org","@graph":[{"@type":"Article","@id":"https:\/\/news.canadamotorjobs.com\/fr\/apple-a-depense-un-milliard-par-annee-pour-ne-pas-construire-de-voitures\/#article","isPartOf":{"@id":"https:\/\/news.canadamotorjobs.com\/fr\/apple-a-depense-un-milliard-par-annee-pour-ne-pas-construire-de-voitures\/"},"author":{"name":"Benoit Charette","@id":"https:\/\/news.canadamotorjobs.com\/#\/schema\/person\/51793d1f87d44011d7bcc2ed99269a90"},"headline":"Apple a d\u00e9pens\u00e9 un milliard par ann\u00e9e pour ne pas construire de voitures","datePublished":"2024-03-08T13:57:14+00:00","dateModified":"2024-03-08T14:01:25+00:00","mainEntityOfPage":{"@id":"https:\/\/news.canadamotorjobs.com\/fr\/apple-a-depense-un-milliard-par-annee-pour-ne-pas-construire-de-voitures\/"},"wordCount":443,"publisher":{"@id":"https:\/\/news.canadamotorjobs.com\/#organization"},"image":{"@id":"https:\/\/news.canadamotorjobs.com\/fr\/apple-a-depense-un-milliard-par-annee-pour-ne-pas-construire-de-voitures\/#primaryimage"},"thumbnailUrl":"https:\/\/news.canadamotorjobs.com\/wp-content\/uploads\/2024\/03\/apple-car.jpg","articleSection":["Annuel automobile"],"inLanguage":"fr-CA"},{"@type":"WebPage","@id":"https:\/\/news.canadamotorjobs.com\/fr\/apple-a-depense-un-milliard-par-annee-pour-ne-pas-construire-de-voitures\/","url":"https:\/\/news.canadamotorjobs.com\/fr\/apple-a-depense-un-milliard-par-annee-pour-ne-pas-construire-de-voitures\/","name":"Apple a d\u00e9pens\u00e9 un milliard par ann\u00e9e pour ne pas construire de voitures - CanadaMotorJobs.com","isPartOf":{"@id":"https:\/\/news.canadamotorjobs.com\/#website"},"primaryImageOfPage":{"@id":"https:\/\/news.canadamotorjobs.com\/fr\/apple-a-depense-un-milliard-par-annee-pour-ne-pas-construire-de-voitures\/#primaryimage"},"image":{"@id":"https:\/\/news.canadamotorjobs.com\/fr\/apple-a-depense-un-milliard-par-annee-pour-ne-pas-construire-de-voitures\/#primaryimage"},"thumbnailUrl":"https:\/\/news.canadamotorjobs.com\/wp-content\/uploads\/2024\/03\/apple-car.jpg","datePublished":"2024-03-08T13:57:14+00:00","dateModified":"2024-03-08T14:01:25+00:00","description":"Apple a d\u00e9pens\u00e9 un milliard par ann\u00e9e pour ne pas construire de voitures - Benoit Charette - Annuel automobile - CanadaMotorJobs.com.","breadcrumb":{"@id":"https:\/\/news.canadamotorjobs.com\/fr\/apple-a-depense-un-milliard-par-annee-pour-ne-pas-construire-de-voitures\/#breadcrumb"},"inLanguage":"fr-CA","potentialAction":[{"@type":"ReadAction","target":["https:\/\/news.canadamotorjobs.com\/fr\/apple-a-depense-un-milliard-par-annee-pour-ne-pas-construire-de-voitures\/"]}]},{"@type":"ImageObject","inLanguage":"fr-CA","@id":"https:\/\/news.canadamotorjobs.com\/fr\/apple-a-depense-un-milliard-par-annee-pour-ne-pas-construire-de-voitures\/#primaryimage","url":"https:\/\/news.canadamotorjobs.com\/wp-content\/uploads\/2024\/03\/apple-car.jpg","contentUrl":"https:\/\/news.canadamotorjobs.com\/wp-content\/uploads\/2024\/03\/apple-car.jpg","width":1200,"height":750},{"@type":"BreadcrumbList","@id":"https:\/\/news.canadamotorjobs.com\/fr\/apple-a-depense-un-milliard-par-annee-pour-ne-pas-construire-de-voitures\/#breadcrumb","itemListElement":[{"@type":"ListItem","position":1,"name":"Home","item":"https:\/\/news.canadamotorjobs.com\/fr\/blog\/"},{"@type":"ListItem","position":2,"name":"Apple a d\u00e9pens\u00e9 un milliard par ann\u00e9e pour ne pas construire de voitures"}]},{"@type":"WebSite","@id":"https:\/\/news.canadamotorjobs.com\/#website","url":"https:\/\/news.canadamotorjobs.com\/","name":"CanadaMotorJobs.com","description":"Automotive Jobs","publisher":{"@id":"https:\/\/news.canadamotorjobs.com\/#organization"},"potentialAction":[{"@type":"SearchAction","target":{"@type":"EntryPoint","urlTemplate":"https:\/\/news.canadamotorjobs.com\/?s={search_term_string}"},"query-input":"required name=search_term_string"}],"inLanguage":"fr-CA"},{"@type":"Organization","@id":"https:\/\/news.canadamotorjobs.com\/#organization","name":"Canada Motor Jobs","url":"https:\/\/news.canadamotorjobs.com\/","logo":{"@type":"ImageObject","inLanguage":"fr-CA","@id":"https:\/\/news.canadamotorjobs.com\/#\/schema\/logo\/image\/","url":"https:\/\/news.canadamotorjobs.com\/wp-content\/uploads\/2022\/10\/logo-canada-motor-jobs-1.png","contentUrl":"https:\/\/news.canadamotorjobs.com\/wp-content\/uploads\/2022\/10\/logo-canada-motor-jobs-1.png","width":800,"height":400,"caption":"Canada Motor Jobs"},"image":{"@id":"https:\/\/news.canadamotorjobs.com\/#\/schema\/logo\/image\/"},"sameAs":["https:\/\/www.facebook.com\/canadamotorjobs\/","https:\/\/x.com\/canadamotorjobs","https:\/\/www.instagram.com\/canadamotorjobs\/","https:\/\/www.linkedin.com\/company\/canadamotorjobs"]},{"@type":"Person","@id":"https:\/\/news.canadamotorjobs.com\/#\/schema\/person\/51793d1f87d44011d7bcc2ed99269a90","name":"Benoit Charette","image":{"@type":"ImageObject","inLanguage":"fr-CA","@id":"https:\/\/news.canadamotorjobs.com\/#\/schema\/person\/image\/","url":"https:\/\/secure.gravatar.com\/avatar\/45f3d2eebcccd909668d7ce7ea7267b6?s=96&d=mm&r=g","contentUrl":"https:\/\/secure.gravatar.com\/avatar\/45f3d2eebcccd909668d7ce7ea7267b6?s=96&d=mm&r=g","caption":"Benoit Charette"},"description":"Benoit Charette \/ Propri\u00e9taire et r\u00e9dacteur en chef Benoit Charette pratique le journalisme automobile depuis bient\u00f4t 30 ans. Il a fait ses classes au c\u00f4t\u00e9 de Daniel H\u00e9raud et au Carnet de route de 1992 \u00e0 2001. Il est fondateur, copropri\u00e9taire et r\u00e9dacteur en chef de L\u2019Annuel de l\u2019automobile, qu\u2019il publie depuis 2001. Il a anim\u00e9 les \u00e9missions RPM et RPM+ sur V et les L\u00e9gendes de la route sur Historia. \u00c0 la radio depuis 1986, il reprend l\u2019antenne cette ann\u00e9e sur les ondes de Cogeco et participe pour la deuxi\u00e8me ann\u00e9e \u00e0 l\u2019\u00e9mission Passion Auto sur RDS en plus de mettre en ligne le site Web officiel de L\u2019Annuel de l\u2019automobile sur annuelauto.ca.","sameAs":["https:\/\/annuelauto.ca\/"],"url":"https:\/\/news.canadamotorjobs.com\/fr\/author\/benoit-charette\/"}]}},"_links":{"self":[{"href":"https:\/\/news.canadamotorjobs.com\/fr\/wp-json\/wp\/v2\/posts\/160703"}],"collection":[{"href":"https:\/\/news.canadamotorjobs.com\/fr\/wp-json\/wp\/v2\/posts"}],"about":[{"href":"https:\/\/news.canadamotorjobs.com\/fr\/wp-json\/wp\/v2\/types\/post"}],"author":[{"embeddable":true,"href":"https:\/\/news.canadamotorjobs.com\/fr\/wp-json\/wp\/v2\/users\/8"}],"replies":[{"embeddable":true,"href":"https:\/\/news.canadamotorjobs.com\/fr\/wp-json\/wp\/v2\/comments?post=160703"}],"version-history":[{"count":2,"href":"https:\/\/news.canadamotorjobs.com\/fr\/wp-json\/wp\/v2\/posts\/160703\/revisions"}],"predecessor-version":[{"id":160707,"href":"https:\/\/news.canadamotorjobs.com\/fr\/wp-json\/wp\/v2\/posts\/160703\/revisions\/160707"}],"wp:featuredmedia":[{"embeddable":true,"href":"https:\/\/news.canadamotorjobs.com\/fr\/wp-json\/wp\/v2\/media\/160705"}],"wp:attachment":[{"href":"https:\/\/news.canadamotorjobs.com\/fr\/wp-json\/wp\/v2\/media?parent=160703"}],"wp:term":[{"taxonomy":"category","embeddable":true,"href":"https:\/\/news.canadamotorjobs.com\/fr\/wp-json\/wp\/v2\/categories?post=160703"},{"taxonomy":"post_tag","embeddable":true,"href":"https:\/\/news.canadamotorjobs.com\/fr\/wp-json\/wp\/v2\/tags?post=160703"}],"curies":[{"name":"wp","href":"https:\/\/api.w.org\/{rel}","templated":true}]}}