{"id":160653,"date":"2024-03-07T08:24:03","date_gmt":"2024-03-07T13:24:03","guid":{"rendered":"https:\/\/news.canadamotorjobs.com\/?p=160653"},"modified":"2024-03-07T08:34:39","modified_gmt":"2024-03-07T13:34:39","slug":"ram-1500","status":"publish","type":"post","link":"https:\/\/news.canadamotorjobs.com\/fr\/ram-1500\/","title":{"rendered":"Ram 1500"},"content":{"rendered":"<\/p>\n<p>On le sait, les camionnettes sont les v\u00e9hicules les plus vendus en Am\u00e9rique du Nord et le Canada ne fait pas exception. Et pourtant, acheter une camionnette ces jours-ci, c\u2019est loin d\u2019\u00eatre quelque chose d\u2019abordable. On a juste \u00e0 jeter un coup d\u2019\u0153il du c\u00f4t\u00e9 de la camionnette Ram 1500 pour le constater.<\/p>\n<p>Apr\u00e8s tout, la marque Ram se positionne toujours comme une marque bon march\u00e9, dont les v\u00e9hicules sont vendus \u00e0 un prix moins \u00e9lev\u00e9 que celui des mod\u00e8les concurrents. Il faut dire, aussi, que le groupe Chrysler a une strat\u00e9gie de vente qui d\u00e9pend tellement des rabais offerts par ses concessionnaires que si vous payez le plein prix pour un de ses v\u00e9hicules, c\u2019est que vous vous \u00eates probablement fait avoir\u2026<\/p>\n<p>Tout \u00e7a mis \u00e0 part, la g\u00e9n\u00e9ration actuelle du Ram 1500 est pr\u00e9sent\u00e9e comme super moderne et tr\u00e8s peu \u00e9nergivore. Sur papier, sa m\u00e9canique a \u00e9t\u00e9 con\u00e7ue pour \u00eatre tr\u00e8s peu gourmande. Ram annonce une consommation en ville de 13,4 litres aux 100 kilom\u00e8tres et une consommation sur l\u2019autoroute de 10,5 l\/100 km.<\/p>\n<p>Quelle ne fut donc pas ma surprise apr\u00e8s une semaine de conduite \u00e0 vide, essentiellement sur l\u2019autoroute, de ne pas avoir pu consommer moins de 15,5 litres aux 100 kilom\u00e8tres au volant de mon v\u00e9hicule d\u2019essai.<\/p>\n<p>Quelle ne fut pas mon \u00e9tonnement aussi quand j\u2019ai jet\u00e9 un coup d\u2019\u0153il \u00e0 sa fiche technique. Car la nouveaut\u00e9 chez Ram ces jours-ci et une version appel\u00e9e \u00abNight Edition\u00bb du Ram 1500 Limited, la variante la plus \u00e9quip\u00e9e de la camionnette. D\u00e9j\u00e0, une 1500 Limited tel quel co\u00fbte 79\u00a0000 $. La version Night Edition co\u00fbte\u2026 96\u00a0000 $.<\/p>\n<p>Je n\u2019ai pas trouv\u00e9 de fa\u00e7on de rendre \u00e7a acceptable. Une camionnette d\u2019une demie-tonne \u00e0 100\u00a0000 $, m\u00eame si elle a des si\u00e8ges en cuir, c\u2019est difficile \u00e0 comprendre, m\u00eame en 2024.<\/p>\n<p>Mais bon. Donnons au moins \u00e0 Ram ce qui lui revient\u00a0: sa camionnette se conduit comme un charme. Le V8 Hemi est gourmand et bruyant, mais il est grandement adouci par la bo\u00eete automatique qui l\u2019accompagne. D\u2019ailleurs, s\u2019il existe des gens qui ont le nom Hemi tatou\u00e9 sur le c\u0153ur, sachez que c\u2019est une des derni\u00e8res occasions que vous aurez de le voir \u00e0 l\u2019\u0153uvre, \u00e9tant donn\u00e9 que Stellantis le remplace graduellement par son V6 biturbo appel\u00e9 Hurricane\u2026<\/p>\n<p>\u00c0 bord, on a \u00e9videmment beaucoup de place, mais je dirai ceci\u00a0: j\u2019ai \u00e9t\u00e9 d\u00e9\u00e7u par l\u2019offre multim\u00e9dia. Le syst\u00e8me Uconnect est bien con\u00e7u, mais il n\u2019est pas parfait. Il red\u00e9marrait sans cesse, comme quoi on peut toujours tomber sur une mauvaise pomme\u2026<\/p>\n<p>Et ajoutons que la nouvelle mode dans l\u2019industrie est de personnaliser les cadrans, \u00e0 partir des commandes vu volant, et que Ram n\u2019a pas le syst\u00e8me le plus agr\u00e9able \u00e0 manipuler.<\/p>\n<p>Tout \u00e7a mis ensemble, on voit bien l\u2019attrait des camionnettes. C\u2019est pratique, c\u2019est logeable, c\u2019est un achat tr\u00e8s \u00abgros bon sens\u00bb. Mais quiconque paie 100\u00a0000 $ pour un pickup comme le Ram 1500, on va se le dire, a pay\u00e9 un peu trop cher pour son v\u00e9hicule.<\/p>\n<p>\u00a0<\/p>\n<p>\u00a0<\/p>\n<p>\u00a0<\/p>\n<p>Le texte <a rel=\"nofollow\" href=\"https:\/\/annuelauto.ca\/ram-1500\/\">Ram 1500<\/a> provient de <a rel=\"nofollow\" href=\"https:\/\/annuelauto.ca\">L&#8217;annuel de l&#8217;automobile &#8211; Actualit\u00e9 automobile<\/a><\/p>\n<p><\/p>\n","protected":false},"excerpt":{"rendered":"<p>On le sait, les camionnettes sont les v\u00e9hicules les plus vendus en Am\u00e9rique du Nord et le Canada ne fait pas exception. Et pourtant, acheter une camionnette ces jours-ci, c\u2019est loin d\u2019\u00eatre quelque chose d\u2019abordable. On a juste \u00e0 jeter un coup d\u2019\u0153il du c\u00f4t\u00e9 de la camionnette Ram 1500 pour le constater. Apr\u00e8s tout, [&hellip;]<\/p>\n","protected":false},"author":8,"featured_media":160655,"comment_status":"close","ping_status":"closed","sticky":false,"template":"","format":"standard","meta":{"_monsterinsights_skip_tracking":false,"_monsterinsights_sitenote_active":false,"_monsterinsights_sitenote_note":"","_monsterinsights_sitenote_category":0,"footnotes":""},"categories":[101],"tags":[],"yoast_head":"<!-- This site is optimized with the Yoast SEO plugin v23.2 - https:\/\/yoast.com\/wordpress\/plugins\/seo\/ -->\n<title>Ram 1500 - CanadaMotorJobs.com<\/title>\n<meta name=\"description\" content=\"Ram 1500 - Benoit Charette - Annuel automobile - CanadaMotorJobs.com.\" \/>\n<meta name=\"robots\" content=\"index, follow, max-snippet:-1, max-image-preview:large, max-video-preview:-1\" \/>\n<meta property=\"og:locale\" content=\"fr_CA\" \/>\n<meta property=\"og:type\" content=\"article\" \/>\n<meta property=\"og:title\" content=\"Ram 1500 - CanadaMotorJobs.com\" \/>\n<meta property=\"og:description\" content=\"Ram 1500 - Benoit Charette - Annuel automobile - CanadaMotorJobs.com.\" \/>\n<meta property=\"og:url\" content=\"https:\/\/news.canadamotorjobs.com\/fr\/ram-1500\/\" \/>\n<meta property=\"og:site_name\" content=\"CanadaMotorJobs.com\" \/>\n<meta property=\"article:publisher\" content=\"https:\/\/www.facebook.com\/canadamotorjobs\/\" \/>\n<meta property=\"article:published_time\" content=\"2024-03-07T13:24:03+00:00\" \/>\n<meta property=\"article:modified_time\" content=\"2024-03-07T13:34:39+00:00\" \/>\n<meta property=\"og:image\" content=\"https:\/\/news.canadamotorjobs.com\/wp-content\/uploads\/2024\/03\/RAM-1500-Classic-Night-Edition-bleu-f01.jpg\" \/>\n\t<meta property=\"og:image:width\" content=\"1024\" \/>\n\t<meta property=\"og:image:height\" content=\"768\" \/>\n\t<meta property=\"og:image:type\" content=\"image\/jpeg\" \/>\n<meta name=\"author\" content=\"Benoit Charette\" \/>\n<meta name=\"twitter:card\" content=\"summary_large_image\" \/>\n<meta name=\"twitter:creator\" content=\"@canadamotorjobs\" \/>\n<meta name=\"twitter:site\" content=\"@canadamotorjobs\" \/>\n<meta name=\"twitter:label1\" content=\"\u00c9crit par\" \/>\n\t<meta name=\"twitter:data1\" content=\"Benoit Charette\" \/>\n\t<meta name=\"twitter:label2\" content=\"Estimation du temps de lecture\" \/>\n\t<meta name=\"twitter:data2\" content=\"3 minutes\" \/>\n<!-- \/ Yoast SEO plugin. -->","yoast_head_json":{"title":"Ram 1500 - CanadaMotorJobs.com","description":"Ram 1500 - Benoit Charette - Annuel automobile - CanadaMotorJobs.com.","robots":{"index":"index","follow":"follow","max-snippet":"max-snippet:-1","max-image-preview":"max-image-preview:large","max-video-preview":"max-video-preview:-1"},"og_locale":"fr_CA","og_type":"article","og_title":"Ram 1500 - CanadaMotorJobs.com","og_description":"Ram 1500 - Benoit Charette - Annuel automobile - CanadaMotorJobs.com.","og_url":"https:\/\/news.canadamotorjobs.com\/fr\/ram-1500\/","og_site_name":"CanadaMotorJobs.com","article_publisher":"https:\/\/www.facebook.com\/canadamotorjobs\/","article_published_time":"2024-03-07T13:24:03+00:00","article_modified_time":"2024-03-07T13:34:39+00:00","og_image":[{"width":1024,"height":768,"url":"https:\/\/news.canadamotorjobs.com\/wp-content\/uploads\/2024\/03\/RAM-1500-Classic-Night-Edition-bleu-f01.jpg","type":"image\/jpeg"}],"author":"Benoit Charette","twitter_card":"summary_large_image","twitter_creator":"@canadamotorjobs","twitter_site":"@canadamotorjobs","twitter_misc":{"\u00c9crit par":"Benoit Charette","Estimation du temps de lecture":"3 minutes"},"schema":{"@context":"https:\/\/schema.org","@graph":[{"@type":"Article","@id":"https:\/\/news.canadamotorjobs.com\/fr\/ram-1500\/#article","isPartOf":{"@id":"https:\/\/news.canadamotorjobs.com\/fr\/ram-1500\/"},"author":{"name":"Benoit Charette","@id":"https:\/\/news.canadamotorjobs.com\/#\/schema\/person\/51793d1f87d44011d7bcc2ed99269a90"},"headline":"Ram 1500","datePublished":"2024-03-07T13:24:03+00:00","dateModified":"2024-03-07T13:34:39+00:00","mainEntityOfPage":{"@id":"https:\/\/news.canadamotorjobs.com\/fr\/ram-1500\/"},"wordCount":553,"publisher":{"@id":"https:\/\/news.canadamotorjobs.com\/#organization"},"image":{"@id":"https:\/\/news.canadamotorjobs.com\/fr\/ram-1500\/#primaryimage"},"thumbnailUrl":"https:\/\/news.canadamotorjobs.com\/wp-content\/uploads\/2024\/03\/RAM-1500-Classic-Night-Edition-bleu-f01.jpg","articleSection":["Annuel automobile"],"inLanguage":"fr-CA"},{"@type":"WebPage","@id":"https:\/\/news.canadamotorjobs.com\/fr\/ram-1500\/","url":"https:\/\/news.canadamotorjobs.com\/fr\/ram-1500\/","name":"Ram 1500 - CanadaMotorJobs.com","isPartOf":{"@id":"https:\/\/news.canadamotorjobs.com\/#website"},"primaryImageOfPage":{"@id":"https:\/\/news.canadamotorjobs.com\/fr\/ram-1500\/#primaryimage"},"image":{"@id":"https:\/\/news.canadamotorjobs.com\/fr\/ram-1500\/#primaryimage"},"thumbnailUrl":"https:\/\/news.canadamotorjobs.com\/wp-content\/uploads\/2024\/03\/RAM-1500-Classic-Night-Edition-bleu-f01.jpg","datePublished":"2024-03-07T13:24:03+00:00","dateModified":"2024-03-07T13:34:39+00:00","description":"Ram 1500 - Benoit Charette - Annuel automobile - CanadaMotorJobs.com.","breadcrumb":{"@id":"https:\/\/news.canadamotorjobs.com\/fr\/ram-1500\/#breadcrumb"},"inLanguage":"fr-CA","potentialAction":[{"@type":"ReadAction","target":["https:\/\/news.canadamotorjobs.com\/fr\/ram-1500\/"]}]},{"@type":"ImageObject","inLanguage":"fr-CA","@id":"https:\/\/news.canadamotorjobs.com\/fr\/ram-1500\/#primaryimage","url":"https:\/\/news.canadamotorjobs.com\/wp-content\/uploads\/2024\/03\/RAM-1500-Classic-Night-Edition-bleu-f01.jpg","contentUrl":"https:\/\/news.canadamotorjobs.com\/wp-content\/uploads\/2024\/03\/RAM-1500-Classic-Night-Edition-bleu-f01.jpg","width":1024,"height":768},{"@type":"BreadcrumbList","@id":"https:\/\/news.canadamotorjobs.com\/fr\/ram-1500\/#breadcrumb","itemListElement":[{"@type":"ListItem","position":1,"name":"Home","item":"https:\/\/news.canadamotorjobs.com\/fr\/blog\/"},{"@type":"ListItem","position":2,"name":"Ram 1500"}]},{"@type":"WebSite","@id":"https:\/\/news.canadamotorjobs.com\/#website","url":"https:\/\/news.canadamotorjobs.com\/","name":"CanadaMotorJobs.com","description":"Automotive Jobs","publisher":{"@id":"https:\/\/news.canadamotorjobs.com\/#organization"},"potentialAction":[{"@type":"SearchAction","target":{"@type":"EntryPoint","urlTemplate":"https:\/\/news.canadamotorjobs.com\/?s={search_term_string}"},"query-input":"required name=search_term_string"}],"inLanguage":"fr-CA"},{"@type":"Organization","@id":"https:\/\/news.canadamotorjobs.com\/#organization","name":"Canada Motor Jobs","url":"https:\/\/news.canadamotorjobs.com\/","logo":{"@type":"ImageObject","inLanguage":"fr-CA","@id":"https:\/\/news.canadamotorjobs.com\/#\/schema\/logo\/image\/","url":"https:\/\/news.canadamotorjobs.com\/wp-content\/uploads\/2022\/10\/logo-canada-motor-jobs-1.png","contentUrl":"https:\/\/news.canadamotorjobs.com\/wp-content\/uploads\/2022\/10\/logo-canada-motor-jobs-1.png","width":800,"height":400,"caption":"Canada Motor Jobs"},"image":{"@id":"https:\/\/news.canadamotorjobs.com\/#\/schema\/logo\/image\/"},"sameAs":["https:\/\/www.facebook.com\/canadamotorjobs\/","https:\/\/x.com\/canadamotorjobs","https:\/\/www.instagram.com\/canadamotorjobs\/","https:\/\/www.linkedin.com\/company\/canadamotorjobs"]},{"@type":"Person","@id":"https:\/\/news.canadamotorjobs.com\/#\/schema\/person\/51793d1f87d44011d7bcc2ed99269a90","name":"Benoit Charette","image":{"@type":"ImageObject","inLanguage":"fr-CA","@id":"https:\/\/news.canadamotorjobs.com\/#\/schema\/person\/image\/","url":"https:\/\/secure.gravatar.com\/avatar\/45f3d2eebcccd909668d7ce7ea7267b6?s=96&d=mm&r=g","contentUrl":"https:\/\/secure.gravatar.com\/avatar\/45f3d2eebcccd909668d7ce7ea7267b6?s=96&d=mm&r=g","caption":"Benoit Charette"},"description":"Benoit Charette \/ Propri\u00e9taire et r\u00e9dacteur en chef Benoit Charette pratique le journalisme automobile depuis bient\u00f4t 30 ans. Il a fait ses classes au c\u00f4t\u00e9 de Daniel H\u00e9raud et au Carnet de route de 1992 \u00e0 2001. Il est fondateur, copropri\u00e9taire et r\u00e9dacteur en chef de L\u2019Annuel de l\u2019automobile, qu\u2019il publie depuis 2001. Il a anim\u00e9 les \u00e9missions RPM et RPM+ sur V et les L\u00e9gendes de la route sur Historia. \u00c0 la radio depuis 1986, il reprend l\u2019antenne cette ann\u00e9e sur les ondes de Cogeco et participe pour la deuxi\u00e8me ann\u00e9e \u00e0 l\u2019\u00e9mission Passion Auto sur RDS en plus de mettre en ligne le site Web officiel de L\u2019Annuel de l\u2019automobile sur annuelauto.ca.","sameAs":["https:\/\/annuelauto.ca\/"],"url":"https:\/\/news.canadamotorjobs.com\/fr\/author\/benoit-charette\/"}]}},"_links":{"self":[{"href":"https:\/\/news.canadamotorjobs.com\/fr\/wp-json\/wp\/v2\/posts\/160653"}],"collection":[{"href":"https:\/\/news.canadamotorjobs.com\/fr\/wp-json\/wp\/v2\/posts"}],"about":[{"href":"https:\/\/news.canadamotorjobs.com\/fr\/wp-json\/wp\/v2\/types\/post"}],"author":[{"embeddable":true,"href":"https:\/\/news.canadamotorjobs.com\/fr\/wp-json\/wp\/v2\/users\/8"}],"replies":[{"embeddable":true,"href":"https:\/\/news.canadamotorjobs.com\/fr\/wp-json\/wp\/v2\/comments?post=160653"}],"version-history":[{"count":2,"href":"https:\/\/news.canadamotorjobs.com\/fr\/wp-json\/wp\/v2\/posts\/160653\/revisions"}],"predecessor-version":[{"id":160657,"href":"https:\/\/news.canadamotorjobs.com\/fr\/wp-json\/wp\/v2\/posts\/160653\/revisions\/160657"}],"wp:featuredmedia":[{"embeddable":true,"href":"https:\/\/news.canadamotorjobs.com\/fr\/wp-json\/wp\/v2\/media\/160655"}],"wp:attachment":[{"href":"https:\/\/news.canadamotorjobs.com\/fr\/wp-json\/wp\/v2\/media?parent=160653"}],"wp:term":[{"taxonomy":"category","embeddable":true,"href":"https:\/\/news.canadamotorjobs.com\/fr\/wp-json\/wp\/v2\/categories?post=160653"},{"taxonomy":"post_tag","embeddable":true,"href":"https:\/\/news.canadamotorjobs.com\/fr\/wp-json\/wp\/v2\/tags?post=160653"}],"curies":[{"name":"wp","href":"https:\/\/api.w.org\/{rel}","templated":true}]}}