{"id":160561,"date":"2024-03-06T07:08:14","date_gmt":"2024-03-06T12:08:14","guid":{"rendered":"https:\/\/news.canadamotorjobs.com\/?p=160561"},"modified":"2024-03-06T07:18:03","modified_gmt":"2024-03-06T12:18:03","slug":"le-quebec-est-lendroit-reve-pour-les-vehicules-electriques-selon-lubc-university-of-british-columbia","status":"publish","type":"post","link":"https:\/\/news.canadamotorjobs.com\/fr\/le-quebec-est-lendroit-reve-pour-les-vehicules-electriques-selon-lubc-university-of-british-columbia\/","title":{"rendered":"Le Qu\u00e9bec est l\u2019endroit r\u00eav\u00e9 pour les v\u00e9hicules \u00e9lectriques selon l\u2019UBC (University of British Columbia)"},"content":{"rendered":"<\/p>\n<p>On voit passer beaucoup d\u2019information contradictoire \u00e0 propos des v\u00e9hicules \u00e9lectriques et il y a une raison assez simple \u00e0 \u00e7a. En plus de la d\u00e9sinformation pure et simple, il y a beaucoup de facteurs qui rendent ces v\u00e9hicules-l\u00e0 plus ou moins attrayants \u00e0 acheter selon la r\u00e9gion dans le monde o\u00f9 vous demeurez. La bonne nouvelle, pour nous en tout cas, c\u2019est que le Qu\u00e9bec est des meilleurs endroits dans le monde pour en acheter un. C\u2019est en tout cas le meilleur endroit au Canada, et probablement en Am\u00e9rique du Nord.<\/p>\n<h3>Cela dit, la situation n\u2019est pas parfaite, \u00e9videmment.<\/h3>\n<p>\nTout \u00e7a, ce n\u2019est pas nous qui le disons, ce sont trois chercheurs de l\u2019Universit\u00e9 de Colombie-Britannique qui sont arriv\u00e9s \u00e0 cette conclusion apr\u00e8s avoir compar\u00e9 la plupart des facteurs qui touchent au co\u00fbt d\u2019acquisition et d\u2019utilisation des v\u00e9hicules \u00e9lectriques.<\/p>\n<p>Et ce qu\u2019ils disent est assez simple, en fin de compte\u00a0: \u00able Qu\u00e9bec a les conditions les plus favorables pour devenir propri\u00e9taire d\u2019un v\u00e9hicule \u00e9lectrique en raison de l\u2019aide g\u00e9n\u00e9reuse \u00e0 l\u2019achat et du prix tr\u00e8s peu \u00e9lev\u00e9 de l\u2019\u00e9lectricit\u00e9\u00bb.<\/p>\n<p>Les chercheurs font aussi tomber quelques pr\u00e9jug\u00e9s tenaces, comme le co\u00fbt trop \u00e9lev\u00e9 de la technologie. Ils tiennent compte du prix d\u2019achat, du co\u00fbt de l\u2019\u00e9lectricit\u00e9, du kilom\u00e9trage moyen parcouru par province, de la disponibilit\u00e9 et du co\u00fbt de la recharge, et ils concluent\u00a0: \u00abpour les acheteurs qui ont un budget fixe et qui comparent l\u2019\u00e9lectrique \u00e0 l\u2019essence, acheter un v\u00e9hicule \u00e9lectrique de format modeste et d\u2019une marque qui n\u2019est pas luxueuse peut entra\u00eener de grandes \u00e9conomies\u00bb.<\/p>\n<p>Les chercheurs de UBC ont fait cette recherche pour \u00e9clairer la strat\u00e9gie des gouvernements relative \u00e0 la d\u00e9carbonation du transport. Leur premi\u00e8re recommandation vu l\u2019\u00e9tat du march\u00e9 est de revoir l\u2019aide \u00e0 l\u2019achat, qui est de 5000$ au f\u00e9d\u00e9ral et de 7000$ au Qu\u00e9bec, pour que les v\u00e9hicules plus luxueux et plus gros soient exclus. Au niveau f\u00e9d\u00e9ral, ils recommandent aussi de moduler l\u2019offre pour favoriser le remplacement des v\u00e9hicules l\u00e0 o\u00f9 ils sont actuellement les plus polluants, pour g\u00e9n\u00e9rer rapidement le plus grand b\u00e9n\u00e9fice environnemental.<\/p>\n<p>Enfin, pour ceux qui se le demandent encore, les v\u00e9hicules \u00e9lectriques sont \u00e0 tous les coups moins polluants que les v\u00e9hicules \u00e0 essence, y compris quand on tient compte de leur fabrication. C\u2019est encore plus le cas au Qu\u00e9bec, o\u00f9 le r\u00e9seau \u00e9lectrique est le plus propre au Canada. Par comparaison, l\u2019intensit\u00e9 carbone du r\u00e9seau ontarien est 25 fois plus \u00e9lev\u00e9e que celle du r\u00e9seau qu\u00e9b\u00e9cois.<\/p>\n<p>Il n\u2019y a donc pas de raison de se priver\u2026<\/p>\n<p>Le texte <a rel=\"nofollow\" href=\"https:\/\/annuelauto.ca\/le-quebec-est-lendroit-reve-pour-les-vehicules-electriques-selon-lubc-university-of-british-columbia\/\">Le Qu\u00e9bec est l\u2019endroit r\u00eav\u00e9 pour les v\u00e9hicules \u00e9lectriques selon l\u2019UBC (University of British Columbia)<\/a> provient de <a rel=\"nofollow\" href=\"https:\/\/annuelauto.ca\">L&#8217;annuel de l&#8217;automobile &#8211; Actualit\u00e9 automobile<\/a><\/p>\n<p><\/p>\n","protected":false},"excerpt":{"rendered":"<p>On voit passer beaucoup d\u2019information contradictoire \u00e0 propos des v\u00e9hicules \u00e9lectriques et il y a une raison assez simple \u00e0 \u00e7a. En plus de la d\u00e9sinformation pure et simple, il y a beaucoup de facteurs qui rendent ces v\u00e9hicules-l\u00e0 plus ou moins attrayants \u00e0 acheter selon la r\u00e9gion dans le monde o\u00f9 vous demeurez. La [&hellip;]<\/p>\n","protected":false},"author":8,"featured_media":160563,"comment_status":"close","ping_status":"closed","sticky":false,"template":"","format":"standard","meta":{"_monsterinsights_skip_tracking":false,"_monsterinsights_sitenote_active":false,"_monsterinsights_sitenote_note":"","_monsterinsights_sitenote_category":0,"footnotes":""},"categories":[101],"tags":[],"yoast_head":"<!-- This site is optimized with the Yoast SEO plugin v23.2 - https:\/\/yoast.com\/wordpress\/plugins\/seo\/ -->\n<title>Le Qu\u00e9bec est l\u2019endroit r\u00eav\u00e9 pour les v\u00e9hicules \u00e9lectriques selon l\u2019UBC (University of British Columbia) - CanadaMotorJobs.com<\/title>\n<meta name=\"description\" content=\"Le Qu\u00e9bec est l\u2019endroit r\u00eav\u00e9 pour les v\u00e9hicules \u00e9lectriques selon l\u2019UBC (University of British Columbia) - Benoit Charette - Annuel automobile - CanadaMotorJobs.com.\" \/>\n<meta name=\"robots\" content=\"index, follow, max-snippet:-1, max-image-preview:large, max-video-preview:-1\" \/>\n<meta property=\"og:locale\" content=\"fr_CA\" \/>\n<meta property=\"og:type\" content=\"article\" \/>\n<meta property=\"og:title\" content=\"Le Qu\u00e9bec est l\u2019endroit r\u00eav\u00e9 pour les v\u00e9hicules \u00e9lectriques selon l\u2019UBC (University of British Columbia) - CanadaMotorJobs.com\" \/>\n<meta property=\"og:description\" content=\"Le Qu\u00e9bec est l\u2019endroit r\u00eav\u00e9 pour les v\u00e9hicules \u00e9lectriques selon l\u2019UBC (University of British Columbia) - Benoit Charette - Annuel automobile - CanadaMotorJobs.com.\" \/>\n<meta property=\"og:url\" content=\"https:\/\/news.canadamotorjobs.com\/fr\/le-quebec-est-lendroit-reve-pour-les-vehicules-electriques-selon-lubc-university-of-british-columbia\/\" \/>\n<meta property=\"og:site_name\" content=\"CanadaMotorJobs.com\" \/>\n<meta property=\"article:publisher\" content=\"https:\/\/www.facebook.com\/canadamotorjobs\/\" \/>\n<meta property=\"article:published_time\" content=\"2024-03-06T12:08:14+00:00\" \/>\n<meta property=\"article:modified_time\" content=\"2024-03-06T12:18:03+00:00\" \/>\n<meta property=\"og:image\" content=\"https:\/\/news.canadamotorjobs.com\/wp-content\/uploads\/2024\/03\/2563-Sainte-Madeleine.jpg\" \/>\n\t<meta property=\"og:image:width\" content=\"1200\" \/>\n\t<meta property=\"og:image:height\" content=\"731\" \/>\n\t<meta property=\"og:image:type\" content=\"image\/jpeg\" \/>\n<meta name=\"author\" content=\"Benoit Charette\" \/>\n<meta name=\"twitter:card\" content=\"summary_large_image\" \/>\n<meta name=\"twitter:creator\" content=\"@canadamotorjobs\" \/>\n<meta name=\"twitter:site\" content=\"@canadamotorjobs\" \/>\n<meta name=\"twitter:label1\" content=\"\u00c9crit par\" \/>\n\t<meta name=\"twitter:data1\" content=\"Benoit Charette\" \/>\n\t<meta name=\"twitter:label2\" content=\"Estimation du temps de lecture\" \/>\n\t<meta name=\"twitter:data2\" content=\"3 minutes\" \/>\n<!-- \/ Yoast SEO plugin. -->","yoast_head_json":{"title":"Le Qu\u00e9bec est l\u2019endroit r\u00eav\u00e9 pour les v\u00e9hicules \u00e9lectriques selon l\u2019UBC (University of British Columbia) - CanadaMotorJobs.com","description":"Le Qu\u00e9bec est l\u2019endroit r\u00eav\u00e9 pour les v\u00e9hicules \u00e9lectriques selon l\u2019UBC (University of British Columbia) - Benoit Charette - Annuel automobile - CanadaMotorJobs.com.","robots":{"index":"index","follow":"follow","max-snippet":"max-snippet:-1","max-image-preview":"max-image-preview:large","max-video-preview":"max-video-preview:-1"},"og_locale":"fr_CA","og_type":"article","og_title":"Le Qu\u00e9bec est l\u2019endroit r\u00eav\u00e9 pour les v\u00e9hicules \u00e9lectriques selon l\u2019UBC (University of British Columbia) - CanadaMotorJobs.com","og_description":"Le Qu\u00e9bec est l\u2019endroit r\u00eav\u00e9 pour les v\u00e9hicules \u00e9lectriques selon l\u2019UBC (University of British Columbia) - Benoit Charette - Annuel automobile - CanadaMotorJobs.com.","og_url":"https:\/\/news.canadamotorjobs.com\/fr\/le-quebec-est-lendroit-reve-pour-les-vehicules-electriques-selon-lubc-university-of-british-columbia\/","og_site_name":"CanadaMotorJobs.com","article_publisher":"https:\/\/www.facebook.com\/canadamotorjobs\/","article_published_time":"2024-03-06T12:08:14+00:00","article_modified_time":"2024-03-06T12:18:03+00:00","og_image":[{"width":1200,"height":731,"url":"https:\/\/news.canadamotorjobs.com\/wp-content\/uploads\/2024\/03\/2563-Sainte-Madeleine.jpg","type":"image\/jpeg"}],"author":"Benoit Charette","twitter_card":"summary_large_image","twitter_creator":"@canadamotorjobs","twitter_site":"@canadamotorjobs","twitter_misc":{"\u00c9crit par":"Benoit Charette","Estimation du temps de lecture":"3 minutes"},"schema":{"@context":"https:\/\/schema.org","@graph":[{"@type":"Article","@id":"https:\/\/news.canadamotorjobs.com\/fr\/le-quebec-est-lendroit-reve-pour-les-vehicules-electriques-selon-lubc-university-of-british-columbia\/#article","isPartOf":{"@id":"https:\/\/news.canadamotorjobs.com\/fr\/le-quebec-est-lendroit-reve-pour-les-vehicules-electriques-selon-lubc-university-of-british-columbia\/"},"author":{"name":"Benoit Charette","@id":"https:\/\/news.canadamotorjobs.com\/#\/schema\/person\/51793d1f87d44011d7bcc2ed99269a90"},"headline":"Le Qu\u00e9bec est l\u2019endroit r\u00eav\u00e9 pour les v\u00e9hicules \u00e9lectriques selon l\u2019UBC (University of British Columbia)","datePublished":"2024-03-06T12:08:14+00:00","dateModified":"2024-03-06T12:18:03+00:00","mainEntityOfPage":{"@id":"https:\/\/news.canadamotorjobs.com\/fr\/le-quebec-est-lendroit-reve-pour-les-vehicules-electriques-selon-lubc-university-of-british-columbia\/"},"wordCount":531,"publisher":{"@id":"https:\/\/news.canadamotorjobs.com\/#organization"},"image":{"@id":"https:\/\/news.canadamotorjobs.com\/fr\/le-quebec-est-lendroit-reve-pour-les-vehicules-electriques-selon-lubc-university-of-british-columbia\/#primaryimage"},"thumbnailUrl":"https:\/\/news.canadamotorjobs.com\/wp-content\/uploads\/2024\/03\/2563-Sainte-Madeleine.jpg","articleSection":["Annuel automobile"],"inLanguage":"fr-CA"},{"@type":"WebPage","@id":"https:\/\/news.canadamotorjobs.com\/fr\/le-quebec-est-lendroit-reve-pour-les-vehicules-electriques-selon-lubc-university-of-british-columbia\/","url":"https:\/\/news.canadamotorjobs.com\/fr\/le-quebec-est-lendroit-reve-pour-les-vehicules-electriques-selon-lubc-university-of-british-columbia\/","name":"Le Qu\u00e9bec est l\u2019endroit r\u00eav\u00e9 pour les v\u00e9hicules \u00e9lectriques selon l\u2019UBC (University of British Columbia) - CanadaMotorJobs.com","isPartOf":{"@id":"https:\/\/news.canadamotorjobs.com\/#website"},"primaryImageOfPage":{"@id":"https:\/\/news.canadamotorjobs.com\/fr\/le-quebec-est-lendroit-reve-pour-les-vehicules-electriques-selon-lubc-university-of-british-columbia\/#primaryimage"},"image":{"@id":"https:\/\/news.canadamotorjobs.com\/fr\/le-quebec-est-lendroit-reve-pour-les-vehicules-electriques-selon-lubc-university-of-british-columbia\/#primaryimage"},"thumbnailUrl":"https:\/\/news.canadamotorjobs.com\/wp-content\/uploads\/2024\/03\/2563-Sainte-Madeleine.jpg","datePublished":"2024-03-06T12:08:14+00:00","dateModified":"2024-03-06T12:18:03+00:00","description":"Le Qu\u00e9bec est l\u2019endroit r\u00eav\u00e9 pour les v\u00e9hicules \u00e9lectriques selon l\u2019UBC (University of British Columbia) - Benoit Charette - Annuel automobile - CanadaMotorJobs.com.","breadcrumb":{"@id":"https:\/\/news.canadamotorjobs.com\/fr\/le-quebec-est-lendroit-reve-pour-les-vehicules-electriques-selon-lubc-university-of-british-columbia\/#breadcrumb"},"inLanguage":"fr-CA","potentialAction":[{"@type":"ReadAction","target":["https:\/\/news.canadamotorjobs.com\/fr\/le-quebec-est-lendroit-reve-pour-les-vehicules-electriques-selon-lubc-university-of-british-columbia\/"]}]},{"@type":"ImageObject","inLanguage":"fr-CA","@id":"https:\/\/news.canadamotorjobs.com\/fr\/le-quebec-est-lendroit-reve-pour-les-vehicules-electriques-selon-lubc-university-of-british-columbia\/#primaryimage","url":"https:\/\/news.canadamotorjobs.com\/wp-content\/uploads\/2024\/03\/2563-Sainte-Madeleine.jpg","contentUrl":"https:\/\/news.canadamotorjobs.com\/wp-content\/uploads\/2024\/03\/2563-Sainte-Madeleine.jpg","width":1200,"height":731},{"@type":"BreadcrumbList","@id":"https:\/\/news.canadamotorjobs.com\/fr\/le-quebec-est-lendroit-reve-pour-les-vehicules-electriques-selon-lubc-university-of-british-columbia\/#breadcrumb","itemListElement":[{"@type":"ListItem","position":1,"name":"Home","item":"https:\/\/news.canadamotorjobs.com\/fr\/blog\/"},{"@type":"ListItem","position":2,"name":"Le Qu\u00e9bec est l\u2019endroit r\u00eav\u00e9 pour les v\u00e9hicules \u00e9lectriques selon l\u2019UBC (University of British Columbia)"}]},{"@type":"WebSite","@id":"https:\/\/news.canadamotorjobs.com\/#website","url":"https:\/\/news.canadamotorjobs.com\/","name":"CanadaMotorJobs.com","description":"Automotive Jobs","publisher":{"@id":"https:\/\/news.canadamotorjobs.com\/#organization"},"potentialAction":[{"@type":"SearchAction","target":{"@type":"EntryPoint","urlTemplate":"https:\/\/news.canadamotorjobs.com\/?s={search_term_string}"},"query-input":"required name=search_term_string"}],"inLanguage":"fr-CA"},{"@type":"Organization","@id":"https:\/\/news.canadamotorjobs.com\/#organization","name":"Canada Motor Jobs","url":"https:\/\/news.canadamotorjobs.com\/","logo":{"@type":"ImageObject","inLanguage":"fr-CA","@id":"https:\/\/news.canadamotorjobs.com\/#\/schema\/logo\/image\/","url":"https:\/\/news.canadamotorjobs.com\/wp-content\/uploads\/2022\/10\/logo-canada-motor-jobs-1.png","contentUrl":"https:\/\/news.canadamotorjobs.com\/wp-content\/uploads\/2022\/10\/logo-canada-motor-jobs-1.png","width":800,"height":400,"caption":"Canada Motor Jobs"},"image":{"@id":"https:\/\/news.canadamotorjobs.com\/#\/schema\/logo\/image\/"},"sameAs":["https:\/\/www.facebook.com\/canadamotorjobs\/","https:\/\/x.com\/canadamotorjobs","https:\/\/www.instagram.com\/canadamotorjobs\/","https:\/\/www.linkedin.com\/company\/canadamotorjobs"]},{"@type":"Person","@id":"https:\/\/news.canadamotorjobs.com\/#\/schema\/person\/51793d1f87d44011d7bcc2ed99269a90","name":"Benoit Charette","image":{"@type":"ImageObject","inLanguage":"fr-CA","@id":"https:\/\/news.canadamotorjobs.com\/#\/schema\/person\/image\/","url":"https:\/\/secure.gravatar.com\/avatar\/45f3d2eebcccd909668d7ce7ea7267b6?s=96&d=mm&r=g","contentUrl":"https:\/\/secure.gravatar.com\/avatar\/45f3d2eebcccd909668d7ce7ea7267b6?s=96&d=mm&r=g","caption":"Benoit Charette"},"description":"Benoit Charette \/ Propri\u00e9taire et r\u00e9dacteur en chef Benoit Charette pratique le journalisme automobile depuis bient\u00f4t 30 ans. Il a fait ses classes au c\u00f4t\u00e9 de Daniel H\u00e9raud et au Carnet de route de 1992 \u00e0 2001. Il est fondateur, copropri\u00e9taire et r\u00e9dacteur en chef de L\u2019Annuel de l\u2019automobile, qu\u2019il publie depuis 2001. Il a anim\u00e9 les \u00e9missions RPM et RPM+ sur V et les L\u00e9gendes de la route sur Historia. \u00c0 la radio depuis 1986, il reprend l\u2019antenne cette ann\u00e9e sur les ondes de Cogeco et participe pour la deuxi\u00e8me ann\u00e9e \u00e0 l\u2019\u00e9mission Passion Auto sur RDS en plus de mettre en ligne le site Web officiel de L\u2019Annuel de l\u2019automobile sur annuelauto.ca.","sameAs":["https:\/\/annuelauto.ca\/"],"url":"https:\/\/news.canadamotorjobs.com\/fr\/author\/benoit-charette\/"}]}},"_links":{"self":[{"href":"https:\/\/news.canadamotorjobs.com\/fr\/wp-json\/wp\/v2\/posts\/160561"}],"collection":[{"href":"https:\/\/news.canadamotorjobs.com\/fr\/wp-json\/wp\/v2\/posts"}],"about":[{"href":"https:\/\/news.canadamotorjobs.com\/fr\/wp-json\/wp\/v2\/types\/post"}],"author":[{"embeddable":true,"href":"https:\/\/news.canadamotorjobs.com\/fr\/wp-json\/wp\/v2\/users\/8"}],"replies":[{"embeddable":true,"href":"https:\/\/news.canadamotorjobs.com\/fr\/wp-json\/wp\/v2\/comments?post=160561"}],"version-history":[{"count":2,"href":"https:\/\/news.canadamotorjobs.com\/fr\/wp-json\/wp\/v2\/posts\/160561\/revisions"}],"predecessor-version":[{"id":160565,"href":"https:\/\/news.canadamotorjobs.com\/fr\/wp-json\/wp\/v2\/posts\/160561\/revisions\/160565"}],"wp:featuredmedia":[{"embeddable":true,"href":"https:\/\/news.canadamotorjobs.com\/fr\/wp-json\/wp\/v2\/media\/160563"}],"wp:attachment":[{"href":"https:\/\/news.canadamotorjobs.com\/fr\/wp-json\/wp\/v2\/media?parent=160561"}],"wp:term":[{"taxonomy":"category","embeddable":true,"href":"https:\/\/news.canadamotorjobs.com\/fr\/wp-json\/wp\/v2\/categories?post=160561"},{"taxonomy":"post_tag","embeddable":true,"href":"https:\/\/news.canadamotorjobs.com\/fr\/wp-json\/wp\/v2\/tags?post=160561"}],"curies":[{"name":"wp","href":"https:\/\/api.w.org\/{rel}","templated":true}]}}