{"id":160542,"date":"2024-03-05T20:39:48","date_gmt":"2024-03-06T01:39:48","guid":{"rendered":"https:\/\/news.canadamotorjobs.com\/?p=160542"},"modified":"2024-03-05T21:00:36","modified_gmt":"2024-03-06T02:00:36","slug":"karma-presente-la-gyesera-sa-premiere-auto-electrique-de-serie","status":"publish","type":"post","link":"https:\/\/news.canadamotorjobs.com\/fr\/karma-presente-la-gyesera-sa-premiere-auto-electrique-de-serie\/","title":{"rendered":"Karma pr\u00e9sente la Gyesera, sa premi\u00e8re auto \u00e9lectrique de s\u00e9rie"},"content":{"rendered":"<\/p>\n<p>Le constructeur californien de voitures de luxe Karma Automotive a pr\u00e9sent\u00e9 la version de s\u00e9rie de la berline Gyesera, sa premi\u00e8re automobile \u00e0 propulsion \u00e9lectrique. Cette pr\u00e9sentation a eu lieu le samedi 2\u00a0mars dernier dans le cadre du concours d\u2019\u00e9l\u00e9gance d\u2019<a href=\"https:\/\/annuelauto.ca\/une-voiture-de-charles-trenet-triophe-a-amelia-island\/\" target=\"_blank\" rel=\"noopener noreferrer\">Amelia Island<\/a>, en Floride.<\/p>\n<p>Michelle Christensen, vice-pr\u00e9sidente du design chez Karma, la qualifie de \u00ab\u00a0GT la plus dure \u00e0 cuire sur la route\u00a0\u00bb \u00e0 cause de sa silhouette \u00e9lanc\u00e9e et de ses performances.<\/p>\n<p>La prototype de la Gyesera a \u00e9t\u00e9 d\u00e9voil\u00e9 en novembre dernier aux c\u00f4t\u00e9s d&#8217;un \u00e9l\u00e9gant coup\u00e9 de haute performance appel\u00e9 <a href=\"https:\/\/annuelauto.ca\/karma-passe-en-mode-renaissance\/\" target=\"_blank\" rel=\"noopener noreferrer\">Kaveya<\/a>, qui doit entrer en production en 2025.<\/p>\n<p>La berline Gyesera, pour sa part, a une forme plus famili\u00e8re. Elle reprend le profil des Karma Revero et GS-6, en y ajoutant une partie avant plus effil\u00e9e. Sa carrosserie faite d\u2019aluminium et de fibre de carbone habille un ch\u00e2ssis en aluminium. Cela ne l\u2019emp\u00eache toutefois pas d\u2019afficher 2 404 kg sur une balance.<\/p>\n<p>Dot\u00e9e d\u2019une motorisation de 590\u00a0ch qui d\u00e9veloppe 693\u00a0lb-pi de couple, cette propulsion a une vitesse de pointe avoisinant les 220\u00a0km\/h et peut acc\u00e9l\u00e9rer de 0 \u00e0 100\u00a0km\/h en 4,2\u00a0s environ. En outre, sa batterie de 120\u00a0kWh lui permettrait de parcourir au-del\u00e0 de 400 kilom\u00e8tres dans les meilleures conditions, affirme le constructeur.<\/p>\n<p>Avec une palette de prix allant d&#8217;environ 175 000 $US \u00e0 225 000 $US, la Gyesera vise clairement la client\u00e8le des <a href=\"https:\/\/annuelauto.ca\/le-porsche-macan-ev-turbo-sera-plus-puissant-quune-911-gt3-rs\/\" target=\"_blank\" rel=\"noopener noreferrer\">Porsche<\/a> Taycan, <a href=\"https:\/\/annuelauto.ca\/mercedes-benz-presente-une-autonomie-de-niveau-3-en-californie\/\" target=\"_blank\" rel=\"noopener noreferrer\">Mercedes-Benz EQS<\/a> et Tesla Mod\u00e8le S, entre autres V\u00c9. Le carnet de commandes est d\u2019ailleurs d\u00e9j\u00e0 ouvert sur le site du constructeur : une r\u00e9servation requi\u00e8re un acompte de 5 000 $US (6 898 $CA).<\/p>\n<p>Chez Karma, on entend commencer la production de cette voiture avant la fin de l\u2019ann\u00e9e. Cela permettrait de livrer les premiers exemplaires de s\u00e9rie \u00e0 leurs acheteurs au d\u00e9but de 2025. Le constructeur en produira environ 2\u00a0000 exemplaires \u00e0 son usine californienne de Moreno Valley au cours des quatre ou cinq prochaines ann\u00e9es.<\/p>\n<p><em>Photos : Karma<\/em><\/p>\n<p>Le texte <a rel=\"nofollow\" href=\"https:\/\/annuelauto.ca\/karma-presente-la-gyesera-sa-premiere-auto-electrique-de-serie\/\">Karma pr\u00e9sente la Gyesera, sa premi\u00e8re auto \u00e9lectrique de s\u00e9rie<\/a> provient de <a rel=\"nofollow\" href=\"https:\/\/annuelauto.ca\">L&#8217;annuel de l&#8217;automobile &#8211; Actualit\u00e9 automobile<\/a><\/p>\n<p><\/p>\n","protected":false},"excerpt":{"rendered":"<p>Le constructeur californien de voitures de luxe Karma Automotive a pr\u00e9sent\u00e9 la version de s\u00e9rie de la berline Gyesera, sa premi\u00e8re automobile \u00e0 propulsion \u00e9lectrique. Cette pr\u00e9sentation a eu lieu le samedi 2\u00a0mars dernier dans le cadre du concours d\u2019\u00e9l\u00e9gance d\u2019Amelia Island, en Floride. Michelle Christensen, vice-pr\u00e9sidente du design chez Karma, la qualifie de \u00ab\u00a0GT [&hellip;]<\/p>\n","protected":false},"author":8,"featured_media":160544,"comment_status":"close","ping_status":"closed","sticky":false,"template":"","format":"standard","meta":{"_monsterinsights_skip_tracking":false,"_monsterinsights_sitenote_active":false,"_monsterinsights_sitenote_note":"","_monsterinsights_sitenote_category":0,"footnotes":""},"categories":[101],"tags":[],"yoast_head":"<!-- This site is optimized with the Yoast SEO plugin v23.2 - https:\/\/yoast.com\/wordpress\/plugins\/seo\/ -->\n<title>Karma pr\u00e9sente la Gyesera, sa premi\u00e8re auto \u00e9lectrique de s\u00e9rie - CanadaMotorJobs.com<\/title>\n<meta name=\"description\" content=\"Karma pr\u00e9sente la Gyesera, sa premi\u00e8re auto \u00e9lectrique de s\u00e9rie - Benoit Charette - Annuel automobile - CanadaMotorJobs.com.\" \/>\n<meta name=\"robots\" content=\"index, follow, max-snippet:-1, max-image-preview:large, max-video-preview:-1\" \/>\n<meta property=\"og:locale\" content=\"fr_CA\" \/>\n<meta property=\"og:type\" content=\"article\" \/>\n<meta property=\"og:title\" content=\"Karma pr\u00e9sente la Gyesera, sa premi\u00e8re auto \u00e9lectrique de s\u00e9rie - CanadaMotorJobs.com\" \/>\n<meta property=\"og:description\" content=\"Karma pr\u00e9sente la Gyesera, sa premi\u00e8re auto \u00e9lectrique de s\u00e9rie - Benoit Charette - Annuel automobile - CanadaMotorJobs.com.\" \/>\n<meta property=\"og:url\" content=\"https:\/\/news.canadamotorjobs.com\/fr\/karma-presente-la-gyesera-sa-premiere-auto-electrique-de-serie\/\" \/>\n<meta property=\"og:site_name\" content=\"CanadaMotorJobs.com\" \/>\n<meta property=\"article:publisher\" content=\"https:\/\/www.facebook.com\/canadamotorjobs\/\" \/>\n<meta property=\"article:published_time\" content=\"2024-03-06T01:39:48+00:00\" \/>\n<meta property=\"article:modified_time\" content=\"2024-03-06T02:00:36+00:00\" \/>\n<meta property=\"og:image\" content=\"https:\/\/news.canadamotorjobs.com\/wp-content\/uploads\/2024\/03\/Karma-Gyesera_5.jpg\" \/>\n\t<meta property=\"og:image:width\" content=\"1024\" \/>\n\t<meta property=\"og:image:height\" content=\"683\" \/>\n\t<meta property=\"og:image:type\" content=\"image\/jpeg\" \/>\n<meta name=\"author\" content=\"Benoit Charette\" \/>\n<meta name=\"twitter:card\" content=\"summary_large_image\" \/>\n<meta name=\"twitter:creator\" content=\"@canadamotorjobs\" \/>\n<meta name=\"twitter:site\" content=\"@canadamotorjobs\" \/>\n<meta name=\"twitter:label1\" content=\"\u00c9crit par\" \/>\n\t<meta name=\"twitter:data1\" content=\"Benoit Charette\" \/>\n\t<meta name=\"twitter:label2\" content=\"Estimation du temps de lecture\" \/>\n\t<meta name=\"twitter:data2\" content=\"2 minutes\" \/>\n<!-- \/ Yoast SEO plugin. -->","yoast_head_json":{"title":"Karma pr\u00e9sente la Gyesera, sa premi\u00e8re auto \u00e9lectrique de s\u00e9rie - CanadaMotorJobs.com","description":"Karma pr\u00e9sente la Gyesera, sa premi\u00e8re auto \u00e9lectrique de s\u00e9rie - Benoit Charette - Annuel automobile - CanadaMotorJobs.com.","robots":{"index":"index","follow":"follow","max-snippet":"max-snippet:-1","max-image-preview":"max-image-preview:large","max-video-preview":"max-video-preview:-1"},"og_locale":"fr_CA","og_type":"article","og_title":"Karma pr\u00e9sente la Gyesera, sa premi\u00e8re auto \u00e9lectrique de s\u00e9rie - CanadaMotorJobs.com","og_description":"Karma pr\u00e9sente la Gyesera, sa premi\u00e8re auto \u00e9lectrique de s\u00e9rie - Benoit Charette - Annuel automobile - CanadaMotorJobs.com.","og_url":"https:\/\/news.canadamotorjobs.com\/fr\/karma-presente-la-gyesera-sa-premiere-auto-electrique-de-serie\/","og_site_name":"CanadaMotorJobs.com","article_publisher":"https:\/\/www.facebook.com\/canadamotorjobs\/","article_published_time":"2024-03-06T01:39:48+00:00","article_modified_time":"2024-03-06T02:00:36+00:00","og_image":[{"width":1024,"height":683,"url":"https:\/\/news.canadamotorjobs.com\/wp-content\/uploads\/2024\/03\/Karma-Gyesera_5.jpg","type":"image\/jpeg"}],"author":"Benoit Charette","twitter_card":"summary_large_image","twitter_creator":"@canadamotorjobs","twitter_site":"@canadamotorjobs","twitter_misc":{"\u00c9crit par":"Benoit Charette","Estimation du temps de lecture":"2 minutes"},"schema":{"@context":"https:\/\/schema.org","@graph":[{"@type":"Article","@id":"https:\/\/news.canadamotorjobs.com\/fr\/karma-presente-la-gyesera-sa-premiere-auto-electrique-de-serie\/#article","isPartOf":{"@id":"https:\/\/news.canadamotorjobs.com\/fr\/karma-presente-la-gyesera-sa-premiere-auto-electrique-de-serie\/"},"author":{"name":"Benoit Charette","@id":"https:\/\/news.canadamotorjobs.com\/#\/schema\/person\/51793d1f87d44011d7bcc2ed99269a90"},"headline":"Karma pr\u00e9sente la Gyesera, sa premi\u00e8re auto \u00e9lectrique de s\u00e9rie","datePublished":"2024-03-06T01:39:48+00:00","dateModified":"2024-03-06T02:00:36+00:00","mainEntityOfPage":{"@id":"https:\/\/news.canadamotorjobs.com\/fr\/karma-presente-la-gyesera-sa-premiere-auto-electrique-de-serie\/"},"wordCount":375,"publisher":{"@id":"https:\/\/news.canadamotorjobs.com\/#organization"},"image":{"@id":"https:\/\/news.canadamotorjobs.com\/fr\/karma-presente-la-gyesera-sa-premiere-auto-electrique-de-serie\/#primaryimage"},"thumbnailUrl":"https:\/\/news.canadamotorjobs.com\/wp-content\/uploads\/2024\/03\/Karma-Gyesera_5.jpg","articleSection":["Annuel automobile"],"inLanguage":"fr-CA"},{"@type":"WebPage","@id":"https:\/\/news.canadamotorjobs.com\/fr\/karma-presente-la-gyesera-sa-premiere-auto-electrique-de-serie\/","url":"https:\/\/news.canadamotorjobs.com\/fr\/karma-presente-la-gyesera-sa-premiere-auto-electrique-de-serie\/","name":"Karma pr\u00e9sente la Gyesera, sa premi\u00e8re auto \u00e9lectrique de s\u00e9rie - CanadaMotorJobs.com","isPartOf":{"@id":"https:\/\/news.canadamotorjobs.com\/#website"},"primaryImageOfPage":{"@id":"https:\/\/news.canadamotorjobs.com\/fr\/karma-presente-la-gyesera-sa-premiere-auto-electrique-de-serie\/#primaryimage"},"image":{"@id":"https:\/\/news.canadamotorjobs.com\/fr\/karma-presente-la-gyesera-sa-premiere-auto-electrique-de-serie\/#primaryimage"},"thumbnailUrl":"https:\/\/news.canadamotorjobs.com\/wp-content\/uploads\/2024\/03\/Karma-Gyesera_5.jpg","datePublished":"2024-03-06T01:39:48+00:00","dateModified":"2024-03-06T02:00:36+00:00","description":"Karma pr\u00e9sente la Gyesera, sa premi\u00e8re auto \u00e9lectrique de s\u00e9rie - Benoit Charette - Annuel automobile - CanadaMotorJobs.com.","breadcrumb":{"@id":"https:\/\/news.canadamotorjobs.com\/fr\/karma-presente-la-gyesera-sa-premiere-auto-electrique-de-serie\/#breadcrumb"},"inLanguage":"fr-CA","potentialAction":[{"@type":"ReadAction","target":["https:\/\/news.canadamotorjobs.com\/fr\/karma-presente-la-gyesera-sa-premiere-auto-electrique-de-serie\/"]}]},{"@type":"ImageObject","inLanguage":"fr-CA","@id":"https:\/\/news.canadamotorjobs.com\/fr\/karma-presente-la-gyesera-sa-premiere-auto-electrique-de-serie\/#primaryimage","url":"https:\/\/news.canadamotorjobs.com\/wp-content\/uploads\/2024\/03\/Karma-Gyesera_5.jpg","contentUrl":"https:\/\/news.canadamotorjobs.com\/wp-content\/uploads\/2024\/03\/Karma-Gyesera_5.jpg","width":1024,"height":683},{"@type":"BreadcrumbList","@id":"https:\/\/news.canadamotorjobs.com\/fr\/karma-presente-la-gyesera-sa-premiere-auto-electrique-de-serie\/#breadcrumb","itemListElement":[{"@type":"ListItem","position":1,"name":"Home","item":"https:\/\/news.canadamotorjobs.com\/fr\/blog\/"},{"@type":"ListItem","position":2,"name":"Karma pr\u00e9sente la Gyesera, sa premi\u00e8re auto \u00e9lectrique de s\u00e9rie"}]},{"@type":"WebSite","@id":"https:\/\/news.canadamotorjobs.com\/#website","url":"https:\/\/news.canadamotorjobs.com\/","name":"CanadaMotorJobs.com","description":"Automotive Jobs","publisher":{"@id":"https:\/\/news.canadamotorjobs.com\/#organization"},"potentialAction":[{"@type":"SearchAction","target":{"@type":"EntryPoint","urlTemplate":"https:\/\/news.canadamotorjobs.com\/?s={search_term_string}"},"query-input":"required name=search_term_string"}],"inLanguage":"fr-CA"},{"@type":"Organization","@id":"https:\/\/news.canadamotorjobs.com\/#organization","name":"Canada Motor Jobs","url":"https:\/\/news.canadamotorjobs.com\/","logo":{"@type":"ImageObject","inLanguage":"fr-CA","@id":"https:\/\/news.canadamotorjobs.com\/#\/schema\/logo\/image\/","url":"https:\/\/news.canadamotorjobs.com\/wp-content\/uploads\/2022\/10\/logo-canada-motor-jobs-1.png","contentUrl":"https:\/\/news.canadamotorjobs.com\/wp-content\/uploads\/2022\/10\/logo-canada-motor-jobs-1.png","width":800,"height":400,"caption":"Canada Motor Jobs"},"image":{"@id":"https:\/\/news.canadamotorjobs.com\/#\/schema\/logo\/image\/"},"sameAs":["https:\/\/www.facebook.com\/canadamotorjobs\/","https:\/\/x.com\/canadamotorjobs","https:\/\/www.instagram.com\/canadamotorjobs\/","https:\/\/www.linkedin.com\/company\/canadamotorjobs"]},{"@type":"Person","@id":"https:\/\/news.canadamotorjobs.com\/#\/schema\/person\/51793d1f87d44011d7bcc2ed99269a90","name":"Benoit Charette","image":{"@type":"ImageObject","inLanguage":"fr-CA","@id":"https:\/\/news.canadamotorjobs.com\/#\/schema\/person\/image\/","url":"https:\/\/secure.gravatar.com\/avatar\/45f3d2eebcccd909668d7ce7ea7267b6?s=96&d=mm&r=g","contentUrl":"https:\/\/secure.gravatar.com\/avatar\/45f3d2eebcccd909668d7ce7ea7267b6?s=96&d=mm&r=g","caption":"Benoit Charette"},"description":"Benoit Charette \/ Propri\u00e9taire et r\u00e9dacteur en chef Benoit Charette pratique le journalisme automobile depuis bient\u00f4t 30 ans. Il a fait ses classes au c\u00f4t\u00e9 de Daniel H\u00e9raud et au Carnet de route de 1992 \u00e0 2001. Il est fondateur, copropri\u00e9taire et r\u00e9dacteur en chef de L\u2019Annuel de l\u2019automobile, qu\u2019il publie depuis 2001. Il a anim\u00e9 les \u00e9missions RPM et RPM+ sur V et les L\u00e9gendes de la route sur Historia. \u00c0 la radio depuis 1986, il reprend l\u2019antenne cette ann\u00e9e sur les ondes de Cogeco et participe pour la deuxi\u00e8me ann\u00e9e \u00e0 l\u2019\u00e9mission Passion Auto sur RDS en plus de mettre en ligne le site Web officiel de L\u2019Annuel de l\u2019automobile sur annuelauto.ca.","sameAs":["https:\/\/annuelauto.ca\/"],"url":"https:\/\/news.canadamotorjobs.com\/fr\/author\/benoit-charette\/"}]}},"_links":{"self":[{"href":"https:\/\/news.canadamotorjobs.com\/fr\/wp-json\/wp\/v2\/posts\/160542"}],"collection":[{"href":"https:\/\/news.canadamotorjobs.com\/fr\/wp-json\/wp\/v2\/posts"}],"about":[{"href":"https:\/\/news.canadamotorjobs.com\/fr\/wp-json\/wp\/v2\/types\/post"}],"author":[{"embeddable":true,"href":"https:\/\/news.canadamotorjobs.com\/fr\/wp-json\/wp\/v2\/users\/8"}],"replies":[{"embeddable":true,"href":"https:\/\/news.canadamotorjobs.com\/fr\/wp-json\/wp\/v2\/comments?post=160542"}],"version-history":[{"count":2,"href":"https:\/\/news.canadamotorjobs.com\/fr\/wp-json\/wp\/v2\/posts\/160542\/revisions"}],"predecessor-version":[{"id":160546,"href":"https:\/\/news.canadamotorjobs.com\/fr\/wp-json\/wp\/v2\/posts\/160542\/revisions\/160546"}],"wp:featuredmedia":[{"embeddable":true,"href":"https:\/\/news.canadamotorjobs.com\/fr\/wp-json\/wp\/v2\/media\/160544"}],"wp:attachment":[{"href":"https:\/\/news.canadamotorjobs.com\/fr\/wp-json\/wp\/v2\/media?parent=160542"}],"wp:term":[{"taxonomy":"category","embeddable":true,"href":"https:\/\/news.canadamotorjobs.com\/fr\/wp-json\/wp\/v2\/categories?post=160542"},{"taxonomy":"post_tag","embeddable":true,"href":"https:\/\/news.canadamotorjobs.com\/fr\/wp-json\/wp\/v2\/tags?post=160542"}],"curies":[{"name":"wp","href":"https:\/\/api.w.org\/{rel}","templated":true}]}}