{"id":160500,"date":"2024-03-05T15:13:19","date_gmt":"2024-03-05T20:13:19","guid":{"rendered":"https:\/\/news.canadamotorjobs.com\/?p=160500"},"modified":"2024-03-05T15:17:16","modified_gmt":"2024-03-05T20:17:16","slug":"la-dodge-charger-sera-construite-en-ontario","status":"publish","type":"post","link":"https:\/\/news.canadamotorjobs.com\/fr\/la-dodge-charger-sera-construite-en-ontario\/","title":{"rendered":"La Dodge Charger sera construite en Ontario"},"content":{"rendered":"<\/p>\n<p>Stellantis a d\u00e9voil\u00e9 ses plans ambitieux de produire les nouvelles Dodge Charger \u00e9lectriques \u00e0 transmission int\u00e9grale dans son usine de Windsor, en Ontario. Cette annonce marque une \u00e9tape significative dans l&#8217;industrie automobile, avec la pr\u00e9sentation du v\u00e9hicule comme la &#8220;premi\u00e8re et unique voiture muscl\u00e9e \u00e9lectrique au monde&#8221;.<\/p>\n<h3><strong>Expansion \u00e0 Windsor: Des Mod\u00e8les Vari\u00e9s en Perspective<\/strong><\/h3>\n<p>\nL&#8217;usine de Windsor, d\u00e9j\u00e0 connue pour la fabrication du Chrysler Pacifica, accueillera la production de plusieurs nouveaux mod\u00e8les de Charger, y compris des versions \u00e0 essence. Les premi\u00e8res versions \u00e0 deux portes devraient sortir plus tard cette ann\u00e9e, ouvrant la voie \u00e0 une diversit\u00e9 de choix pour les consommateurs.<\/p>\n<h3><strong>Progr\u00e8s dans la Technologie des Batteries \u00c9lectriques<\/strong><\/h3>\n<p>\nStellantis affiche \u00e9galement son engagement envers la mobilit\u00e9 \u00e9lectrique en achevant \u00e0 30 % la construction d&#8217;une usine de batteries pour v\u00e9hicules \u00e9lectriques en partenariat avec NextStar Energy. Cette initiative s&#8217;inscrit dans le contexte o\u00f9 Stellantis, en raison des d\u00e9fis du march\u00e9, r\u00e9\u00e9value sa participation aux salons de l&#8217;automobile, une tendance observ\u00e9e dans l&#8217;industrie.<\/p>\n<h3><strong>Flexibilit\u00e9 et Performances Exceptionnelles<\/strong><\/h3>\n<p>\nLes Charger \u00e0 essence et \u00e9lectriques partageront la plateforme mondiale de Stellantis, offrant une flexibilit\u00e9 de production en fonction de la demande des consommateurs. L&#8217;ann\u00e9e pr\u00e9c\u00e9dente, la production des versions \u00e0 essence \u00e0 Brampton, en Ontario, avait \u00e9t\u00e9 interrompue, marquant un tournant vers l&#8217;\u00e9lectrification.<\/p>\n<h3><strong>Charger Daytona: Des Performances \u00c9lectrisantes<\/strong><\/h3>\n<p>\nLes versions \u00e9lectriques, appel\u00e9es Charger Daytona en hommage au circuit NASCAR de Floride, seront \u00e9quip\u00e9es de deux groupes motopropulseurs. L&#8217;un atteindra jusqu&#8217;\u00e0 670 chevaux, permettant une acc\u00e9l\u00e9ration de 0 \u00e0 60 mph (97 km\/h) en seulement 3,3 secondes, tandis que l&#8217;autre g\u00e9n\u00e9rera 496 chevaux avec un temps impressionnant de 0 \u00e0 60 en 4,7 secondes. Les estimations d&#8217;autonomie varient entre 418 et 510 kilom\u00e8tres par charge.<\/p>\n<h3><strong>Nouvelle Charger Sixpack: Fusion de Puissance et d&#8217;\u00c9l\u00e9gance<\/strong><\/h3>\n<p>\nLa gamme s&#8217;enrichit \u00e9galement de la Charger Sixpack \u00e0 essence, partageant le design des versions \u00e9lectriques. Propuls\u00e9e par un nouveau moteur six cylindres de 3 litres \u00e0 deux turbocompresseurs, cette version offrira des performances allant jusqu&#8217;\u00e0 550 chevaux.<\/p>\n<h3><strong>\u00c0 Venir: Lancement des Versions Coup\u00e9 Daytona et \u00c9lectriques<\/strong><\/h3>\n<p>\nLa production des versions coup\u00e9 Daytona \u00e0 deux portes d\u00e9butera cet \u00e9t\u00e9, tandis que les versions \u00e9lectriques \u00e0 quatre portes et \u00e0 essence seront lanc\u00e9es au d\u00e9but de l&#8217;ann\u00e9e prochaine. Les passionn\u00e9s d&#8217;automobile ont donc h\u00e2te de voir ces nouveaux mod\u00e8les sur les routes, marquant une \u00e8re nouvelle pour la l\u00e9gendaire Dodge Charger.<\/p>\n<p>\u00a0<\/p>\n<p>Avec des renseignements de Radio-Canada<\/p>\n<p>\u00a0<\/p>\n<p>Le texte <a rel=\"nofollow\" href=\"https:\/\/annuelauto.ca\/693692\/\">La Dodge Charger sera construite en Ontario<\/a> provient de <a rel=\"nofollow\" href=\"https:\/\/annuelauto.ca\">L&#8217;annuel de l&#8217;automobile &#8211; Actualit\u00e9 automobile<\/a><\/p>\n<p><\/p>\n","protected":false},"excerpt":{"rendered":"<p>Stellantis a d\u00e9voil\u00e9 ses plans ambitieux de produire les nouvelles Dodge Charger \u00e9lectriques \u00e0 transmission int\u00e9grale dans son usine de Windsor, en Ontario. Cette annonce marque une \u00e9tape significative dans l&#8217;industrie automobile, avec la pr\u00e9sentation du v\u00e9hicule comme la &#8220;premi\u00e8re et unique voiture muscl\u00e9e \u00e9lectrique au monde&#8221;. Expansion \u00e0 Windsor: Des Mod\u00e8les Vari\u00e9s en Perspective [&hellip;]<\/p>\n","protected":false},"author":8,"featured_media":160502,"comment_status":"close","ping_status":"closed","sticky":false,"template":"","format":"standard","meta":{"_monsterinsights_skip_tracking":false,"_monsterinsights_sitenote_active":false,"_monsterinsights_sitenote_note":"","_monsterinsights_sitenote_category":0,"footnotes":""},"categories":[101],"tags":[],"yoast_head":"<!-- This site is optimized with the Yoast SEO plugin v23.2 - https:\/\/yoast.com\/wordpress\/plugins\/seo\/ -->\n<title>La Dodge Charger sera construite en Ontario - CanadaMotorJobs.com<\/title>\n<meta name=\"description\" content=\"La Dodge Charger sera construite en Ontario - Benoit Charette - Annuel automobile - CanadaMotorJobs.com.\" \/>\n<meta name=\"robots\" content=\"index, follow, max-snippet:-1, max-image-preview:large, max-video-preview:-1\" \/>\n<meta property=\"og:locale\" content=\"fr_CA\" \/>\n<meta property=\"og:type\" content=\"article\" \/>\n<meta property=\"og:title\" content=\"La Dodge Charger sera construite en Ontario - CanadaMotorJobs.com\" \/>\n<meta property=\"og:description\" content=\"La Dodge Charger sera construite en Ontario - Benoit Charette - Annuel automobile - CanadaMotorJobs.com.\" \/>\n<meta property=\"og:url\" content=\"https:\/\/news.canadamotorjobs.com\/fr\/la-dodge-charger-sera-construite-en-ontario\/\" \/>\n<meta property=\"og:site_name\" content=\"CanadaMotorJobs.com\" \/>\n<meta property=\"article:publisher\" content=\"https:\/\/www.facebook.com\/canadamotorjobs\/\" \/>\n<meta property=\"article:published_time\" content=\"2024-03-05T20:13:19+00:00\" \/>\n<meta property=\"article:modified_time\" content=\"2024-03-05T20:17:16+00:00\" \/>\n<meta property=\"og:image\" content=\"https:\/\/news.canadamotorjobs.com\/wp-content\/uploads\/2024\/03\/ksmdhfa9ofa9i7rebqpf48w1r5co.jpg\" \/>\n\t<meta property=\"og:image:width\" content=\"1432\" \/>\n\t<meta property=\"og:image:height\" content=\"800\" \/>\n\t<meta property=\"og:image:type\" content=\"image\/jpeg\" \/>\n<meta name=\"author\" content=\"Benoit Charette\" \/>\n<meta name=\"twitter:card\" content=\"summary_large_image\" \/>\n<meta name=\"twitter:creator\" content=\"@canadamotorjobs\" \/>\n<meta name=\"twitter:site\" content=\"@canadamotorjobs\" \/>\n<meta name=\"twitter:label1\" content=\"\u00c9crit par\" \/>\n\t<meta name=\"twitter:data1\" content=\"Benoit Charette\" \/>\n\t<meta name=\"twitter:label2\" content=\"Estimation du temps de lecture\" \/>\n\t<meta name=\"twitter:data2\" content=\"2 minutes\" \/>\n<!-- \/ Yoast SEO plugin. -->","yoast_head_json":{"title":"La Dodge Charger sera construite en Ontario - CanadaMotorJobs.com","description":"La Dodge Charger sera construite en Ontario - Benoit Charette - Annuel automobile - CanadaMotorJobs.com.","robots":{"index":"index","follow":"follow","max-snippet":"max-snippet:-1","max-image-preview":"max-image-preview:large","max-video-preview":"max-video-preview:-1"},"og_locale":"fr_CA","og_type":"article","og_title":"La Dodge Charger sera construite en Ontario - CanadaMotorJobs.com","og_description":"La Dodge Charger sera construite en Ontario - Benoit Charette - Annuel automobile - CanadaMotorJobs.com.","og_url":"https:\/\/news.canadamotorjobs.com\/fr\/la-dodge-charger-sera-construite-en-ontario\/","og_site_name":"CanadaMotorJobs.com","article_publisher":"https:\/\/www.facebook.com\/canadamotorjobs\/","article_published_time":"2024-03-05T20:13:19+00:00","article_modified_time":"2024-03-05T20:17:16+00:00","og_image":[{"width":1432,"height":800,"url":"https:\/\/news.canadamotorjobs.com\/wp-content\/uploads\/2024\/03\/ksmdhfa9ofa9i7rebqpf48w1r5co.jpg","type":"image\/jpeg"}],"author":"Benoit Charette","twitter_card":"summary_large_image","twitter_creator":"@canadamotorjobs","twitter_site":"@canadamotorjobs","twitter_misc":{"\u00c9crit par":"Benoit Charette","Estimation du temps de lecture":"2 minutes"},"schema":{"@context":"https:\/\/schema.org","@graph":[{"@type":"Article","@id":"https:\/\/news.canadamotorjobs.com\/fr\/la-dodge-charger-sera-construite-en-ontario\/#article","isPartOf":{"@id":"https:\/\/news.canadamotorjobs.com\/fr\/la-dodge-charger-sera-construite-en-ontario\/"},"author":{"name":"Benoit Charette","@id":"https:\/\/news.canadamotorjobs.com\/#\/schema\/person\/51793d1f87d44011d7bcc2ed99269a90"},"headline":"La Dodge Charger sera construite en Ontario","datePublished":"2024-03-05T20:13:19+00:00","dateModified":"2024-03-05T20:17:16+00:00","mainEntityOfPage":{"@id":"https:\/\/news.canadamotorjobs.com\/fr\/la-dodge-charger-sera-construite-en-ontario\/"},"wordCount":444,"publisher":{"@id":"https:\/\/news.canadamotorjobs.com\/#organization"},"image":{"@id":"https:\/\/news.canadamotorjobs.com\/fr\/la-dodge-charger-sera-construite-en-ontario\/#primaryimage"},"thumbnailUrl":"https:\/\/news.canadamotorjobs.com\/wp-content\/uploads\/2024\/03\/ksmdhfa9ofa9i7rebqpf48w1r5co.jpg","articleSection":["Annuel automobile"],"inLanguage":"fr-CA"},{"@type":"WebPage","@id":"https:\/\/news.canadamotorjobs.com\/fr\/la-dodge-charger-sera-construite-en-ontario\/","url":"https:\/\/news.canadamotorjobs.com\/fr\/la-dodge-charger-sera-construite-en-ontario\/","name":"La Dodge Charger sera construite en Ontario - CanadaMotorJobs.com","isPartOf":{"@id":"https:\/\/news.canadamotorjobs.com\/#website"},"primaryImageOfPage":{"@id":"https:\/\/news.canadamotorjobs.com\/fr\/la-dodge-charger-sera-construite-en-ontario\/#primaryimage"},"image":{"@id":"https:\/\/news.canadamotorjobs.com\/fr\/la-dodge-charger-sera-construite-en-ontario\/#primaryimage"},"thumbnailUrl":"https:\/\/news.canadamotorjobs.com\/wp-content\/uploads\/2024\/03\/ksmdhfa9ofa9i7rebqpf48w1r5co.jpg","datePublished":"2024-03-05T20:13:19+00:00","dateModified":"2024-03-05T20:17:16+00:00","description":"La Dodge Charger sera construite en Ontario - Benoit Charette - Annuel automobile - CanadaMotorJobs.com.","breadcrumb":{"@id":"https:\/\/news.canadamotorjobs.com\/fr\/la-dodge-charger-sera-construite-en-ontario\/#breadcrumb"},"inLanguage":"fr-CA","potentialAction":[{"@type":"ReadAction","target":["https:\/\/news.canadamotorjobs.com\/fr\/la-dodge-charger-sera-construite-en-ontario\/"]}]},{"@type":"ImageObject","inLanguage":"fr-CA","@id":"https:\/\/news.canadamotorjobs.com\/fr\/la-dodge-charger-sera-construite-en-ontario\/#primaryimage","url":"https:\/\/news.canadamotorjobs.com\/wp-content\/uploads\/2024\/03\/ksmdhfa9ofa9i7rebqpf48w1r5co.jpg","contentUrl":"https:\/\/news.canadamotorjobs.com\/wp-content\/uploads\/2024\/03\/ksmdhfa9ofa9i7rebqpf48w1r5co.jpg","width":1432,"height":800},{"@type":"BreadcrumbList","@id":"https:\/\/news.canadamotorjobs.com\/fr\/la-dodge-charger-sera-construite-en-ontario\/#breadcrumb","itemListElement":[{"@type":"ListItem","position":1,"name":"Home","item":"https:\/\/news.canadamotorjobs.com\/fr\/blog\/"},{"@type":"ListItem","position":2,"name":"La Dodge Charger sera construite en Ontario"}]},{"@type":"WebSite","@id":"https:\/\/news.canadamotorjobs.com\/#website","url":"https:\/\/news.canadamotorjobs.com\/","name":"CanadaMotorJobs.com","description":"Automotive Jobs","publisher":{"@id":"https:\/\/news.canadamotorjobs.com\/#organization"},"potentialAction":[{"@type":"SearchAction","target":{"@type":"EntryPoint","urlTemplate":"https:\/\/news.canadamotorjobs.com\/?s={search_term_string}"},"query-input":"required name=search_term_string"}],"inLanguage":"fr-CA"},{"@type":"Organization","@id":"https:\/\/news.canadamotorjobs.com\/#organization","name":"Canada Motor Jobs","url":"https:\/\/news.canadamotorjobs.com\/","logo":{"@type":"ImageObject","inLanguage":"fr-CA","@id":"https:\/\/news.canadamotorjobs.com\/#\/schema\/logo\/image\/","url":"https:\/\/news.canadamotorjobs.com\/wp-content\/uploads\/2022\/10\/logo-canada-motor-jobs-1.png","contentUrl":"https:\/\/news.canadamotorjobs.com\/wp-content\/uploads\/2022\/10\/logo-canada-motor-jobs-1.png","width":800,"height":400,"caption":"Canada Motor Jobs"},"image":{"@id":"https:\/\/news.canadamotorjobs.com\/#\/schema\/logo\/image\/"},"sameAs":["https:\/\/www.facebook.com\/canadamotorjobs\/","https:\/\/x.com\/canadamotorjobs","https:\/\/www.instagram.com\/canadamotorjobs\/","https:\/\/www.linkedin.com\/company\/canadamotorjobs"]},{"@type":"Person","@id":"https:\/\/news.canadamotorjobs.com\/#\/schema\/person\/51793d1f87d44011d7bcc2ed99269a90","name":"Benoit Charette","image":{"@type":"ImageObject","inLanguage":"fr-CA","@id":"https:\/\/news.canadamotorjobs.com\/#\/schema\/person\/image\/","url":"https:\/\/secure.gravatar.com\/avatar\/45f3d2eebcccd909668d7ce7ea7267b6?s=96&d=mm&r=g","contentUrl":"https:\/\/secure.gravatar.com\/avatar\/45f3d2eebcccd909668d7ce7ea7267b6?s=96&d=mm&r=g","caption":"Benoit Charette"},"description":"Benoit Charette \/ Propri\u00e9taire et r\u00e9dacteur en chef Benoit Charette pratique le journalisme automobile depuis bient\u00f4t 30 ans. Il a fait ses classes au c\u00f4t\u00e9 de Daniel H\u00e9raud et au Carnet de route de 1992 \u00e0 2001. Il est fondateur, copropri\u00e9taire et r\u00e9dacteur en chef de L\u2019Annuel de l\u2019automobile, qu\u2019il publie depuis 2001. Il a anim\u00e9 les \u00e9missions RPM et RPM+ sur V et les L\u00e9gendes de la route sur Historia. \u00c0 la radio depuis 1986, il reprend l\u2019antenne cette ann\u00e9e sur les ondes de Cogeco et participe pour la deuxi\u00e8me ann\u00e9e \u00e0 l\u2019\u00e9mission Passion Auto sur RDS en plus de mettre en ligne le site Web officiel de L\u2019Annuel de l\u2019automobile sur annuelauto.ca.","sameAs":["https:\/\/annuelauto.ca\/"],"url":"https:\/\/news.canadamotorjobs.com\/fr\/author\/benoit-charette\/"}]}},"_links":{"self":[{"href":"https:\/\/news.canadamotorjobs.com\/fr\/wp-json\/wp\/v2\/posts\/160500"}],"collection":[{"href":"https:\/\/news.canadamotorjobs.com\/fr\/wp-json\/wp\/v2\/posts"}],"about":[{"href":"https:\/\/news.canadamotorjobs.com\/fr\/wp-json\/wp\/v2\/types\/post"}],"author":[{"embeddable":true,"href":"https:\/\/news.canadamotorjobs.com\/fr\/wp-json\/wp\/v2\/users\/8"}],"replies":[{"embeddable":true,"href":"https:\/\/news.canadamotorjobs.com\/fr\/wp-json\/wp\/v2\/comments?post=160500"}],"version-history":[{"count":2,"href":"https:\/\/news.canadamotorjobs.com\/fr\/wp-json\/wp\/v2\/posts\/160500\/revisions"}],"predecessor-version":[{"id":160504,"href":"https:\/\/news.canadamotorjobs.com\/fr\/wp-json\/wp\/v2\/posts\/160500\/revisions\/160504"}],"wp:featuredmedia":[{"embeddable":true,"href":"https:\/\/news.canadamotorjobs.com\/fr\/wp-json\/wp\/v2\/media\/160502"}],"wp:attachment":[{"href":"https:\/\/news.canadamotorjobs.com\/fr\/wp-json\/wp\/v2\/media?parent=160500"}],"wp:term":[{"taxonomy":"category","embeddable":true,"href":"https:\/\/news.canadamotorjobs.com\/fr\/wp-json\/wp\/v2\/categories?post=160500"},{"taxonomy":"post_tag","embeddable":true,"href":"https:\/\/news.canadamotorjobs.com\/fr\/wp-json\/wp\/v2\/tags?post=160500"}],"curies":[{"name":"wp","href":"https:\/\/api.w.org\/{rel}","templated":true}]}}