{"id":160462,"date":"2024-03-04T19:43:34","date_gmt":"2024-03-05T00:43:34","guid":{"rendered":"https:\/\/news.canadamotorjobs.com\/?p=160462"},"modified":"2024-03-04T20:14:24","modified_gmt":"2024-03-05T01:14:24","slug":"kia-prepare-le-terrain-pour-sa-future-camionnnette-en-australie","status":"publish","type":"post","link":"https:\/\/news.canadamotorjobs.com\/fr\/kia-prepare-le-terrain-pour-sa-future-camionnnette-en-australie\/","title":{"rendered":"Kia pr\u00e9pare le terrain pour sa future camionnnette\u2026 en Australie"},"content":{"rendered":"<\/p>\n<p>Kia pr\u00e9pare le terrain pour le lancement de sa premi\u00e8re camionnette du 21e si\u00e8cle et les Australiens seront apparemment au premier rang de son d\u00e9voilement. Du moins, c\u2019est ce que sugg\u00e8re un communiqu\u00e9 de Kia Australia publi\u00e9 aujourd\u2019hui (hier, dans leur fuseau horaire) qui annonce la t\u00e9l\u00e9diffusion prochaine du message publicitaire intitul\u00e9 <em>Kia\u2019s Getting a Ute<\/em>.<\/p>\n<p>Pr\u00e9cisons d\u2019embl\u00e9e que l\u2019expression australienne <em>ute<\/em> (prononcez \u00ab\u00a0yout\u00a0\u00bb) d\u00e9signe les camionnettes, tant celles ayant un ch\u00e2ssis \u00e0 longerons, comme une Ford F-150, que celles qui ont un ch\u00e2ssis monocoque, comme la <a href=\"https:\/\/annuelauto.ca\/technical-sheet\/Hyundai-Santa-Cruz-2022-1\/\" target=\"_blank\" rel=\"noopener noreferrer\">Hyundai Santa\u00a0Cruz<\/a>.<\/p>\n<p>Or, cette publicit\u00e9 annonce l\u2019arriv\u00e9e prochaine d\u2019une camionnette, sans toutefois la montrer. Tourn\u00e9e dans un d\u00e9cor de pub australien de l\u2019arri\u00e8re-pays, cette publicit\u00e9 au ton humoristique met en vedette pas moins de 20\u00a0grandes vedettes sportives locales, signe de l\u2019importance qu\u2019on accorde \u00e0 ce futur produit.<\/p>\n<p><\/p>\n<div class='avia-iframe-wrap'><iframe loading=\"lazy\" title=\"Kia&#039;s GETTING A UTE - Kia Australia\" width=\"1500\" height=\"844\" src=\"https:\/\/www.youtube.com\/embed\/8amRg2n-L6o?feature=oembed\" frameborder=\"0\" allow=\"accelerometer; autoplay; clipboard-write; encrypted-media; gyroscope; picture-in-picture; web-share\" allowfullscreen><\/iframe><\/div>\n<h3><strong>Tasman, son nom&#8230; vraiment ?<br \/>\n<\/strong><\/h3>\n<p>\nTour \u00e0 tour, chacune de ces personnalit\u00e9s y va de sa supposition sur le nom que portera la camionnette. Ironiquement, dans un plan rapproch\u00e9 montrant une page de journal titrant\u00a0: <em>Kia ute set for Australia<\/em>, on peut lire en tous petits caract\u00e8res que ce futur 4&#215;4 s\u2019appellera <a href=\"https:\/\/annuelauto.ca\/hyundai-prepare-deux-pick-ups-electrique\/\" target=\"_blank\" rel=\"noopener noreferrer\">Tasman<\/a>, une appellation qui circule dans les m\u00e9dias depuis un certain temps et que le constructeur se garde de confirmer\u00a0!<\/p>\n<p>En somme, actuellement, on sait qu\u2019il existe une camionnette en d\u00e9veloppement d\u00e9sign\u00e9e par lettres \u00ab\u00a0TK\u00a0\u00bb chez le constructeur cor\u00e9en. On sait aussi qu\u2019elle sera comparable \u00e0 une camionnette Ford Ranger ou une <a href=\"https:\/\/annuelauto.ca\/toyota-presente-le-nouveau-tacoma-2024\/\" target=\"_blank\" rel=\"noopener noreferrer\">Toyota Tacoma<\/a> \u00e0 quatre portes.<\/p>\n<p>Le constructeur a aussi confirm\u00e9 que cette camionnette sera d\u00e9voil\u00e9e \u00e0 la fin de 2024 et qu\u2019elle sera commercialis\u00e9e d\u00e8s 2025 en Asie et en Oc\u00e9anie, \u00e0 commencer par l\u2019Australie, cela va de soi. On voit m\u00eame d\u00e9j\u00e0 sa silhouette dans une page du site internet australien de la marque\u00a0! On cependant si elle sera \u00e9galement offerte en Am\u00e9rique du Nord.<\/p>\n<p>Entre-temps, on peut \u00e0 tout le moins d\u00e9couvrir certains traits de ses prototypes dans la vid\u00e9o ci-dessous diffus\u00e9e en janvier dernier sur Woopa\u00a0TV, une cha\u00eene sud-cor\u00e9enne sur YouTube. On y voit un prototype masqu\u00e9 film\u00e9 \u00e0 l\u2019insu du constructeur dans un stationnement public.<\/p>\n<p><\/p>\n<div class='avia-iframe-wrap'><iframe loading=\"lazy\" title=\"\ubaa8\ud558\ube44 \ud53d\uc5c5\ud2b8\ub7ed &#039;\ud0c0\uc2a4\ub9cc&#039; \ub4dc\ub514\uc5b4 \ucc3e\uc558\uc2b5\ub2c8\ub2e4!! \uad6d\ub0b4 \ucd9c\uc2dc\uae4c\uc9c0 \ud655\uc815 KG\ub294 \uc774\uc81c \ud070\uc77c\ub0ac\ub124\uc694...\" width=\"1500\" height=\"844\" src=\"https:\/\/www.youtube.com\/embed\/JtZjyReQJ4k?feature=oembed\" frameborder=\"0\" allow=\"accelerometer; autoplay; clipboard-write; encrypted-media; gyroscope; picture-in-picture; web-share\" allowfullscreen><\/iframe><\/div>\n<p>\n<em>Photos : Kia Australia et Woopa TV<\/em><\/p>\n<p>Le texte <a rel=\"nofollow\" href=\"https:\/\/annuelauto.ca\/kia-prepare-le-terrain-pour-sa-future-camionnnette-en-australie\/\">Kia pr\u00e9pare le terrain pour sa future camionnnette\u2026 en Australie<\/a> provient de <a rel=\"nofollow\" href=\"https:\/\/annuelauto.ca\">L&#8217;annuel de l&#8217;automobile &#8211; Actualit\u00e9 automobile<\/a><\/p>\n<p><\/p>\n","protected":false},"excerpt":{"rendered":"<p>Kia pr\u00e9pare le terrain pour le lancement de sa premi\u00e8re camionnette du 21e si\u00e8cle et les Australiens seront apparemment au premier rang de son d\u00e9voilement. Du moins, c\u2019est ce que sugg\u00e8re un communiqu\u00e9 de Kia Australia publi\u00e9 aujourd\u2019hui (hier, dans leur fuseau horaire) qui annonce la t\u00e9l\u00e9diffusion prochaine du message publicitaire intitul\u00e9 Kia\u2019s Getting a [&hellip;]<\/p>\n","protected":false},"author":8,"featured_media":160464,"comment_status":"close","ping_status":"closed","sticky":false,"template":"","format":"standard","meta":{"_monsterinsights_skip_tracking":false,"_monsterinsights_sitenote_active":false,"_monsterinsights_sitenote_note":"","_monsterinsights_sitenote_category":0,"footnotes":""},"categories":[101],"tags":[],"yoast_head":"<!-- This site is optimized with the Yoast SEO plugin v23.2 - https:\/\/yoast.com\/wordpress\/plugins\/seo\/ -->\n<title>Kia pr\u00e9pare le terrain pour sa future camionnnette\u2026 en Australie - CanadaMotorJobs.com<\/title>\n<meta name=\"description\" content=\"Kia pr\u00e9pare le terrain pour sa future camionnnette\u2026 en Australie - Benoit Charette - Annuel automobile - CanadaMotorJobs.com.\" \/>\n<meta name=\"robots\" content=\"index, follow, max-snippet:-1, max-image-preview:large, max-video-preview:-1\" \/>\n<meta property=\"og:locale\" content=\"fr_CA\" \/>\n<meta property=\"og:type\" content=\"article\" \/>\n<meta property=\"og:title\" content=\"Kia pr\u00e9pare le terrain pour sa future camionnnette\u2026 en Australie - CanadaMotorJobs.com\" \/>\n<meta property=\"og:description\" content=\"Kia pr\u00e9pare le terrain pour sa future camionnnette\u2026 en Australie - Benoit Charette - Annuel automobile - CanadaMotorJobs.com.\" \/>\n<meta property=\"og:url\" content=\"https:\/\/news.canadamotorjobs.com\/fr\/kia-prepare-le-terrain-pour-sa-future-camionnnette-en-australie\/\" \/>\n<meta property=\"og:site_name\" content=\"CanadaMotorJobs.com\" \/>\n<meta property=\"article:publisher\" content=\"https:\/\/www.facebook.com\/canadamotorjobs\/\" \/>\n<meta property=\"article:published_time\" content=\"2024-03-05T00:43:34+00:00\" \/>\n<meta property=\"article:modified_time\" content=\"2024-03-05T01:14:24+00:00\" \/>\n<meta property=\"og:image\" content=\"https:\/\/news.canadamotorjobs.com\/wp-content\/uploads\/2024\/03\/Kia-Tasman-2025_6.jpg\" \/>\n\t<meta property=\"og:image:width\" content=\"1024\" \/>\n\t<meta property=\"og:image:height\" content=\"683\" \/>\n\t<meta property=\"og:image:type\" content=\"image\/jpeg\" \/>\n<meta name=\"author\" content=\"Benoit Charette\" \/>\n<meta name=\"twitter:card\" content=\"summary_large_image\" \/>\n<meta name=\"twitter:creator\" content=\"@canadamotorjobs\" \/>\n<meta name=\"twitter:site\" content=\"@canadamotorjobs\" \/>\n<meta name=\"twitter:label1\" content=\"\u00c9crit par\" \/>\n\t<meta name=\"twitter:data1\" content=\"Benoit Charette\" \/>\n\t<meta name=\"twitter:label2\" content=\"Estimation du temps de lecture\" \/>\n\t<meta name=\"twitter:data2\" content=\"2 minutes\" \/>\n<!-- \/ Yoast SEO plugin. -->","yoast_head_json":{"title":"Kia pr\u00e9pare le terrain pour sa future camionnnette\u2026 en Australie - CanadaMotorJobs.com","description":"Kia pr\u00e9pare le terrain pour sa future camionnnette\u2026 en Australie - Benoit Charette - Annuel automobile - CanadaMotorJobs.com.","robots":{"index":"index","follow":"follow","max-snippet":"max-snippet:-1","max-image-preview":"max-image-preview:large","max-video-preview":"max-video-preview:-1"},"og_locale":"fr_CA","og_type":"article","og_title":"Kia pr\u00e9pare le terrain pour sa future camionnnette\u2026 en Australie - CanadaMotorJobs.com","og_description":"Kia pr\u00e9pare le terrain pour sa future camionnnette\u2026 en Australie - Benoit Charette - Annuel automobile - CanadaMotorJobs.com.","og_url":"https:\/\/news.canadamotorjobs.com\/fr\/kia-prepare-le-terrain-pour-sa-future-camionnnette-en-australie\/","og_site_name":"CanadaMotorJobs.com","article_publisher":"https:\/\/www.facebook.com\/canadamotorjobs\/","article_published_time":"2024-03-05T00:43:34+00:00","article_modified_time":"2024-03-05T01:14:24+00:00","og_image":[{"width":1024,"height":683,"url":"https:\/\/news.canadamotorjobs.com\/wp-content\/uploads\/2024\/03\/Kia-Tasman-2025_6.jpg","type":"image\/jpeg"}],"author":"Benoit Charette","twitter_card":"summary_large_image","twitter_creator":"@canadamotorjobs","twitter_site":"@canadamotorjobs","twitter_misc":{"\u00c9crit par":"Benoit Charette","Estimation du temps de lecture":"2 minutes"},"schema":{"@context":"https:\/\/schema.org","@graph":[{"@type":"Article","@id":"https:\/\/news.canadamotorjobs.com\/fr\/kia-prepare-le-terrain-pour-sa-future-camionnnette-en-australie\/#article","isPartOf":{"@id":"https:\/\/news.canadamotorjobs.com\/fr\/kia-prepare-le-terrain-pour-sa-future-camionnnette-en-australie\/"},"author":{"name":"Benoit Charette","@id":"https:\/\/news.canadamotorjobs.com\/#\/schema\/person\/51793d1f87d44011d7bcc2ed99269a90"},"headline":"Kia pr\u00e9pare le terrain pour sa future camionnnette\u2026 en Australie","datePublished":"2024-03-05T00:43:34+00:00","dateModified":"2024-03-05T01:14:24+00:00","mainEntityOfPage":{"@id":"https:\/\/news.canadamotorjobs.com\/fr\/kia-prepare-le-terrain-pour-sa-future-camionnnette-en-australie\/"},"wordCount":458,"publisher":{"@id":"https:\/\/news.canadamotorjobs.com\/#organization"},"image":{"@id":"https:\/\/news.canadamotorjobs.com\/fr\/kia-prepare-le-terrain-pour-sa-future-camionnnette-en-australie\/#primaryimage"},"thumbnailUrl":"https:\/\/news.canadamotorjobs.com\/wp-content\/uploads\/2024\/03\/Kia-Tasman-2025_6.jpg","articleSection":["Annuel automobile"],"inLanguage":"fr-CA"},{"@type":"WebPage","@id":"https:\/\/news.canadamotorjobs.com\/fr\/kia-prepare-le-terrain-pour-sa-future-camionnnette-en-australie\/","url":"https:\/\/news.canadamotorjobs.com\/fr\/kia-prepare-le-terrain-pour-sa-future-camionnnette-en-australie\/","name":"Kia pr\u00e9pare le terrain pour sa future camionnnette\u2026 en Australie - CanadaMotorJobs.com","isPartOf":{"@id":"https:\/\/news.canadamotorjobs.com\/#website"},"primaryImageOfPage":{"@id":"https:\/\/news.canadamotorjobs.com\/fr\/kia-prepare-le-terrain-pour-sa-future-camionnnette-en-australie\/#primaryimage"},"image":{"@id":"https:\/\/news.canadamotorjobs.com\/fr\/kia-prepare-le-terrain-pour-sa-future-camionnnette-en-australie\/#primaryimage"},"thumbnailUrl":"https:\/\/news.canadamotorjobs.com\/wp-content\/uploads\/2024\/03\/Kia-Tasman-2025_6.jpg","datePublished":"2024-03-05T00:43:34+00:00","dateModified":"2024-03-05T01:14:24+00:00","description":"Kia pr\u00e9pare le terrain pour sa future camionnnette\u2026 en Australie - Benoit Charette - Annuel automobile - CanadaMotorJobs.com.","breadcrumb":{"@id":"https:\/\/news.canadamotorjobs.com\/fr\/kia-prepare-le-terrain-pour-sa-future-camionnnette-en-australie\/#breadcrumb"},"inLanguage":"fr-CA","potentialAction":[{"@type":"ReadAction","target":["https:\/\/news.canadamotorjobs.com\/fr\/kia-prepare-le-terrain-pour-sa-future-camionnnette-en-australie\/"]}]},{"@type":"ImageObject","inLanguage":"fr-CA","@id":"https:\/\/news.canadamotorjobs.com\/fr\/kia-prepare-le-terrain-pour-sa-future-camionnnette-en-australie\/#primaryimage","url":"https:\/\/news.canadamotorjobs.com\/wp-content\/uploads\/2024\/03\/Kia-Tasman-2025_6.jpg","contentUrl":"https:\/\/news.canadamotorjobs.com\/wp-content\/uploads\/2024\/03\/Kia-Tasman-2025_6.jpg","width":1024,"height":683},{"@type":"BreadcrumbList","@id":"https:\/\/news.canadamotorjobs.com\/fr\/kia-prepare-le-terrain-pour-sa-future-camionnnette-en-australie\/#breadcrumb","itemListElement":[{"@type":"ListItem","position":1,"name":"Home","item":"https:\/\/news.canadamotorjobs.com\/fr\/blog\/"},{"@type":"ListItem","position":2,"name":"Kia pr\u00e9pare le terrain pour sa future camionnnette\u2026 en Australie"}]},{"@type":"WebSite","@id":"https:\/\/news.canadamotorjobs.com\/#website","url":"https:\/\/news.canadamotorjobs.com\/","name":"CanadaMotorJobs.com","description":"Automotive Jobs","publisher":{"@id":"https:\/\/news.canadamotorjobs.com\/#organization"},"potentialAction":[{"@type":"SearchAction","target":{"@type":"EntryPoint","urlTemplate":"https:\/\/news.canadamotorjobs.com\/?s={search_term_string}"},"query-input":"required name=search_term_string"}],"inLanguage":"fr-CA"},{"@type":"Organization","@id":"https:\/\/news.canadamotorjobs.com\/#organization","name":"Canada Motor Jobs","url":"https:\/\/news.canadamotorjobs.com\/","logo":{"@type":"ImageObject","inLanguage":"fr-CA","@id":"https:\/\/news.canadamotorjobs.com\/#\/schema\/logo\/image\/","url":"https:\/\/news.canadamotorjobs.com\/wp-content\/uploads\/2022\/10\/logo-canada-motor-jobs-1.png","contentUrl":"https:\/\/news.canadamotorjobs.com\/wp-content\/uploads\/2022\/10\/logo-canada-motor-jobs-1.png","width":800,"height":400,"caption":"Canada Motor Jobs"},"image":{"@id":"https:\/\/news.canadamotorjobs.com\/#\/schema\/logo\/image\/"},"sameAs":["https:\/\/www.facebook.com\/canadamotorjobs\/","https:\/\/x.com\/canadamotorjobs","https:\/\/www.instagram.com\/canadamotorjobs\/","https:\/\/www.linkedin.com\/company\/canadamotorjobs"]},{"@type":"Person","@id":"https:\/\/news.canadamotorjobs.com\/#\/schema\/person\/51793d1f87d44011d7bcc2ed99269a90","name":"Benoit Charette","image":{"@type":"ImageObject","inLanguage":"fr-CA","@id":"https:\/\/news.canadamotorjobs.com\/#\/schema\/person\/image\/","url":"https:\/\/secure.gravatar.com\/avatar\/45f3d2eebcccd909668d7ce7ea7267b6?s=96&d=mm&r=g","contentUrl":"https:\/\/secure.gravatar.com\/avatar\/45f3d2eebcccd909668d7ce7ea7267b6?s=96&d=mm&r=g","caption":"Benoit Charette"},"description":"Benoit Charette \/ Propri\u00e9taire et r\u00e9dacteur en chef Benoit Charette pratique le journalisme automobile depuis bient\u00f4t 30 ans. Il a fait ses classes au c\u00f4t\u00e9 de Daniel H\u00e9raud et au Carnet de route de 1992 \u00e0 2001. Il est fondateur, copropri\u00e9taire et r\u00e9dacteur en chef de L\u2019Annuel de l\u2019automobile, qu\u2019il publie depuis 2001. Il a anim\u00e9 les \u00e9missions RPM et RPM+ sur V et les L\u00e9gendes de la route sur Historia. \u00c0 la radio depuis 1986, il reprend l\u2019antenne cette ann\u00e9e sur les ondes de Cogeco et participe pour la deuxi\u00e8me ann\u00e9e \u00e0 l\u2019\u00e9mission Passion Auto sur RDS en plus de mettre en ligne le site Web officiel de L\u2019Annuel de l\u2019automobile sur annuelauto.ca.","sameAs":["https:\/\/annuelauto.ca\/"],"url":"https:\/\/news.canadamotorjobs.com\/fr\/author\/benoit-charette\/"}]}},"_links":{"self":[{"href":"https:\/\/news.canadamotorjobs.com\/fr\/wp-json\/wp\/v2\/posts\/160462"}],"collection":[{"href":"https:\/\/news.canadamotorjobs.com\/fr\/wp-json\/wp\/v2\/posts"}],"about":[{"href":"https:\/\/news.canadamotorjobs.com\/fr\/wp-json\/wp\/v2\/types\/post"}],"author":[{"embeddable":true,"href":"https:\/\/news.canadamotorjobs.com\/fr\/wp-json\/wp\/v2\/users\/8"}],"replies":[{"embeddable":true,"href":"https:\/\/news.canadamotorjobs.com\/fr\/wp-json\/wp\/v2\/comments?post=160462"}],"version-history":[{"count":2,"href":"https:\/\/news.canadamotorjobs.com\/fr\/wp-json\/wp\/v2\/posts\/160462\/revisions"}],"predecessor-version":[{"id":160466,"href":"https:\/\/news.canadamotorjobs.com\/fr\/wp-json\/wp\/v2\/posts\/160462\/revisions\/160466"}],"wp:featuredmedia":[{"embeddable":true,"href":"https:\/\/news.canadamotorjobs.com\/fr\/wp-json\/wp\/v2\/media\/160464"}],"wp:attachment":[{"href":"https:\/\/news.canadamotorjobs.com\/fr\/wp-json\/wp\/v2\/media?parent=160462"}],"wp:term":[{"taxonomy":"category","embeddable":true,"href":"https:\/\/news.canadamotorjobs.com\/fr\/wp-json\/wp\/v2\/categories?post=160462"},{"taxonomy":"post_tag","embeddable":true,"href":"https:\/\/news.canadamotorjobs.com\/fr\/wp-json\/wp\/v2\/tags?post=160462"}],"curies":[{"name":"wp","href":"https:\/\/api.w.org\/{rel}","templated":true}]}}