{"id":160419,"date":"2024-03-04T08:48:46","date_gmt":"2024-03-04T13:48:46","guid":{"rendered":"https:\/\/news.canadamotorjobs.com\/?p=160419"},"modified":"2024-03-04T08:59:04","modified_gmt":"2024-03-04T13:59:04","slug":"plus-dautonomie-et-un-essuie-glace-arriere-pour-le-nouveau-hyundai-ioniq-5","status":"publish","type":"post","link":"https:\/\/news.canadamotorjobs.com\/fr\/plus-dautonomie-et-un-essuie-glace-arriere-pour-le-nouveau-hyundai-ioniq-5\/","title":{"rendered":"Plus d\u2019autonomie et un essuie-glace arri\u00e8re pour le nouveau Hyundai Ioniq 5"},"content":{"rendered":"<\/p>\n<p>Hyundai a r\u00e9cemment d\u00e9voil\u00e9 la version am\u00e9lior\u00e9e de son v\u00e9hicule \u00e9lectrique embl\u00e9matique, la Ioniq 5. Cette mise \u00e0 jour apporte une s\u00e9rie d&#8217;am\u00e9liorations, faisant de la Ioniq 5 l&#8217;un des choix les plus comp\u00e9tents sur le march\u00e9.<\/p>\n<h3><strong>Autonomie \u00e9tendue \u00e0 pr\u00e8s de 500 km<\/strong><\/h3>\n<p>\nLa mise \u00e0 jour la plus remarquable concerne l&#8217;autonomie. Gr\u00e2ce \u00e0 un nouveau bloc-batterie de 84 kWh de quatri\u00e8me g\u00e9n\u00e9ration, la Ioniq 5 voit son autonomie augmenter \u00e0 485 km pour le mod\u00e8le \u00e0 propulsion. Une am\u00e9lioration significative par rapport aux 2459 km pr\u00e9c\u00e9dents.<\/p>\n<h3><strong>Nouvelle finition N Line pour un style sportif<\/strong><\/h3>\n<p>\nLa gamme s&#8217;enrichit \u00e9galement d&#8217;une nouvelle finition N Line, offrant un style sportif avec des pare-chocs sp\u00e9cifiques, des jantes de 20 pouces, et des d\u00e9tails distinctifs \u00e0 l&#8217;int\u00e9rieur. Une option qui devrait ravir les amateurs de conduite dynamique.<\/p>\n<h3><strong>Confort et s\u00e9curit\u00e9 renforc\u00e9s<\/strong><\/h3>\n<p>\nHyundai a mis l&#8217;accent sur le confort avec de nouveaux amortisseurs sensibles \u00e0 la fr\u00e9quence, offrant une conduite plus agr\u00e9able. Des ajustements ont \u00e9galement \u00e9t\u00e9 apport\u00e9s pour r\u00e9duire les bruits de basse fr\u00e9quence, garantissant une exp\u00e9rience de conduite silencieuse.<\/p>\n<h3><strong>Style ext\u00e9rieur subtilement actualis\u00e9<\/strong><\/h3>\n<p>\nLe design ext\u00e9rieur a \u00e9t\u00e9 subtilement rafra\u00eechi avec des nouveaux pare-chocs, une signature lumineuse avant modifi\u00e9e, et un becquet arri\u00e8re \u00e9tendu. Des d\u00e9tails qui ajoutent une touche de modernit\u00e9 \u00e0 l&#8217;esth\u00e9tique de la Ioniq 5 sans oublier l\u2019ajout d\u2019un essuie-glace sur la vitre arri\u00e8re.<\/p>\n<h3><strong>Int\u00e9rieur intuitif et fonctionnel<\/strong><\/h3>\n<p>\n\u00c0 l&#8217;int\u00e9rieur, la Ioniq 5 propose des am\u00e9liorations mineures mais significatives. Une disposition des commandes de climatisation repens\u00e9e, un volant \u00e0 trois branches, et des commandes d&#8217;infodivertissement am\u00e9lior\u00e9es simplifient l&#8217;exp\u00e9rience de conduite.<\/p>\n<h3><strong>Conclusion<\/strong><\/h3>\n<p>\nLe Ioniq 5 rajeuni promet d&#8217;\u00e9lever la barre dans le domaine des v\u00e9hicules \u00e9lectriques. Avec une autonomie accrue, un confort am\u00e9lior\u00e9, et des options de style diversifi\u00e9es, Hyundai continue d&#8217;innover dans le secteur en rapide \u00e9volution des voitures \u00e9lectriques. Restez \u00e0 l&#8217;\u00e9coute pour plus de d\u00e9tails sur cette \u00e9lectrisante mise \u00e0 jour.<\/p>\n<p>\u00a0<\/p>\n<p>Avec des renseignements de CARBUZZ<\/p>\n<p>\u00a0<\/p>\n<p>Le texte <a rel=\"nofollow\" href=\"https:\/\/annuelauto.ca\/plus-dautonomie-et-un-essuie-glace-arriere-pour-le-nouveau-hyundai-ioniq-5\/\">Plus d\u2019autonomie et un essuie-glace arri\u00e8re pour le nouveau Hyundai Ioniq 5<\/a> provient de <a rel=\"nofollow\" href=\"https:\/\/annuelauto.ca\">L&#8217;annuel de l&#8217;automobile &#8211; Actualit\u00e9 automobile<\/a><\/p>\n<p><\/p>\n","protected":false},"excerpt":{"rendered":"<p>Hyundai a r\u00e9cemment d\u00e9voil\u00e9 la version am\u00e9lior\u00e9e de son v\u00e9hicule \u00e9lectrique embl\u00e9matique, la Ioniq 5. Cette mise \u00e0 jour apporte une s\u00e9rie d&#8217;am\u00e9liorations, faisant de la Ioniq 5 l&#8217;un des choix les plus comp\u00e9tents sur le march\u00e9. Autonomie \u00e9tendue \u00e0 pr\u00e8s de 500 km La mise \u00e0 jour la plus remarquable concerne l&#8217;autonomie. Gr\u00e2ce \u00e0 [&hellip;]<\/p>\n","protected":false},"author":8,"featured_media":160421,"comment_status":"close","ping_status":"closed","sticky":false,"template":"","format":"standard","meta":{"_monsterinsights_skip_tracking":false,"_monsterinsights_sitenote_active":false,"_monsterinsights_sitenote_note":"","_monsterinsights_sitenote_category":0,"footnotes":""},"categories":[101],"tags":[],"yoast_head":"<!-- This site is optimized with the Yoast SEO plugin v23.2 - https:\/\/yoast.com\/wordpress\/plugins\/seo\/ -->\n<title>Plus d\u2019autonomie et un essuie-glace arri\u00e8re pour le nouveau Hyundai Ioniq 5 - CanadaMotorJobs.com<\/title>\n<meta name=\"description\" content=\"Plus d\u2019autonomie et un essuie-glace arri\u00e8re pour le nouveau Hyundai Ioniq 5 - Benoit Charette - Annuel automobile - CanadaMotorJobs.com.\" \/>\n<meta name=\"robots\" content=\"index, follow, max-snippet:-1, max-image-preview:large, max-video-preview:-1\" \/>\n<meta property=\"og:locale\" content=\"fr_CA\" \/>\n<meta property=\"og:type\" content=\"article\" \/>\n<meta property=\"og:title\" content=\"Plus d\u2019autonomie et un essuie-glace arri\u00e8re pour le nouveau Hyundai Ioniq 5 - CanadaMotorJobs.com\" \/>\n<meta property=\"og:description\" content=\"Plus d\u2019autonomie et un essuie-glace arri\u00e8re pour le nouveau Hyundai Ioniq 5 - Benoit Charette - Annuel automobile - CanadaMotorJobs.com.\" \/>\n<meta property=\"og:url\" content=\"https:\/\/news.canadamotorjobs.com\/fr\/plus-dautonomie-et-un-essuie-glace-arriere-pour-le-nouveau-hyundai-ioniq-5\/\" \/>\n<meta property=\"og:site_name\" content=\"CanadaMotorJobs.com\" \/>\n<meta property=\"article:publisher\" content=\"https:\/\/www.facebook.com\/canadamotorjobs\/\" \/>\n<meta property=\"article:published_time\" content=\"2024-03-04T13:48:46+00:00\" \/>\n<meta property=\"article:modified_time\" content=\"2024-03-04T13:59:04+00:00\" \/>\n<meta property=\"og:image\" content=\"https:\/\/news.canadamotorjobs.com\/wp-content\/uploads\/2024\/03\/FMZGADEWUAkButL.jpg\" \/>\n\t<meta property=\"og:image:width\" content=\"1536\" \/>\n\t<meta property=\"og:image:height\" content=\"2048\" \/>\n\t<meta property=\"og:image:type\" content=\"image\/jpeg\" \/>\n<meta name=\"author\" content=\"Benoit Charette\" \/>\n<meta name=\"twitter:card\" content=\"summary_large_image\" \/>\n<meta name=\"twitter:creator\" content=\"@canadamotorjobs\" \/>\n<meta name=\"twitter:site\" content=\"@canadamotorjobs\" \/>\n<meta name=\"twitter:label1\" content=\"\u00c9crit par\" \/>\n\t<meta name=\"twitter:data1\" content=\"Benoit Charette\" \/>\n\t<meta name=\"twitter:label2\" content=\"Estimation du temps de lecture\" \/>\n\t<meta name=\"twitter:data2\" content=\"2 minutes\" \/>\n<!-- \/ Yoast SEO plugin. -->","yoast_head_json":{"title":"Plus d\u2019autonomie et un essuie-glace arri\u00e8re pour le nouveau Hyundai Ioniq 5 - CanadaMotorJobs.com","description":"Plus d\u2019autonomie et un essuie-glace arri\u00e8re pour le nouveau Hyundai Ioniq 5 - Benoit Charette - Annuel automobile - CanadaMotorJobs.com.","robots":{"index":"index","follow":"follow","max-snippet":"max-snippet:-1","max-image-preview":"max-image-preview:large","max-video-preview":"max-video-preview:-1"},"og_locale":"fr_CA","og_type":"article","og_title":"Plus d\u2019autonomie et un essuie-glace arri\u00e8re pour le nouveau Hyundai Ioniq 5 - CanadaMotorJobs.com","og_description":"Plus d\u2019autonomie et un essuie-glace arri\u00e8re pour le nouveau Hyundai Ioniq 5 - Benoit Charette - Annuel automobile - CanadaMotorJobs.com.","og_url":"https:\/\/news.canadamotorjobs.com\/fr\/plus-dautonomie-et-un-essuie-glace-arriere-pour-le-nouveau-hyundai-ioniq-5\/","og_site_name":"CanadaMotorJobs.com","article_publisher":"https:\/\/www.facebook.com\/canadamotorjobs\/","article_published_time":"2024-03-04T13:48:46+00:00","article_modified_time":"2024-03-04T13:59:04+00:00","og_image":[{"width":1536,"height":2048,"url":"https:\/\/news.canadamotorjobs.com\/wp-content\/uploads\/2024\/03\/FMZGADEWUAkButL.jpg","type":"image\/jpeg"}],"author":"Benoit Charette","twitter_card":"summary_large_image","twitter_creator":"@canadamotorjobs","twitter_site":"@canadamotorjobs","twitter_misc":{"\u00c9crit par":"Benoit Charette","Estimation du temps de lecture":"2 minutes"},"schema":{"@context":"https:\/\/schema.org","@graph":[{"@type":"Article","@id":"https:\/\/news.canadamotorjobs.com\/fr\/plus-dautonomie-et-un-essuie-glace-arriere-pour-le-nouveau-hyundai-ioniq-5\/#article","isPartOf":{"@id":"https:\/\/news.canadamotorjobs.com\/fr\/plus-dautonomie-et-un-essuie-glace-arriere-pour-le-nouveau-hyundai-ioniq-5\/"},"author":{"name":"Benoit Charette","@id":"https:\/\/news.canadamotorjobs.com\/#\/schema\/person\/51793d1f87d44011d7bcc2ed99269a90"},"headline":"Plus d\u2019autonomie et un essuie-glace arri\u00e8re pour le nouveau Hyundai Ioniq 5","datePublished":"2024-03-04T13:48:46+00:00","dateModified":"2024-03-04T13:59:04+00:00","mainEntityOfPage":{"@id":"https:\/\/news.canadamotorjobs.com\/fr\/plus-dautonomie-et-un-essuie-glace-arriere-pour-le-nouveau-hyundai-ioniq-5\/"},"wordCount":397,"publisher":{"@id":"https:\/\/news.canadamotorjobs.com\/#organization"},"image":{"@id":"https:\/\/news.canadamotorjobs.com\/fr\/plus-dautonomie-et-un-essuie-glace-arriere-pour-le-nouveau-hyundai-ioniq-5\/#primaryimage"},"thumbnailUrl":"https:\/\/news.canadamotorjobs.com\/wp-content\/uploads\/2024\/03\/FMZGADEWUAkButL.jpg","articleSection":["Annuel automobile"],"inLanguage":"fr-CA"},{"@type":"WebPage","@id":"https:\/\/news.canadamotorjobs.com\/fr\/plus-dautonomie-et-un-essuie-glace-arriere-pour-le-nouveau-hyundai-ioniq-5\/","url":"https:\/\/news.canadamotorjobs.com\/fr\/plus-dautonomie-et-un-essuie-glace-arriere-pour-le-nouveau-hyundai-ioniq-5\/","name":"Plus d\u2019autonomie et un essuie-glace arri\u00e8re pour le nouveau Hyundai Ioniq 5 - CanadaMotorJobs.com","isPartOf":{"@id":"https:\/\/news.canadamotorjobs.com\/#website"},"primaryImageOfPage":{"@id":"https:\/\/news.canadamotorjobs.com\/fr\/plus-dautonomie-et-un-essuie-glace-arriere-pour-le-nouveau-hyundai-ioniq-5\/#primaryimage"},"image":{"@id":"https:\/\/news.canadamotorjobs.com\/fr\/plus-dautonomie-et-un-essuie-glace-arriere-pour-le-nouveau-hyundai-ioniq-5\/#primaryimage"},"thumbnailUrl":"https:\/\/news.canadamotorjobs.com\/wp-content\/uploads\/2024\/03\/FMZGADEWUAkButL.jpg","datePublished":"2024-03-04T13:48:46+00:00","dateModified":"2024-03-04T13:59:04+00:00","description":"Plus d\u2019autonomie et un essuie-glace arri\u00e8re pour le nouveau Hyundai Ioniq 5 - Benoit Charette - Annuel automobile - CanadaMotorJobs.com.","breadcrumb":{"@id":"https:\/\/news.canadamotorjobs.com\/fr\/plus-dautonomie-et-un-essuie-glace-arriere-pour-le-nouveau-hyundai-ioniq-5\/#breadcrumb"},"inLanguage":"fr-CA","potentialAction":[{"@type":"ReadAction","target":["https:\/\/news.canadamotorjobs.com\/fr\/plus-dautonomie-et-un-essuie-glace-arriere-pour-le-nouveau-hyundai-ioniq-5\/"]}]},{"@type":"ImageObject","inLanguage":"fr-CA","@id":"https:\/\/news.canadamotorjobs.com\/fr\/plus-dautonomie-et-un-essuie-glace-arriere-pour-le-nouveau-hyundai-ioniq-5\/#primaryimage","url":"https:\/\/news.canadamotorjobs.com\/wp-content\/uploads\/2024\/03\/FMZGADEWUAkButL.jpg","contentUrl":"https:\/\/news.canadamotorjobs.com\/wp-content\/uploads\/2024\/03\/FMZGADEWUAkButL.jpg","width":1536,"height":2048},{"@type":"BreadcrumbList","@id":"https:\/\/news.canadamotorjobs.com\/fr\/plus-dautonomie-et-un-essuie-glace-arriere-pour-le-nouveau-hyundai-ioniq-5\/#breadcrumb","itemListElement":[{"@type":"ListItem","position":1,"name":"Home","item":"https:\/\/news.canadamotorjobs.com\/fr\/blog\/"},{"@type":"ListItem","position":2,"name":"Plus d\u2019autonomie et un essuie-glace arri\u00e8re pour le nouveau Hyundai Ioniq 5"}]},{"@type":"WebSite","@id":"https:\/\/news.canadamotorjobs.com\/#website","url":"https:\/\/news.canadamotorjobs.com\/","name":"CanadaMotorJobs.com","description":"Automotive Jobs","publisher":{"@id":"https:\/\/news.canadamotorjobs.com\/#organization"},"potentialAction":[{"@type":"SearchAction","target":{"@type":"EntryPoint","urlTemplate":"https:\/\/news.canadamotorjobs.com\/?s={search_term_string}"},"query-input":"required name=search_term_string"}],"inLanguage":"fr-CA"},{"@type":"Organization","@id":"https:\/\/news.canadamotorjobs.com\/#organization","name":"Canada Motor Jobs","url":"https:\/\/news.canadamotorjobs.com\/","logo":{"@type":"ImageObject","inLanguage":"fr-CA","@id":"https:\/\/news.canadamotorjobs.com\/#\/schema\/logo\/image\/","url":"https:\/\/news.canadamotorjobs.com\/wp-content\/uploads\/2022\/10\/logo-canada-motor-jobs-1.png","contentUrl":"https:\/\/news.canadamotorjobs.com\/wp-content\/uploads\/2022\/10\/logo-canada-motor-jobs-1.png","width":800,"height":400,"caption":"Canada Motor Jobs"},"image":{"@id":"https:\/\/news.canadamotorjobs.com\/#\/schema\/logo\/image\/"},"sameAs":["https:\/\/www.facebook.com\/canadamotorjobs\/","https:\/\/x.com\/canadamotorjobs","https:\/\/www.instagram.com\/canadamotorjobs\/","https:\/\/www.linkedin.com\/company\/canadamotorjobs"]},{"@type":"Person","@id":"https:\/\/news.canadamotorjobs.com\/#\/schema\/person\/51793d1f87d44011d7bcc2ed99269a90","name":"Benoit Charette","image":{"@type":"ImageObject","inLanguage":"fr-CA","@id":"https:\/\/news.canadamotorjobs.com\/#\/schema\/person\/image\/","url":"https:\/\/secure.gravatar.com\/avatar\/45f3d2eebcccd909668d7ce7ea7267b6?s=96&d=mm&r=g","contentUrl":"https:\/\/secure.gravatar.com\/avatar\/45f3d2eebcccd909668d7ce7ea7267b6?s=96&d=mm&r=g","caption":"Benoit Charette"},"description":"Benoit Charette \/ Propri\u00e9taire et r\u00e9dacteur en chef Benoit Charette pratique le journalisme automobile depuis bient\u00f4t 30 ans. Il a fait ses classes au c\u00f4t\u00e9 de Daniel H\u00e9raud et au Carnet de route de 1992 \u00e0 2001. Il est fondateur, copropri\u00e9taire et r\u00e9dacteur en chef de L\u2019Annuel de l\u2019automobile, qu\u2019il publie depuis 2001. Il a anim\u00e9 les \u00e9missions RPM et RPM+ sur V et les L\u00e9gendes de la route sur Historia. \u00c0 la radio depuis 1986, il reprend l\u2019antenne cette ann\u00e9e sur les ondes de Cogeco et participe pour la deuxi\u00e8me ann\u00e9e \u00e0 l\u2019\u00e9mission Passion Auto sur RDS en plus de mettre en ligne le site Web officiel de L\u2019Annuel de l\u2019automobile sur annuelauto.ca.","sameAs":["https:\/\/annuelauto.ca\/"],"url":"https:\/\/news.canadamotorjobs.com\/fr\/author\/benoit-charette\/"}]}},"_links":{"self":[{"href":"https:\/\/news.canadamotorjobs.com\/fr\/wp-json\/wp\/v2\/posts\/160419"}],"collection":[{"href":"https:\/\/news.canadamotorjobs.com\/fr\/wp-json\/wp\/v2\/posts"}],"about":[{"href":"https:\/\/news.canadamotorjobs.com\/fr\/wp-json\/wp\/v2\/types\/post"}],"author":[{"embeddable":true,"href":"https:\/\/news.canadamotorjobs.com\/fr\/wp-json\/wp\/v2\/users\/8"}],"replies":[{"embeddable":true,"href":"https:\/\/news.canadamotorjobs.com\/fr\/wp-json\/wp\/v2\/comments?post=160419"}],"version-history":[{"count":2,"href":"https:\/\/news.canadamotorjobs.com\/fr\/wp-json\/wp\/v2\/posts\/160419\/revisions"}],"predecessor-version":[{"id":160423,"href":"https:\/\/news.canadamotorjobs.com\/fr\/wp-json\/wp\/v2\/posts\/160419\/revisions\/160423"}],"wp:featuredmedia":[{"embeddable":true,"href":"https:\/\/news.canadamotorjobs.com\/fr\/wp-json\/wp\/v2\/media\/160421"}],"wp:attachment":[{"href":"https:\/\/news.canadamotorjobs.com\/fr\/wp-json\/wp\/v2\/media?parent=160419"}],"wp:term":[{"taxonomy":"category","embeddable":true,"href":"https:\/\/news.canadamotorjobs.com\/fr\/wp-json\/wp\/v2\/categories?post=160419"},{"taxonomy":"post_tag","embeddable":true,"href":"https:\/\/news.canadamotorjobs.com\/fr\/wp-json\/wp\/v2\/tags?post=160419"}],"curies":[{"name":"wp","href":"https:\/\/api.w.org\/{rel}","templated":true}]}}