{"id":160392,"date":"2024-03-03T09:00:54","date_gmt":"2024-03-03T14:00:54","guid":{"rendered":"https:\/\/news.canadamotorjobs.com\/?p=160392"},"modified":"2024-03-03T09:02:13","modified_gmt":"2024-03-03T14:02:13","slug":"en-2023-1-voiture-neuve-sur-5-vendue-dans-le-monde-etait-electrique","status":"publish","type":"post","link":"https:\/\/news.canadamotorjobs.com\/fr\/en-2023-1-voiture-neuve-sur-5-vendue-dans-le-monde-etait-electrique\/","title":{"rendered":"En 2023, 1 voiture neuve sur 5 vendue dans le monde \u00e9tait \u00e9lectrique"},"content":{"rendered":"<\/p>\n<p>Selon une analyse r\u00e9cente de l&#8217;Agence internationale de l&#8217;\u00e9nergie (AIE), l&#8217;absence de v\u00e9hicules \u00e9lectriques aurait tripl\u00e9 l&#8217;augmentation mondiale des \u00e9missions au cours des cinq derni\u00e8res ann\u00e9es.<\/p>\n<h3>Nouveau Rapport de l&#8217;AIE<\/h3>\n<p>\nLes conclusions proviennent de la mise \u00e0 jour annuelle de l&#8217;AIE sur les \u00e9missions mondiales de CO2 li\u00e9es \u00e0 l&#8217;\u00e9nergie et du premier num\u00e9ro du Clean Energy Market Monitor, qui explore le d\u00e9ploiement des \u00e9nergies propres et ses implications sur les march\u00e9s \u00e9nerg\u00e9tiques mondiaux.<\/p>\n<h3><strong>Les \u00c9nergies Renouvelables Freinent la Hausse des \u00c9missions en 2023<\/strong><\/h3>\n<p>\nLa mauvaise nouvelle : les \u00e9missions li\u00e9es \u00e0 l&#8217;\u00e9nergie ont augment\u00e9 en 2023. La bonne nouvelle : l&#8217;expansion des technologies \u00e9nerg\u00e9tiques propres a att\u00e9nu\u00e9 cette hausse, malgr\u00e9 une croissance accrue de la demande totale d&#8217;\u00e9nergie. Les \u00e9missions ont augment\u00e9 de 1,1 % en 2023, soit 410 millions de tonnes, enregistrant une croissance moins marqu\u00e9e par rapport aux 490 millions de tonnes de l&#8217;ann\u00e9e pr\u00e9c\u00e9dente, atteignant un record de 37,4 milliards de tonnes. Une p\u00e9nurie exceptionnelle d&#8217;hydro\u00e9lectricit\u00e9 a contribu\u00e9 \u00e0 plus de 40 % de cette augmentation, poussant certains pays \u00e0 se tourner vers les combustibles fossiles pour compenser.<\/p>\n<h3><strong>Baisse Record des \u00c9missions dans les \u00c9conomies Avanc\u00e9es<\/strong><\/h3>\n<p>\nMalgr\u00e9 la hausse des \u00e9missions mondiales, les \u00e9conomies avanc\u00e9es ont enregistr\u00e9 une baisse record de leurs \u00e9missions en 2023, atteignant leur niveau le plus bas depuis 50 ans. Cela s&#8217;explique par le d\u00e9ploiement massif des \u00e9nergies renouvelables, la transition du charbon au gaz, l&#8217;am\u00e9lioration de l&#8217;efficacit\u00e9 \u00e9nerg\u00e9tique, et un ralentissement de la production industrielle.<\/p>\n<h3><strong>L&#8217;Impact des \u00c9nergies Propres au Cours des Cinq Derni\u00e8res Ann\u00e9es<\/strong><\/h3>\n<p>\nEntre 2019 et 2023, la croissance des \u00e9nergies propres a d\u00e9pass\u00e9 deux fois celle des combustibles fossiles, limitant consid\u00e9rablement la demande de ces derniers. L&#8217;analyse de l&#8217;AIE r\u00e9v\u00e8le que le d\u00e9ploiement massif de l&#8217;\u00e9nergie \u00e9olienne et solaire a \u00e9vit\u00e9 une consommation annuelle de charbon \u00e9quivalente \u00e0 celle de l&#8217;Inde et de l&#8217;Indon\u00e9sie r\u00e9unies. Le nombre croissant de v\u00e9hicules \u00e9lectriques sur les routes, repr\u00e9sentant une vente sur cinq en 2023, a \u00e9galement contribu\u00e9 \u00e0 maintenir la demande de p\u00e9trole sous les niveaux d&#8217;avant la pand\u00e9mie.<\/p>\n<h3>La R\u00e9silience de la Transition \u00c9nerg\u00e9tique<\/h3>\n<p>\nFatih Birol, directeur ex\u00e9cutif de l&#8217;AIE, souligne la r\u00e9silience de la transition \u00e9nerg\u00e9tique au cours des cinq derni\u00e8res ann\u00e9es face \u00e0 des d\u00e9fis tels que la pand\u00e9mie, les crises \u00e9nerg\u00e9tiques et l&#8217;instabilit\u00e9 g\u00e9opolitique.<\/p>\n<p>\u00a0<\/p>\n<p>Avec des renseignements d\u2019Electrek<\/p>\n<p>\u00a0<\/p>\n<p>Le texte <a rel=\"nofollow\" href=\"https:\/\/annuelauto.ca\/en-2023-1-voiture-neuve-sur-5-vendue-dans-le-monde-etait-electrique\/\">En 2023, 1 voiture neuve sur 5 vendue dans le monde \u00e9tait \u00e9lectrique<\/a> provient de <a rel=\"nofollow\" href=\"https:\/\/annuelauto.ca\">L&#8217;annuel de l&#8217;automobile &#8211; Actualit\u00e9 automobile<\/a><\/p>\n<p><\/p>\n","protected":false},"excerpt":{"rendered":"<p>Selon une analyse r\u00e9cente de l&#8217;Agence internationale de l&#8217;\u00e9nergie (AIE), l&#8217;absence de v\u00e9hicules \u00e9lectriques aurait tripl\u00e9 l&#8217;augmentation mondiale des \u00e9missions au cours des cinq derni\u00e8res ann\u00e9es. Nouveau Rapport de l&#8217;AIE Les conclusions proviennent de la mise \u00e0 jour annuelle de l&#8217;AIE sur les \u00e9missions mondiales de CO2 li\u00e9es \u00e0 l&#8217;\u00e9nergie et du premier num\u00e9ro du [&hellip;]<\/p>\n","protected":false},"author":8,"featured_media":160394,"comment_status":"close","ping_status":"closed","sticky":false,"template":"","format":"standard","meta":{"_monsterinsights_skip_tracking":false,"_monsterinsights_sitenote_active":false,"_monsterinsights_sitenote_note":"","_monsterinsights_sitenote_category":0,"footnotes":""},"categories":[101],"tags":[],"yoast_head":"<!-- This site is optimized with the Yoast SEO plugin v23.2 - https:\/\/yoast.com\/wordpress\/plugins\/seo\/ -->\n<title>En 2023, 1 voiture neuve sur 5 vendue dans le monde \u00e9tait \u00e9lectrique - CanadaMotorJobs.com<\/title>\n<meta name=\"description\" content=\"En 2023, 1 voiture neuve sur 5 vendue dans le monde \u00e9tait \u00e9lectrique - Benoit Charette - Annuel automobile - CanadaMotorJobs.com.\" \/>\n<meta name=\"robots\" content=\"index, follow, max-snippet:-1, max-image-preview:large, max-video-preview:-1\" \/>\n<meta property=\"og:locale\" content=\"fr_CA\" \/>\n<meta property=\"og:type\" content=\"article\" \/>\n<meta property=\"og:title\" content=\"En 2023, 1 voiture neuve sur 5 vendue dans le monde \u00e9tait \u00e9lectrique - CanadaMotorJobs.com\" \/>\n<meta property=\"og:description\" content=\"En 2023, 1 voiture neuve sur 5 vendue dans le monde \u00e9tait \u00e9lectrique - Benoit Charette - Annuel automobile - CanadaMotorJobs.com.\" \/>\n<meta property=\"og:url\" content=\"https:\/\/news.canadamotorjobs.com\/fr\/en-2023-1-voiture-neuve-sur-5-vendue-dans-le-monde-etait-electrique\/\" \/>\n<meta property=\"og:site_name\" content=\"CanadaMotorJobs.com\" \/>\n<meta property=\"article:publisher\" content=\"https:\/\/www.facebook.com\/canadamotorjobs\/\" \/>\n<meta property=\"article:published_time\" content=\"2024-03-03T14:00:54+00:00\" \/>\n<meta property=\"article:modified_time\" content=\"2024-03-03T14:02:13+00:00\" \/>\n<meta property=\"og:image\" content=\"https:\/\/news.canadamotorjobs.com\/wp-content\/uploads\/2024\/03\/flo-ultra-stations-1030x858.png\" \/>\n\t<meta property=\"og:image:width\" content=\"1030\" \/>\n\t<meta property=\"og:image:height\" content=\"858\" \/>\n\t<meta property=\"og:image:type\" content=\"image\/png\" \/>\n<meta name=\"author\" content=\"Benoit Charette\" \/>\n<meta name=\"twitter:card\" content=\"summary_large_image\" \/>\n<meta name=\"twitter:creator\" content=\"@canadamotorjobs\" \/>\n<meta name=\"twitter:site\" content=\"@canadamotorjobs\" \/>\n<meta name=\"twitter:label1\" content=\"\u00c9crit par\" \/>\n\t<meta name=\"twitter:data1\" content=\"Benoit Charette\" \/>\n\t<meta name=\"twitter:label2\" content=\"Estimation du temps de lecture\" \/>\n\t<meta name=\"twitter:data2\" content=\"2 minutes\" \/>\n<!-- \/ Yoast SEO plugin. -->","yoast_head_json":{"title":"En 2023, 1 voiture neuve sur 5 vendue dans le monde \u00e9tait \u00e9lectrique - CanadaMotorJobs.com","description":"En 2023, 1 voiture neuve sur 5 vendue dans le monde \u00e9tait \u00e9lectrique - Benoit Charette - Annuel automobile - CanadaMotorJobs.com.","robots":{"index":"index","follow":"follow","max-snippet":"max-snippet:-1","max-image-preview":"max-image-preview:large","max-video-preview":"max-video-preview:-1"},"og_locale":"fr_CA","og_type":"article","og_title":"En 2023, 1 voiture neuve sur 5 vendue dans le monde \u00e9tait \u00e9lectrique - CanadaMotorJobs.com","og_description":"En 2023, 1 voiture neuve sur 5 vendue dans le monde \u00e9tait \u00e9lectrique - Benoit Charette - Annuel automobile - CanadaMotorJobs.com.","og_url":"https:\/\/news.canadamotorjobs.com\/fr\/en-2023-1-voiture-neuve-sur-5-vendue-dans-le-monde-etait-electrique\/","og_site_name":"CanadaMotorJobs.com","article_publisher":"https:\/\/www.facebook.com\/canadamotorjobs\/","article_published_time":"2024-03-03T14:00:54+00:00","article_modified_time":"2024-03-03T14:02:13+00:00","og_image":[{"width":1030,"height":858,"url":"https:\/\/news.canadamotorjobs.com\/wp-content\/uploads\/2024\/03\/flo-ultra-stations-1030x858.png","type":"image\/png"}],"author":"Benoit Charette","twitter_card":"summary_large_image","twitter_creator":"@canadamotorjobs","twitter_site":"@canadamotorjobs","twitter_misc":{"\u00c9crit par":"Benoit Charette","Estimation du temps de lecture":"2 minutes"},"schema":{"@context":"https:\/\/schema.org","@graph":[{"@type":"Article","@id":"https:\/\/news.canadamotorjobs.com\/fr\/en-2023-1-voiture-neuve-sur-5-vendue-dans-le-monde-etait-electrique\/#article","isPartOf":{"@id":"https:\/\/news.canadamotorjobs.com\/fr\/en-2023-1-voiture-neuve-sur-5-vendue-dans-le-monde-etait-electrique\/"},"author":{"name":"Benoit Charette","@id":"https:\/\/news.canadamotorjobs.com\/#\/schema\/person\/51793d1f87d44011d7bcc2ed99269a90"},"headline":"En 2023, 1 voiture neuve sur 5 vendue dans le monde \u00e9tait \u00e9lectrique","datePublished":"2024-03-03T14:00:54+00:00","dateModified":"2024-03-03T14:02:13+00:00","mainEntityOfPage":{"@id":"https:\/\/news.canadamotorjobs.com\/fr\/en-2023-1-voiture-neuve-sur-5-vendue-dans-le-monde-etait-electrique\/"},"wordCount":460,"publisher":{"@id":"https:\/\/news.canadamotorjobs.com\/#organization"},"image":{"@id":"https:\/\/news.canadamotorjobs.com\/fr\/en-2023-1-voiture-neuve-sur-5-vendue-dans-le-monde-etait-electrique\/#primaryimage"},"thumbnailUrl":"https:\/\/news.canadamotorjobs.com\/wp-content\/uploads\/2024\/03\/flo-ultra-stations.png","articleSection":["Annuel automobile"],"inLanguage":"fr-CA"},{"@type":"WebPage","@id":"https:\/\/news.canadamotorjobs.com\/fr\/en-2023-1-voiture-neuve-sur-5-vendue-dans-le-monde-etait-electrique\/","url":"https:\/\/news.canadamotorjobs.com\/fr\/en-2023-1-voiture-neuve-sur-5-vendue-dans-le-monde-etait-electrique\/","name":"En 2023, 1 voiture neuve sur 5 vendue dans le monde \u00e9tait \u00e9lectrique - CanadaMotorJobs.com","isPartOf":{"@id":"https:\/\/news.canadamotorjobs.com\/#website"},"primaryImageOfPage":{"@id":"https:\/\/news.canadamotorjobs.com\/fr\/en-2023-1-voiture-neuve-sur-5-vendue-dans-le-monde-etait-electrique\/#primaryimage"},"image":{"@id":"https:\/\/news.canadamotorjobs.com\/fr\/en-2023-1-voiture-neuve-sur-5-vendue-dans-le-monde-etait-electrique\/#primaryimage"},"thumbnailUrl":"https:\/\/news.canadamotorjobs.com\/wp-content\/uploads\/2024\/03\/flo-ultra-stations.png","datePublished":"2024-03-03T14:00:54+00:00","dateModified":"2024-03-03T14:02:13+00:00","description":"En 2023, 1 voiture neuve sur 5 vendue dans le monde \u00e9tait \u00e9lectrique - Benoit Charette - Annuel automobile - CanadaMotorJobs.com.","breadcrumb":{"@id":"https:\/\/news.canadamotorjobs.com\/fr\/en-2023-1-voiture-neuve-sur-5-vendue-dans-le-monde-etait-electrique\/#breadcrumb"},"inLanguage":"fr-CA","potentialAction":[{"@type":"ReadAction","target":["https:\/\/news.canadamotorjobs.com\/fr\/en-2023-1-voiture-neuve-sur-5-vendue-dans-le-monde-etait-electrique\/"]}]},{"@type":"ImageObject","inLanguage":"fr-CA","@id":"https:\/\/news.canadamotorjobs.com\/fr\/en-2023-1-voiture-neuve-sur-5-vendue-dans-le-monde-etait-electrique\/#primaryimage","url":"https:\/\/news.canadamotorjobs.com\/wp-content\/uploads\/2024\/03\/flo-ultra-stations.png","contentUrl":"https:\/\/news.canadamotorjobs.com\/wp-content\/uploads\/2024\/03\/flo-ultra-stations.png","width":1800,"height":1500},{"@type":"BreadcrumbList","@id":"https:\/\/news.canadamotorjobs.com\/fr\/en-2023-1-voiture-neuve-sur-5-vendue-dans-le-monde-etait-electrique\/#breadcrumb","itemListElement":[{"@type":"ListItem","position":1,"name":"Home","item":"https:\/\/news.canadamotorjobs.com\/fr\/blog\/"},{"@type":"ListItem","position":2,"name":"En 2023, 1 voiture neuve sur 5 vendue dans le monde \u00e9tait \u00e9lectrique"}]},{"@type":"WebSite","@id":"https:\/\/news.canadamotorjobs.com\/#website","url":"https:\/\/news.canadamotorjobs.com\/","name":"CanadaMotorJobs.com","description":"Automotive Jobs","publisher":{"@id":"https:\/\/news.canadamotorjobs.com\/#organization"},"potentialAction":[{"@type":"SearchAction","target":{"@type":"EntryPoint","urlTemplate":"https:\/\/news.canadamotorjobs.com\/?s={search_term_string}"},"query-input":"required name=search_term_string"}],"inLanguage":"fr-CA"},{"@type":"Organization","@id":"https:\/\/news.canadamotorjobs.com\/#organization","name":"Canada Motor Jobs","url":"https:\/\/news.canadamotorjobs.com\/","logo":{"@type":"ImageObject","inLanguage":"fr-CA","@id":"https:\/\/news.canadamotorjobs.com\/#\/schema\/logo\/image\/","url":"https:\/\/news.canadamotorjobs.com\/wp-content\/uploads\/2022\/10\/logo-canada-motor-jobs-1.png","contentUrl":"https:\/\/news.canadamotorjobs.com\/wp-content\/uploads\/2022\/10\/logo-canada-motor-jobs-1.png","width":800,"height":400,"caption":"Canada Motor Jobs"},"image":{"@id":"https:\/\/news.canadamotorjobs.com\/#\/schema\/logo\/image\/"},"sameAs":["https:\/\/www.facebook.com\/canadamotorjobs\/","https:\/\/x.com\/canadamotorjobs","https:\/\/www.instagram.com\/canadamotorjobs\/","https:\/\/www.linkedin.com\/company\/canadamotorjobs"]},{"@type":"Person","@id":"https:\/\/news.canadamotorjobs.com\/#\/schema\/person\/51793d1f87d44011d7bcc2ed99269a90","name":"Benoit Charette","image":{"@type":"ImageObject","inLanguage":"fr-CA","@id":"https:\/\/news.canadamotorjobs.com\/#\/schema\/person\/image\/","url":"https:\/\/secure.gravatar.com\/avatar\/45f3d2eebcccd909668d7ce7ea7267b6?s=96&d=mm&r=g","contentUrl":"https:\/\/secure.gravatar.com\/avatar\/45f3d2eebcccd909668d7ce7ea7267b6?s=96&d=mm&r=g","caption":"Benoit Charette"},"description":"Benoit Charette \/ Propri\u00e9taire et r\u00e9dacteur en chef Benoit Charette pratique le journalisme automobile depuis bient\u00f4t 30 ans. Il a fait ses classes au c\u00f4t\u00e9 de Daniel H\u00e9raud et au Carnet de route de 1992 \u00e0 2001. Il est fondateur, copropri\u00e9taire et r\u00e9dacteur en chef de L\u2019Annuel de l\u2019automobile, qu\u2019il publie depuis 2001. Il a anim\u00e9 les \u00e9missions RPM et RPM+ sur V et les L\u00e9gendes de la route sur Historia. \u00c0 la radio depuis 1986, il reprend l\u2019antenne cette ann\u00e9e sur les ondes de Cogeco et participe pour la deuxi\u00e8me ann\u00e9e \u00e0 l\u2019\u00e9mission Passion Auto sur RDS en plus de mettre en ligne le site Web officiel de L\u2019Annuel de l\u2019automobile sur annuelauto.ca.","sameAs":["https:\/\/annuelauto.ca\/"],"url":"https:\/\/news.canadamotorjobs.com\/fr\/author\/benoit-charette\/"}]}},"_links":{"self":[{"href":"https:\/\/news.canadamotorjobs.com\/fr\/wp-json\/wp\/v2\/posts\/160392"}],"collection":[{"href":"https:\/\/news.canadamotorjobs.com\/fr\/wp-json\/wp\/v2\/posts"}],"about":[{"href":"https:\/\/news.canadamotorjobs.com\/fr\/wp-json\/wp\/v2\/types\/post"}],"author":[{"embeddable":true,"href":"https:\/\/news.canadamotorjobs.com\/fr\/wp-json\/wp\/v2\/users\/8"}],"replies":[{"embeddable":true,"href":"https:\/\/news.canadamotorjobs.com\/fr\/wp-json\/wp\/v2\/comments?post=160392"}],"version-history":[{"count":2,"href":"https:\/\/news.canadamotorjobs.com\/fr\/wp-json\/wp\/v2\/posts\/160392\/revisions"}],"predecessor-version":[{"id":160396,"href":"https:\/\/news.canadamotorjobs.com\/fr\/wp-json\/wp\/v2\/posts\/160392\/revisions\/160396"}],"wp:featuredmedia":[{"embeddable":true,"href":"https:\/\/news.canadamotorjobs.com\/fr\/wp-json\/wp\/v2\/media\/160394"}],"wp:attachment":[{"href":"https:\/\/news.canadamotorjobs.com\/fr\/wp-json\/wp\/v2\/media?parent=160392"}],"wp:term":[{"taxonomy":"category","embeddable":true,"href":"https:\/\/news.canadamotorjobs.com\/fr\/wp-json\/wp\/v2\/categories?post=160392"},{"taxonomy":"post_tag","embeddable":true,"href":"https:\/\/news.canadamotorjobs.com\/fr\/wp-json\/wp\/v2\/tags?post=160392"}],"curies":[{"name":"wp","href":"https:\/\/api.w.org\/{rel}","templated":true}]}}