{"id":160315,"date":"2024-03-02T08:17:49","date_gmt":"2024-03-02T13:17:49","guid":{"rendered":"https:\/\/news.canadamotorjobs.com\/?p=160315"},"modified":"2024-03-02T08:30:28","modified_gmt":"2024-03-02T13:30:28","slug":"continental-presente-un-ecran-tactile-transparent","status":"publish","type":"post","link":"https:\/\/news.canadamotorjobs.com\/fr\/continental-presente-un-ecran-tactile-transparent\/","title":{"rendered":"Continental pr\u00e9sente un\u00a0 \u00e9cran tactile transparent"},"content":{"rendered":"<\/p>\n<p>Dans le tumulte des d\u00e9bats sur les \u00e9crans tactiles automobiles, les constructeurs persistent \u00e0 repousser les limites, envisageant des versions plus imposantes et attrayantes, notamment pour les mod\u00e8les haut de gamme. Une avanc\u00e9e majeure dans cette qu\u00eate est le Crystal Center Display, fruit de la collaboration entre Continental et Swarovski Mobility.<\/p>\n<h3><strong>Lumi\u00e8re \u00c9blouissante gr\u00e2ce aux Micro-LED<\/strong><\/h3>\n<p>\nLe Crystal Center Display promet &#8220;des niveaux de luminosit\u00e9 sans pr\u00e9c\u00e9dent&#8221; gr\u00e2ce \u00e0 la technologie des micro-LED. Pr\u00e9sent\u00e9 comme un concept, cet \u00e9cran offre une perspective intrigante sur les futures possibilit\u00e9s de la technologie d&#8217;affichage. Sa surface cristalline tridimensionnelle, cisel\u00e9e \u00e0 l&#8217;aide de techniques de meulage sp\u00e9cialis\u00e9es, \u00e9voque le travail minutieux du verre.<\/p>\n<h3><strong>Images Flottantes et Interface Personnalis\u00e9e<\/strong><\/h3>\n<p>\nLa particularit\u00e9 de ce concept r\u00e9side dans l&#8217;utilisation des micro-LED pour cr\u00e9er une image semblant flotter \u00e0 l&#8217;int\u00e9rieur du cristal. Cette caract\u00e9ristique unique permet une vision \u00e0 travers l&#8217;\u00e9cran, offrant une exp\u00e9rience visuelle immersive. Continental explique que le design vise \u00e0 d\u00e9montrer les capacit\u00e9s du mat\u00e9riel, envisageant une adaptation \u00e0 l&#8217;interface homme-machine personnalis\u00e9e pour chaque client.<\/p>\n<h3><strong>Vers une Int\u00e9gration Profonde avec l&#8217;IA<\/strong><\/h3>\n<p>\nLes images flottantes ouvrent la voie \u00e0 une &#8220;int\u00e9gration profonde&#8221; des assistants dot\u00e9s d&#8217;intelligence artificielle. Cette avanc\u00e9e sugg\u00e8re des interactions futuristes, envisageant m\u00eame des dialogues avec des humano\u00efdes holographiques plut\u00f4t qu&#8217;avec des interfaces plus conventionnelles.<\/p>\n<h3><strong>Micro-LED : Technologie en Pleine Lumi\u00e8re au CES<\/strong><\/h3>\n<p>\nLa technologie des micro-LED a vol\u00e9 la vedette lors du salon technologique CES, avec des entreprises telles que Samsung mettant en avant des \u00e9crans ultra-lumineux et transparents. Cette perc\u00e9e pourrait r\u00e9volutionner l&#8217;int\u00e9rieur des voitures, que ce soit pour le divertissement, l&#8217;instrumentation, ou les affichages t\u00eate haute.<\/p>\n<h3><strong>Micro-LED vs OLED : La Course \u00e0 l&#8217;Innovation<\/strong><\/h3>\n<p>\nLes \u00e9crans \u00e0 micro-DEL se distinguent des \u00e9crans \u00e0 DEL classiques en \u00e9mettant directement une lumi\u00e8re color\u00e9e pour former une image. Leur taille minuscule, mesurant quelques microns de diam\u00e8tre, ouvre la voie \u00e0 des applications novatrices. Compar\u00e9es aux OLED, les micro-DEL offrent une durabilit\u00e9 accrue, \u00e9tant d\u00e9pourvues des risques de d\u00e9gradation associ\u00e9s aux composantes organiques des OLED.<\/p>\n<h3><strong>Transformer l&#8217;Int\u00e9rieur des Voitures en un Univers de Science-Fiction<\/strong><\/h3>\n<p>\nBien que cette technologie ne soit pas encore pr\u00eate \u00e0 envahir les rues, son introduction probable sur le march\u00e9 des \u00e9crans g\u00e9ants \u00e0 usage commercial ouvre la voie \u00e0 un avenir o\u00f9 les \u00e9crans micro-LED pourraient transformer l&#8217;int\u00e9rieur des voitures en un v\u00e9ritable objet de science-fiction. Bien que les co\u00fbts initiaux puissent \u00eatre \u00e9lev\u00e9s, cette innovation promet une exp\u00e9rience de conduite futuriste et immersive. L&#8217;horizon des \u00e9crans automobiles s&#8217;annonce cristallin et lumineux.<\/p>\n<p>Avec des renseignements d\u2019Autocar<\/p>\n<p>\u00a0<\/p>\n<p>Le texte <a rel=\"nofollow\" href=\"https:\/\/annuelauto.ca\/continental-presente-un-ecran-tactile-transparent\/\">Continental pr\u00e9sente un\u00a0 \u00e9cran tactile transparent<\/a> provient de <a rel=\"nofollow\" href=\"https:\/\/annuelauto.ca\">L&#8217;annuel de l&#8217;automobile &#8211; Actualit\u00e9 automobile<\/a><\/p>\n<p><\/p>\n","protected":false},"excerpt":{"rendered":"<p>Dans le tumulte des d\u00e9bats sur les \u00e9crans tactiles automobiles, les constructeurs persistent \u00e0 repousser les limites, envisageant des versions plus imposantes et attrayantes, notamment pour les mod\u00e8les haut de gamme. Une avanc\u00e9e majeure dans cette qu\u00eate est le Crystal Center Display, fruit de la collaboration entre Continental et Swarovski Mobility. Lumi\u00e8re \u00c9blouissante gr\u00e2ce aux [&hellip;]<\/p>\n","protected":false},"author":8,"featured_media":160317,"comment_status":"close","ping_status":"closed","sticky":false,"template":"","format":"standard","meta":{"_monsterinsights_skip_tracking":false,"_monsterinsights_sitenote_active":false,"_monsterinsights_sitenote_note":"","_monsterinsights_sitenote_category":0,"footnotes":""},"categories":[101],"tags":[],"yoast_head":"<!-- This site is optimized with the Yoast SEO plugin v23.2 - https:\/\/yoast.com\/wordpress\/plugins\/seo\/ -->\n<title>Continental pr\u00e9sente un\u00a0 \u00e9cran tactile transparent - CanadaMotorJobs.com<\/title>\n<meta name=\"description\" content=\"Continental pr\u00e9sente un\u00a0 \u00e9cran tactile transparent - Benoit Charette - Annuel automobile - CanadaMotorJobs.com.\" \/>\n<meta name=\"robots\" content=\"index, follow, max-snippet:-1, max-image-preview:large, max-video-preview:-1\" \/>\n<meta property=\"og:locale\" content=\"fr_CA\" \/>\n<meta property=\"og:type\" content=\"article\" \/>\n<meta property=\"og:title\" content=\"Continental pr\u00e9sente un\u00a0 \u00e9cran tactile transparent - CanadaMotorJobs.com\" \/>\n<meta property=\"og:description\" content=\"Continental pr\u00e9sente un\u00a0 \u00e9cran tactile transparent - Benoit Charette - Annuel automobile - CanadaMotorJobs.com.\" \/>\n<meta property=\"og:url\" content=\"https:\/\/news.canadamotorjobs.com\/fr\/continental-presente-un-ecran-tactile-transparent\/\" \/>\n<meta property=\"og:site_name\" content=\"CanadaMotorJobs.com\" \/>\n<meta property=\"article:publisher\" content=\"https:\/\/www.facebook.com\/canadamotorjobs\/\" \/>\n<meta property=\"article:published_time\" content=\"2024-03-02T13:17:49+00:00\" \/>\n<meta property=\"article:modified_time\" content=\"2024-03-02T13:30:28+00:00\" \/>\n<meta property=\"og:image\" content=\"https:\/\/news.canadamotorjobs.com\/wp-content\/uploads\/2024\/03\/continental_pp_ccd_cockpit-1030x744.jpg\" \/>\n\t<meta property=\"og:image:width\" content=\"1030\" \/>\n\t<meta property=\"og:image:height\" content=\"744\" \/>\n\t<meta property=\"og:image:type\" content=\"image\/jpeg\" \/>\n<meta name=\"author\" content=\"Benoit Charette\" \/>\n<meta name=\"twitter:card\" content=\"summary_large_image\" \/>\n<meta name=\"twitter:creator\" content=\"@canadamotorjobs\" \/>\n<meta name=\"twitter:site\" content=\"@canadamotorjobs\" \/>\n<meta name=\"twitter:label1\" content=\"\u00c9crit par\" \/>\n\t<meta name=\"twitter:data1\" content=\"Benoit Charette\" \/>\n\t<meta name=\"twitter:label2\" content=\"Estimation du temps de lecture\" \/>\n\t<meta name=\"twitter:data2\" content=\"2 minutes\" \/>\n<!-- \/ Yoast SEO plugin. -->","yoast_head_json":{"title":"Continental pr\u00e9sente un\u00a0 \u00e9cran tactile transparent - CanadaMotorJobs.com","description":"Continental pr\u00e9sente un\u00a0 \u00e9cran tactile transparent - Benoit Charette - Annuel automobile - CanadaMotorJobs.com.","robots":{"index":"index","follow":"follow","max-snippet":"max-snippet:-1","max-image-preview":"max-image-preview:large","max-video-preview":"max-video-preview:-1"},"og_locale":"fr_CA","og_type":"article","og_title":"Continental pr\u00e9sente un\u00a0 \u00e9cran tactile transparent - CanadaMotorJobs.com","og_description":"Continental pr\u00e9sente un\u00a0 \u00e9cran tactile transparent - Benoit Charette - Annuel automobile - CanadaMotorJobs.com.","og_url":"https:\/\/news.canadamotorjobs.com\/fr\/continental-presente-un-ecran-tactile-transparent\/","og_site_name":"CanadaMotorJobs.com","article_publisher":"https:\/\/www.facebook.com\/canadamotorjobs\/","article_published_time":"2024-03-02T13:17:49+00:00","article_modified_time":"2024-03-02T13:30:28+00:00","og_image":[{"width":1030,"height":744,"url":"https:\/\/news.canadamotorjobs.com\/wp-content\/uploads\/2024\/03\/continental_pp_ccd_cockpit-1030x744.jpg","type":"image\/jpeg"}],"author":"Benoit Charette","twitter_card":"summary_large_image","twitter_creator":"@canadamotorjobs","twitter_site":"@canadamotorjobs","twitter_misc":{"\u00c9crit par":"Benoit Charette","Estimation du temps de lecture":"2 minutes"},"schema":{"@context":"https:\/\/schema.org","@graph":[{"@type":"Article","@id":"https:\/\/news.canadamotorjobs.com\/fr\/continental-presente-un-ecran-tactile-transparent\/#article","isPartOf":{"@id":"https:\/\/news.canadamotorjobs.com\/fr\/continental-presente-un-ecran-tactile-transparent\/"},"author":{"name":"Benoit Charette","@id":"https:\/\/news.canadamotorjobs.com\/#\/schema\/person\/51793d1f87d44011d7bcc2ed99269a90"},"headline":"Continental pr\u00e9sente un\u00a0 \u00e9cran tactile transparent","datePublished":"2024-03-02T13:17:49+00:00","dateModified":"2024-03-02T13:30:28+00:00","mainEntityOfPage":{"@id":"https:\/\/news.canadamotorjobs.com\/fr\/continental-presente-un-ecran-tactile-transparent\/"},"wordCount":493,"publisher":{"@id":"https:\/\/news.canadamotorjobs.com\/#organization"},"image":{"@id":"https:\/\/news.canadamotorjobs.com\/fr\/continental-presente-un-ecran-tactile-transparent\/#primaryimage"},"thumbnailUrl":"https:\/\/news.canadamotorjobs.com\/wp-content\/uploads\/2024\/03\/continental_pp_ccd_cockpit.jpg","articleSection":["Annuel automobile"],"inLanguage":"fr-CA"},{"@type":"WebPage","@id":"https:\/\/news.canadamotorjobs.com\/fr\/continental-presente-un-ecran-tactile-transparent\/","url":"https:\/\/news.canadamotorjobs.com\/fr\/continental-presente-un-ecran-tactile-transparent\/","name":"Continental pr\u00e9sente un\u00a0 \u00e9cran tactile transparent - CanadaMotorJobs.com","isPartOf":{"@id":"https:\/\/news.canadamotorjobs.com\/#website"},"primaryImageOfPage":{"@id":"https:\/\/news.canadamotorjobs.com\/fr\/continental-presente-un-ecran-tactile-transparent\/#primaryimage"},"image":{"@id":"https:\/\/news.canadamotorjobs.com\/fr\/continental-presente-un-ecran-tactile-transparent\/#primaryimage"},"thumbnailUrl":"https:\/\/news.canadamotorjobs.com\/wp-content\/uploads\/2024\/03\/continental_pp_ccd_cockpit.jpg","datePublished":"2024-03-02T13:17:49+00:00","dateModified":"2024-03-02T13:30:28+00:00","description":"Continental pr\u00e9sente un\u00a0 \u00e9cran tactile transparent - Benoit Charette - Annuel automobile - CanadaMotorJobs.com.","breadcrumb":{"@id":"https:\/\/news.canadamotorjobs.com\/fr\/continental-presente-un-ecran-tactile-transparent\/#breadcrumb"},"inLanguage":"fr-CA","potentialAction":[{"@type":"ReadAction","target":["https:\/\/news.canadamotorjobs.com\/fr\/continental-presente-un-ecran-tactile-transparent\/"]}]},{"@type":"ImageObject","inLanguage":"fr-CA","@id":"https:\/\/news.canadamotorjobs.com\/fr\/continental-presente-un-ecran-tactile-transparent\/#primaryimage","url":"https:\/\/news.canadamotorjobs.com\/wp-content\/uploads\/2024\/03\/continental_pp_ccd_cockpit.jpg","contentUrl":"https:\/\/news.canadamotorjobs.com\/wp-content\/uploads\/2024\/03\/continental_pp_ccd_cockpit.jpg","width":2126,"height":1536},{"@type":"BreadcrumbList","@id":"https:\/\/news.canadamotorjobs.com\/fr\/continental-presente-un-ecran-tactile-transparent\/#breadcrumb","itemListElement":[{"@type":"ListItem","position":1,"name":"Home","item":"https:\/\/news.canadamotorjobs.com\/fr\/blog\/"},{"@type":"ListItem","position":2,"name":"Continental pr\u00e9sente un\u00a0 \u00e9cran tactile transparent"}]},{"@type":"WebSite","@id":"https:\/\/news.canadamotorjobs.com\/#website","url":"https:\/\/news.canadamotorjobs.com\/","name":"CanadaMotorJobs.com","description":"Automotive Jobs","publisher":{"@id":"https:\/\/news.canadamotorjobs.com\/#organization"},"potentialAction":[{"@type":"SearchAction","target":{"@type":"EntryPoint","urlTemplate":"https:\/\/news.canadamotorjobs.com\/?s={search_term_string}"},"query-input":"required name=search_term_string"}],"inLanguage":"fr-CA"},{"@type":"Organization","@id":"https:\/\/news.canadamotorjobs.com\/#organization","name":"Canada Motor Jobs","url":"https:\/\/news.canadamotorjobs.com\/","logo":{"@type":"ImageObject","inLanguage":"fr-CA","@id":"https:\/\/news.canadamotorjobs.com\/#\/schema\/logo\/image\/","url":"https:\/\/news.canadamotorjobs.com\/wp-content\/uploads\/2022\/10\/logo-canada-motor-jobs-1.png","contentUrl":"https:\/\/news.canadamotorjobs.com\/wp-content\/uploads\/2022\/10\/logo-canada-motor-jobs-1.png","width":800,"height":400,"caption":"Canada Motor Jobs"},"image":{"@id":"https:\/\/news.canadamotorjobs.com\/#\/schema\/logo\/image\/"},"sameAs":["https:\/\/www.facebook.com\/canadamotorjobs\/","https:\/\/x.com\/canadamotorjobs","https:\/\/www.instagram.com\/canadamotorjobs\/","https:\/\/www.linkedin.com\/company\/canadamotorjobs"]},{"@type":"Person","@id":"https:\/\/news.canadamotorjobs.com\/#\/schema\/person\/51793d1f87d44011d7bcc2ed99269a90","name":"Benoit Charette","image":{"@type":"ImageObject","inLanguage":"fr-CA","@id":"https:\/\/news.canadamotorjobs.com\/#\/schema\/person\/image\/","url":"https:\/\/secure.gravatar.com\/avatar\/45f3d2eebcccd909668d7ce7ea7267b6?s=96&d=mm&r=g","contentUrl":"https:\/\/secure.gravatar.com\/avatar\/45f3d2eebcccd909668d7ce7ea7267b6?s=96&d=mm&r=g","caption":"Benoit Charette"},"description":"Benoit Charette \/ Propri\u00e9taire et r\u00e9dacteur en chef Benoit Charette pratique le journalisme automobile depuis bient\u00f4t 30 ans. Il a fait ses classes au c\u00f4t\u00e9 de Daniel H\u00e9raud et au Carnet de route de 1992 \u00e0 2001. Il est fondateur, copropri\u00e9taire et r\u00e9dacteur en chef de L\u2019Annuel de l\u2019automobile, qu\u2019il publie depuis 2001. Il a anim\u00e9 les \u00e9missions RPM et RPM+ sur V et les L\u00e9gendes de la route sur Historia. \u00c0 la radio depuis 1986, il reprend l\u2019antenne cette ann\u00e9e sur les ondes de Cogeco et participe pour la deuxi\u00e8me ann\u00e9e \u00e0 l\u2019\u00e9mission Passion Auto sur RDS en plus de mettre en ligne le site Web officiel de L\u2019Annuel de l\u2019automobile sur annuelauto.ca.","sameAs":["https:\/\/annuelauto.ca\/"],"url":"https:\/\/news.canadamotorjobs.com\/fr\/author\/benoit-charette\/"}]}},"_links":{"self":[{"href":"https:\/\/news.canadamotorjobs.com\/fr\/wp-json\/wp\/v2\/posts\/160315"}],"collection":[{"href":"https:\/\/news.canadamotorjobs.com\/fr\/wp-json\/wp\/v2\/posts"}],"about":[{"href":"https:\/\/news.canadamotorjobs.com\/fr\/wp-json\/wp\/v2\/types\/post"}],"author":[{"embeddable":true,"href":"https:\/\/news.canadamotorjobs.com\/fr\/wp-json\/wp\/v2\/users\/8"}],"replies":[{"embeddable":true,"href":"https:\/\/news.canadamotorjobs.com\/fr\/wp-json\/wp\/v2\/comments?post=160315"}],"version-history":[{"count":2,"href":"https:\/\/news.canadamotorjobs.com\/fr\/wp-json\/wp\/v2\/posts\/160315\/revisions"}],"predecessor-version":[{"id":160319,"href":"https:\/\/news.canadamotorjobs.com\/fr\/wp-json\/wp\/v2\/posts\/160315\/revisions\/160319"}],"wp:featuredmedia":[{"embeddable":true,"href":"https:\/\/news.canadamotorjobs.com\/fr\/wp-json\/wp\/v2\/media\/160317"}],"wp:attachment":[{"href":"https:\/\/news.canadamotorjobs.com\/fr\/wp-json\/wp\/v2\/media?parent=160315"}],"wp:term":[{"taxonomy":"category","embeddable":true,"href":"https:\/\/news.canadamotorjobs.com\/fr\/wp-json\/wp\/v2\/categories?post=160315"},{"taxonomy":"post_tag","embeddable":true,"href":"https:\/\/news.canadamotorjobs.com\/fr\/wp-json\/wp\/v2\/tags?post=160315"}],"curies":[{"name":"wp","href":"https:\/\/api.w.org\/{rel}","templated":true}]}}