{"id":160223,"date":"2024-03-01T08:12:50","date_gmt":"2024-03-01T13:12:50","guid":{"rendered":"https:\/\/news.canadamotorjobs.com\/?p=160223"},"modified":"2024-03-01T08:14:37","modified_gmt":"2024-03-01T13:14:37","slug":"audi-voudrait-racheter-la-totalite-de-lecurie-sauber","status":"publish","type":"post","link":"https:\/\/news.canadamotorjobs.com\/fr\/audi-voudrait-racheter-la-totalite-de-lecurie-sauber\/","title":{"rendered":"Audi voudrait racheter la totalit\u00e9 de l\u2019\u00e9curie Sauber"},"content":{"rendered":"<\/p>\n<h3><strong>Acquisition Progressive Vers un Contr\u00f4le Total<\/strong><\/h3>\n<p>\nAudi, le g\u00e9ant de l&#8217;automobile, se pr\u00e9pare \u00e0 conqu\u00e9rir le monde de la Formule 1 en 2026, scellant son partenariat avec l&#8217;\u00e9curie Sauber. Bien qu&#8217;Audi ait obtenu une participation minoritaire au d\u00e9but de l&#8217;ann\u00e9e derni\u00e8re, des sources bien inform\u00e9es ont r\u00e9v\u00e9l\u00e9 que le constructeur envisage d\u00e9sormais une prise de contr\u00f4le totale.<\/p>\n<h3><strong>Changement de Cap Sous la Nouvelle Direction<\/strong><\/h3>\n<p>\nInitialement, Audi planifiait d&#8217;augmenter graduellement sa participation \u00e0 Sauber, atteignant \u00e9ventuellement 70%. Cependant, sous la nouvelle direction du PDG Gernot D\u00f6llner, qui a pris les commandes \u00e0 l&#8217;automne dernier, la strat\u00e9gie a \u00e9volu\u00e9 vers une prise de participation compl\u00e8te, selon des informations relay\u00e9es par Bloomberg mercredi.<\/p>\n<h3><strong>Longbow Finance, Actionnaire Principal de Sauber<\/strong><\/h3>\n<p>\nActuellement d\u00e9tenu majoritairement par Longbow Finance, une soci\u00e9t\u00e9 d&#8217;investissement suisse, Sauber a \u00e9t\u00e9 acquise en 2016, mettant fin \u00e0 la propri\u00e9t\u00e9 de son fondateur, Peter Sauber, et d&#8217;une actionnaire cl\u00e9, Monisha Kaltenborn.<\/p>\n<h3><strong>Passage de T\u00e9moin : Sauber \u00e0 Audi en 2026<\/strong><\/h3>\n<p>\nApr\u00e8s la r\u00e9siliation de son accord avec Alfa Romeo l&#8217;ann\u00e9e derni\u00e8re, Sauber s&#8217;appr\u00eate \u00e0 participer \u00e0 la saison de F1 sous son propre nom. En 2026, l&#8217;\u00e9quipe prendra officiellement le nom d&#8217;Audi, devenant ainsi l&#8217;\u00e9quipe phare du constructeur automobile.<\/p>\n<h3><strong>Audi Formula Racing Prend les R\u00eanes<\/strong><\/h3>\n<p>\nAudi a mis en place la soci\u00e9t\u00e9 Audi Formula Racing en Allemagne pour superviser son programme de F1. Cette entit\u00e9 sera \u00e9galement responsable du d\u00e9veloppement de la nouvelle unit\u00e9 de puissance que l&#8217;\u00e9quipe utilisera \u00e0 partir de 2026.<\/p>\n<h3><strong>R&amp;D Sous la Houlette d&#8217;Oliver Hoffmann<\/strong><\/h3>\n<p>\nSelon des sources de Bloomberg, Oliver Hoffmann, actuel chef de la R&amp;D d&#8217;Audi, supervisera le projet F1. Le choix du successeur au poste de chef de la R&amp;D reste encore ind\u00e9termin\u00e9.<\/p>\n<h3><strong>Porsche et Cadillac dans la Course<\/strong><\/h3>\n<p>\nEn parall\u00e8le, d&#8217;autres marques du groupe Volkswagen explorent \u00e9galement l&#8217;id\u00e9e de rejoindre la F1. Porsche, apr\u00e8s des n\u00e9gociations avort\u00e9es avec Red Bull Racing en 2022, reste ouverte \u00e0 une entr\u00e9e en F1 si l&#8217;opportunit\u00e9 se pr\u00e9sente. De plus, Cadillac explore la cr\u00e9ation d&#8217;une \u00e9quipe avec Andretti Global, la soci\u00e9t\u00e9 m\u00e8re d&#8217;Andretti Autosport, avec une possible entr\u00e9e en 2028, lorsque General Motors pourra fournir son propre moteur \u00e0 l&#8217;\u00e9quipe.<\/p>\n<p>Avec des renseignements de Motor Authority<\/p>\n<p>\u00a0<\/p>\n<p>Le texte <a rel=\"nofollow\" href=\"https:\/\/annuelauto.ca\/audi-voudrait-racheter-la-totalite-de-lecurie-sauber\/\">Audi voudrait racheter la totalit\u00e9 de l\u2019\u00e9curie Sauber<\/a> provient de <a rel=\"nofollow\" href=\"https:\/\/annuelauto.ca\">L&#8217;annuel de l&#8217;automobile &#8211; Actualit\u00e9 automobile<\/a><\/p>\n<p><\/p>\n","protected":false},"excerpt":{"rendered":"<p>Acquisition Progressive Vers un Contr\u00f4le Total Audi, le g\u00e9ant de l&#8217;automobile, se pr\u00e9pare \u00e0 conqu\u00e9rir le monde de la Formule 1 en 2026, scellant son partenariat avec l&#8217;\u00e9curie Sauber. Bien qu&#8217;Audi ait obtenu une participation minoritaire au d\u00e9but de l&#8217;ann\u00e9e derni\u00e8re, des sources bien inform\u00e9es ont r\u00e9v\u00e9l\u00e9 que le constructeur envisage d\u00e9sormais une prise de [&hellip;]<\/p>\n","protected":false},"author":8,"featured_media":160225,"comment_status":"close","ping_status":"closed","sticky":false,"template":"","format":"standard","meta":{"_monsterinsights_skip_tracking":false,"_monsterinsights_sitenote_active":false,"_monsterinsights_sitenote_note":"","_monsterinsights_sitenote_category":0,"footnotes":""},"categories":[101],"tags":[],"yoast_head":"<!-- This site is optimized with the Yoast SEO plugin v23.2 - https:\/\/yoast.com\/wordpress\/plugins\/seo\/ -->\n<title>Audi voudrait racheter la totalit\u00e9 de l\u2019\u00e9curie Sauber - CanadaMotorJobs.com<\/title>\n<meta name=\"description\" content=\"Audi voudrait racheter la totalit\u00e9 de l\u2019\u00e9curie Sauber - Benoit Charette - Annuel automobile - CanadaMotorJobs.com.\" \/>\n<meta name=\"robots\" content=\"index, follow, max-snippet:-1, max-image-preview:large, max-video-preview:-1\" \/>\n<meta property=\"og:locale\" content=\"fr_CA\" \/>\n<meta property=\"og:type\" content=\"article\" \/>\n<meta property=\"og:title\" content=\"Audi voudrait racheter la totalit\u00e9 de l\u2019\u00e9curie Sauber - CanadaMotorJobs.com\" \/>\n<meta property=\"og:description\" content=\"Audi voudrait racheter la totalit\u00e9 de l\u2019\u00e9curie Sauber - Benoit Charette - Annuel automobile - CanadaMotorJobs.com.\" \/>\n<meta property=\"og:url\" content=\"https:\/\/news.canadamotorjobs.com\/fr\/audi-voudrait-racheter-la-totalite-de-lecurie-sauber\/\" \/>\n<meta property=\"og:site_name\" content=\"CanadaMotorJobs.com\" \/>\n<meta property=\"article:publisher\" content=\"https:\/\/www.facebook.com\/canadamotorjobs\/\" \/>\n<meta property=\"article:published_time\" content=\"2024-03-01T13:12:50+00:00\" \/>\n<meta property=\"article:modified_time\" content=\"2024-03-01T13:14:37+00:00\" \/>\n<meta property=\"og:image\" content=\"https:\/\/news.canadamotorjobs.com\/wp-content\/uploads\/2024\/03\/Audi-Formule-1-2026-4.jpg\" \/>\n\t<meta property=\"og:image:width\" content=\"1920\" \/>\n\t<meta property=\"og:image:height\" content=\"1080\" \/>\n\t<meta property=\"og:image:type\" content=\"image\/jpeg\" \/>\n<meta name=\"author\" content=\"Benoit Charette\" \/>\n<meta name=\"twitter:card\" content=\"summary_large_image\" \/>\n<meta name=\"twitter:creator\" content=\"@canadamotorjobs\" \/>\n<meta name=\"twitter:site\" content=\"@canadamotorjobs\" \/>\n<meta name=\"twitter:label1\" content=\"\u00c9crit par\" \/>\n\t<meta name=\"twitter:data1\" content=\"Benoit Charette\" \/>\n\t<meta name=\"twitter:label2\" content=\"Estimation du temps de lecture\" \/>\n\t<meta name=\"twitter:data2\" content=\"2 minutes\" \/>\n<!-- \/ Yoast SEO plugin. -->","yoast_head_json":{"title":"Audi voudrait racheter la totalit\u00e9 de l\u2019\u00e9curie Sauber - CanadaMotorJobs.com","description":"Audi voudrait racheter la totalit\u00e9 de l\u2019\u00e9curie Sauber - Benoit Charette - Annuel automobile - CanadaMotorJobs.com.","robots":{"index":"index","follow":"follow","max-snippet":"max-snippet:-1","max-image-preview":"max-image-preview:large","max-video-preview":"max-video-preview:-1"},"og_locale":"fr_CA","og_type":"article","og_title":"Audi voudrait racheter la totalit\u00e9 de l\u2019\u00e9curie Sauber - CanadaMotorJobs.com","og_description":"Audi voudrait racheter la totalit\u00e9 de l\u2019\u00e9curie Sauber - Benoit Charette - Annuel automobile - CanadaMotorJobs.com.","og_url":"https:\/\/news.canadamotorjobs.com\/fr\/audi-voudrait-racheter-la-totalite-de-lecurie-sauber\/","og_site_name":"CanadaMotorJobs.com","article_publisher":"https:\/\/www.facebook.com\/canadamotorjobs\/","article_published_time":"2024-03-01T13:12:50+00:00","article_modified_time":"2024-03-01T13:14:37+00:00","og_image":[{"width":1920,"height":1080,"url":"https:\/\/news.canadamotorjobs.com\/wp-content\/uploads\/2024\/03\/Audi-Formule-1-2026-4.jpg","type":"image\/jpeg"}],"author":"Benoit Charette","twitter_card":"summary_large_image","twitter_creator":"@canadamotorjobs","twitter_site":"@canadamotorjobs","twitter_misc":{"\u00c9crit par":"Benoit Charette","Estimation du temps de lecture":"2 minutes"},"schema":{"@context":"https:\/\/schema.org","@graph":[{"@type":"Article","@id":"https:\/\/news.canadamotorjobs.com\/fr\/audi-voudrait-racheter-la-totalite-de-lecurie-sauber\/#article","isPartOf":{"@id":"https:\/\/news.canadamotorjobs.com\/fr\/audi-voudrait-racheter-la-totalite-de-lecurie-sauber\/"},"author":{"name":"Benoit Charette","@id":"https:\/\/news.canadamotorjobs.com\/#\/schema\/person\/51793d1f87d44011d7bcc2ed99269a90"},"headline":"Audi voudrait racheter la totalit\u00e9 de l\u2019\u00e9curie Sauber","datePublished":"2024-03-01T13:12:50+00:00","dateModified":"2024-03-01T13:14:37+00:00","mainEntityOfPage":{"@id":"https:\/\/news.canadamotorjobs.com\/fr\/audi-voudrait-racheter-la-totalite-de-lecurie-sauber\/"},"wordCount":435,"publisher":{"@id":"https:\/\/news.canadamotorjobs.com\/#organization"},"image":{"@id":"https:\/\/news.canadamotorjobs.com\/fr\/audi-voudrait-racheter-la-totalite-de-lecurie-sauber\/#primaryimage"},"thumbnailUrl":"https:\/\/news.canadamotorjobs.com\/wp-content\/uploads\/2024\/03\/Audi-Formule-1-2026-4.jpg","articleSection":["Annuel automobile"],"inLanguage":"fr-CA"},{"@type":"WebPage","@id":"https:\/\/news.canadamotorjobs.com\/fr\/audi-voudrait-racheter-la-totalite-de-lecurie-sauber\/","url":"https:\/\/news.canadamotorjobs.com\/fr\/audi-voudrait-racheter-la-totalite-de-lecurie-sauber\/","name":"Audi voudrait racheter la totalit\u00e9 de l\u2019\u00e9curie Sauber - CanadaMotorJobs.com","isPartOf":{"@id":"https:\/\/news.canadamotorjobs.com\/#website"},"primaryImageOfPage":{"@id":"https:\/\/news.canadamotorjobs.com\/fr\/audi-voudrait-racheter-la-totalite-de-lecurie-sauber\/#primaryimage"},"image":{"@id":"https:\/\/news.canadamotorjobs.com\/fr\/audi-voudrait-racheter-la-totalite-de-lecurie-sauber\/#primaryimage"},"thumbnailUrl":"https:\/\/news.canadamotorjobs.com\/wp-content\/uploads\/2024\/03\/Audi-Formule-1-2026-4.jpg","datePublished":"2024-03-01T13:12:50+00:00","dateModified":"2024-03-01T13:14:37+00:00","description":"Audi voudrait racheter la totalit\u00e9 de l\u2019\u00e9curie Sauber - Benoit Charette - Annuel automobile - CanadaMotorJobs.com.","breadcrumb":{"@id":"https:\/\/news.canadamotorjobs.com\/fr\/audi-voudrait-racheter-la-totalite-de-lecurie-sauber\/#breadcrumb"},"inLanguage":"fr-CA","potentialAction":[{"@type":"ReadAction","target":["https:\/\/news.canadamotorjobs.com\/fr\/audi-voudrait-racheter-la-totalite-de-lecurie-sauber\/"]}]},{"@type":"ImageObject","inLanguage":"fr-CA","@id":"https:\/\/news.canadamotorjobs.com\/fr\/audi-voudrait-racheter-la-totalite-de-lecurie-sauber\/#primaryimage","url":"https:\/\/news.canadamotorjobs.com\/wp-content\/uploads\/2024\/03\/Audi-Formule-1-2026-4.jpg","contentUrl":"https:\/\/news.canadamotorjobs.com\/wp-content\/uploads\/2024\/03\/Audi-Formule-1-2026-4.jpg","width":1920,"height":1080},{"@type":"BreadcrumbList","@id":"https:\/\/news.canadamotorjobs.com\/fr\/audi-voudrait-racheter-la-totalite-de-lecurie-sauber\/#breadcrumb","itemListElement":[{"@type":"ListItem","position":1,"name":"Home","item":"https:\/\/news.canadamotorjobs.com\/fr\/blog\/"},{"@type":"ListItem","position":2,"name":"Audi voudrait racheter la totalit\u00e9 de l\u2019\u00e9curie Sauber"}]},{"@type":"WebSite","@id":"https:\/\/news.canadamotorjobs.com\/#website","url":"https:\/\/news.canadamotorjobs.com\/","name":"CanadaMotorJobs.com","description":"Automotive Jobs","publisher":{"@id":"https:\/\/news.canadamotorjobs.com\/#organization"},"potentialAction":[{"@type":"SearchAction","target":{"@type":"EntryPoint","urlTemplate":"https:\/\/news.canadamotorjobs.com\/?s={search_term_string}"},"query-input":"required name=search_term_string"}],"inLanguage":"fr-CA"},{"@type":"Organization","@id":"https:\/\/news.canadamotorjobs.com\/#organization","name":"Canada Motor Jobs","url":"https:\/\/news.canadamotorjobs.com\/","logo":{"@type":"ImageObject","inLanguage":"fr-CA","@id":"https:\/\/news.canadamotorjobs.com\/#\/schema\/logo\/image\/","url":"https:\/\/news.canadamotorjobs.com\/wp-content\/uploads\/2022\/10\/logo-canada-motor-jobs-1.png","contentUrl":"https:\/\/news.canadamotorjobs.com\/wp-content\/uploads\/2022\/10\/logo-canada-motor-jobs-1.png","width":800,"height":400,"caption":"Canada Motor Jobs"},"image":{"@id":"https:\/\/news.canadamotorjobs.com\/#\/schema\/logo\/image\/"},"sameAs":["https:\/\/www.facebook.com\/canadamotorjobs\/","https:\/\/x.com\/canadamotorjobs","https:\/\/www.instagram.com\/canadamotorjobs\/","https:\/\/www.linkedin.com\/company\/canadamotorjobs"]},{"@type":"Person","@id":"https:\/\/news.canadamotorjobs.com\/#\/schema\/person\/51793d1f87d44011d7bcc2ed99269a90","name":"Benoit Charette","image":{"@type":"ImageObject","inLanguage":"fr-CA","@id":"https:\/\/news.canadamotorjobs.com\/#\/schema\/person\/image\/","url":"https:\/\/secure.gravatar.com\/avatar\/45f3d2eebcccd909668d7ce7ea7267b6?s=96&d=mm&r=g","contentUrl":"https:\/\/secure.gravatar.com\/avatar\/45f3d2eebcccd909668d7ce7ea7267b6?s=96&d=mm&r=g","caption":"Benoit Charette"},"description":"Benoit Charette \/ Propri\u00e9taire et r\u00e9dacteur en chef Benoit Charette pratique le journalisme automobile depuis bient\u00f4t 30 ans. Il a fait ses classes au c\u00f4t\u00e9 de Daniel H\u00e9raud et au Carnet de route de 1992 \u00e0 2001. Il est fondateur, copropri\u00e9taire et r\u00e9dacteur en chef de L\u2019Annuel de l\u2019automobile, qu\u2019il publie depuis 2001. Il a anim\u00e9 les \u00e9missions RPM et RPM+ sur V et les L\u00e9gendes de la route sur Historia. \u00c0 la radio depuis 1986, il reprend l\u2019antenne cette ann\u00e9e sur les ondes de Cogeco et participe pour la deuxi\u00e8me ann\u00e9e \u00e0 l\u2019\u00e9mission Passion Auto sur RDS en plus de mettre en ligne le site Web officiel de L\u2019Annuel de l\u2019automobile sur annuelauto.ca.","sameAs":["https:\/\/annuelauto.ca\/"],"url":"https:\/\/news.canadamotorjobs.com\/fr\/author\/benoit-charette\/"}]}},"_links":{"self":[{"href":"https:\/\/news.canadamotorjobs.com\/fr\/wp-json\/wp\/v2\/posts\/160223"}],"collection":[{"href":"https:\/\/news.canadamotorjobs.com\/fr\/wp-json\/wp\/v2\/posts"}],"about":[{"href":"https:\/\/news.canadamotorjobs.com\/fr\/wp-json\/wp\/v2\/types\/post"}],"author":[{"embeddable":true,"href":"https:\/\/news.canadamotorjobs.com\/fr\/wp-json\/wp\/v2\/users\/8"}],"replies":[{"embeddable":true,"href":"https:\/\/news.canadamotorjobs.com\/fr\/wp-json\/wp\/v2\/comments?post=160223"}],"version-history":[{"count":2,"href":"https:\/\/news.canadamotorjobs.com\/fr\/wp-json\/wp\/v2\/posts\/160223\/revisions"}],"predecessor-version":[{"id":160227,"href":"https:\/\/news.canadamotorjobs.com\/fr\/wp-json\/wp\/v2\/posts\/160223\/revisions\/160227"}],"wp:featuredmedia":[{"embeddable":true,"href":"https:\/\/news.canadamotorjobs.com\/fr\/wp-json\/wp\/v2\/media\/160225"}],"wp:attachment":[{"href":"https:\/\/news.canadamotorjobs.com\/fr\/wp-json\/wp\/v2\/media?parent=160223"}],"wp:term":[{"taxonomy":"category","embeddable":true,"href":"https:\/\/news.canadamotorjobs.com\/fr\/wp-json\/wp\/v2\/categories?post=160223"},{"taxonomy":"post_tag","embeddable":true,"href":"https:\/\/news.canadamotorjobs.com\/fr\/wp-json\/wp\/v2\/tags?post=160223"}],"curies":[{"name":"wp","href":"https:\/\/api.w.org\/{rel}","templated":true}]}}