{"id":160150,"date":"2024-02-29T17:21:41","date_gmt":"2024-02-29T22:21:41","guid":{"rendered":"https:\/\/news.canadamotorjobs.com\/?p=160150"},"modified":"2024-02-29T17:29:13","modified_gmt":"2024-02-29T22:29:13","slug":"ford-seattle-ite-xxi-une-voiture-de-reves-pas-si-farfelue-que-cela","status":"publish","type":"post","link":"https:\/\/news.canadamotorjobs.com\/fr\/ford-seattle-ite-xxi-une-voiture-de-reves-pas-si-farfelue-que-cela\/","title":{"rendered":"Ford Seattle-ite XXI, une voiture de r\u00eaves pas si farfelue que cela"},"content":{"rendered":"<\/p>\n<p>Imaginez une automobile au pavillon vitr\u00e9, qui aurait un moteur interchangeable et un syst\u00e8me de guidage destin\u00e9 \u00e0 faciliter vos d\u00e9placements. \u00c7a vous para\u00eet farfelu\u00a0? Eh bien, ce sont l\u00e0 certaines particularit\u00e9s de la <a href=\"https:\/\/annuelauto.ca\/probleme-dobscurcissement-des-tableaux-de-bord-sur-pres-de-63-000-ford-maverick\/\" target=\"_blank\" rel=\"noopener noreferrer\">Ford<\/a> Seattle-ite XXI, une \u00ab\u00a0voiture de r\u00eaves\u00a0\u00bb du d\u00e9but des ann\u00e9es\u00a060.<\/p>\n<p>La Seattle-ite XXI fait partie de ces nombreuses voitures de r\u00eaves avec lesquelles les constructeurs \u00e9tatsuniens ont fait saliver les visiteurs de salon de l\u2019auto et autres foires durant les ann\u00e9es\u00a050 et 60. Aujourd\u2019hui, ce genre de <a href=\"https:\/\/annuelauto.ca\/on-pourra-bientot-se-deplacer-en-vehicule-comme-un-crabe-pretend-hyundai-mobis\/\" target=\"_blank\" rel=\"noopener noreferrer\">prototypes<\/a>, parfois r\u00e9alistes, parfois farfelus, sont appel\u00e9s v\u00e9hicules-concepts. \u00c7a fait plus s\u00e9rieux\u2026<\/p>\n<p>Con\u00e7ue et pr\u00e9sent\u00e9e par Ford dans le cadre de l&#8217;Exposition universelle de Seattle de 1962, la Seattle-ite\u00a0XXI proposait une vision de l\u2019avenir originale. Dans un communiqu\u00e9 dat\u00e9 du 20 avril 1962, Gene Bordinat, le vice-pr\u00e9sident du Design de Ford, la qualifie \u00ab\u00a0d\u2019exemple d\u2019une exploration pouvant mener \u00e0 des perc\u00e9es en mati\u00e8re de design et d\u2019ing\u00e9nierie.\u00a0\u00bb<\/p>\n<p>Or, certaines de ses caract\u00e9ristiques se retrouvent, en effet, dans nos v\u00e9hicules actuels. C\u2019est le cas, par exemple, de son \u00ab\u00a0ordinateur de programmation de trajet\u00a0\u00bb, sur lequel un plan des rues aurait d\u00e9fil\u00e9 automatiquement \u00e0 mesure que la voiture se serait d\u00e9plac\u00e9e, pour permettre au conducteur de voir rapidement son emplacement et le temps de trajet jusqu\u2019\u00e0 la destination. Aujourd\u2019hui, la dotation d\u2019un grand nombre de v\u00e9hicules comprend un syst\u00e8me de guidage par satellite. D\u2019autres offrent une compatibilit\u00e9 avec CarPlay d\u2019Apple ou Android Auto, ce qui permet d\u2019exploiter le syst\u00e8me de guidage d\u2019un cellulaire.<\/p>\n<p>Par ailleurs, pour pallier les inconv\u00e9nients engendr\u00e9s par le toit enti\u00e8rement transparent de ce prototype lors de journ\u00e9es ensoleill\u00e9es, ses concepteurs du studio de design avanc\u00e9 de Ford, \u00e0 Dearborn, avaient imagin\u00e9 qu\u2019il aurait un toit en verre \u00e0 densit\u00e9 variable, afin de contr\u00f4ler l\u2019intensit\u00e9 de la lumi\u00e8re.<\/p>\n<p>Une id\u00e9e de r\u00eaveur\u00a0? Pas du tout, comme en t\u00e9moigne le Toyota Venza 2024 avec son toit en verre panoramique Star\u00a0Gaze. \u00c0 la simple pression d\u2019un bouton, son verre \u00e9lectrochromique passe de la transparence \u00e0 une opacit\u00e9 quasi compl\u00e8te pour att\u00e9nuer l\u2019effet d\u2019un soleil trop fort.<\/p>\n<p>Le p\u00e9dalier ajustable de ce prototype, qui aurait \u00e9t\u00e9 incontournable compte tenu du fait que ses si\u00e8ges auraient \u00e9t\u00e9 fixes, a \u00e9galement fait son chemin jusqu\u2019\u00e0 nous. Aujourd\u2019hui, on retrouve ce genre de dispositif, notamment, parmi les \u00e9quipements optionnels de certaines camionnettes.<\/p>\n<p>Quant \u00e0 la planche de bord qui prenait la forme d\u2019un immense \u00e9cran central, \u00e9liminant du m\u00eame les boutons et autres commutateurs, aurait servi \u00e0 afficher une foule de donn\u00e9es sur les performances du moteur, la conduite, les conditions m\u00e9t\u00e9orologiques et d\u2019autres encore pouvant \u00ab\u00a0\u00eatre affich\u00e9es rapidement et automatiquement\u00a0\u00bb, tiens donc comme dans nos mod\u00e8les modernes o\u00f9 les \u00e9crans num\u00e9riques tactiles prennent de plus en plus de place.<\/p>\n<p>Il faut souligner que l\u2019usage du conditionnel dans ce qui pr\u00e9c\u00e8de n\u2019a rien d\u2019accidentel. Car ce prototype n\u2019a exist\u00e9 qu\u2019\u00e0 l&#8217;\u00e9chelle 3\/8. En effet, la Seattle-ite\u00a0XXI \u00e9tait une maquette et aucun de ses syst\u00e8mes n\u2019\u00e9tait fonctionnel. D\u2019ailleurs, \u00e0 l\u2019int\u00e9rieur du pavillon de Ford, \u00e0 l\u2019exposition de Seattle, cette maquette \u00e9tait pos\u00e9e sur un socle au milieu d\u2019un grand hall\u00a0!<\/p>\n<p>D\u2019autres particularit\u00e9s de ce concept perturbateur sont naturellement tomb\u00e9es dans l\u2019oubli. C\u2019est le cas des roues directrices avant doubles, une formule cens\u00e9e am\u00e9liorer la pr\u00e9cision directionnelle, l\u2019adh\u00e9rence et m\u00eame la performance au freinage, d\u2019apr\u00e8s une brochure distribu\u00e9e par Ford \u00e0 Seattle. Cette formule a \u00e9t\u00e9 reprise pour la Panther\u00a06 (1977-1978), la monoplace de F1 Tyrell P34 (1975-1977) et la Covini\u00a0C6W (2002-2008), mais chaque fois sans succ\u00e8s.<\/p>\n<p>L\u2019id\u00e9e la plus farfelue de ce prototype demeure cependant son train de roues doubles avant qui aurait \u00e9t\u00e9 incorpor\u00e9 \u00e0 un module interchangeable constitu\u00e9 de toute la partie avant de la voiture. Ainsi, le conducteur aurait pu litt\u00e9ralement changer de moteur selon ses besoins.<\/p>\n<p>Ainsi, pour effectuer un trajet plut\u00f4t court, Gene Bordinat sugg\u00e8re que le conducteur de la Seattle-ite XXI aurait pu utiliser un moteur \u00e9conomique, disons, de 60\u00a0ch. Par contre, au moment d\u2019effectuer un \u00ab\u00a0d\u00e9placement transcontinental \u00e0 grande vitesse\u00a0\u00bb, il l\u2019aurait troqu\u00e9 pour un module muni d\u2019un moteur de 400\u00a0ch ou plus. D\u2019ailleurs, en mati\u00e8re de motorisations, les concepteurs de ce prototype n\u2019avaient pas froid aux yeux. Le communiqu\u00e9 nous apprend qu\u2019elle aurait pu \u00eatre une motorisation \u00e0 pile \u00e0 combustible entra\u00eenant des moteurs \u00e9lectriques ou m\u00eame un dispositif d\u2019entra\u00eenement compact \u00e0 \u00e9nergie nucl\u00e9aire\u00a0!<\/p>\n<p><em>Photos : Ford<\/em><\/p>\n<p>Le texte <a rel=\"nofollow\" href=\"https:\/\/annuelauto.ca\/ford-seattle-ite-xxi-une-voiture-de-reves-pas-si-farfelue-que-cela\/\">Ford Seattle-ite XXI, une voiture de r\u00eaves pas si farfelue que cela<\/a> provient de <a rel=\"nofollow\" href=\"https:\/\/annuelauto.ca\">L&#8217;annuel de l&#8217;automobile &#8211; Actualit\u00e9 automobile<\/a><\/p>\n<p><\/p>\n","protected":false},"excerpt":{"rendered":"<p>Imaginez une automobile au pavillon vitr\u00e9, qui aurait un moteur interchangeable et un syst\u00e8me de guidage destin\u00e9 \u00e0 faciliter vos d\u00e9placements. \u00c7a vous para\u00eet farfelu\u00a0? Eh bien, ce sont l\u00e0 certaines particularit\u00e9s de la Ford Seattle-ite XXI, une \u00ab\u00a0voiture de r\u00eaves\u00a0\u00bb du d\u00e9but des ann\u00e9es\u00a060. La Seattle-ite XXI fait partie de ces nombreuses voitures de [&hellip;]<\/p>\n","protected":false},"author":8,"featured_media":160152,"comment_status":"close","ping_status":"closed","sticky":false,"template":"","format":"standard","meta":{"_monsterinsights_skip_tracking":false,"_monsterinsights_sitenote_active":false,"_monsterinsights_sitenote_note":"","_monsterinsights_sitenote_category":0,"footnotes":""},"categories":[101],"tags":[],"yoast_head":"<!-- This site is optimized with the Yoast SEO plugin v23.2 - https:\/\/yoast.com\/wordpress\/plugins\/seo\/ -->\n<title>Ford Seattle-ite XXI, une voiture de r\u00eaves pas si farfelue que cela - CanadaMotorJobs.com<\/title>\n<meta name=\"description\" content=\"Ford Seattle-ite XXI, une voiture de r\u00eaves pas si farfelue que cela - Benoit Charette - Annuel automobile - CanadaMotorJobs.com.\" \/>\n<meta name=\"robots\" content=\"index, follow, max-snippet:-1, max-image-preview:large, max-video-preview:-1\" \/>\n<meta property=\"og:locale\" content=\"fr_CA\" \/>\n<meta property=\"og:type\" content=\"article\" \/>\n<meta property=\"og:title\" content=\"Ford Seattle-ite XXI, une voiture de r\u00eaves pas si farfelue que cela - CanadaMotorJobs.com\" \/>\n<meta property=\"og:description\" content=\"Ford Seattle-ite XXI, une voiture de r\u00eaves pas si farfelue que cela - Benoit Charette - Annuel automobile - CanadaMotorJobs.com.\" \/>\n<meta property=\"og:url\" content=\"https:\/\/news.canadamotorjobs.com\/fr\/ford-seattle-ite-xxi-une-voiture-de-reves-pas-si-farfelue-que-cela\/\" \/>\n<meta property=\"og:site_name\" content=\"CanadaMotorJobs.com\" \/>\n<meta property=\"article:publisher\" content=\"https:\/\/www.facebook.com\/canadamotorjobs\/\" \/>\n<meta property=\"article:published_time\" content=\"2024-02-29T22:21:41+00:00\" \/>\n<meta property=\"article:modified_time\" content=\"2024-02-29T22:29:13+00:00\" \/>\n<meta property=\"og:image\" content=\"https:\/\/news.canadamotorjobs.com\/wp-content\/uploads\/2024\/02\/Ford-Seattle-ite-XXI_4.jpg\" \/>\n\t<meta property=\"og:image:width\" content=\"1024\" \/>\n\t<meta property=\"og:image:height\" content=\"683\" \/>\n\t<meta property=\"og:image:type\" content=\"image\/jpeg\" \/>\n<meta name=\"author\" content=\"Benoit Charette\" \/>\n<meta name=\"twitter:card\" content=\"summary_large_image\" \/>\n<meta name=\"twitter:creator\" content=\"@canadamotorjobs\" \/>\n<meta name=\"twitter:site\" content=\"@canadamotorjobs\" \/>\n<meta name=\"twitter:label1\" content=\"\u00c9crit par\" \/>\n\t<meta name=\"twitter:data1\" content=\"Benoit Charette\" \/>\n\t<meta name=\"twitter:label2\" content=\"Estimation du temps de lecture\" \/>\n\t<meta name=\"twitter:data2\" content=\"4 minutes\" \/>\n<!-- \/ Yoast SEO plugin. -->","yoast_head_json":{"title":"Ford Seattle-ite XXI, une voiture de r\u00eaves pas si farfelue que cela - CanadaMotorJobs.com","description":"Ford Seattle-ite XXI, une voiture de r\u00eaves pas si farfelue que cela - Benoit Charette - Annuel automobile - CanadaMotorJobs.com.","robots":{"index":"index","follow":"follow","max-snippet":"max-snippet:-1","max-image-preview":"max-image-preview:large","max-video-preview":"max-video-preview:-1"},"og_locale":"fr_CA","og_type":"article","og_title":"Ford Seattle-ite XXI, une voiture de r\u00eaves pas si farfelue que cela - CanadaMotorJobs.com","og_description":"Ford Seattle-ite XXI, une voiture de r\u00eaves pas si farfelue que cela - Benoit Charette - Annuel automobile - CanadaMotorJobs.com.","og_url":"https:\/\/news.canadamotorjobs.com\/fr\/ford-seattle-ite-xxi-une-voiture-de-reves-pas-si-farfelue-que-cela\/","og_site_name":"CanadaMotorJobs.com","article_publisher":"https:\/\/www.facebook.com\/canadamotorjobs\/","article_published_time":"2024-02-29T22:21:41+00:00","article_modified_time":"2024-02-29T22:29:13+00:00","og_image":[{"width":1024,"height":683,"url":"https:\/\/news.canadamotorjobs.com\/wp-content\/uploads\/2024\/02\/Ford-Seattle-ite-XXI_4.jpg","type":"image\/jpeg"}],"author":"Benoit Charette","twitter_card":"summary_large_image","twitter_creator":"@canadamotorjobs","twitter_site":"@canadamotorjobs","twitter_misc":{"\u00c9crit par":"Benoit Charette","Estimation du temps de lecture":"4 minutes"},"schema":{"@context":"https:\/\/schema.org","@graph":[{"@type":"Article","@id":"https:\/\/news.canadamotorjobs.com\/fr\/ford-seattle-ite-xxi-une-voiture-de-reves-pas-si-farfelue-que-cela\/#article","isPartOf":{"@id":"https:\/\/news.canadamotorjobs.com\/fr\/ford-seattle-ite-xxi-une-voiture-de-reves-pas-si-farfelue-que-cela\/"},"author":{"name":"Benoit Charette","@id":"https:\/\/news.canadamotorjobs.com\/#\/schema\/person\/51793d1f87d44011d7bcc2ed99269a90"},"headline":"Ford Seattle-ite XXI, une voiture de r\u00eaves pas si farfelue que cela","datePublished":"2024-02-29T22:21:41+00:00","dateModified":"2024-02-29T22:29:13+00:00","mainEntityOfPage":{"@id":"https:\/\/news.canadamotorjobs.com\/fr\/ford-seattle-ite-xxi-une-voiture-de-reves-pas-si-farfelue-que-cela\/"},"wordCount":849,"publisher":{"@id":"https:\/\/news.canadamotorjobs.com\/#organization"},"image":{"@id":"https:\/\/news.canadamotorjobs.com\/fr\/ford-seattle-ite-xxi-une-voiture-de-reves-pas-si-farfelue-que-cela\/#primaryimage"},"thumbnailUrl":"https:\/\/news.canadamotorjobs.com\/wp-content\/uploads\/2024\/02\/Ford-Seattle-ite-XXI_4.jpg","articleSection":["Annuel automobile"],"inLanguage":"fr-CA"},{"@type":"WebPage","@id":"https:\/\/news.canadamotorjobs.com\/fr\/ford-seattle-ite-xxi-une-voiture-de-reves-pas-si-farfelue-que-cela\/","url":"https:\/\/news.canadamotorjobs.com\/fr\/ford-seattle-ite-xxi-une-voiture-de-reves-pas-si-farfelue-que-cela\/","name":"Ford Seattle-ite XXI, une voiture de r\u00eaves pas si farfelue que cela - CanadaMotorJobs.com","isPartOf":{"@id":"https:\/\/news.canadamotorjobs.com\/#website"},"primaryImageOfPage":{"@id":"https:\/\/news.canadamotorjobs.com\/fr\/ford-seattle-ite-xxi-une-voiture-de-reves-pas-si-farfelue-que-cela\/#primaryimage"},"image":{"@id":"https:\/\/news.canadamotorjobs.com\/fr\/ford-seattle-ite-xxi-une-voiture-de-reves-pas-si-farfelue-que-cela\/#primaryimage"},"thumbnailUrl":"https:\/\/news.canadamotorjobs.com\/wp-content\/uploads\/2024\/02\/Ford-Seattle-ite-XXI_4.jpg","datePublished":"2024-02-29T22:21:41+00:00","dateModified":"2024-02-29T22:29:13+00:00","description":"Ford Seattle-ite XXI, une voiture de r\u00eaves pas si farfelue que cela - Benoit Charette - Annuel automobile - CanadaMotorJobs.com.","breadcrumb":{"@id":"https:\/\/news.canadamotorjobs.com\/fr\/ford-seattle-ite-xxi-une-voiture-de-reves-pas-si-farfelue-que-cela\/#breadcrumb"},"inLanguage":"fr-CA","potentialAction":[{"@type":"ReadAction","target":["https:\/\/news.canadamotorjobs.com\/fr\/ford-seattle-ite-xxi-une-voiture-de-reves-pas-si-farfelue-que-cela\/"]}]},{"@type":"ImageObject","inLanguage":"fr-CA","@id":"https:\/\/news.canadamotorjobs.com\/fr\/ford-seattle-ite-xxi-une-voiture-de-reves-pas-si-farfelue-que-cela\/#primaryimage","url":"https:\/\/news.canadamotorjobs.com\/wp-content\/uploads\/2024\/02\/Ford-Seattle-ite-XXI_4.jpg","contentUrl":"https:\/\/news.canadamotorjobs.com\/wp-content\/uploads\/2024\/02\/Ford-Seattle-ite-XXI_4.jpg","width":1024,"height":683},{"@type":"BreadcrumbList","@id":"https:\/\/news.canadamotorjobs.com\/fr\/ford-seattle-ite-xxi-une-voiture-de-reves-pas-si-farfelue-que-cela\/#breadcrumb","itemListElement":[{"@type":"ListItem","position":1,"name":"Home","item":"https:\/\/news.canadamotorjobs.com\/fr\/blog\/"},{"@type":"ListItem","position":2,"name":"Ford Seattle-ite XXI, une voiture de r\u00eaves pas si farfelue que cela"}]},{"@type":"WebSite","@id":"https:\/\/news.canadamotorjobs.com\/#website","url":"https:\/\/news.canadamotorjobs.com\/","name":"CanadaMotorJobs.com","description":"Automotive Jobs","publisher":{"@id":"https:\/\/news.canadamotorjobs.com\/#organization"},"potentialAction":[{"@type":"SearchAction","target":{"@type":"EntryPoint","urlTemplate":"https:\/\/news.canadamotorjobs.com\/?s={search_term_string}"},"query-input":"required name=search_term_string"}],"inLanguage":"fr-CA"},{"@type":"Organization","@id":"https:\/\/news.canadamotorjobs.com\/#organization","name":"Canada Motor Jobs","url":"https:\/\/news.canadamotorjobs.com\/","logo":{"@type":"ImageObject","inLanguage":"fr-CA","@id":"https:\/\/news.canadamotorjobs.com\/#\/schema\/logo\/image\/","url":"https:\/\/news.canadamotorjobs.com\/wp-content\/uploads\/2022\/10\/logo-canada-motor-jobs-1.png","contentUrl":"https:\/\/news.canadamotorjobs.com\/wp-content\/uploads\/2022\/10\/logo-canada-motor-jobs-1.png","width":800,"height":400,"caption":"Canada Motor Jobs"},"image":{"@id":"https:\/\/news.canadamotorjobs.com\/#\/schema\/logo\/image\/"},"sameAs":["https:\/\/www.facebook.com\/canadamotorjobs\/","https:\/\/x.com\/canadamotorjobs","https:\/\/www.instagram.com\/canadamotorjobs\/","https:\/\/www.linkedin.com\/company\/canadamotorjobs"]},{"@type":"Person","@id":"https:\/\/news.canadamotorjobs.com\/#\/schema\/person\/51793d1f87d44011d7bcc2ed99269a90","name":"Benoit Charette","image":{"@type":"ImageObject","inLanguage":"fr-CA","@id":"https:\/\/news.canadamotorjobs.com\/#\/schema\/person\/image\/","url":"https:\/\/secure.gravatar.com\/avatar\/45f3d2eebcccd909668d7ce7ea7267b6?s=96&d=mm&r=g","contentUrl":"https:\/\/secure.gravatar.com\/avatar\/45f3d2eebcccd909668d7ce7ea7267b6?s=96&d=mm&r=g","caption":"Benoit Charette"},"description":"Benoit Charette \/ Propri\u00e9taire et r\u00e9dacteur en chef Benoit Charette pratique le journalisme automobile depuis bient\u00f4t 30 ans. Il a fait ses classes au c\u00f4t\u00e9 de Daniel H\u00e9raud et au Carnet de route de 1992 \u00e0 2001. Il est fondateur, copropri\u00e9taire et r\u00e9dacteur en chef de L\u2019Annuel de l\u2019automobile, qu\u2019il publie depuis 2001. Il a anim\u00e9 les \u00e9missions RPM et RPM+ sur V et les L\u00e9gendes de la route sur Historia. \u00c0 la radio depuis 1986, il reprend l\u2019antenne cette ann\u00e9e sur les ondes de Cogeco et participe pour la deuxi\u00e8me ann\u00e9e \u00e0 l\u2019\u00e9mission Passion Auto sur RDS en plus de mettre en ligne le site Web officiel de L\u2019Annuel de l\u2019automobile sur annuelauto.ca.","sameAs":["https:\/\/annuelauto.ca\/"],"url":"https:\/\/news.canadamotorjobs.com\/fr\/author\/benoit-charette\/"}]}},"_links":{"self":[{"href":"https:\/\/news.canadamotorjobs.com\/fr\/wp-json\/wp\/v2\/posts\/160150"}],"collection":[{"href":"https:\/\/news.canadamotorjobs.com\/fr\/wp-json\/wp\/v2\/posts"}],"about":[{"href":"https:\/\/news.canadamotorjobs.com\/fr\/wp-json\/wp\/v2\/types\/post"}],"author":[{"embeddable":true,"href":"https:\/\/news.canadamotorjobs.com\/fr\/wp-json\/wp\/v2\/users\/8"}],"replies":[{"embeddable":true,"href":"https:\/\/news.canadamotorjobs.com\/fr\/wp-json\/wp\/v2\/comments?post=160150"}],"version-history":[{"count":2,"href":"https:\/\/news.canadamotorjobs.com\/fr\/wp-json\/wp\/v2\/posts\/160150\/revisions"}],"predecessor-version":[{"id":160154,"href":"https:\/\/news.canadamotorjobs.com\/fr\/wp-json\/wp\/v2\/posts\/160150\/revisions\/160154"}],"wp:featuredmedia":[{"embeddable":true,"href":"https:\/\/news.canadamotorjobs.com\/fr\/wp-json\/wp\/v2\/media\/160152"}],"wp:attachment":[{"href":"https:\/\/news.canadamotorjobs.com\/fr\/wp-json\/wp\/v2\/media?parent=160150"}],"wp:term":[{"taxonomy":"category","embeddable":true,"href":"https:\/\/news.canadamotorjobs.com\/fr\/wp-json\/wp\/v2\/categories?post=160150"},{"taxonomy":"post_tag","embeddable":true,"href":"https:\/\/news.canadamotorjobs.com\/fr\/wp-json\/wp\/v2\/tags?post=160150"}],"curies":[{"name":"wp","href":"https:\/\/api.w.org\/{rel}","templated":true}]}}