{"id":160064,"date":"2024-02-29T08:07:12","date_gmt":"2024-02-29T13:07:12","guid":{"rendered":"https:\/\/news.canadamotorjobs.com\/?p=160064"},"modified":"2024-02-29T08:14:21","modified_gmt":"2024-02-29T13:14:21","slug":"probleme-dobscurcissement-des-tableaux-de-bord-sur-pres-de-63-000-ford-maverick","status":"publish","type":"post","link":"https:\/\/news.canadamotorjobs.com\/fr\/probleme-dobscurcissement-des-tableaux-de-bord-sur-pres-de-63-000-ford-maverick\/","title":{"rendered":"Probl\u00e8me d\u2019obscurcissement des tableaux de bord sur pr\u00e8s de 63 000 Ford Maverick"},"content":{"rendered":"<\/p>\n<p>Ford a d\u00e9couvert une faille importante affectant les \u00e9crans des tableaux de bord des mod\u00e8les Mavericks de 2022 \u00e0 2023. Il y a un risque d&#8217;obscurcissement des \u00e9crans, n\u00e9cessitant une mise \u00e0 jour logicielle.<\/p>\n<h3>R\u00e9clamation de garantie<\/h3>\n<p>\nFord r\u00e9agit suite \u00e0 167 r\u00e9clamations de garantie li\u00e9es au probl\u00e8me. L&#8217;\u00e9quipe de r\u00e9vision critique a identifi\u00e9 le probl\u00e8me le 3 octobre 2023. C\u2019est l&#8217;\u00e9quipe de l&#8217;usine \u00e0 Hermosillo au Mexique qui signale le probl\u00e8me en analysant une r\u00e9clamation. Les instruments de bord peuvent ne pas s&#8217;allumer, rendant les indicateurs illisibles dans certaines situations.<\/p>\n<p>Par la suite, c\u2019est la NHTSA qui note que l&#8217;absence d&#8217;\u00e9clairage des tableaux de bord peut augmenter les risques d&#8217;accidents. Ford n&#8217;a pas connaissance d&#8217;accidents li\u00e9s \u00e0 cette d\u00e9faillance.<\/p>\n<h3>Cause Identifi\u00e9e et Solution Apport\u00e9e<\/h3>\n<p><\/p>\n<ul><\/p>\n<li>Ford attribue le probl\u00e8me \u00e0 des transitions rapides du signal CAN de Sommeil \u00e0 R\u00e9veil.<\/li>\n<p><\/p>\n<li>Corruption des registres de m\u00e9moire interne, emp\u00eachant l&#8217;\u00e9clairage du tableau de bord.<\/li>\n<p>\n<\/ul>\n<p>\nLa solution est la mise \u00e0 jour logicielle gratuite par les techniciens des concessionnaires.<\/p>\n<h3>Prise de Mesures : Campagne de Rappel<\/h3>\n<p><\/p>\n<ul><\/p>\n<li>Ford informera les propri\u00e9taires de la campagne de rappel \u00e0 partir du 18 mars.<\/li>\n<p><\/p>\n<li>La mise \u00e0 jour logicielle sera install\u00e9e gratuitement sur les v\u00e9hicules concern\u00e9s.<\/li>\n<p>\n<\/ul>\n<p>\nCette situation souligne l&#8217;importance des mises \u00e0 jour logicielles pour assurer la s\u00e9curit\u00e9 des conducteurs et \u00e9viter les risques li\u00e9s aux d\u00e9faillances des tableaux de bord.<\/p>\n<p>Avec des renseignements de Carbuzz<\/p>\n<p>\u00a0<\/p>\n<p>Le texte <a rel=\"nofollow\" href=\"https:\/\/annuelauto.ca\/probleme-dobscurcissement-des-tableaux-de-bord-sur-pres-de-63-000-ford-maverick\/\">Probl\u00e8me d\u2019obscurcissement des tableaux de bord sur pr\u00e8s de 63 000 Ford Maverick<\/a> provient de <a rel=\"nofollow\" href=\"https:\/\/annuelauto.ca\">L&#8217;annuel de l&#8217;automobile &#8211; Actualit\u00e9 automobile<\/a><\/p>\n<p><\/p>\n","protected":false},"excerpt":{"rendered":"<p>Ford a d\u00e9couvert une faille importante affectant les \u00e9crans des tableaux de bord des mod\u00e8les Mavericks de 2022 \u00e0 2023. Il y a un risque d&#8217;obscurcissement des \u00e9crans, n\u00e9cessitant une mise \u00e0 jour logicielle. R\u00e9clamation de garantie Ford r\u00e9agit suite \u00e0 167 r\u00e9clamations de garantie li\u00e9es au probl\u00e8me. L&#8217;\u00e9quipe de r\u00e9vision critique a identifi\u00e9 le [&hellip;]<\/p>\n","protected":false},"author":8,"featured_media":160066,"comment_status":"close","ping_status":"closed","sticky":false,"template":"","format":"standard","meta":{"_monsterinsights_skip_tracking":false,"_monsterinsights_sitenote_active":false,"_monsterinsights_sitenote_note":"","_monsterinsights_sitenote_category":0,"footnotes":""},"categories":[101],"tags":[],"yoast_head":"<!-- This site is optimized with the Yoast SEO plugin v23.2 - https:\/\/yoast.com\/wordpress\/plugins\/seo\/ -->\n<title>Probl\u00e8me d\u2019obscurcissement des tableaux de bord sur pr\u00e8s de 63 000 Ford Maverick - CanadaMotorJobs.com<\/title>\n<meta name=\"description\" content=\"Probl\u00e8me d\u2019obscurcissement des tableaux de bord sur pr\u00e8s de 63 000 Ford Maverick - Benoit Charette - Annuel automobile - CanadaMotorJobs.com.\" \/>\n<meta name=\"robots\" content=\"index, follow, max-snippet:-1, max-image-preview:large, max-video-preview:-1\" \/>\n<meta property=\"og:locale\" content=\"fr_CA\" \/>\n<meta property=\"og:type\" content=\"article\" \/>\n<meta property=\"og:title\" content=\"Probl\u00e8me d\u2019obscurcissement des tableaux de bord sur pr\u00e8s de 63 000 Ford Maverick - CanadaMotorJobs.com\" \/>\n<meta property=\"og:description\" content=\"Probl\u00e8me d\u2019obscurcissement des tableaux de bord sur pr\u00e8s de 63 000 Ford Maverick - Benoit Charette - Annuel automobile - CanadaMotorJobs.com.\" \/>\n<meta property=\"og:url\" content=\"https:\/\/news.canadamotorjobs.com\/fr\/probleme-dobscurcissement-des-tableaux-de-bord-sur-pres-de-63-000-ford-maverick\/\" \/>\n<meta property=\"og:site_name\" content=\"CanadaMotorJobs.com\" \/>\n<meta property=\"article:publisher\" content=\"https:\/\/www.facebook.com\/canadamotorjobs\/\" \/>\n<meta property=\"article:published_time\" content=\"2024-02-29T13:07:12+00:00\" \/>\n<meta property=\"article:modified_time\" content=\"2024-02-29T13:14:21+00:00\" \/>\n<meta property=\"og:image\" content=\"https:\/\/news.canadamotorjobs.com\/wp-content\/uploads\/2024\/02\/ford-maverick-hybrid-xlt-01-1623066912.jpg\" \/>\n\t<meta property=\"og:image:width\" content=\"1200\" \/>\n\t<meta property=\"og:image:height\" content=\"600\" \/>\n\t<meta property=\"og:image:type\" content=\"image\/jpeg\" \/>\n<meta name=\"author\" content=\"Benoit Charette\" \/>\n<meta name=\"twitter:card\" content=\"summary_large_image\" \/>\n<meta name=\"twitter:creator\" content=\"@canadamotorjobs\" \/>\n<meta name=\"twitter:site\" content=\"@canadamotorjobs\" \/>\n<meta name=\"twitter:label1\" content=\"\u00c9crit par\" \/>\n\t<meta name=\"twitter:data1\" content=\"Benoit Charette\" \/>\n\t<meta name=\"twitter:label2\" content=\"Estimation du temps de lecture\" \/>\n\t<meta name=\"twitter:data2\" content=\"1 minute\" \/>\n<!-- \/ Yoast SEO plugin. -->","yoast_head_json":{"title":"Probl\u00e8me d\u2019obscurcissement des tableaux de bord sur pr\u00e8s de 63 000 Ford Maverick - CanadaMotorJobs.com","description":"Probl\u00e8me d\u2019obscurcissement des tableaux de bord sur pr\u00e8s de 63 000 Ford Maverick - Benoit Charette - Annuel automobile - CanadaMotorJobs.com.","robots":{"index":"index","follow":"follow","max-snippet":"max-snippet:-1","max-image-preview":"max-image-preview:large","max-video-preview":"max-video-preview:-1"},"og_locale":"fr_CA","og_type":"article","og_title":"Probl\u00e8me d\u2019obscurcissement des tableaux de bord sur pr\u00e8s de 63 000 Ford Maverick - CanadaMotorJobs.com","og_description":"Probl\u00e8me d\u2019obscurcissement des tableaux de bord sur pr\u00e8s de 63 000 Ford Maverick - Benoit Charette - Annuel automobile - CanadaMotorJobs.com.","og_url":"https:\/\/news.canadamotorjobs.com\/fr\/probleme-dobscurcissement-des-tableaux-de-bord-sur-pres-de-63-000-ford-maverick\/","og_site_name":"CanadaMotorJobs.com","article_publisher":"https:\/\/www.facebook.com\/canadamotorjobs\/","article_published_time":"2024-02-29T13:07:12+00:00","article_modified_time":"2024-02-29T13:14:21+00:00","og_image":[{"width":1200,"height":600,"url":"https:\/\/news.canadamotorjobs.com\/wp-content\/uploads\/2024\/02\/ford-maverick-hybrid-xlt-01-1623066912.jpg","type":"image\/jpeg"}],"author":"Benoit Charette","twitter_card":"summary_large_image","twitter_creator":"@canadamotorjobs","twitter_site":"@canadamotorjobs","twitter_misc":{"\u00c9crit par":"Benoit Charette","Estimation du temps de lecture":"1 minute"},"schema":{"@context":"https:\/\/schema.org","@graph":[{"@type":"Article","@id":"https:\/\/news.canadamotorjobs.com\/fr\/probleme-dobscurcissement-des-tableaux-de-bord-sur-pres-de-63-000-ford-maverick\/#article","isPartOf":{"@id":"https:\/\/news.canadamotorjobs.com\/fr\/probleme-dobscurcissement-des-tableaux-de-bord-sur-pres-de-63-000-ford-maverick\/"},"author":{"name":"Benoit Charette","@id":"https:\/\/news.canadamotorjobs.com\/#\/schema\/person\/51793d1f87d44011d7bcc2ed99269a90"},"headline":"Probl\u00e8me d\u2019obscurcissement des tableaux de bord sur pr\u00e8s de 63 000 Ford Maverick","datePublished":"2024-02-29T13:07:12+00:00","dateModified":"2024-02-29T13:14:21+00:00","mainEntityOfPage":{"@id":"https:\/\/news.canadamotorjobs.com\/fr\/probleme-dobscurcissement-des-tableaux-de-bord-sur-pres-de-63-000-ford-maverick\/"},"wordCount":293,"publisher":{"@id":"https:\/\/news.canadamotorjobs.com\/#organization"},"image":{"@id":"https:\/\/news.canadamotorjobs.com\/fr\/probleme-dobscurcissement-des-tableaux-de-bord-sur-pres-de-63-000-ford-maverick\/#primaryimage"},"thumbnailUrl":"https:\/\/news.canadamotorjobs.com\/wp-content\/uploads\/2024\/02\/ford-maverick-hybrid-xlt-01-1623066912.jpg","articleSection":["Annuel automobile"],"inLanguage":"fr-CA"},{"@type":"WebPage","@id":"https:\/\/news.canadamotorjobs.com\/fr\/probleme-dobscurcissement-des-tableaux-de-bord-sur-pres-de-63-000-ford-maverick\/","url":"https:\/\/news.canadamotorjobs.com\/fr\/probleme-dobscurcissement-des-tableaux-de-bord-sur-pres-de-63-000-ford-maverick\/","name":"Probl\u00e8me d\u2019obscurcissement des tableaux de bord sur pr\u00e8s de 63 000 Ford Maverick - CanadaMotorJobs.com","isPartOf":{"@id":"https:\/\/news.canadamotorjobs.com\/#website"},"primaryImageOfPage":{"@id":"https:\/\/news.canadamotorjobs.com\/fr\/probleme-dobscurcissement-des-tableaux-de-bord-sur-pres-de-63-000-ford-maverick\/#primaryimage"},"image":{"@id":"https:\/\/news.canadamotorjobs.com\/fr\/probleme-dobscurcissement-des-tableaux-de-bord-sur-pres-de-63-000-ford-maverick\/#primaryimage"},"thumbnailUrl":"https:\/\/news.canadamotorjobs.com\/wp-content\/uploads\/2024\/02\/ford-maverick-hybrid-xlt-01-1623066912.jpg","datePublished":"2024-02-29T13:07:12+00:00","dateModified":"2024-02-29T13:14:21+00:00","description":"Probl\u00e8me d\u2019obscurcissement des tableaux de bord sur pr\u00e8s de 63 000 Ford Maverick - Benoit Charette - Annuel automobile - CanadaMotorJobs.com.","breadcrumb":{"@id":"https:\/\/news.canadamotorjobs.com\/fr\/probleme-dobscurcissement-des-tableaux-de-bord-sur-pres-de-63-000-ford-maverick\/#breadcrumb"},"inLanguage":"fr-CA","potentialAction":[{"@type":"ReadAction","target":["https:\/\/news.canadamotorjobs.com\/fr\/probleme-dobscurcissement-des-tableaux-de-bord-sur-pres-de-63-000-ford-maverick\/"]}]},{"@type":"ImageObject","inLanguage":"fr-CA","@id":"https:\/\/news.canadamotorjobs.com\/fr\/probleme-dobscurcissement-des-tableaux-de-bord-sur-pres-de-63-000-ford-maverick\/#primaryimage","url":"https:\/\/news.canadamotorjobs.com\/wp-content\/uploads\/2024\/02\/ford-maverick-hybrid-xlt-01-1623066912.jpg","contentUrl":"https:\/\/news.canadamotorjobs.com\/wp-content\/uploads\/2024\/02\/ford-maverick-hybrid-xlt-01-1623066912.jpg","width":1200,"height":600},{"@type":"BreadcrumbList","@id":"https:\/\/news.canadamotorjobs.com\/fr\/probleme-dobscurcissement-des-tableaux-de-bord-sur-pres-de-63-000-ford-maverick\/#breadcrumb","itemListElement":[{"@type":"ListItem","position":1,"name":"Home","item":"https:\/\/news.canadamotorjobs.com\/fr\/blog\/"},{"@type":"ListItem","position":2,"name":"Probl\u00e8me d\u2019obscurcissement des tableaux de bord sur pr\u00e8s de 63 000 Ford Maverick"}]},{"@type":"WebSite","@id":"https:\/\/news.canadamotorjobs.com\/#website","url":"https:\/\/news.canadamotorjobs.com\/","name":"CanadaMotorJobs.com","description":"Automotive Jobs","publisher":{"@id":"https:\/\/news.canadamotorjobs.com\/#organization"},"potentialAction":[{"@type":"SearchAction","target":{"@type":"EntryPoint","urlTemplate":"https:\/\/news.canadamotorjobs.com\/?s={search_term_string}"},"query-input":"required name=search_term_string"}],"inLanguage":"fr-CA"},{"@type":"Organization","@id":"https:\/\/news.canadamotorjobs.com\/#organization","name":"Canada Motor Jobs","url":"https:\/\/news.canadamotorjobs.com\/","logo":{"@type":"ImageObject","inLanguage":"fr-CA","@id":"https:\/\/news.canadamotorjobs.com\/#\/schema\/logo\/image\/","url":"https:\/\/news.canadamotorjobs.com\/wp-content\/uploads\/2022\/10\/logo-canada-motor-jobs-1.png","contentUrl":"https:\/\/news.canadamotorjobs.com\/wp-content\/uploads\/2022\/10\/logo-canada-motor-jobs-1.png","width":800,"height":400,"caption":"Canada Motor Jobs"},"image":{"@id":"https:\/\/news.canadamotorjobs.com\/#\/schema\/logo\/image\/"},"sameAs":["https:\/\/www.facebook.com\/canadamotorjobs\/","https:\/\/x.com\/canadamotorjobs","https:\/\/www.instagram.com\/canadamotorjobs\/","https:\/\/www.linkedin.com\/company\/canadamotorjobs"]},{"@type":"Person","@id":"https:\/\/news.canadamotorjobs.com\/#\/schema\/person\/51793d1f87d44011d7bcc2ed99269a90","name":"Benoit Charette","image":{"@type":"ImageObject","inLanguage":"fr-CA","@id":"https:\/\/news.canadamotorjobs.com\/#\/schema\/person\/image\/","url":"https:\/\/secure.gravatar.com\/avatar\/45f3d2eebcccd909668d7ce7ea7267b6?s=96&d=mm&r=g","contentUrl":"https:\/\/secure.gravatar.com\/avatar\/45f3d2eebcccd909668d7ce7ea7267b6?s=96&d=mm&r=g","caption":"Benoit Charette"},"description":"Benoit Charette \/ Propri\u00e9taire et r\u00e9dacteur en chef Benoit Charette pratique le journalisme automobile depuis bient\u00f4t 30 ans. Il a fait ses classes au c\u00f4t\u00e9 de Daniel H\u00e9raud et au Carnet de route de 1992 \u00e0 2001. Il est fondateur, copropri\u00e9taire et r\u00e9dacteur en chef de L\u2019Annuel de l\u2019automobile, qu\u2019il publie depuis 2001. Il a anim\u00e9 les \u00e9missions RPM et RPM+ sur V et les L\u00e9gendes de la route sur Historia. \u00c0 la radio depuis 1986, il reprend l\u2019antenne cette ann\u00e9e sur les ondes de Cogeco et participe pour la deuxi\u00e8me ann\u00e9e \u00e0 l\u2019\u00e9mission Passion Auto sur RDS en plus de mettre en ligne le site Web officiel de L\u2019Annuel de l\u2019automobile sur annuelauto.ca.","sameAs":["https:\/\/annuelauto.ca\/"],"url":"https:\/\/news.canadamotorjobs.com\/fr\/author\/benoit-charette\/"}]}},"_links":{"self":[{"href":"https:\/\/news.canadamotorjobs.com\/fr\/wp-json\/wp\/v2\/posts\/160064"}],"collection":[{"href":"https:\/\/news.canadamotorjobs.com\/fr\/wp-json\/wp\/v2\/posts"}],"about":[{"href":"https:\/\/news.canadamotorjobs.com\/fr\/wp-json\/wp\/v2\/types\/post"}],"author":[{"embeddable":true,"href":"https:\/\/news.canadamotorjobs.com\/fr\/wp-json\/wp\/v2\/users\/8"}],"replies":[{"embeddable":true,"href":"https:\/\/news.canadamotorjobs.com\/fr\/wp-json\/wp\/v2\/comments?post=160064"}],"version-history":[{"count":2,"href":"https:\/\/news.canadamotorjobs.com\/fr\/wp-json\/wp\/v2\/posts\/160064\/revisions"}],"predecessor-version":[{"id":160068,"href":"https:\/\/news.canadamotorjobs.com\/fr\/wp-json\/wp\/v2\/posts\/160064\/revisions\/160068"}],"wp:featuredmedia":[{"embeddable":true,"href":"https:\/\/news.canadamotorjobs.com\/fr\/wp-json\/wp\/v2\/media\/160066"}],"wp:attachment":[{"href":"https:\/\/news.canadamotorjobs.com\/fr\/wp-json\/wp\/v2\/media?parent=160064"}],"wp:term":[{"taxonomy":"category","embeddable":true,"href":"https:\/\/news.canadamotorjobs.com\/fr\/wp-json\/wp\/v2\/categories?post=160064"},{"taxonomy":"post_tag","embeddable":true,"href":"https:\/\/news.canadamotorjobs.com\/fr\/wp-json\/wp\/v2\/tags?post=160064"}],"curies":[{"name":"wp","href":"https:\/\/api.w.org\/{rel}","templated":true}]}}