{"id":160041,"date":"2024-02-29T07:29:01","date_gmt":"2024-02-29T12:29:01","guid":{"rendered":"https:\/\/news.canadamotorjobs.com\/?p=160041"},"modified":"2024-02-29T07:34:18","modified_gmt":"2024-02-29T12:34:18","slug":"genesis-gv70-3-5","status":"publish","type":"post","link":"https:\/\/news.canadamotorjobs.com\/fr\/genesis-gv70-3-5\/","title":{"rendered":"Genesis GV70 3.5"},"content":{"rendered":"<\/p>\n<p>Parce que la marque Genesis n\u2019est pas la plus connue du grand public, on peut se demander s\u2019ils sont nombreux ceux qui attendent avec impatience la mise en march\u00e9 de la version tout \u00e9lectrique du GV70. En fait, on peut m\u00eame se demander si les gens connaissent ce mod\u00e8le, un VUS interm\u00e9diaire qui est actuellement vendu en deux versions, une anim\u00e9e par un 4 cylindres turbo de 2,5 litres et l\u2019autre, par un V6 biturbo de 3,5 litres.<\/p>\n<p>\u00c9videmment, en plus des deux choix de m\u00e9caniques, il existe diff\u00e9rents groupes d\u2019accessoires, si bien que le GV70 est offert en six variantes diff\u00e9rentes. Mais \u00e0 la base, ce VUS de luxe de la marque haut de gamme du groupe Hyundai a deux personnalit\u00e9s distinctes, et ces deux personnalit\u00e9s l\u00e0 sont incarn\u00e9es par les deux moteurs qui figurent au catalogue. Une troisi\u00e8me personnalit\u00e9 \u2013 et je parie d\u00e9j\u00e0 que ce sera la plus attirante des trois \u2013 va s\u2019ajouter quand Genesis va \u00e9lectrifier le GV70, mais ce n\u2019est pas pour maintenant.<\/p>\n<p>D\u00e9j\u00e0, on a parl\u00e9 du GV70 en version de base, avec le 4 cylindres turbo qui produit quand m\u00eame 300 chevaux, ce qui n\u2019est pas rien, et qui m\u00eame si on n\u2019y ajoute aucun accessoire optionnel, demeure assez g\u00e9n\u00e9reusement \u00e9quip\u00e9. De base, son prix de d\u00e9tail de 60\u00a0000 $ le rend tr\u00e8s attrayant si on le compare \u00e0 des mod\u00e8les rivaux sign\u00e9s Acura, Lexus ou Infiniti, notamment.<\/p>\n<p>Surtout que malgr\u00e9 son prix, on a droit \u00e0 un habitacle tr\u00e8s richement garni, avec syst\u00e8me multim\u00e9dia dernier cri et m\u00eame une sono Lexicon \u00e0 18 haut-parleurs, compatible avec les interface Android Auto et CarPlay sans fil. Il manque juste l\u2019aide avanc\u00e9e \u00e0 la conduite, vendue \u00e0 part.<\/p>\n<p>Puis, quand on met la main au volant du GV70 3.5, celui anim\u00e9 par le V6 biturbo, on se rend compte que c\u2019est tr\u00e8s probablement cette version-l\u00e0 du v\u00e9hicule dont r\u00eavaient les ing\u00e9nieurs de la marque Genesis au moment de sa conception. Parce que, comme c&#8217;est souvent le cas dans le monde automobile, les designers dessinent en quelque sorte leur v\u00e9hicule de r\u00eave, puis ils enl\u00e8vent des morceaux ou r\u00e9duisent des caract\u00e9ristiques pour le rendre plus accessible.<\/p>\n<p>Avec une puissance de 375 chevaux et un couple de 391 livres-pied, le GV70 3.5 est vraiment plus \u00e0 son aise qu\u2019avec le 4 cylindres. Le moteur est jumel\u00e9 \u00e0 une bo\u00eete automatique \u00e0 8 rapports extr\u00eamement bien \u00e9tag\u00e9e, qui rend le passage des rapports super doux, \u00e0 peu pr\u00e8s imperceptible. On sent \u00e9videmment l\u2019ajout de puissance quand on r\u00e9trograde, mais \u00e7a ne donne pas d\u2019\u00e0-coups, comme le font d\u2019autres v\u00e9hicules. L\u2019effet de couple, normalement produit par les turbos, est tr\u00e8s faible, et devient nul si vous optez pour le mod\u00e8le le plus \u00e9quip\u00e9 qui a pour seule option ajout\u00e9e un diff\u00e9rentiel \u00e0 glissement limit\u00e9.<\/p>\n<p>Ce moteur-l\u00e0 permet de boucler le 0-100 km\/h en 5 secondes. C\u2019est quand m\u00eame quelque chose, vu ses dimensions et son poids. D\u2019ailleurs, on le sent un peu lourd, dans la fa\u00e7on dont la direction se comporte, en tout cas. Elle n\u2019est pas molle, mais l\u2019assistance a \u00e9t\u00e9 r\u00e9gl\u00e9e pour avoir cette sensation de lourdeur propre \u00e0 certains v\u00e9hicules plus haut de gamme. Pensons \u00e0 Mercedes-Benz, par exemple.<\/p>\n<p>\u00c9videmment, il faut mettre du gaz dans ce v\u00e9hicule-l\u00e0. C\u2019est d\u2019ailleurs tr\u00e8s dommage, parce qu\u2019\u00e0 12,5 litres aux 100 kilom\u00e8tres, c\u2019est facile d\u2019identifier son principal d\u00e9faut, et oui, c\u2019est sa consommation. On n\u2019en sort pas. Juste pour \u00e7a, si vous voulez l\u2019avis d\u2019un seul journaliste automobile, vous devriez \u00e9viter le GV70 et attendre sa version Electrified.<\/p>\n<p>Parce que de toute fa\u00e7on, si vous avez les moyens d\u2019acheter un GV70 \u00e0 moteur V6, qui co\u00fbte entre 73\u00a0000 et 79\u00a0000 $ selon la version, puis de faire le plein chaque semaine, alors vous aurez les moyens de payer un peu plus pour la version \u00e9lectrique, qui vous \u00e9vitera de passer \u00e0 la pompe.<\/p>\n<p>Et vous ne manquerez pas grand-chose de ce qui rend ce v\u00e9hicule-l\u00e0 \u00e9tonnamment attrayant, et qui permet de miser avec assez de confiance sur le fait que la marque Genesis ne semble pas pr\u00e8s de dispara\u00eetre du portrait automobile de sit\u00f4t.<\/p>\n<p>\u00a0<\/p>\n<p>\u00a0<\/p>\n<p>\u00a0<\/p>\n<p>\u00a0<\/p>\n<p>Le texte <a rel=\"nofollow\" href=\"https:\/\/annuelauto.ca\/genesis-gv70-3-5\/\">Genesis GV70 3.5<\/a> provient de <a rel=\"nofollow\" href=\"https:\/\/annuelauto.ca\">L&#8217;annuel de l&#8217;automobile &#8211; Actualit\u00e9 automobile<\/a><\/p>\n<p><\/p>\n","protected":false},"excerpt":{"rendered":"<p>Parce que la marque Genesis n\u2019est pas la plus connue du grand public, on peut se demander s\u2019ils sont nombreux ceux qui attendent avec impatience la mise en march\u00e9 de la version tout \u00e9lectrique du GV70. En fait, on peut m\u00eame se demander si les gens connaissent ce mod\u00e8le, un VUS interm\u00e9diaire qui est actuellement [&hellip;]<\/p>\n","protected":false},"author":8,"featured_media":160043,"comment_status":"close","ping_status":"closed","sticky":false,"template":"","format":"standard","meta":{"_monsterinsights_skip_tracking":false,"_monsterinsights_sitenote_active":false,"_monsterinsights_sitenote_note":"","_monsterinsights_sitenote_category":0,"footnotes":""},"categories":[101],"tags":[],"yoast_head":"<!-- This site is optimized with the Yoast SEO plugin v23.2 - https:\/\/yoast.com\/wordpress\/plugins\/seo\/ -->\n<title>Genesis GV70 3.5 - CanadaMotorJobs.com<\/title>\n<meta name=\"description\" content=\"Genesis GV70 3.5 - Benoit Charette - Annuel automobile - CanadaMotorJobs.com.\" \/>\n<meta name=\"robots\" content=\"index, follow, max-snippet:-1, max-image-preview:large, max-video-preview:-1\" \/>\n<meta property=\"og:locale\" content=\"fr_CA\" \/>\n<meta property=\"og:type\" content=\"article\" \/>\n<meta property=\"og:title\" content=\"Genesis GV70 3.5 - CanadaMotorJobs.com\" \/>\n<meta property=\"og:description\" content=\"Genesis GV70 3.5 - Benoit Charette - Annuel automobile - CanadaMotorJobs.com.\" \/>\n<meta property=\"og:url\" content=\"https:\/\/news.canadamotorjobs.com\/fr\/genesis-gv70-3-5\/\" \/>\n<meta property=\"og:site_name\" content=\"CanadaMotorJobs.com\" \/>\n<meta property=\"article:publisher\" content=\"https:\/\/www.facebook.com\/canadamotorjobs\/\" \/>\n<meta property=\"article:published_time\" content=\"2024-02-29T12:29:01+00:00\" \/>\n<meta property=\"article:modified_time\" content=\"2024-02-29T12:34:18+00:00\" \/>\n<meta property=\"og:image\" content=\"https:\/\/news.canadamotorjobs.com\/wp-content\/uploads\/2024\/02\/IMG_7633.jpg\" \/>\n\t<meta property=\"og:image:width\" content=\"1200\" \/>\n\t<meta property=\"og:image:height\" content=\"900\" \/>\n\t<meta property=\"og:image:type\" content=\"image\/jpeg\" \/>\n<meta name=\"author\" content=\"Benoit Charette\" \/>\n<meta name=\"twitter:card\" content=\"summary_large_image\" \/>\n<meta name=\"twitter:creator\" content=\"@canadamotorjobs\" \/>\n<meta name=\"twitter:site\" content=\"@canadamotorjobs\" \/>\n<meta name=\"twitter:label1\" content=\"\u00c9crit par\" \/>\n\t<meta name=\"twitter:data1\" content=\"Benoit Charette\" \/>\n\t<meta name=\"twitter:label2\" content=\"Estimation du temps de lecture\" \/>\n\t<meta name=\"twitter:data2\" content=\"4 minutes\" \/>\n<!-- \/ Yoast SEO plugin. -->","yoast_head_json":{"title":"Genesis GV70 3.5 - CanadaMotorJobs.com","description":"Genesis GV70 3.5 - Benoit Charette - Annuel automobile - CanadaMotorJobs.com.","robots":{"index":"index","follow":"follow","max-snippet":"max-snippet:-1","max-image-preview":"max-image-preview:large","max-video-preview":"max-video-preview:-1"},"og_locale":"fr_CA","og_type":"article","og_title":"Genesis GV70 3.5 - CanadaMotorJobs.com","og_description":"Genesis GV70 3.5 - Benoit Charette - Annuel automobile - CanadaMotorJobs.com.","og_url":"https:\/\/news.canadamotorjobs.com\/fr\/genesis-gv70-3-5\/","og_site_name":"CanadaMotorJobs.com","article_publisher":"https:\/\/www.facebook.com\/canadamotorjobs\/","article_published_time":"2024-02-29T12:29:01+00:00","article_modified_time":"2024-02-29T12:34:18+00:00","og_image":[{"width":1200,"height":900,"url":"https:\/\/news.canadamotorjobs.com\/wp-content\/uploads\/2024\/02\/IMG_7633.jpg","type":"image\/jpeg"}],"author":"Benoit Charette","twitter_card":"summary_large_image","twitter_creator":"@canadamotorjobs","twitter_site":"@canadamotorjobs","twitter_misc":{"\u00c9crit par":"Benoit Charette","Estimation du temps de lecture":"4 minutes"},"schema":{"@context":"https:\/\/schema.org","@graph":[{"@type":"Article","@id":"https:\/\/news.canadamotorjobs.com\/fr\/genesis-gv70-3-5\/#article","isPartOf":{"@id":"https:\/\/news.canadamotorjobs.com\/fr\/genesis-gv70-3-5\/"},"author":{"name":"Benoit Charette","@id":"https:\/\/news.canadamotorjobs.com\/#\/schema\/person\/51793d1f87d44011d7bcc2ed99269a90"},"headline":"Genesis GV70 3.5","datePublished":"2024-02-29T12:29:01+00:00","dateModified":"2024-02-29T12:34:18+00:00","mainEntityOfPage":{"@id":"https:\/\/news.canadamotorjobs.com\/fr\/genesis-gv70-3-5\/"},"wordCount":755,"publisher":{"@id":"https:\/\/news.canadamotorjobs.com\/#organization"},"image":{"@id":"https:\/\/news.canadamotorjobs.com\/fr\/genesis-gv70-3-5\/#primaryimage"},"thumbnailUrl":"https:\/\/news.canadamotorjobs.com\/wp-content\/uploads\/2024\/02\/IMG_7633.jpg","articleSection":["Annuel automobile"],"inLanguage":"fr-CA"},{"@type":"WebPage","@id":"https:\/\/news.canadamotorjobs.com\/fr\/genesis-gv70-3-5\/","url":"https:\/\/news.canadamotorjobs.com\/fr\/genesis-gv70-3-5\/","name":"Genesis GV70 3.5 - CanadaMotorJobs.com","isPartOf":{"@id":"https:\/\/news.canadamotorjobs.com\/#website"},"primaryImageOfPage":{"@id":"https:\/\/news.canadamotorjobs.com\/fr\/genesis-gv70-3-5\/#primaryimage"},"image":{"@id":"https:\/\/news.canadamotorjobs.com\/fr\/genesis-gv70-3-5\/#primaryimage"},"thumbnailUrl":"https:\/\/news.canadamotorjobs.com\/wp-content\/uploads\/2024\/02\/IMG_7633.jpg","datePublished":"2024-02-29T12:29:01+00:00","dateModified":"2024-02-29T12:34:18+00:00","description":"Genesis GV70 3.5 - Benoit Charette - Annuel automobile - CanadaMotorJobs.com.","breadcrumb":{"@id":"https:\/\/news.canadamotorjobs.com\/fr\/genesis-gv70-3-5\/#breadcrumb"},"inLanguage":"fr-CA","potentialAction":[{"@type":"ReadAction","target":["https:\/\/news.canadamotorjobs.com\/fr\/genesis-gv70-3-5\/"]}]},{"@type":"ImageObject","inLanguage":"fr-CA","@id":"https:\/\/news.canadamotorjobs.com\/fr\/genesis-gv70-3-5\/#primaryimage","url":"https:\/\/news.canadamotorjobs.com\/wp-content\/uploads\/2024\/02\/IMG_7633.jpg","contentUrl":"https:\/\/news.canadamotorjobs.com\/wp-content\/uploads\/2024\/02\/IMG_7633.jpg","width":1200,"height":900},{"@type":"BreadcrumbList","@id":"https:\/\/news.canadamotorjobs.com\/fr\/genesis-gv70-3-5\/#breadcrumb","itemListElement":[{"@type":"ListItem","position":1,"name":"Home","item":"https:\/\/news.canadamotorjobs.com\/fr\/blog\/"},{"@type":"ListItem","position":2,"name":"Genesis GV70 3.5"}]},{"@type":"WebSite","@id":"https:\/\/news.canadamotorjobs.com\/#website","url":"https:\/\/news.canadamotorjobs.com\/","name":"CanadaMotorJobs.com","description":"Automotive Jobs","publisher":{"@id":"https:\/\/news.canadamotorjobs.com\/#organization"},"potentialAction":[{"@type":"SearchAction","target":{"@type":"EntryPoint","urlTemplate":"https:\/\/news.canadamotorjobs.com\/?s={search_term_string}"},"query-input":"required name=search_term_string"}],"inLanguage":"fr-CA"},{"@type":"Organization","@id":"https:\/\/news.canadamotorjobs.com\/#organization","name":"Canada Motor Jobs","url":"https:\/\/news.canadamotorjobs.com\/","logo":{"@type":"ImageObject","inLanguage":"fr-CA","@id":"https:\/\/news.canadamotorjobs.com\/#\/schema\/logo\/image\/","url":"https:\/\/news.canadamotorjobs.com\/wp-content\/uploads\/2022\/10\/logo-canada-motor-jobs-1.png","contentUrl":"https:\/\/news.canadamotorjobs.com\/wp-content\/uploads\/2022\/10\/logo-canada-motor-jobs-1.png","width":800,"height":400,"caption":"Canada Motor Jobs"},"image":{"@id":"https:\/\/news.canadamotorjobs.com\/#\/schema\/logo\/image\/"},"sameAs":["https:\/\/www.facebook.com\/canadamotorjobs\/","https:\/\/x.com\/canadamotorjobs","https:\/\/www.instagram.com\/canadamotorjobs\/","https:\/\/www.linkedin.com\/company\/canadamotorjobs"]},{"@type":"Person","@id":"https:\/\/news.canadamotorjobs.com\/#\/schema\/person\/51793d1f87d44011d7bcc2ed99269a90","name":"Benoit Charette","image":{"@type":"ImageObject","inLanguage":"fr-CA","@id":"https:\/\/news.canadamotorjobs.com\/#\/schema\/person\/image\/","url":"https:\/\/secure.gravatar.com\/avatar\/45f3d2eebcccd909668d7ce7ea7267b6?s=96&d=mm&r=g","contentUrl":"https:\/\/secure.gravatar.com\/avatar\/45f3d2eebcccd909668d7ce7ea7267b6?s=96&d=mm&r=g","caption":"Benoit Charette"},"description":"Benoit Charette \/ Propri\u00e9taire et r\u00e9dacteur en chef Benoit Charette pratique le journalisme automobile depuis bient\u00f4t 30 ans. Il a fait ses classes au c\u00f4t\u00e9 de Daniel H\u00e9raud et au Carnet de route de 1992 \u00e0 2001. Il est fondateur, copropri\u00e9taire et r\u00e9dacteur en chef de L\u2019Annuel de l\u2019automobile, qu\u2019il publie depuis 2001. Il a anim\u00e9 les \u00e9missions RPM et RPM+ sur V et les L\u00e9gendes de la route sur Historia. \u00c0 la radio depuis 1986, il reprend l\u2019antenne cette ann\u00e9e sur les ondes de Cogeco et participe pour la deuxi\u00e8me ann\u00e9e \u00e0 l\u2019\u00e9mission Passion Auto sur RDS en plus de mettre en ligne le site Web officiel de L\u2019Annuel de l\u2019automobile sur annuelauto.ca.","sameAs":["https:\/\/annuelauto.ca\/"],"url":"https:\/\/news.canadamotorjobs.com\/fr\/author\/benoit-charette\/"}]}},"_links":{"self":[{"href":"https:\/\/news.canadamotorjobs.com\/fr\/wp-json\/wp\/v2\/posts\/160041"}],"collection":[{"href":"https:\/\/news.canadamotorjobs.com\/fr\/wp-json\/wp\/v2\/posts"}],"about":[{"href":"https:\/\/news.canadamotorjobs.com\/fr\/wp-json\/wp\/v2\/types\/post"}],"author":[{"embeddable":true,"href":"https:\/\/news.canadamotorjobs.com\/fr\/wp-json\/wp\/v2\/users\/8"}],"replies":[{"embeddable":true,"href":"https:\/\/news.canadamotorjobs.com\/fr\/wp-json\/wp\/v2\/comments?post=160041"}],"version-history":[{"count":2,"href":"https:\/\/news.canadamotorjobs.com\/fr\/wp-json\/wp\/v2\/posts\/160041\/revisions"}],"predecessor-version":[{"id":160045,"href":"https:\/\/news.canadamotorjobs.com\/fr\/wp-json\/wp\/v2\/posts\/160041\/revisions\/160045"}],"wp:featuredmedia":[{"embeddable":true,"href":"https:\/\/news.canadamotorjobs.com\/fr\/wp-json\/wp\/v2\/media\/160043"}],"wp:attachment":[{"href":"https:\/\/news.canadamotorjobs.com\/fr\/wp-json\/wp\/v2\/media?parent=160041"}],"wp:term":[{"taxonomy":"category","embeddable":true,"href":"https:\/\/news.canadamotorjobs.com\/fr\/wp-json\/wp\/v2\/categories?post=160041"},{"taxonomy":"post_tag","embeddable":true,"href":"https:\/\/news.canadamotorjobs.com\/fr\/wp-json\/wp\/v2\/tags?post=160041"}],"curies":[{"name":"wp","href":"https:\/\/api.w.org\/{rel}","templated":true}]}}