{"id":160022,"date":"2024-02-28T20:13:14","date_gmt":"2024-02-29T01:13:14","guid":{"rendered":"https:\/\/news.canadamotorjobs.com\/?p=160022"},"modified":"2024-02-28T20:28:52","modified_gmt":"2024-02-29T01:28:52","slug":"ferrari-celebrera-les-40-ans-de-la-gto-avec-une-tournee-dans-les-dolomites","status":"publish","type":"post","link":"https:\/\/news.canadamotorjobs.com\/fr\/ferrari-celebrera-les-40-ans-de-la-gto-avec-une-tournee-dans-les-dolomites\/","title":{"rendered":"Ferrari c\u00e9l\u00e9brera les 40 ans de la GTO avec une tourn\u00e9e dans les Dolomites"},"content":{"rendered":"<\/p>\n<p>Quarante ans apr\u00e8s le d\u00e9voilement de la Ferrari GTO au Salon de l\u2019auto de Gen\u00e8ve, le constructeur de Maranello pr\u00e9pare pour sa client\u00e8le \u00e0 un \u00e9v\u00e9nement sp\u00e9cial destin\u00e9 \u00e0 souligner le 40e\u00a0anniversaire de ce qui fut la premi\u00e8re supervoiture du Cheval cabr\u00e9.<\/p>\n<p>Pour l\u2019occasion, les propri\u00e9taires de cette imposante biplace sont invit\u00e9s \u00e0 prendre part \u00e0 la \u00ab\u00a0Tourn\u00e9e h\u00e9ritage GTO\u00a0\u00bb. Activit\u00e9 de nature \u00e9minemment touristique, cette tourn\u00e9e organis\u00e9e en Italie aura lieu du 1er au 5\u00a0octobre prochains. Elle d\u00e9butera dans le Val\u00a0Rendena, dans le Trentin, pour mener les participants vers les superbes cols et les paysages \u00e0 couper le souffle du massif montagneux des Dolomites, une toile de fond id\u00e9ale pour ces bolides.<\/p>\n<p>Le parcours se terminera \u00e0 Maranello o\u00f9 les participants pourront rencontrer des membres de l\u2019\u00e9quipe originale ayant travaill\u00e9 au d\u00e9veloppement de la GTO. Peut-\u00eatre apprendront-ils quelques petits secrets au sujet de leur monture, qui sait\u00a0?<\/p>\n<p>Leurs GTO seront ensuite expos\u00e9es \u00e0 l\u2019int\u00e9rieur de l\u2019usine avant que cette tourn\u00e9e ne prenne fin par une parade sur le circuit de Fiorano.<\/p>\n<p>Rappelons que la Ferrari GTO a \u00e9t\u00e9 une vedette de la 54e \u00e9dition du Salon de Gen\u00e8ve, en mars 1984. Tr\u00e8s t\u00f4t, les sp\u00e9cialistes comme le grand public ont autant son puissant V8 multisoupape biturbo de 2,8 L (d\u2019o\u00f9 la d\u00e9signation num\u00e9rique \u00ab 288 \u00bb que Ferrari dit officieuse et qui associe la cylindr\u00e9e et le nombre de cylindres du moteur).<\/p>\n<p>Fabriqu\u00e9e en mat\u00e9riaux composites (fibre de carbone, Kevlar et Nomex, sa carrosserie esquiss\u00e9e par Pininfarina rappelle celle de la 308\u00a0GTB. Par contre, les trois prises d\u2019air qui flanquent les ailes arri\u00e8re pour \u00e9voquer les ou\u00efes d\u2019un requin \u00e9voquent, quant \u00e0 elles, la 250\u00a0GTO du d\u00e9but des ann\u00e9es 60, dont elle reprend l\u2019acronyme GTO (pour <em>Gran Turismo Omologato<\/em>).<\/p>\n<p>\u00c0 l\u2019origine, Ferrari ne devrait fabriquer que 200 exemplaires de cette voiture pour r\u00e9pondre aux besoins de l\u2019homologation pour les courses de Groupe\u00a0B du Championnat du monde des voitures de sport. Ironie du sort, cette cat\u00e9gorie sera \u00e9limin\u00e9e du championnat en 1986. Cela n\u2019emp\u00eachera pas la GTO de conna\u00eetre un grand succ\u00e8s dans son cr\u00e9neau, si bien que le constructeur en livrera finalement 272 avant de la remplacer avec la F40, en 1987.<\/p>\n<p>Offerte \u00e0 partir d\u2019environ 115\u00a0000\u00a0$ (83\u00a0400\u00a0$\u00a0US chez nos voisins du sud), la valeur actuelle d\u2019une GTO en \u00e9tat \u00ab\u00a0concours\u00a0\u00bb gravite autour de 5,5 millions de dollars, selon la compagnie d\u2019assurance Hagerty.<\/p>\n<p><em>Photos : Ferrari<\/em><\/p>\n<p>Le texte <a rel=\"nofollow\" href=\"https:\/\/annuelauto.ca\/ferrari-celebrera-les-40-ans-de-la-gto-avec-une-tournee-dans-les-dolomites\/\">Ferrari c\u00e9l\u00e9brera les 40 ans de la GTO avec une tourn\u00e9e dans les Dolomites<\/a> provient de <a rel=\"nofollow\" href=\"https:\/\/annuelauto.ca\">L&#8217;annuel de l&#8217;automobile &#8211; Actualit\u00e9 automobile<\/a><\/p>\n<p><\/p>\n","protected":false},"excerpt":{"rendered":"<p>Quarante ans apr\u00e8s le d\u00e9voilement de la Ferrari GTO au Salon de l\u2019auto de Gen\u00e8ve, le constructeur de Maranello pr\u00e9pare pour sa client\u00e8le \u00e0 un \u00e9v\u00e9nement sp\u00e9cial destin\u00e9 \u00e0 souligner le 40e\u00a0anniversaire de ce qui fut la premi\u00e8re supervoiture du Cheval cabr\u00e9. Pour l\u2019occasion, les propri\u00e9taires de cette imposante biplace sont invit\u00e9s \u00e0 prendre part [&hellip;]<\/p>\n","protected":false},"author":8,"featured_media":160024,"comment_status":"close","ping_status":"closed","sticky":false,"template":"","format":"standard","meta":{"_monsterinsights_skip_tracking":false,"_monsterinsights_sitenote_active":false,"_monsterinsights_sitenote_note":"","_monsterinsights_sitenote_category":0,"footnotes":""},"categories":[101],"tags":[],"yoast_head":"<!-- This site is optimized with the Yoast SEO plugin v23.2 - https:\/\/yoast.com\/wordpress\/plugins\/seo\/ -->\n<title>Ferrari c\u00e9l\u00e9brera les 40 ans de la GTO avec une tourn\u00e9e dans les Dolomites - CanadaMotorJobs.com<\/title>\n<meta name=\"description\" content=\"Ferrari c\u00e9l\u00e9brera les 40 ans de la GTO avec une tourn\u00e9e dans les Dolomites - Benoit Charette - Annuel automobile - CanadaMotorJobs.com.\" \/>\n<meta name=\"robots\" content=\"index, follow, max-snippet:-1, max-image-preview:large, max-video-preview:-1\" \/>\n<meta property=\"og:locale\" content=\"fr_CA\" \/>\n<meta property=\"og:type\" content=\"article\" \/>\n<meta property=\"og:title\" content=\"Ferrari c\u00e9l\u00e9brera les 40 ans de la GTO avec une tourn\u00e9e dans les Dolomites - CanadaMotorJobs.com\" \/>\n<meta property=\"og:description\" content=\"Ferrari c\u00e9l\u00e9brera les 40 ans de la GTO avec une tourn\u00e9e dans les Dolomites - Benoit Charette - Annuel automobile - CanadaMotorJobs.com.\" \/>\n<meta property=\"og:url\" content=\"https:\/\/news.canadamotorjobs.com\/fr\/ferrari-celebrera-les-40-ans-de-la-gto-avec-une-tournee-dans-les-dolomites\/\" \/>\n<meta property=\"og:site_name\" content=\"CanadaMotorJobs.com\" \/>\n<meta property=\"article:publisher\" content=\"https:\/\/www.facebook.com\/canadamotorjobs\/\" \/>\n<meta property=\"article:published_time\" content=\"2024-02-29T01:13:14+00:00\" \/>\n<meta property=\"article:modified_time\" content=\"2024-02-29T01:28:52+00:00\" \/>\n<meta property=\"og:image\" content=\"https:\/\/news.canadamotorjobs.com\/wp-content\/uploads\/2024\/02\/Ferrari-288-GTO-1984_1.jpg\" \/>\n\t<meta property=\"og:image:width\" content=\"1024\" \/>\n\t<meta property=\"og:image:height\" content=\"683\" \/>\n\t<meta property=\"og:image:type\" content=\"image\/jpeg\" \/>\n<meta name=\"author\" content=\"Benoit Charette\" \/>\n<meta name=\"twitter:card\" content=\"summary_large_image\" \/>\n<meta name=\"twitter:creator\" content=\"@canadamotorjobs\" \/>\n<meta name=\"twitter:site\" content=\"@canadamotorjobs\" \/>\n<meta name=\"twitter:label1\" content=\"\u00c9crit par\" \/>\n\t<meta name=\"twitter:data1\" content=\"Benoit Charette\" \/>\n\t<meta name=\"twitter:label2\" content=\"Estimation du temps de lecture\" \/>\n\t<meta name=\"twitter:data2\" content=\"2 minutes\" \/>\n<!-- \/ Yoast SEO plugin. -->","yoast_head_json":{"title":"Ferrari c\u00e9l\u00e9brera les 40 ans de la GTO avec une tourn\u00e9e dans les Dolomites - CanadaMotorJobs.com","description":"Ferrari c\u00e9l\u00e9brera les 40 ans de la GTO avec une tourn\u00e9e dans les Dolomites - Benoit Charette - Annuel automobile - CanadaMotorJobs.com.","robots":{"index":"index","follow":"follow","max-snippet":"max-snippet:-1","max-image-preview":"max-image-preview:large","max-video-preview":"max-video-preview:-1"},"og_locale":"fr_CA","og_type":"article","og_title":"Ferrari c\u00e9l\u00e9brera les 40 ans de la GTO avec une tourn\u00e9e dans les Dolomites - CanadaMotorJobs.com","og_description":"Ferrari c\u00e9l\u00e9brera les 40 ans de la GTO avec une tourn\u00e9e dans les Dolomites - Benoit Charette - Annuel automobile - CanadaMotorJobs.com.","og_url":"https:\/\/news.canadamotorjobs.com\/fr\/ferrari-celebrera-les-40-ans-de-la-gto-avec-une-tournee-dans-les-dolomites\/","og_site_name":"CanadaMotorJobs.com","article_publisher":"https:\/\/www.facebook.com\/canadamotorjobs\/","article_published_time":"2024-02-29T01:13:14+00:00","article_modified_time":"2024-02-29T01:28:52+00:00","og_image":[{"width":1024,"height":683,"url":"https:\/\/news.canadamotorjobs.com\/wp-content\/uploads\/2024\/02\/Ferrari-288-GTO-1984_1.jpg","type":"image\/jpeg"}],"author":"Benoit Charette","twitter_card":"summary_large_image","twitter_creator":"@canadamotorjobs","twitter_site":"@canadamotorjobs","twitter_misc":{"\u00c9crit par":"Benoit Charette","Estimation du temps de lecture":"2 minutes"},"schema":{"@context":"https:\/\/schema.org","@graph":[{"@type":"Article","@id":"https:\/\/news.canadamotorjobs.com\/fr\/ferrari-celebrera-les-40-ans-de-la-gto-avec-une-tournee-dans-les-dolomites\/#article","isPartOf":{"@id":"https:\/\/news.canadamotorjobs.com\/fr\/ferrari-celebrera-les-40-ans-de-la-gto-avec-une-tournee-dans-les-dolomites\/"},"author":{"name":"Benoit Charette","@id":"https:\/\/news.canadamotorjobs.com\/#\/schema\/person\/51793d1f87d44011d7bcc2ed99269a90"},"headline":"Ferrari c\u00e9l\u00e9brera les 40 ans de la GTO avec une tourn\u00e9e dans les Dolomites","datePublished":"2024-02-29T01:13:14+00:00","dateModified":"2024-02-29T01:28:52+00:00","mainEntityOfPage":{"@id":"https:\/\/news.canadamotorjobs.com\/fr\/ferrari-celebrera-les-40-ans-de-la-gto-avec-une-tournee-dans-les-dolomites\/"},"wordCount":478,"publisher":{"@id":"https:\/\/news.canadamotorjobs.com\/#organization"},"image":{"@id":"https:\/\/news.canadamotorjobs.com\/fr\/ferrari-celebrera-les-40-ans-de-la-gto-avec-une-tournee-dans-les-dolomites\/#primaryimage"},"thumbnailUrl":"https:\/\/news.canadamotorjobs.com\/wp-content\/uploads\/2024\/02\/Ferrari-288-GTO-1984_1.jpg","articleSection":["Annuel automobile"],"inLanguage":"fr-CA"},{"@type":"WebPage","@id":"https:\/\/news.canadamotorjobs.com\/fr\/ferrari-celebrera-les-40-ans-de-la-gto-avec-une-tournee-dans-les-dolomites\/","url":"https:\/\/news.canadamotorjobs.com\/fr\/ferrari-celebrera-les-40-ans-de-la-gto-avec-une-tournee-dans-les-dolomites\/","name":"Ferrari c\u00e9l\u00e9brera les 40 ans de la GTO avec une tourn\u00e9e dans les Dolomites - CanadaMotorJobs.com","isPartOf":{"@id":"https:\/\/news.canadamotorjobs.com\/#website"},"primaryImageOfPage":{"@id":"https:\/\/news.canadamotorjobs.com\/fr\/ferrari-celebrera-les-40-ans-de-la-gto-avec-une-tournee-dans-les-dolomites\/#primaryimage"},"image":{"@id":"https:\/\/news.canadamotorjobs.com\/fr\/ferrari-celebrera-les-40-ans-de-la-gto-avec-une-tournee-dans-les-dolomites\/#primaryimage"},"thumbnailUrl":"https:\/\/news.canadamotorjobs.com\/wp-content\/uploads\/2024\/02\/Ferrari-288-GTO-1984_1.jpg","datePublished":"2024-02-29T01:13:14+00:00","dateModified":"2024-02-29T01:28:52+00:00","description":"Ferrari c\u00e9l\u00e9brera les 40 ans de la GTO avec une tourn\u00e9e dans les Dolomites - Benoit Charette - Annuel automobile - CanadaMotorJobs.com.","breadcrumb":{"@id":"https:\/\/news.canadamotorjobs.com\/fr\/ferrari-celebrera-les-40-ans-de-la-gto-avec-une-tournee-dans-les-dolomites\/#breadcrumb"},"inLanguage":"fr-CA","potentialAction":[{"@type":"ReadAction","target":["https:\/\/news.canadamotorjobs.com\/fr\/ferrari-celebrera-les-40-ans-de-la-gto-avec-une-tournee-dans-les-dolomites\/"]}]},{"@type":"ImageObject","inLanguage":"fr-CA","@id":"https:\/\/news.canadamotorjobs.com\/fr\/ferrari-celebrera-les-40-ans-de-la-gto-avec-une-tournee-dans-les-dolomites\/#primaryimage","url":"https:\/\/news.canadamotorjobs.com\/wp-content\/uploads\/2024\/02\/Ferrari-288-GTO-1984_1.jpg","contentUrl":"https:\/\/news.canadamotorjobs.com\/wp-content\/uploads\/2024\/02\/Ferrari-288-GTO-1984_1.jpg","width":1024,"height":683},{"@type":"BreadcrumbList","@id":"https:\/\/news.canadamotorjobs.com\/fr\/ferrari-celebrera-les-40-ans-de-la-gto-avec-une-tournee-dans-les-dolomites\/#breadcrumb","itemListElement":[{"@type":"ListItem","position":1,"name":"Home","item":"https:\/\/news.canadamotorjobs.com\/fr\/blog\/"},{"@type":"ListItem","position":2,"name":"Ferrari c\u00e9l\u00e9brera les 40 ans de la GTO avec une tourn\u00e9e dans les Dolomites"}]},{"@type":"WebSite","@id":"https:\/\/news.canadamotorjobs.com\/#website","url":"https:\/\/news.canadamotorjobs.com\/","name":"CanadaMotorJobs.com","description":"Automotive Jobs","publisher":{"@id":"https:\/\/news.canadamotorjobs.com\/#organization"},"potentialAction":[{"@type":"SearchAction","target":{"@type":"EntryPoint","urlTemplate":"https:\/\/news.canadamotorjobs.com\/?s={search_term_string}"},"query-input":"required name=search_term_string"}],"inLanguage":"fr-CA"},{"@type":"Organization","@id":"https:\/\/news.canadamotorjobs.com\/#organization","name":"Canada Motor Jobs","url":"https:\/\/news.canadamotorjobs.com\/","logo":{"@type":"ImageObject","inLanguage":"fr-CA","@id":"https:\/\/news.canadamotorjobs.com\/#\/schema\/logo\/image\/","url":"https:\/\/news.canadamotorjobs.com\/wp-content\/uploads\/2022\/10\/logo-canada-motor-jobs-1.png","contentUrl":"https:\/\/news.canadamotorjobs.com\/wp-content\/uploads\/2022\/10\/logo-canada-motor-jobs-1.png","width":800,"height":400,"caption":"Canada Motor Jobs"},"image":{"@id":"https:\/\/news.canadamotorjobs.com\/#\/schema\/logo\/image\/"},"sameAs":["https:\/\/www.facebook.com\/canadamotorjobs\/","https:\/\/x.com\/canadamotorjobs","https:\/\/www.instagram.com\/canadamotorjobs\/","https:\/\/www.linkedin.com\/company\/canadamotorjobs"]},{"@type":"Person","@id":"https:\/\/news.canadamotorjobs.com\/#\/schema\/person\/51793d1f87d44011d7bcc2ed99269a90","name":"Benoit Charette","image":{"@type":"ImageObject","inLanguage":"fr-CA","@id":"https:\/\/news.canadamotorjobs.com\/#\/schema\/person\/image\/","url":"https:\/\/secure.gravatar.com\/avatar\/45f3d2eebcccd909668d7ce7ea7267b6?s=96&d=mm&r=g","contentUrl":"https:\/\/secure.gravatar.com\/avatar\/45f3d2eebcccd909668d7ce7ea7267b6?s=96&d=mm&r=g","caption":"Benoit Charette"},"description":"Benoit Charette \/ Propri\u00e9taire et r\u00e9dacteur en chef Benoit Charette pratique le journalisme automobile depuis bient\u00f4t 30 ans. Il a fait ses classes au c\u00f4t\u00e9 de Daniel H\u00e9raud et au Carnet de route de 1992 \u00e0 2001. Il est fondateur, copropri\u00e9taire et r\u00e9dacteur en chef de L\u2019Annuel de l\u2019automobile, qu\u2019il publie depuis 2001. Il a anim\u00e9 les \u00e9missions RPM et RPM+ sur V et les L\u00e9gendes de la route sur Historia. \u00c0 la radio depuis 1986, il reprend l\u2019antenne cette ann\u00e9e sur les ondes de Cogeco et participe pour la deuxi\u00e8me ann\u00e9e \u00e0 l\u2019\u00e9mission Passion Auto sur RDS en plus de mettre en ligne le site Web officiel de L\u2019Annuel de l\u2019automobile sur annuelauto.ca.","sameAs":["https:\/\/annuelauto.ca\/"],"url":"https:\/\/news.canadamotorjobs.com\/fr\/author\/benoit-charette\/"}]}},"_links":{"self":[{"href":"https:\/\/news.canadamotorjobs.com\/fr\/wp-json\/wp\/v2\/posts\/160022"}],"collection":[{"href":"https:\/\/news.canadamotorjobs.com\/fr\/wp-json\/wp\/v2\/posts"}],"about":[{"href":"https:\/\/news.canadamotorjobs.com\/fr\/wp-json\/wp\/v2\/types\/post"}],"author":[{"embeddable":true,"href":"https:\/\/news.canadamotorjobs.com\/fr\/wp-json\/wp\/v2\/users\/8"}],"replies":[{"embeddable":true,"href":"https:\/\/news.canadamotorjobs.com\/fr\/wp-json\/wp\/v2\/comments?post=160022"}],"version-history":[{"count":2,"href":"https:\/\/news.canadamotorjobs.com\/fr\/wp-json\/wp\/v2\/posts\/160022\/revisions"}],"predecessor-version":[{"id":160026,"href":"https:\/\/news.canadamotorjobs.com\/fr\/wp-json\/wp\/v2\/posts\/160022\/revisions\/160026"}],"wp:featuredmedia":[{"embeddable":true,"href":"https:\/\/news.canadamotorjobs.com\/fr\/wp-json\/wp\/v2\/media\/160024"}],"wp:attachment":[{"href":"https:\/\/news.canadamotorjobs.com\/fr\/wp-json\/wp\/v2\/media?parent=160022"}],"wp:term":[{"taxonomy":"category","embeddable":true,"href":"https:\/\/news.canadamotorjobs.com\/fr\/wp-json\/wp\/v2\/categories?post=160022"},{"taxonomy":"post_tag","embeddable":true,"href":"https:\/\/news.canadamotorjobs.com\/fr\/wp-json\/wp\/v2\/tags?post=160022"}],"curies":[{"name":"wp","href":"https:\/\/api.w.org\/{rel}","templated":true}]}}