{"id":159995,"date":"2024-02-28T09:45:07","date_gmt":"2024-02-28T14:45:07","guid":{"rendered":"https:\/\/news.canadamotorjobs.com\/?p=159995"},"modified":"2024-02-28T09:59:12","modified_gmt":"2024-02-28T14:59:12","slug":"retour-sur-scene-du-bmw-x2-en-2024","status":"publish","type":"post","link":"https:\/\/news.canadamotorjobs.com\/fr\/retour-sur-scene-du-bmw-x2-en-2024\/","title":{"rendered":"Retour sur sc\u00e8ne du BMW X2 en 2024"},"content":{"rendered":"<\/p>\n<p>En 2019, surgissait la premi\u00e8re incarnation du X2. Cependant, lors du renouveau du X1 en 2022, le X2 fut rel\u00e9gu\u00e9 aux oubliettes. Une r\u00e9surrection s&#8217;op\u00e8re en 2024, avec une r\u00e9vision stylistique assum\u00e9e, mais teint\u00e9e d&#8217;un soup\u00e7on de nostalgie.<\/p>\n<h3><em>Rentr\u00e9 dans les rangs<\/em><\/h3>\n<p>\nLe X2, initialement arborant une allure de familiale audacieuse, s&#8217;incline d\u00e9sormais vers une esth\u00e9tique conventionnelle, empruntant des traits compacts aux mod\u00e8les X4 et X6. Une \u00e9volution qui, bien que ma\u00eetris\u00e9e, suscite chez nous une nuance de regret envers la cr\u00e9ativit\u00e9 pass\u00e9e de BMW. Ce style d\u00e9coule de l\u2019envie <em>de<\/em> satisfaire une client\u00e8le assoiff\u00e9e d&#8217;espace m\u00eame dans les dimensions modestes. BMW offre un X2 revisit\u00e9 aux proportions plus g\u00e9n\u00e9reuses. L&#8217;agressivit\u00e9 de sa silhouette, le profil \u00e9lanc\u00e9, et la m\u00e9tamorphose du style &#8220;station-wagon&#8221; en un mod\u00e8le coup\u00e9 conf\u00e8rent une po\u00e9sie visuelle. Des options telles que des jantes de 21 pouces accentuent le charme sportif, mais le spectre des mod\u00e8les X pairs plane toujours.<\/p>\n<h3><em>Une approche plus techno<\/em><\/h3>\n<p>\nPuisant inspiration du iX2 \u00e9lectrique (absent au Canada), l&#8217;int\u00e9rieur du X2 2024 adopte une symphonie d&#8217;innovations technologiques. Un tableau de bord mince, une console horizontale \u00e9l\u00e9gante, et quatre choix de garnitures int\u00e9rieures cr\u00e9ent une m\u00e9lodie haut de gamme. L&#8217;\u00e9cran num\u00e9rique remplace les \u00e9l\u00e9ments du pass\u00e9, offrant un espace accru pour les occupants. Les si\u00e8ges repliables, les options de d\u00e9marrage \u00e0 distance et de si\u00e8ges chauffants ajoutent des notes de confort. Chaque X2 embarque un tableau de bord incurv\u00e9 avec des \u00e9crans d\u00e9di\u00e9s aux instruments et aux commandes multim\u00e9dias. La \u00a0symphonie technologique s&#8217;adapte \u00e0 chaque mode de conduite, avec le soutien sans fil d&#8217;Apple CarPlay et Android Auto. Les \u00e9l\u00e9ments de s\u00e9curit\u00e9, tels que le freinage d&#8217;urgence automatis\u00e9 et l&#8217;alerte de sortie de voie, offrent une protection m\u00e9lodique.<\/p>\n<h3>Sous le capot<\/h3>\n<p>\nDeux mod\u00e8les sont offerts au Canada, le X2 xDrive28i et le X2 M35i xDrive. Les deux offrent une transmission int\u00e9grale et une bo\u00eete automatique \u00e0 double embrayage \u00e0 huits rapports. La personnalisation s&#8217;exprime \u00e0 travers des options telles que le vert Tampa Bay givr\u00e9 (notre mod\u00e8le d\u2019essai) qui sera factur\u00e9 \u00e0 6\u00a0000$, l&#8217;ensemble Premium, le groupe M Sport Pro, ou le groupe de conduite avanc\u00e9e. Les deux mod\u00e8les partagent un moteur 4 cylindres 2,0 litres turbo, offrant des performances \u00e9nergiques. Le X2 xDrive28i, avec 241 chevaux, atteint 100 km\/h en 6,5 secondes. La version M35i xDrive, plus fougueuse avec 312 chevaux, danse vers les 100 km\/h en 5,4 secondes. Une m\u00e9canique plus athl\u00e9tique se r\u00e9v\u00e8le avec des freins Brembo, une suspension sport, et des pneus d&#8217;\u00e9t\u00e9 haute performance.<\/p>\n<h3><em>Conduite <\/em><\/h3>\n<p>\nAu volant du M35i xDrive, la r\u00e9alit\u00e9 de conduire un VUS s\u2019estompe. Les pneus Pirelli P Zero de 21 pouces et le groupe performance insufflent une \u00e9nergie qui dompte les virages sans h\u00e9sitation. La pr\u00e9cision de la direction et la l\u00e9g\u00e8re diff\u00e9rence de poids entre les deux versions n&#8217;alt\u00e8rent en rien l&#8217;exp\u00e9rience de conduite. La suspension, ferme mais tol\u00e9rable en mode confort, r\u00e9sonne diff\u00e9remment en mode sport, exigeant une route impeccable. Malgr\u00e9 un poids de 1742 kg pour notre mod\u00e8le \u00e0 l\u2019essai, le X2 d\u00e9montre de fortes habilet\u00e9s sur la route et ne fait pas mentir ses g\u00eanes de routi\u00e8res allemande.<\/p>\n<h3>Le prix<\/h3>\n<p>\nLe xDrive28i d\u00e9bute \u00e0 48 800 $, le M35i xDrive \u00e0 59 400 $. Les options, telles que le vert Tampa Bay givr\u00e9 (une bagatelle \u00e0 6 000 $), l&#8217;ensemble Premium, le groupe M Sport Pro, et le groupe de conduite avanc\u00e9e, composent la partition finale du mod\u00e8le \u00e0 l&#8217;essai, atteignant une m\u00e9lodieuse somme de 75 900 $. Un montant qui demande r\u00e9flexion consid\u00e9rant le format de ce VUS.<\/p>\n<h3>Conclusion<\/h3>\n<p>\nBMW harmonise habilement la praticit\u00e9 et le plaisir dans le X2 2024. Cependant, la conformit\u00e9 visuelle laisse une note de d\u00e9ception. L&#8217;arriv\u00e9e chez les concessionnaires en mars 2024 promet une nouvelle ballade, mais nous interrogeons toujours les choix esth\u00e9tiques des concepteurs. La cr\u00e9ativit\u00e9 doit parfois transcender pour atteindre l&#8217;exaltation.<\/p>\n<h3>Forces<\/h3>\n<p>\nM\u00e9caniques nerveuses<\/p>\n<p>Espace cargom plus g\u00e9n\u00e9reux<\/p>\n<p>Technologie de pointe<\/p>\n<h3>Faiblesses<\/h3>\n<p>\nEspace limit\u00e9 pour les jambes \u00e0 l\u2019arri\u00e8re<\/p>\n<p>Infodivertissement complexe<\/p>\n<p>Toujours une tonne d\u2019options<\/p>\n<p>Le nouveau X2 est plus laid que l\u2019ancien<\/p>\n<p>\u00a0<\/p>\n<p>Le texte <a rel=\"nofollow\" href=\"https:\/\/annuelauto.ca\/retour-sur-scene-du-bmw-x2-en-2024\/\">Retour sur sc\u00e8ne du BMW X2 en 2024<\/a> provient de <a rel=\"nofollow\" href=\"https:\/\/annuelauto.ca\">L&#8217;annuel de l&#8217;automobile &#8211; Actualit\u00e9 automobile<\/a><\/p>\n<p><\/p>\n","protected":false},"excerpt":{"rendered":"<p>En 2019, surgissait la premi\u00e8re incarnation du X2. Cependant, lors du renouveau du X1 en 2022, le X2 fut rel\u00e9gu\u00e9 aux oubliettes. Une r\u00e9surrection s&#8217;op\u00e8re en 2024, avec une r\u00e9vision stylistique assum\u00e9e, mais teint\u00e9e d&#8217;un soup\u00e7on de nostalgie. Rentr\u00e9 dans les rangs Le X2, initialement arborant une allure de familiale audacieuse, s&#8217;incline d\u00e9sormais vers une [&hellip;]<\/p>\n","protected":false},"author":8,"featured_media":159997,"comment_status":"close","ping_status":"closed","sticky":false,"template":"","format":"standard","meta":{"_monsterinsights_skip_tracking":false,"_monsterinsights_sitenote_active":false,"_monsterinsights_sitenote_note":"","_monsterinsights_sitenote_category":0,"footnotes":""},"categories":[101],"tags":[],"yoast_head":"<!-- This site is optimized with the Yoast SEO plugin v23.2 - https:\/\/yoast.com\/wordpress\/plugins\/seo\/ -->\n<title>Retour sur sc\u00e8ne du BMW X2 en 2024 - CanadaMotorJobs.com<\/title>\n<meta name=\"description\" content=\"Retour sur sc\u00e8ne du BMW X2 en 2024 - Benoit Charette - Annuel automobile - CanadaMotorJobs.com.\" \/>\n<meta name=\"robots\" content=\"index, follow, max-snippet:-1, max-image-preview:large, max-video-preview:-1\" \/>\n<meta property=\"og:locale\" content=\"fr_CA\" \/>\n<meta property=\"og:type\" content=\"article\" \/>\n<meta property=\"og:title\" content=\"Retour sur sc\u00e8ne du BMW X2 en 2024 - CanadaMotorJobs.com\" \/>\n<meta property=\"og:description\" content=\"Retour sur sc\u00e8ne du BMW X2 en 2024 - Benoit Charette - Annuel automobile - CanadaMotorJobs.com.\" \/>\n<meta property=\"og:url\" content=\"https:\/\/news.canadamotorjobs.com\/fr\/retour-sur-scene-du-bmw-x2-en-2024\/\" \/>\n<meta property=\"og:site_name\" content=\"CanadaMotorJobs.com\" \/>\n<meta property=\"article:publisher\" content=\"https:\/\/www.facebook.com\/canadamotorjobs\/\" \/>\n<meta property=\"article:published_time\" content=\"2024-02-28T14:45:07+00:00\" \/>\n<meta property=\"article:modified_time\" content=\"2024-02-28T14:59:12+00:00\" \/>\n<meta property=\"og:image\" content=\"https:\/\/news.canadamotorjobs.com\/wp-content\/uploads\/2024\/02\/IMG_5720.jpg\" \/>\n\t<meta property=\"og:image:width\" content=\"1200\" \/>\n\t<meta property=\"og:image:height\" content=\"800\" \/>\n\t<meta property=\"og:image:type\" content=\"image\/jpeg\" \/>\n<meta name=\"author\" content=\"Benoit Charette\" \/>\n<meta name=\"twitter:card\" content=\"summary_large_image\" \/>\n<meta name=\"twitter:creator\" content=\"@canadamotorjobs\" \/>\n<meta name=\"twitter:site\" content=\"@canadamotorjobs\" \/>\n<meta name=\"twitter:label1\" content=\"\u00c9crit par\" \/>\n\t<meta name=\"twitter:data1\" content=\"Benoit Charette\" \/>\n\t<meta name=\"twitter:label2\" content=\"Estimation du temps de lecture\" \/>\n\t<meta name=\"twitter:data2\" content=\"4 minutes\" \/>\n<!-- \/ Yoast SEO plugin. -->","yoast_head_json":{"title":"Retour sur sc\u00e8ne du BMW X2 en 2024 - CanadaMotorJobs.com","description":"Retour sur sc\u00e8ne du BMW X2 en 2024 - Benoit Charette - Annuel automobile - CanadaMotorJobs.com.","robots":{"index":"index","follow":"follow","max-snippet":"max-snippet:-1","max-image-preview":"max-image-preview:large","max-video-preview":"max-video-preview:-1"},"og_locale":"fr_CA","og_type":"article","og_title":"Retour sur sc\u00e8ne du BMW X2 en 2024 - CanadaMotorJobs.com","og_description":"Retour sur sc\u00e8ne du BMW X2 en 2024 - Benoit Charette - Annuel automobile - CanadaMotorJobs.com.","og_url":"https:\/\/news.canadamotorjobs.com\/fr\/retour-sur-scene-du-bmw-x2-en-2024\/","og_site_name":"CanadaMotorJobs.com","article_publisher":"https:\/\/www.facebook.com\/canadamotorjobs\/","article_published_time":"2024-02-28T14:45:07+00:00","article_modified_time":"2024-02-28T14:59:12+00:00","og_image":[{"width":1200,"height":800,"url":"https:\/\/news.canadamotorjobs.com\/wp-content\/uploads\/2024\/02\/IMG_5720.jpg","type":"image\/jpeg"}],"author":"Benoit Charette","twitter_card":"summary_large_image","twitter_creator":"@canadamotorjobs","twitter_site":"@canadamotorjobs","twitter_misc":{"\u00c9crit par":"Benoit Charette","Estimation du temps de lecture":"4 minutes"},"schema":{"@context":"https:\/\/schema.org","@graph":[{"@type":"Article","@id":"https:\/\/news.canadamotorjobs.com\/fr\/retour-sur-scene-du-bmw-x2-en-2024\/#article","isPartOf":{"@id":"https:\/\/news.canadamotorjobs.com\/fr\/retour-sur-scene-du-bmw-x2-en-2024\/"},"author":{"name":"Benoit Charette","@id":"https:\/\/news.canadamotorjobs.com\/#\/schema\/person\/51793d1f87d44011d7bcc2ed99269a90"},"headline":"Retour sur sc\u00e8ne du BMW X2 en 2024","datePublished":"2024-02-28T14:45:07+00:00","dateModified":"2024-02-28T14:59:12+00:00","mainEntityOfPage":{"@id":"https:\/\/news.canadamotorjobs.com\/fr\/retour-sur-scene-du-bmw-x2-en-2024\/"},"wordCount":775,"publisher":{"@id":"https:\/\/news.canadamotorjobs.com\/#organization"},"image":{"@id":"https:\/\/news.canadamotorjobs.com\/fr\/retour-sur-scene-du-bmw-x2-en-2024\/#primaryimage"},"thumbnailUrl":"https:\/\/news.canadamotorjobs.com\/wp-content\/uploads\/2024\/02\/IMG_5720.jpg","articleSection":["Annuel automobile"],"inLanguage":"fr-CA"},{"@type":"WebPage","@id":"https:\/\/news.canadamotorjobs.com\/fr\/retour-sur-scene-du-bmw-x2-en-2024\/","url":"https:\/\/news.canadamotorjobs.com\/fr\/retour-sur-scene-du-bmw-x2-en-2024\/","name":"Retour sur sc\u00e8ne du BMW X2 en 2024 - CanadaMotorJobs.com","isPartOf":{"@id":"https:\/\/news.canadamotorjobs.com\/#website"},"primaryImageOfPage":{"@id":"https:\/\/news.canadamotorjobs.com\/fr\/retour-sur-scene-du-bmw-x2-en-2024\/#primaryimage"},"image":{"@id":"https:\/\/news.canadamotorjobs.com\/fr\/retour-sur-scene-du-bmw-x2-en-2024\/#primaryimage"},"thumbnailUrl":"https:\/\/news.canadamotorjobs.com\/wp-content\/uploads\/2024\/02\/IMG_5720.jpg","datePublished":"2024-02-28T14:45:07+00:00","dateModified":"2024-02-28T14:59:12+00:00","description":"Retour sur sc\u00e8ne du BMW X2 en 2024 - Benoit Charette - Annuel automobile - CanadaMotorJobs.com.","breadcrumb":{"@id":"https:\/\/news.canadamotorjobs.com\/fr\/retour-sur-scene-du-bmw-x2-en-2024\/#breadcrumb"},"inLanguage":"fr-CA","potentialAction":[{"@type":"ReadAction","target":["https:\/\/news.canadamotorjobs.com\/fr\/retour-sur-scene-du-bmw-x2-en-2024\/"]}]},{"@type":"ImageObject","inLanguage":"fr-CA","@id":"https:\/\/news.canadamotorjobs.com\/fr\/retour-sur-scene-du-bmw-x2-en-2024\/#primaryimage","url":"https:\/\/news.canadamotorjobs.com\/wp-content\/uploads\/2024\/02\/IMG_5720.jpg","contentUrl":"https:\/\/news.canadamotorjobs.com\/wp-content\/uploads\/2024\/02\/IMG_5720.jpg","width":1200,"height":800},{"@type":"BreadcrumbList","@id":"https:\/\/news.canadamotorjobs.com\/fr\/retour-sur-scene-du-bmw-x2-en-2024\/#breadcrumb","itemListElement":[{"@type":"ListItem","position":1,"name":"Home","item":"https:\/\/news.canadamotorjobs.com\/fr\/blog\/"},{"@type":"ListItem","position":2,"name":"Retour sur sc\u00e8ne du BMW X2 en 2024"}]},{"@type":"WebSite","@id":"https:\/\/news.canadamotorjobs.com\/#website","url":"https:\/\/news.canadamotorjobs.com\/","name":"CanadaMotorJobs.com","description":"Automotive Jobs","publisher":{"@id":"https:\/\/news.canadamotorjobs.com\/#organization"},"potentialAction":[{"@type":"SearchAction","target":{"@type":"EntryPoint","urlTemplate":"https:\/\/news.canadamotorjobs.com\/?s={search_term_string}"},"query-input":"required name=search_term_string"}],"inLanguage":"fr-CA"},{"@type":"Organization","@id":"https:\/\/news.canadamotorjobs.com\/#organization","name":"Canada Motor Jobs","url":"https:\/\/news.canadamotorjobs.com\/","logo":{"@type":"ImageObject","inLanguage":"fr-CA","@id":"https:\/\/news.canadamotorjobs.com\/#\/schema\/logo\/image\/","url":"https:\/\/news.canadamotorjobs.com\/wp-content\/uploads\/2022\/10\/logo-canada-motor-jobs-1.png","contentUrl":"https:\/\/news.canadamotorjobs.com\/wp-content\/uploads\/2022\/10\/logo-canada-motor-jobs-1.png","width":800,"height":400,"caption":"Canada Motor Jobs"},"image":{"@id":"https:\/\/news.canadamotorjobs.com\/#\/schema\/logo\/image\/"},"sameAs":["https:\/\/www.facebook.com\/canadamotorjobs\/","https:\/\/x.com\/canadamotorjobs","https:\/\/www.instagram.com\/canadamotorjobs\/","https:\/\/www.linkedin.com\/company\/canadamotorjobs"]},{"@type":"Person","@id":"https:\/\/news.canadamotorjobs.com\/#\/schema\/person\/51793d1f87d44011d7bcc2ed99269a90","name":"Benoit Charette","image":{"@type":"ImageObject","inLanguage":"fr-CA","@id":"https:\/\/news.canadamotorjobs.com\/#\/schema\/person\/image\/","url":"https:\/\/secure.gravatar.com\/avatar\/45f3d2eebcccd909668d7ce7ea7267b6?s=96&d=mm&r=g","contentUrl":"https:\/\/secure.gravatar.com\/avatar\/45f3d2eebcccd909668d7ce7ea7267b6?s=96&d=mm&r=g","caption":"Benoit Charette"},"description":"Benoit Charette \/ Propri\u00e9taire et r\u00e9dacteur en chef Benoit Charette pratique le journalisme automobile depuis bient\u00f4t 30 ans. Il a fait ses classes au c\u00f4t\u00e9 de Daniel H\u00e9raud et au Carnet de route de 1992 \u00e0 2001. Il est fondateur, copropri\u00e9taire et r\u00e9dacteur en chef de L\u2019Annuel de l\u2019automobile, qu\u2019il publie depuis 2001. Il a anim\u00e9 les \u00e9missions RPM et RPM+ sur V et les L\u00e9gendes de la route sur Historia. \u00c0 la radio depuis 1986, il reprend l\u2019antenne cette ann\u00e9e sur les ondes de Cogeco et participe pour la deuxi\u00e8me ann\u00e9e \u00e0 l\u2019\u00e9mission Passion Auto sur RDS en plus de mettre en ligne le site Web officiel de L\u2019Annuel de l\u2019automobile sur annuelauto.ca.","sameAs":["https:\/\/annuelauto.ca\/"],"url":"https:\/\/news.canadamotorjobs.com\/fr\/author\/benoit-charette\/"}]}},"_links":{"self":[{"href":"https:\/\/news.canadamotorjobs.com\/fr\/wp-json\/wp\/v2\/posts\/159995"}],"collection":[{"href":"https:\/\/news.canadamotorjobs.com\/fr\/wp-json\/wp\/v2\/posts"}],"about":[{"href":"https:\/\/news.canadamotorjobs.com\/fr\/wp-json\/wp\/v2\/types\/post"}],"author":[{"embeddable":true,"href":"https:\/\/news.canadamotorjobs.com\/fr\/wp-json\/wp\/v2\/users\/8"}],"replies":[{"embeddable":true,"href":"https:\/\/news.canadamotorjobs.com\/fr\/wp-json\/wp\/v2\/comments?post=159995"}],"version-history":[{"count":2,"href":"https:\/\/news.canadamotorjobs.com\/fr\/wp-json\/wp\/v2\/posts\/159995\/revisions"}],"predecessor-version":[{"id":159999,"href":"https:\/\/news.canadamotorjobs.com\/fr\/wp-json\/wp\/v2\/posts\/159995\/revisions\/159999"}],"wp:featuredmedia":[{"embeddable":true,"href":"https:\/\/news.canadamotorjobs.com\/fr\/wp-json\/wp\/v2\/media\/159997"}],"wp:attachment":[{"href":"https:\/\/news.canadamotorjobs.com\/fr\/wp-json\/wp\/v2\/media?parent=159995"}],"wp:term":[{"taxonomy":"category","embeddable":true,"href":"https:\/\/news.canadamotorjobs.com\/fr\/wp-json\/wp\/v2\/categories?post=159995"},{"taxonomy":"post_tag","embeddable":true,"href":"https:\/\/news.canadamotorjobs.com\/fr\/wp-json\/wp\/v2\/tags?post=159995"}],"curies":[{"name":"wp","href":"https:\/\/api.w.org\/{rel}","templated":true}]}}