{"id":159972,"date":"2024-02-28T09:16:10","date_gmt":"2024-02-28T14:16:10","guid":{"rendered":"https:\/\/news.canadamotorjobs.com\/?p=159972"},"modified":"2024-02-28T09:29:23","modified_gmt":"2024-02-28T14:29:23","slug":"electrifier-les-vehicules-commerciaux-ca-presse","status":"publish","type":"post","link":"https:\/\/news.canadamotorjobs.com\/fr\/electrifier-les-vehicules-commerciaux-ca-presse\/","title":{"rendered":"\u00c9lectrifier les v\u00e9hicules commerciaux, \u00e7a presse"},"content":{"rendered":"<\/p>\n<p>Les statistiques parlent d\u2019elles-m\u00eames\u00a0: les v\u00e9hicules commerciaux repr\u00e9sentent 20 pour cent de tous les v\u00e9hicules sur la route au Canada, mais ils produisent 60% des \u00e9missions de gaz \u00e0 effet de serre de tout le secteur du transport. Dans sa lutte contre les changements climatiques, le Canada a donc avantage \u00e0 prioriser ces v\u00e9hicules.<\/p>\n<p>C\u2019est ce que conclut, en somme, la firme Deloitte Canada, dans un rapport publi\u00e9 un peu plus t\u00f4t cette semaine et qui s\u2019intitule <em>Pour des parcs branch\u00e9s\u00a0: choisir l\u2019infrastructure de recherche et l\u2019\u00e9cosyst\u00e8me<\/em>, un titre un peu plate mais qui cache un rapport qui pourrait sauver le projet de rendre carboneutre le secteur du transport routier au pays d\u2019ici 2040 ou 2050, selon la cible que vous avez en t\u00eate.<\/p>\n<p>Rappelons que l\u2019objectif du Canada est que 100% des v\u00e9hicules l\u00e9gers vendus au pays soient \u00e0 z\u00e9ro \u00e9mission au plus tard en 2035, mais que la m\u00eame cible pour les v\u00e9hicules commerciaux a \u00e9t\u00e9 fix\u00e9e pour 2040. Tout \u00e7a vise \u00e0 ce que le pays soit en principe enti\u00e8rement carboneutre au plus tard en 2050.<\/p>\n<p>Et pour y arriver, il faut appuyer sur la p\u00e9dale, et la bonne, explique Deloitte. Celle qui permettra d\u2019acc\u00e9l\u00e9rer la d\u00e9carbonation des v\u00e9hicules commerciaux, plut\u00f4t que celle qui vise \u00e0 \u00e9lectrifier la totalit\u00e9 des v\u00e9hicules l\u00e9gers. \u00c7a tombe \u00e0 pic, car on sent une certaine fatigue du c\u00f4t\u00e9 des consommateurs, qui ne trouvent pas de v\u00e9hicules \u00e9lectriques \u00e0 un prix raisonnable, ce qui les d\u00e9courage dans leur volont\u00e9 de participer \u00e0 la lutte contre les changements climatiques.<\/p>\n<h3>Et \u00e7a se comprend.<\/h3>\n<p>\nCe que Deloitte propose, c\u2019est de mieux aider les entreprises \u00e0 remplacer leurs propres v\u00e9hicules \u00e0 moteur thermique pour s\u2019attaquer plus rapidement \u00e0 la portion des v\u00e9hicules qui polluent le plus. \u00c7a tombe sous le sens.<\/p>\n<p>La firme recommande donc aux entreprises de commencer imm\u00e9diatement \u00e0 penser \u00e0 la fa\u00e7on dont ils pr\u00e9voient remplacer leurs v\u00e9hicules actuels, et \u00e0 agir en cons\u00e9quence. \u00c7a signifie qu\u2019il faudra probablement investir dans une solution de recharge, si les prochains v\u00e9hicules sont \u00e9lectriques, ou \u00e0 une fa\u00e7on de faire le plein d\u2019hydrog\u00e8ne, s\u2019ils sont \u00e0 hydrog\u00e8ne. \u00c7a peut mener \u00e0 l\u2019installation d\u2019une infrastructure au sein de l\u2019entreprise, ou \u00e0 un partenariat avec un fournisseur externe.<\/p>\n<p>Deloitte demande aussi au gouvernement de revoir son aide aux entreprises pour favoriser les solutions de production et de stockage d\u2019\u00e9lectricit\u00e9 en entreprise. La firme demande aussi aux gouvernements de faire la promotion d\u00e8s maintenant de la recharge bidirectionnelle, pour aider les entreprises \u00e0 mieux g\u00e9rer l\u2019\u00e9nergie stock\u00e9e dans leurs v\u00e9hicules.<\/p>\n<p>Tout \u00e7a a plein de bon sens. La balle est d\u00e9sormais dans le camp des gouvernements et des entreprises. Et si \u00e7a peut apporter un peu de r\u00e9pit aux consommateurs, tant mieux.<\/p>\n<p>\u00a0<\/p>\n<p>\u00a0<\/p>\n<p>Le texte <a rel=\"nofollow\" href=\"https:\/\/annuelauto.ca\/electrifier-les-vehicules-commerciaux-ca-presse\/\">\u00c9lectrifier les v\u00e9hicules commerciaux, \u00e7a presse<\/a> provient de <a rel=\"nofollow\" href=\"https:\/\/annuelauto.ca\">L&#8217;annuel de l&#8217;automobile &#8211; Actualit\u00e9 automobile<\/a><\/p>\n<p><\/p>\n","protected":false},"excerpt":{"rendered":"<p>Les statistiques parlent d\u2019elles-m\u00eames\u00a0: les v\u00e9hicules commerciaux repr\u00e9sentent 20 pour cent de tous les v\u00e9hicules sur la route au Canada, mais ils produisent 60% des \u00e9missions de gaz \u00e0 effet de serre de tout le secteur du transport. Dans sa lutte contre les changements climatiques, le Canada a donc avantage \u00e0 prioriser ces v\u00e9hicules. C\u2019est [&hellip;]<\/p>\n","protected":false},"author":8,"featured_media":159974,"comment_status":"close","ping_status":"closed","sticky":false,"template":"","format":"standard","meta":{"_monsterinsights_skip_tracking":false,"_monsterinsights_sitenote_active":false,"_monsterinsights_sitenote_note":"","_monsterinsights_sitenote_category":0,"footnotes":""},"categories":[101],"tags":[],"yoast_head":"<!-- This site is optimized with the Yoast SEO plugin v23.2 - https:\/\/yoast.com\/wordpress\/plugins\/seo\/ -->\n<title>\u00c9lectrifier les v\u00e9hicules commerciaux, \u00e7a presse - CanadaMotorJobs.com<\/title>\n<meta name=\"description\" content=\"\u00c9lectrifier les v\u00e9hicules commerciaux, \u00e7a presse - Benoit Charette - Annuel automobile - CanadaMotorJobs.com.\" \/>\n<meta name=\"robots\" content=\"index, follow, max-snippet:-1, max-image-preview:large, max-video-preview:-1\" \/>\n<meta property=\"og:locale\" content=\"fr_CA\" \/>\n<meta property=\"og:type\" content=\"article\" \/>\n<meta property=\"og:title\" content=\"\u00c9lectrifier les v\u00e9hicules commerciaux, \u00e7a presse - CanadaMotorJobs.com\" \/>\n<meta property=\"og:description\" content=\"\u00c9lectrifier les v\u00e9hicules commerciaux, \u00e7a presse - Benoit Charette - Annuel automobile - CanadaMotorJobs.com.\" \/>\n<meta property=\"og:url\" content=\"https:\/\/news.canadamotorjobs.com\/fr\/electrifier-les-vehicules-commerciaux-ca-presse\/\" \/>\n<meta property=\"og:site_name\" content=\"CanadaMotorJobs.com\" \/>\n<meta property=\"article:publisher\" content=\"https:\/\/www.facebook.com\/canadamotorjobs\/\" \/>\n<meta property=\"article:published_time\" content=\"2024-02-28T14:16:10+00:00\" \/>\n<meta property=\"article:modified_time\" content=\"2024-02-28T14:29:23+00:00\" \/>\n<meta property=\"og:image\" content=\"https:\/\/news.canadamotorjobs.com\/wp-content\/uploads\/2024\/02\/image-3.png\" \/>\n\t<meta property=\"og:image:width\" content=\"1280\" \/>\n\t<meta property=\"og:image:height\" content=\"854\" \/>\n\t<meta property=\"og:image:type\" content=\"image\/png\" \/>\n<meta name=\"author\" content=\"Benoit Charette\" \/>\n<meta name=\"twitter:card\" content=\"summary_large_image\" \/>\n<meta name=\"twitter:creator\" content=\"@canadamotorjobs\" \/>\n<meta name=\"twitter:site\" content=\"@canadamotorjobs\" \/>\n<meta name=\"twitter:label1\" content=\"\u00c9crit par\" \/>\n\t<meta name=\"twitter:data1\" content=\"Benoit Charette\" \/>\n\t<meta name=\"twitter:label2\" content=\"Estimation du temps de lecture\" \/>\n\t<meta name=\"twitter:data2\" content=\"3 minutes\" \/>\n<!-- \/ Yoast SEO plugin. -->","yoast_head_json":{"title":"\u00c9lectrifier les v\u00e9hicules commerciaux, \u00e7a presse - CanadaMotorJobs.com","description":"\u00c9lectrifier les v\u00e9hicules commerciaux, \u00e7a presse - Benoit Charette - Annuel automobile - CanadaMotorJobs.com.","robots":{"index":"index","follow":"follow","max-snippet":"max-snippet:-1","max-image-preview":"max-image-preview:large","max-video-preview":"max-video-preview:-1"},"og_locale":"fr_CA","og_type":"article","og_title":"\u00c9lectrifier les v\u00e9hicules commerciaux, \u00e7a presse - CanadaMotorJobs.com","og_description":"\u00c9lectrifier les v\u00e9hicules commerciaux, \u00e7a presse - Benoit Charette - Annuel automobile - CanadaMotorJobs.com.","og_url":"https:\/\/news.canadamotorjobs.com\/fr\/electrifier-les-vehicules-commerciaux-ca-presse\/","og_site_name":"CanadaMotorJobs.com","article_publisher":"https:\/\/www.facebook.com\/canadamotorjobs\/","article_published_time":"2024-02-28T14:16:10+00:00","article_modified_time":"2024-02-28T14:29:23+00:00","og_image":[{"width":1280,"height":854,"url":"https:\/\/news.canadamotorjobs.com\/wp-content\/uploads\/2024\/02\/image-3.png","type":"image\/png"}],"author":"Benoit Charette","twitter_card":"summary_large_image","twitter_creator":"@canadamotorjobs","twitter_site":"@canadamotorjobs","twitter_misc":{"\u00c9crit par":"Benoit Charette","Estimation du temps de lecture":"3 minutes"},"schema":{"@context":"https:\/\/schema.org","@graph":[{"@type":"Article","@id":"https:\/\/news.canadamotorjobs.com\/fr\/electrifier-les-vehicules-commerciaux-ca-presse\/#article","isPartOf":{"@id":"https:\/\/news.canadamotorjobs.com\/fr\/electrifier-les-vehicules-commerciaux-ca-presse\/"},"author":{"name":"Benoit Charette","@id":"https:\/\/news.canadamotorjobs.com\/#\/schema\/person\/51793d1f87d44011d7bcc2ed99269a90"},"headline":"\u00c9lectrifier les v\u00e9hicules commerciaux, \u00e7a presse","datePublished":"2024-02-28T14:16:10+00:00","dateModified":"2024-02-28T14:29:23+00:00","mainEntityOfPage":{"@id":"https:\/\/news.canadamotorjobs.com\/fr\/electrifier-les-vehicules-commerciaux-ca-presse\/"},"wordCount":515,"publisher":{"@id":"https:\/\/news.canadamotorjobs.com\/#organization"},"image":{"@id":"https:\/\/news.canadamotorjobs.com\/fr\/electrifier-les-vehicules-commerciaux-ca-presse\/#primaryimage"},"thumbnailUrl":"https:\/\/news.canadamotorjobs.com\/wp-content\/uploads\/2024\/02\/image-3.png","articleSection":["Annuel automobile"],"inLanguage":"fr-CA"},{"@type":"WebPage","@id":"https:\/\/news.canadamotorjobs.com\/fr\/electrifier-les-vehicules-commerciaux-ca-presse\/","url":"https:\/\/news.canadamotorjobs.com\/fr\/electrifier-les-vehicules-commerciaux-ca-presse\/","name":"\u00c9lectrifier les v\u00e9hicules commerciaux, \u00e7a presse - CanadaMotorJobs.com","isPartOf":{"@id":"https:\/\/news.canadamotorjobs.com\/#website"},"primaryImageOfPage":{"@id":"https:\/\/news.canadamotorjobs.com\/fr\/electrifier-les-vehicules-commerciaux-ca-presse\/#primaryimage"},"image":{"@id":"https:\/\/news.canadamotorjobs.com\/fr\/electrifier-les-vehicules-commerciaux-ca-presse\/#primaryimage"},"thumbnailUrl":"https:\/\/news.canadamotorjobs.com\/wp-content\/uploads\/2024\/02\/image-3.png","datePublished":"2024-02-28T14:16:10+00:00","dateModified":"2024-02-28T14:29:23+00:00","description":"\u00c9lectrifier les v\u00e9hicules commerciaux, \u00e7a presse - Benoit Charette - Annuel automobile - CanadaMotorJobs.com.","breadcrumb":{"@id":"https:\/\/news.canadamotorjobs.com\/fr\/electrifier-les-vehicules-commerciaux-ca-presse\/#breadcrumb"},"inLanguage":"fr-CA","potentialAction":[{"@type":"ReadAction","target":["https:\/\/news.canadamotorjobs.com\/fr\/electrifier-les-vehicules-commerciaux-ca-presse\/"]}]},{"@type":"ImageObject","inLanguage":"fr-CA","@id":"https:\/\/news.canadamotorjobs.com\/fr\/electrifier-les-vehicules-commerciaux-ca-presse\/#primaryimage","url":"https:\/\/news.canadamotorjobs.com\/wp-content\/uploads\/2024\/02\/image-3.png","contentUrl":"https:\/\/news.canadamotorjobs.com\/wp-content\/uploads\/2024\/02\/image-3.png","width":1280,"height":854},{"@type":"BreadcrumbList","@id":"https:\/\/news.canadamotorjobs.com\/fr\/electrifier-les-vehicules-commerciaux-ca-presse\/#breadcrumb","itemListElement":[{"@type":"ListItem","position":1,"name":"Home","item":"https:\/\/news.canadamotorjobs.com\/fr\/blog\/"},{"@type":"ListItem","position":2,"name":"\u00c9lectrifier les v\u00e9hicules commerciaux, \u00e7a presse"}]},{"@type":"WebSite","@id":"https:\/\/news.canadamotorjobs.com\/#website","url":"https:\/\/news.canadamotorjobs.com\/","name":"CanadaMotorJobs.com","description":"Automotive Jobs","publisher":{"@id":"https:\/\/news.canadamotorjobs.com\/#organization"},"potentialAction":[{"@type":"SearchAction","target":{"@type":"EntryPoint","urlTemplate":"https:\/\/news.canadamotorjobs.com\/?s={search_term_string}"},"query-input":"required name=search_term_string"}],"inLanguage":"fr-CA"},{"@type":"Organization","@id":"https:\/\/news.canadamotorjobs.com\/#organization","name":"Canada Motor Jobs","url":"https:\/\/news.canadamotorjobs.com\/","logo":{"@type":"ImageObject","inLanguage":"fr-CA","@id":"https:\/\/news.canadamotorjobs.com\/#\/schema\/logo\/image\/","url":"https:\/\/news.canadamotorjobs.com\/wp-content\/uploads\/2022\/10\/logo-canada-motor-jobs-1.png","contentUrl":"https:\/\/news.canadamotorjobs.com\/wp-content\/uploads\/2022\/10\/logo-canada-motor-jobs-1.png","width":800,"height":400,"caption":"Canada Motor Jobs"},"image":{"@id":"https:\/\/news.canadamotorjobs.com\/#\/schema\/logo\/image\/"},"sameAs":["https:\/\/www.facebook.com\/canadamotorjobs\/","https:\/\/x.com\/canadamotorjobs","https:\/\/www.instagram.com\/canadamotorjobs\/","https:\/\/www.linkedin.com\/company\/canadamotorjobs"]},{"@type":"Person","@id":"https:\/\/news.canadamotorjobs.com\/#\/schema\/person\/51793d1f87d44011d7bcc2ed99269a90","name":"Benoit Charette","image":{"@type":"ImageObject","inLanguage":"fr-CA","@id":"https:\/\/news.canadamotorjobs.com\/#\/schema\/person\/image\/","url":"https:\/\/secure.gravatar.com\/avatar\/45f3d2eebcccd909668d7ce7ea7267b6?s=96&d=mm&r=g","contentUrl":"https:\/\/secure.gravatar.com\/avatar\/45f3d2eebcccd909668d7ce7ea7267b6?s=96&d=mm&r=g","caption":"Benoit Charette"},"description":"Benoit Charette \/ Propri\u00e9taire et r\u00e9dacteur en chef Benoit Charette pratique le journalisme automobile depuis bient\u00f4t 30 ans. Il a fait ses classes au c\u00f4t\u00e9 de Daniel H\u00e9raud et au Carnet de route de 1992 \u00e0 2001. Il est fondateur, copropri\u00e9taire et r\u00e9dacteur en chef de L\u2019Annuel de l\u2019automobile, qu\u2019il publie depuis 2001. Il a anim\u00e9 les \u00e9missions RPM et RPM+ sur V et les L\u00e9gendes de la route sur Historia. \u00c0 la radio depuis 1986, il reprend l\u2019antenne cette ann\u00e9e sur les ondes de Cogeco et participe pour la deuxi\u00e8me ann\u00e9e \u00e0 l\u2019\u00e9mission Passion Auto sur RDS en plus de mettre en ligne le site Web officiel de L\u2019Annuel de l\u2019automobile sur annuelauto.ca.","sameAs":["https:\/\/annuelauto.ca\/"],"url":"https:\/\/news.canadamotorjobs.com\/fr\/author\/benoit-charette\/"}]}},"_links":{"self":[{"href":"https:\/\/news.canadamotorjobs.com\/fr\/wp-json\/wp\/v2\/posts\/159972"}],"collection":[{"href":"https:\/\/news.canadamotorjobs.com\/fr\/wp-json\/wp\/v2\/posts"}],"about":[{"href":"https:\/\/news.canadamotorjobs.com\/fr\/wp-json\/wp\/v2\/types\/post"}],"author":[{"embeddable":true,"href":"https:\/\/news.canadamotorjobs.com\/fr\/wp-json\/wp\/v2\/users\/8"}],"replies":[{"embeddable":true,"href":"https:\/\/news.canadamotorjobs.com\/fr\/wp-json\/wp\/v2\/comments?post=159972"}],"version-history":[{"count":2,"href":"https:\/\/news.canadamotorjobs.com\/fr\/wp-json\/wp\/v2\/posts\/159972\/revisions"}],"predecessor-version":[{"id":159976,"href":"https:\/\/news.canadamotorjobs.com\/fr\/wp-json\/wp\/v2\/posts\/159972\/revisions\/159976"}],"wp:featuredmedia":[{"embeddable":true,"href":"https:\/\/news.canadamotorjobs.com\/fr\/wp-json\/wp\/v2\/media\/159974"}],"wp:attachment":[{"href":"https:\/\/news.canadamotorjobs.com\/fr\/wp-json\/wp\/v2\/media?parent=159972"}],"wp:term":[{"taxonomy":"category","embeddable":true,"href":"https:\/\/news.canadamotorjobs.com\/fr\/wp-json\/wp\/v2\/categories?post=159972"},{"taxonomy":"post_tag","embeddable":true,"href":"https:\/\/news.canadamotorjobs.com\/fr\/wp-json\/wp\/v2\/tags?post=159972"}],"curies":[{"name":"wp","href":"https:\/\/api.w.org\/{rel}","templated":true}]}}