{"id":159949,"date":"2024-02-28T08:51:31","date_gmt":"2024-02-28T13:51:31","guid":{"rendered":"https:\/\/news.canadamotorjobs.com\/?p=159949"},"modified":"2024-02-28T08:59:23","modified_gmt":"2024-02-28T13:59:23","slug":"le-polestar-3-entre-en-production","status":"publish","type":"post","link":"https:\/\/news.canadamotorjobs.com\/fr\/le-polestar-3-entre-en-production\/","title":{"rendered":"Le Polestar 3 entre en production"},"content":{"rendered":"<\/p>\n<p>Bonne nouvelle pour les amateurs de voitures su\u00e9doises, le VUS tout \u00e9lectrique que Polestar compte mettre en march\u00e9 au Canada d\u2019ici le d\u00e9but de l\u2019\u00e9t\u00e9 vient d\u2019entrer en production. Le Polestar 3 est un VUS compact pour quatre adultes et un peu plus spacieux que la Polestar 2, la berline familiale \u00e0 laquelle il emprune d\u2019ailleurs de nombreux composants. Parions qu\u2019\u00e0 terme, le Polestar 3 sera un mod\u00e8le plus populaire aupr\u00e8s des acheteurs nord-am\u00e9ricains que la 2, vu la pr\u00e9f\u00e9rence des acheteurs envers les VUS, justement.<\/p>\n<p>D\u2019ailleurs, Polestar pr\u00e9voit bient\u00f4t acc\u00e9l\u00e9rer la cadence de production de ce mod\u00e8le, puisque pour le moment, c\u2019est seulement son usine de Chengdu, en Chine, qui travaille sur le nouveau venu. L\u2019usine de Caroline du Sud qui assemblera \u00e9galement des Polestar 3 devrait officiellement d\u00e9marrer ses propres activit\u00e9s plus tard cette ann\u00e9e, probablement \u00e0 partir de juillet prochain.<\/p>\n<p>C\u2019est une bonne nouvelle dans la mesure o\u00f9 Polestar a eu de la mis\u00e8e \u00e0 lancer la production de son VUS tout \u00e9lectrique. Ce sont des bogues logiciels qui ont men\u00e9 \u00e0 retarder sa mise en march\u00e9 de quelques mois, et parce que Polestar et Volvo partagent les m\u00eames lignes de montage, ce probl\u00e8me a aussi affect\u00e9 le EX90 que Volvo compte elle aussi mettre sur la route plus tard cette ann\u00e9e.<\/p>\n<p>Ajoutons que Polestar produira aussi une variante au design coup\u00e9 du Polestar 3, appel\u00e9 (roulement de tambour\u2026) Polestar 4, plus tard en 2024, mais que ce mod\u00e8le-l\u00e0 ne devrait pas voir la route avant la fin de l\u2019ann\u00e9e au plus t\u00f4t, si ce n\u2019est pas carr\u00e9ment remis \u00e0 2025.<\/p>\n<p>Dans tous les cas, le Polestar 3 est un VUS \u00e0 rouage int\u00e9gral anim\u00e9 par deux moteurs \u00e9lectriques, dont la puissance totale s\u2019\u00e9l\u00e8ve \u00e0 489 chevaux. Une version plus muscl\u00e9e encore est pr\u00e9vue, \u00e0 517 chevaux. Celle-l\u00e0 aura une autonomie moins importante que le mod\u00e8le un peu moins puissant, dont chaque charge de sa pile de 111 kilowatts-heure devrait suffire pour d\u00e9placer le v\u00e9hicule sur 480 km, selon les estimations de l\u2019Agence environnementale am\u00e9ricaine.<\/p>\n<p>La moins bonne nouvelle, c\u2019est que Polestar a r\u00e9cemment revu sa strat\u00e9gie de mise en march\u00e9 pour accro\u00eetre sa marge de profits. Son objectif est d\u2019\u00eatre rentable \u00e0 partir de 2025 et pour \u00e7a, la marque a d\u00e9cid\u00e9 d\u2019augmenter le prix de ses v\u00e9hicules.<\/p>\n<p>Le Polestar 3 est donc vendu \u00e0 partir de 99\u00a0000 $ au Canada, mais \u00e7a peut rapidement grimper au-del\u00e0 des 110\u00a0000 $ quand on ajoute quelques groupes d\u2019options, comme le syst\u00e8me d\u2019aide \u00e0 la conduite avanc\u00e9 Pilot.<\/p>\n<p>Le texte <a rel=\"nofollow\" href=\"https:\/\/annuelauto.ca\/le-polestar-3-entre-en-production\/\">Le Polestar 3 entre en production<\/a> provient de <a rel=\"nofollow\" href=\"https:\/\/annuelauto.ca\">L&#8217;annuel de l&#8217;automobile &#8211; Actualit\u00e9 automobile<\/a><\/p>\n<p><\/p>\n","protected":false},"excerpt":{"rendered":"<p>Bonne nouvelle pour les amateurs de voitures su\u00e9doises, le VUS tout \u00e9lectrique que Polestar compte mettre en march\u00e9 au Canada d\u2019ici le d\u00e9but de l\u2019\u00e9t\u00e9 vient d\u2019entrer en production. Le Polestar 3 est un VUS compact pour quatre adultes et un peu plus spacieux que la Polestar 2, la berline familiale \u00e0 laquelle il emprune [&hellip;]<\/p>\n","protected":false},"author":8,"featured_media":159951,"comment_status":"close","ping_status":"closed","sticky":false,"template":"","format":"standard","meta":{"_monsterinsights_skip_tracking":false,"_monsterinsights_sitenote_active":false,"_monsterinsights_sitenote_note":"","_monsterinsights_sitenote_category":0,"footnotes":""},"categories":[101],"tags":[],"yoast_head":"<!-- This site is optimized with the Yoast SEO plugin v23.2 - https:\/\/yoast.com\/wordpress\/plugins\/seo\/ -->\n<title>Le Polestar 3 entre en production - CanadaMotorJobs.com<\/title>\n<meta name=\"description\" content=\"Le Polestar 3 entre en production - Benoit Charette - Annuel automobile - CanadaMotorJobs.com.\" \/>\n<meta name=\"robots\" content=\"index, follow, max-snippet:-1, max-image-preview:large, max-video-preview:-1\" \/>\n<meta property=\"og:locale\" content=\"fr_CA\" \/>\n<meta property=\"og:type\" content=\"article\" \/>\n<meta property=\"og:title\" content=\"Le Polestar 3 entre en production - CanadaMotorJobs.com\" \/>\n<meta property=\"og:description\" content=\"Le Polestar 3 entre en production - Benoit Charette - Annuel automobile - CanadaMotorJobs.com.\" \/>\n<meta property=\"og:url\" content=\"https:\/\/news.canadamotorjobs.com\/fr\/le-polestar-3-entre-en-production\/\" \/>\n<meta property=\"og:site_name\" content=\"CanadaMotorJobs.com\" \/>\n<meta property=\"article:publisher\" content=\"https:\/\/www.facebook.com\/canadamotorjobs\/\" \/>\n<meta property=\"article:published_time\" content=\"2024-02-28T13:51:31+00:00\" \/>\n<meta property=\"article:modified_time\" content=\"2024-02-28T13:59:23+00:00\" \/>\n<meta property=\"og:image\" content=\"https:\/\/news.canadamotorjobs.com\/wp-content\/uploads\/2024\/02\/681584_20240227_Polestar_3_production.jpg\" \/>\n\t<meta property=\"og:image:width\" content=\"1200\" \/>\n\t<meta property=\"og:image:height\" content=\"800\" \/>\n\t<meta property=\"og:image:type\" content=\"image\/jpeg\" \/>\n<meta name=\"author\" content=\"Benoit Charette\" \/>\n<meta name=\"twitter:card\" content=\"summary_large_image\" \/>\n<meta name=\"twitter:creator\" content=\"@canadamotorjobs\" \/>\n<meta name=\"twitter:site\" content=\"@canadamotorjobs\" \/>\n<meta name=\"twitter:label1\" content=\"\u00c9crit par\" \/>\n\t<meta name=\"twitter:data1\" content=\"Benoit Charette\" \/>\n\t<meta name=\"twitter:label2\" content=\"Estimation du temps de lecture\" \/>\n\t<meta name=\"twitter:data2\" content=\"2 minutes\" \/>\n<!-- \/ Yoast SEO plugin. -->","yoast_head_json":{"title":"Le Polestar 3 entre en production - CanadaMotorJobs.com","description":"Le Polestar 3 entre en production - Benoit Charette - Annuel automobile - CanadaMotorJobs.com.","robots":{"index":"index","follow":"follow","max-snippet":"max-snippet:-1","max-image-preview":"max-image-preview:large","max-video-preview":"max-video-preview:-1"},"og_locale":"fr_CA","og_type":"article","og_title":"Le Polestar 3 entre en production - CanadaMotorJobs.com","og_description":"Le Polestar 3 entre en production - Benoit Charette - Annuel automobile - CanadaMotorJobs.com.","og_url":"https:\/\/news.canadamotorjobs.com\/fr\/le-polestar-3-entre-en-production\/","og_site_name":"CanadaMotorJobs.com","article_publisher":"https:\/\/www.facebook.com\/canadamotorjobs\/","article_published_time":"2024-02-28T13:51:31+00:00","article_modified_time":"2024-02-28T13:59:23+00:00","og_image":[{"width":1200,"height":800,"url":"https:\/\/news.canadamotorjobs.com\/wp-content\/uploads\/2024\/02\/681584_20240227_Polestar_3_production.jpg","type":"image\/jpeg"}],"author":"Benoit Charette","twitter_card":"summary_large_image","twitter_creator":"@canadamotorjobs","twitter_site":"@canadamotorjobs","twitter_misc":{"\u00c9crit par":"Benoit Charette","Estimation du temps de lecture":"2 minutes"},"schema":{"@context":"https:\/\/schema.org","@graph":[{"@type":"Article","@id":"https:\/\/news.canadamotorjobs.com\/fr\/le-polestar-3-entre-en-production\/#article","isPartOf":{"@id":"https:\/\/news.canadamotorjobs.com\/fr\/le-polestar-3-entre-en-production\/"},"author":{"name":"Benoit Charette","@id":"https:\/\/news.canadamotorjobs.com\/#\/schema\/person\/51793d1f87d44011d7bcc2ed99269a90"},"headline":"Le Polestar 3 entre en production","datePublished":"2024-02-28T13:51:31+00:00","dateModified":"2024-02-28T13:59:23+00:00","mainEntityOfPage":{"@id":"https:\/\/news.canadamotorjobs.com\/fr\/le-polestar-3-entre-en-production\/"},"wordCount":464,"publisher":{"@id":"https:\/\/news.canadamotorjobs.com\/#organization"},"image":{"@id":"https:\/\/news.canadamotorjobs.com\/fr\/le-polestar-3-entre-en-production\/#primaryimage"},"thumbnailUrl":"https:\/\/news.canadamotorjobs.com\/wp-content\/uploads\/2024\/02\/681584_20240227_Polestar_3_production.jpg","articleSection":["Annuel automobile"],"inLanguage":"fr-CA"},{"@type":"WebPage","@id":"https:\/\/news.canadamotorjobs.com\/fr\/le-polestar-3-entre-en-production\/","url":"https:\/\/news.canadamotorjobs.com\/fr\/le-polestar-3-entre-en-production\/","name":"Le Polestar 3 entre en production - CanadaMotorJobs.com","isPartOf":{"@id":"https:\/\/news.canadamotorjobs.com\/#website"},"primaryImageOfPage":{"@id":"https:\/\/news.canadamotorjobs.com\/fr\/le-polestar-3-entre-en-production\/#primaryimage"},"image":{"@id":"https:\/\/news.canadamotorjobs.com\/fr\/le-polestar-3-entre-en-production\/#primaryimage"},"thumbnailUrl":"https:\/\/news.canadamotorjobs.com\/wp-content\/uploads\/2024\/02\/681584_20240227_Polestar_3_production.jpg","datePublished":"2024-02-28T13:51:31+00:00","dateModified":"2024-02-28T13:59:23+00:00","description":"Le Polestar 3 entre en production - Benoit Charette - Annuel automobile - CanadaMotorJobs.com.","breadcrumb":{"@id":"https:\/\/news.canadamotorjobs.com\/fr\/le-polestar-3-entre-en-production\/#breadcrumb"},"inLanguage":"fr-CA","potentialAction":[{"@type":"ReadAction","target":["https:\/\/news.canadamotorjobs.com\/fr\/le-polestar-3-entre-en-production\/"]}]},{"@type":"ImageObject","inLanguage":"fr-CA","@id":"https:\/\/news.canadamotorjobs.com\/fr\/le-polestar-3-entre-en-production\/#primaryimage","url":"https:\/\/news.canadamotorjobs.com\/wp-content\/uploads\/2024\/02\/681584_20240227_Polestar_3_production.jpg","contentUrl":"https:\/\/news.canadamotorjobs.com\/wp-content\/uploads\/2024\/02\/681584_20240227_Polestar_3_production.jpg","width":1200,"height":800},{"@type":"BreadcrumbList","@id":"https:\/\/news.canadamotorjobs.com\/fr\/le-polestar-3-entre-en-production\/#breadcrumb","itemListElement":[{"@type":"ListItem","position":1,"name":"Home","item":"https:\/\/news.canadamotorjobs.com\/fr\/blog\/"},{"@type":"ListItem","position":2,"name":"Le Polestar 3 entre en production"}]},{"@type":"WebSite","@id":"https:\/\/news.canadamotorjobs.com\/#website","url":"https:\/\/news.canadamotorjobs.com\/","name":"CanadaMotorJobs.com","description":"Automotive Jobs","publisher":{"@id":"https:\/\/news.canadamotorjobs.com\/#organization"},"potentialAction":[{"@type":"SearchAction","target":{"@type":"EntryPoint","urlTemplate":"https:\/\/news.canadamotorjobs.com\/?s={search_term_string}"},"query-input":"required name=search_term_string"}],"inLanguage":"fr-CA"},{"@type":"Organization","@id":"https:\/\/news.canadamotorjobs.com\/#organization","name":"Canada Motor Jobs","url":"https:\/\/news.canadamotorjobs.com\/","logo":{"@type":"ImageObject","inLanguage":"fr-CA","@id":"https:\/\/news.canadamotorjobs.com\/#\/schema\/logo\/image\/","url":"https:\/\/news.canadamotorjobs.com\/wp-content\/uploads\/2022\/10\/logo-canada-motor-jobs-1.png","contentUrl":"https:\/\/news.canadamotorjobs.com\/wp-content\/uploads\/2022\/10\/logo-canada-motor-jobs-1.png","width":800,"height":400,"caption":"Canada Motor Jobs"},"image":{"@id":"https:\/\/news.canadamotorjobs.com\/#\/schema\/logo\/image\/"},"sameAs":["https:\/\/www.facebook.com\/canadamotorjobs\/","https:\/\/x.com\/canadamotorjobs","https:\/\/www.instagram.com\/canadamotorjobs\/","https:\/\/www.linkedin.com\/company\/canadamotorjobs"]},{"@type":"Person","@id":"https:\/\/news.canadamotorjobs.com\/#\/schema\/person\/51793d1f87d44011d7bcc2ed99269a90","name":"Benoit Charette","image":{"@type":"ImageObject","inLanguage":"fr-CA","@id":"https:\/\/news.canadamotorjobs.com\/#\/schema\/person\/image\/","url":"https:\/\/secure.gravatar.com\/avatar\/45f3d2eebcccd909668d7ce7ea7267b6?s=96&d=mm&r=g","contentUrl":"https:\/\/secure.gravatar.com\/avatar\/45f3d2eebcccd909668d7ce7ea7267b6?s=96&d=mm&r=g","caption":"Benoit Charette"},"description":"Benoit Charette \/ Propri\u00e9taire et r\u00e9dacteur en chef Benoit Charette pratique le journalisme automobile depuis bient\u00f4t 30 ans. Il a fait ses classes au c\u00f4t\u00e9 de Daniel H\u00e9raud et au Carnet de route de 1992 \u00e0 2001. Il est fondateur, copropri\u00e9taire et r\u00e9dacteur en chef de L\u2019Annuel de l\u2019automobile, qu\u2019il publie depuis 2001. Il a anim\u00e9 les \u00e9missions RPM et RPM+ sur V et les L\u00e9gendes de la route sur Historia. \u00c0 la radio depuis 1986, il reprend l\u2019antenne cette ann\u00e9e sur les ondes de Cogeco et participe pour la deuxi\u00e8me ann\u00e9e \u00e0 l\u2019\u00e9mission Passion Auto sur RDS en plus de mettre en ligne le site Web officiel de L\u2019Annuel de l\u2019automobile sur annuelauto.ca.","sameAs":["https:\/\/annuelauto.ca\/"],"url":"https:\/\/news.canadamotorjobs.com\/fr\/author\/benoit-charette\/"}]}},"_links":{"self":[{"href":"https:\/\/news.canadamotorjobs.com\/fr\/wp-json\/wp\/v2\/posts\/159949"}],"collection":[{"href":"https:\/\/news.canadamotorjobs.com\/fr\/wp-json\/wp\/v2\/posts"}],"about":[{"href":"https:\/\/news.canadamotorjobs.com\/fr\/wp-json\/wp\/v2\/types\/post"}],"author":[{"embeddable":true,"href":"https:\/\/news.canadamotorjobs.com\/fr\/wp-json\/wp\/v2\/users\/8"}],"replies":[{"embeddable":true,"href":"https:\/\/news.canadamotorjobs.com\/fr\/wp-json\/wp\/v2\/comments?post=159949"}],"version-history":[{"count":2,"href":"https:\/\/news.canadamotorjobs.com\/fr\/wp-json\/wp\/v2\/posts\/159949\/revisions"}],"predecessor-version":[{"id":159953,"href":"https:\/\/news.canadamotorjobs.com\/fr\/wp-json\/wp\/v2\/posts\/159949\/revisions\/159953"}],"wp:featuredmedia":[{"embeddable":true,"href":"https:\/\/news.canadamotorjobs.com\/fr\/wp-json\/wp\/v2\/media\/159951"}],"wp:attachment":[{"href":"https:\/\/news.canadamotorjobs.com\/fr\/wp-json\/wp\/v2\/media?parent=159949"}],"wp:term":[{"taxonomy":"category","embeddable":true,"href":"https:\/\/news.canadamotorjobs.com\/fr\/wp-json\/wp\/v2\/categories?post=159949"},{"taxonomy":"post_tag","embeddable":true,"href":"https:\/\/news.canadamotorjobs.com\/fr\/wp-json\/wp\/v2\/tags?post=159949"}],"curies":[{"name":"wp","href":"https:\/\/api.w.org\/{rel}","templated":true}]}}