{"id":159930,"date":"2024-02-28T08:59:00","date_gmt":"2024-02-28T13:59:00","guid":{"rendered":"https:\/\/news.canadamotorjobs.com\/?p=159930"},"modified":"2024-02-28T08:59:15","modified_gmt":"2024-02-28T13:59:15","slug":"vanden-plas-1500-quand-lhorreur-emprunte-un-nom-a-la-noblesse","status":"publish","type":"post","link":"https:\/\/news.canadamotorjobs.com\/fr\/vanden-plas-1500-quand-lhorreur-emprunte-un-nom-a-la-noblesse\/","title":{"rendered":"Vanden Plas\u00a01500\u00a0: quand l\u2019horreur emprunte un nom \u00e0 la noblesse"},"content":{"rendered":"<\/p>\n<p>Les articles de v\u00e9hicules r\u00e9tro que l\u2019on vous r\u00e9serve vont dans tous les sens. On ne discrimine pas, tout y passe, y compris des mod\u00e8les qui n\u2019ont pas marqu\u00e9 l\u2019histoire pour les bonnes raisons.<\/p>\n<p>Aujourd\u2019hui, coup d\u2019\u0153il \u00e0 une voiture horrible, une mauvaise id\u00e9e, un mauvais projet et une mauvaise ex\u00e9cution.<\/p>\n<p>Madame, monsieur, la Vanden Plas\u00a01500 qui a \u00e9t\u00e9 commercialis\u00e9e de 1974 \u00e0 1981.<\/p>\n<p><strong><em>Le pr\u00e9sent article est pr\u00e9sent\u00e9 en collaboration avec Fitzback Garage, sp\u00e9cialis\u00e9 dans la restauration d\u2019origine de voitures anciennes. Fiztback Garage est situ\u00e9 \u00e0 Sainte-Madeleine, en Mont\u00e9r\u00e9gie. <\/em><\/strong><\/p>\n<h3>Le nom Vanden Plas<\/h3>\n<p>\nAvant de vous parler du mod\u00e8le, quelques mots sur le nom Vanden Plas, que vous avez d\u00e9j\u00e0 peut-\u00eatre vu avec d\u2019autres v\u00e9hicules, notamment chez Jaguar en Am\u00e9rique du Nord. Vandan Plas est en fait un carrossier-constructeur qui a collabor\u00e9 avec des fabricants pour transformer des mod\u00e8les existants en versions plus luxueuses, en limousines, etc. Avant la Seconde Guerre mondiale, la firme a m\u00eame travaill\u00e9 avec Bentley, Rolls-Royce et Talbot, entre autres, pour fa\u00e7onner le style de certains mod\u00e8les. Apr\u00e8s le grand conflit, l\u2019un de ses grands partenaires du groupe a \u00e9t\u00e9 la firme Austin. Et c\u2019est l\u00e0 que le mod\u00e8le qu\u2019on vous pr\u00e9sente devient int\u00e9ressant.<\/p>\n<h3>Austin Allegro<\/h3>\n<p>\nL\u2019Allegro \u00e9tait une petite voiture familiale qui a \u00e9t\u00e9 propos\u00e9e de 1973 \u00e0 1982 par la division Austin-Morris du fabricant British Leyland. \u00c0 ses d\u00e9buts, la critique n\u2019a pas \u00e9t\u00e9 plus s\u00e9v\u00e8re qu\u2019il ne le faut, mais au fil du temps, au fur et \u00e0 mesure que les probl\u00e8mes ont commenc\u00e9 \u00e0 poindre, la r\u00e9putation du mod\u00e8le en a pris un coup. La qualit\u00e9 de construction \u00e9tait beaucoup en cause, avec des panneaux mal ajust\u00e9s, un coffre qui prenait l\u2019eau, des vitres qui tombaient si on avait le malheur de soulever la voiture au mauvais endroit \u00e0 l\u2019aide d\u2019un cric, bref, vous voyez le portrait. La sensation \u00e0 la manipulation du levier de la bo\u00eete manuelle a \u00e9t\u00e9 compar\u00e9e \u00e0 celle de brasser un m\u00e9lange \u00e0 ciment \u00e0 l\u2019aide d\u2019un cure-dent. Rien de rassurant. On a apport\u00e9 des modifications au v\u00e9hicule avec les Allegro\u00a02 et Allegro\u00a02 en 1975 et 1979, mais le mal \u00e9tait fait.<\/p>\n<h3>Et la Vanden Plas\u00a01500\u2009?<\/h3>\n<p>\nC\u2019est l\u00e0 que \u00e7a se g\u00e2te. La Vanden Plas 1500 est une version plus hupp\u00e9e de l\u2019Allegro. Ainsi, on utilisait un nom qui \u00e9tait associ\u00e9 au luxe et \u00e0 la qualit\u00e9 pour l\u2019appliquer \u00e0 un mod\u00e8le bas de gamme, truff\u00e9 de p\u00e9pins\u2009; tout sauf noble. N\u2019oubliez pas le probl\u00e8me d\u2019infiltration d\u2019eau \u00e0 l\u2019arri\u00e8re, qui a t\u00f4t fait de ruiner les tapis plus luxueux sign\u00e9s Wilton qu\u2019on avait jug\u00e9 bon d\u2019installer \u00e0 cet endroit. Et que dire de la grille greff\u00e9e \u00e0 l\u2019avant, une pi\u00e8ce absolument hideuse qui rendait le mod\u00e8le encore plus laid qu\u2019il ne l\u2019\u00e9tait\u2009? On avait quand m\u00eame rehauss\u00e9 la qualit\u00e9 des si\u00e8ges, install\u00e9 des boiseries en \u00e9rable, et m\u00eame ajout\u00e9 des tablettes \u00e0 l\u2019arri\u00e8re des si\u00e8ges avant, question que les invit\u00e9s puissent prendre le th\u00e9 en toute qui\u00e9tude. L\u2019effet escompt\u00e9 ne s\u2019est jamais concr\u00e9tis\u00e9. On esp\u00e9rait que les retrait\u00e9s, qui avaient \u00e9t\u00e9 habitu\u00e9s \u00e0 des mod\u00e8les luxueux plus gros, aimeraient bien l\u2019id\u00e9e d\u2019une voiture plus compacte, mais tout aussi riche. Les analystes de l\u2019\u00e9poque d\u00e9crivaient la Vanden Plas 1500 comme une petite pr\u00e9tentieuse. Et elle n\u2019\u00e9tait pas plus fiable que l\u2019Allegro. Et les performances \u00e9taient simplement correctes. On retrouvait sous le capot un 4-cylindres de 1,5\u00a0litre qui offrait 68\u00a0chevaux, pour un temps d\u2019environ 14,5\u00a0secondes au 0-100\u00a0km\/h. La voiture ne pesait que 900\u00a0kg, il faut le souligner (autour de 2000\u00a0livres.<\/p>\n<h3><strong>Aujourd\u2019hui<\/strong><\/h3>\n<p>\nIncroyablement, comme c\u2019est souvent le cas avec les mal-aim\u00e9s de l\u2019\u00e9poque, il existe des clubs qui leur rendent hommage. C\u2019est vrai pour l\u2019Allegro, mais aussi la Vanden Plas\u00a01500. \u00c9videmment, puisque le mod\u00e8le \u00e9tait vendu outre-mer, il vous faudra un sacr\u00e9 coup de chance pour trouver un ici\u2026 et beaucoup de courage pour oser l\u2019entretenir.<\/p>\n<p>\u00a0<\/p>\n<p>\u00a0<\/p>\n<p>\u00a0<\/p>\n<p>\u00a0<\/p>\n<p>\u00a0<\/p>\n<p>\u00a0<\/p>\n<p>\u00a0<\/p>\n<p>\u00a0<\/p>\n<p>\u00a0<\/p>\n<p>\u00a0<\/p>\n<p>Le texte <a rel=\"nofollow\" href=\"https:\/\/annuelauto.ca\/vanden-plas-1500-quand-lhorreur-emprunte-un-nom-a-la-noblesse\/\">Vanden Plas\u00a01500\u00a0: quand l\u2019horreur emprunte un nom \u00e0 la noblesse<\/a> provient de <a rel=\"nofollow\" href=\"https:\/\/annuelauto.ca\">L&#8217;annuel de l&#8217;automobile &#8211; Actualit\u00e9 automobile<\/a><\/p>\n<p><\/p>\n","protected":false},"excerpt":{"rendered":"<p>Les articles de v\u00e9hicules r\u00e9tro que l\u2019on vous r\u00e9serve vont dans tous les sens. On ne discrimine pas, tout y passe, y compris des mod\u00e8les qui n\u2019ont pas marqu\u00e9 l\u2019histoire pour les bonnes raisons. Aujourd\u2019hui, coup d\u2019\u0153il \u00e0 une voiture horrible, une mauvaise id\u00e9e, un mauvais projet et une mauvaise ex\u00e9cution. Madame, monsieur, la Vanden [&hellip;]<\/p>\n","protected":false},"author":8,"featured_media":159932,"comment_status":"close","ping_status":"closed","sticky":false,"template":"","format":"standard","meta":{"_monsterinsights_skip_tracking":false,"_monsterinsights_sitenote_active":false,"_monsterinsights_sitenote_note":"","_monsterinsights_sitenote_category":0,"footnotes":""},"categories":[101],"tags":[],"yoast_head":"<!-- This site is optimized with the Yoast SEO plugin v23.2 - https:\/\/yoast.com\/wordpress\/plugins\/seo\/ -->\n<title>Vanden Plas\u00a01500\u00a0: quand l\u2019horreur emprunte un nom \u00e0 la noblesse - CanadaMotorJobs.com<\/title>\n<meta name=\"description\" content=\"Vanden Plas\u00a01500\u00a0: quand l\u2019horreur emprunte un nom \u00e0 la noblesse - Benoit Charette - Annuel automobile - CanadaMotorJobs.com.\" \/>\n<meta name=\"robots\" content=\"index, follow, max-snippet:-1, max-image-preview:large, max-video-preview:-1\" \/>\n<meta property=\"og:locale\" content=\"fr_CA\" \/>\n<meta property=\"og:type\" content=\"article\" \/>\n<meta property=\"og:title\" content=\"Vanden Plas\u00a01500\u00a0: quand l\u2019horreur emprunte un nom \u00e0 la noblesse - CanadaMotorJobs.com\" \/>\n<meta property=\"og:description\" content=\"Vanden Plas\u00a01500\u00a0: quand l\u2019horreur emprunte un nom \u00e0 la noblesse - Benoit Charette - Annuel automobile - CanadaMotorJobs.com.\" \/>\n<meta property=\"og:url\" content=\"https:\/\/news.canadamotorjobs.com\/fr\/vanden-plas-1500-quand-lhorreur-emprunte-un-nom-a-la-noblesse\/\" \/>\n<meta property=\"og:site_name\" content=\"CanadaMotorJobs.com\" \/>\n<meta property=\"article:publisher\" content=\"https:\/\/www.facebook.com\/canadamotorjobs\/\" \/>\n<meta property=\"article:published_time\" content=\"2024-02-28T13:59:00+00:00\" \/>\n<meta property=\"article:modified_time\" content=\"2024-02-28T13:59:15+00:00\" \/>\n<meta property=\"og:image\" content=\"https:\/\/news.canadamotorjobs.com\/wp-content\/uploads\/2024\/02\/Vanden-Plas-1500-2.jpg\" \/>\n\t<meta property=\"og:image:width\" content=\"1024\" \/>\n\t<meta property=\"og:image:height\" content=\"768\" \/>\n\t<meta property=\"og:image:type\" content=\"image\/jpeg\" \/>\n<meta name=\"author\" content=\"Benoit Charette\" \/>\n<meta name=\"twitter:card\" content=\"summary_large_image\" \/>\n<meta name=\"twitter:creator\" content=\"@canadamotorjobs\" \/>\n<meta name=\"twitter:site\" content=\"@canadamotorjobs\" \/>\n<meta name=\"twitter:label1\" content=\"\u00c9crit par\" \/>\n\t<meta name=\"twitter:data1\" content=\"Benoit Charette\" \/>\n\t<meta name=\"twitter:label2\" content=\"Estimation du temps de lecture\" \/>\n\t<meta name=\"twitter:data2\" content=\"4 minutes\" \/>\n<!-- \/ Yoast SEO plugin. -->","yoast_head_json":{"title":"Vanden Plas\u00a01500\u00a0: quand l\u2019horreur emprunte un nom \u00e0 la noblesse - CanadaMotorJobs.com","description":"Vanden Plas\u00a01500\u00a0: quand l\u2019horreur emprunte un nom \u00e0 la noblesse - Benoit Charette - Annuel automobile - CanadaMotorJobs.com.","robots":{"index":"index","follow":"follow","max-snippet":"max-snippet:-1","max-image-preview":"max-image-preview:large","max-video-preview":"max-video-preview:-1"},"og_locale":"fr_CA","og_type":"article","og_title":"Vanden Plas\u00a01500\u00a0: quand l\u2019horreur emprunte un nom \u00e0 la noblesse - CanadaMotorJobs.com","og_description":"Vanden Plas\u00a01500\u00a0: quand l\u2019horreur emprunte un nom \u00e0 la noblesse - Benoit Charette - Annuel automobile - CanadaMotorJobs.com.","og_url":"https:\/\/news.canadamotorjobs.com\/fr\/vanden-plas-1500-quand-lhorreur-emprunte-un-nom-a-la-noblesse\/","og_site_name":"CanadaMotorJobs.com","article_publisher":"https:\/\/www.facebook.com\/canadamotorjobs\/","article_published_time":"2024-02-28T13:59:00+00:00","article_modified_time":"2024-02-28T13:59:15+00:00","og_image":[{"width":1024,"height":768,"url":"https:\/\/news.canadamotorjobs.com\/wp-content\/uploads\/2024\/02\/Vanden-Plas-1500-2.jpg","type":"image\/jpeg"}],"author":"Benoit Charette","twitter_card":"summary_large_image","twitter_creator":"@canadamotorjobs","twitter_site":"@canadamotorjobs","twitter_misc":{"\u00c9crit par":"Benoit Charette","Estimation du temps de lecture":"4 minutes"},"schema":{"@context":"https:\/\/schema.org","@graph":[{"@type":"Article","@id":"https:\/\/news.canadamotorjobs.com\/fr\/vanden-plas-1500-quand-lhorreur-emprunte-un-nom-a-la-noblesse\/#article","isPartOf":{"@id":"https:\/\/news.canadamotorjobs.com\/fr\/vanden-plas-1500-quand-lhorreur-emprunte-un-nom-a-la-noblesse\/"},"author":{"name":"Benoit Charette","@id":"https:\/\/news.canadamotorjobs.com\/#\/schema\/person\/51793d1f87d44011d7bcc2ed99269a90"},"headline":"Vanden Plas\u00a01500\u00a0: quand l\u2019horreur emprunte un nom \u00e0 la noblesse","datePublished":"2024-02-28T13:59:00+00:00","dateModified":"2024-02-28T13:59:15+00:00","mainEntityOfPage":{"@id":"https:\/\/news.canadamotorjobs.com\/fr\/vanden-plas-1500-quand-lhorreur-emprunte-un-nom-a-la-noblesse\/"},"wordCount":754,"publisher":{"@id":"https:\/\/news.canadamotorjobs.com\/#organization"},"image":{"@id":"https:\/\/news.canadamotorjobs.com\/fr\/vanden-plas-1500-quand-lhorreur-emprunte-un-nom-a-la-noblesse\/#primaryimage"},"thumbnailUrl":"https:\/\/news.canadamotorjobs.com\/wp-content\/uploads\/2024\/02\/Vanden-Plas-1500-2.jpg","articleSection":["Annuel automobile"],"inLanguage":"fr-CA"},{"@type":"WebPage","@id":"https:\/\/news.canadamotorjobs.com\/fr\/vanden-plas-1500-quand-lhorreur-emprunte-un-nom-a-la-noblesse\/","url":"https:\/\/news.canadamotorjobs.com\/fr\/vanden-plas-1500-quand-lhorreur-emprunte-un-nom-a-la-noblesse\/","name":"Vanden Plas\u00a01500\u00a0: quand l\u2019horreur emprunte un nom \u00e0 la noblesse - CanadaMotorJobs.com","isPartOf":{"@id":"https:\/\/news.canadamotorjobs.com\/#website"},"primaryImageOfPage":{"@id":"https:\/\/news.canadamotorjobs.com\/fr\/vanden-plas-1500-quand-lhorreur-emprunte-un-nom-a-la-noblesse\/#primaryimage"},"image":{"@id":"https:\/\/news.canadamotorjobs.com\/fr\/vanden-plas-1500-quand-lhorreur-emprunte-un-nom-a-la-noblesse\/#primaryimage"},"thumbnailUrl":"https:\/\/news.canadamotorjobs.com\/wp-content\/uploads\/2024\/02\/Vanden-Plas-1500-2.jpg","datePublished":"2024-02-28T13:59:00+00:00","dateModified":"2024-02-28T13:59:15+00:00","description":"Vanden Plas\u00a01500\u00a0: quand l\u2019horreur emprunte un nom \u00e0 la noblesse - Benoit Charette - Annuel automobile - CanadaMotorJobs.com.","breadcrumb":{"@id":"https:\/\/news.canadamotorjobs.com\/fr\/vanden-plas-1500-quand-lhorreur-emprunte-un-nom-a-la-noblesse\/#breadcrumb"},"inLanguage":"fr-CA","potentialAction":[{"@type":"ReadAction","target":["https:\/\/news.canadamotorjobs.com\/fr\/vanden-plas-1500-quand-lhorreur-emprunte-un-nom-a-la-noblesse\/"]}]},{"@type":"ImageObject","inLanguage":"fr-CA","@id":"https:\/\/news.canadamotorjobs.com\/fr\/vanden-plas-1500-quand-lhorreur-emprunte-un-nom-a-la-noblesse\/#primaryimage","url":"https:\/\/news.canadamotorjobs.com\/wp-content\/uploads\/2024\/02\/Vanden-Plas-1500-2.jpg","contentUrl":"https:\/\/news.canadamotorjobs.com\/wp-content\/uploads\/2024\/02\/Vanden-Plas-1500-2.jpg","width":1024,"height":768},{"@type":"BreadcrumbList","@id":"https:\/\/news.canadamotorjobs.com\/fr\/vanden-plas-1500-quand-lhorreur-emprunte-un-nom-a-la-noblesse\/#breadcrumb","itemListElement":[{"@type":"ListItem","position":1,"name":"Home","item":"https:\/\/news.canadamotorjobs.com\/fr\/blog\/"},{"@type":"ListItem","position":2,"name":"Vanden Plas\u00a01500\u00a0: quand l\u2019horreur emprunte un nom \u00e0 la noblesse"}]},{"@type":"WebSite","@id":"https:\/\/news.canadamotorjobs.com\/#website","url":"https:\/\/news.canadamotorjobs.com\/","name":"CanadaMotorJobs.com","description":"Automotive Jobs","publisher":{"@id":"https:\/\/news.canadamotorjobs.com\/#organization"},"potentialAction":[{"@type":"SearchAction","target":{"@type":"EntryPoint","urlTemplate":"https:\/\/news.canadamotorjobs.com\/?s={search_term_string}"},"query-input":"required name=search_term_string"}],"inLanguage":"fr-CA"},{"@type":"Organization","@id":"https:\/\/news.canadamotorjobs.com\/#organization","name":"Canada Motor Jobs","url":"https:\/\/news.canadamotorjobs.com\/","logo":{"@type":"ImageObject","inLanguage":"fr-CA","@id":"https:\/\/news.canadamotorjobs.com\/#\/schema\/logo\/image\/","url":"https:\/\/news.canadamotorjobs.com\/wp-content\/uploads\/2022\/10\/logo-canada-motor-jobs-1.png","contentUrl":"https:\/\/news.canadamotorjobs.com\/wp-content\/uploads\/2022\/10\/logo-canada-motor-jobs-1.png","width":800,"height":400,"caption":"Canada Motor Jobs"},"image":{"@id":"https:\/\/news.canadamotorjobs.com\/#\/schema\/logo\/image\/"},"sameAs":["https:\/\/www.facebook.com\/canadamotorjobs\/","https:\/\/x.com\/canadamotorjobs","https:\/\/www.instagram.com\/canadamotorjobs\/","https:\/\/www.linkedin.com\/company\/canadamotorjobs"]},{"@type":"Person","@id":"https:\/\/news.canadamotorjobs.com\/#\/schema\/person\/51793d1f87d44011d7bcc2ed99269a90","name":"Benoit Charette","image":{"@type":"ImageObject","inLanguage":"fr-CA","@id":"https:\/\/news.canadamotorjobs.com\/#\/schema\/person\/image\/","url":"https:\/\/secure.gravatar.com\/avatar\/45f3d2eebcccd909668d7ce7ea7267b6?s=96&d=mm&r=g","contentUrl":"https:\/\/secure.gravatar.com\/avatar\/45f3d2eebcccd909668d7ce7ea7267b6?s=96&d=mm&r=g","caption":"Benoit Charette"},"description":"Benoit Charette \/ Propri\u00e9taire et r\u00e9dacteur en chef Benoit Charette pratique le journalisme automobile depuis bient\u00f4t 30 ans. Il a fait ses classes au c\u00f4t\u00e9 de Daniel H\u00e9raud et au Carnet de route de 1992 \u00e0 2001. Il est fondateur, copropri\u00e9taire et r\u00e9dacteur en chef de L\u2019Annuel de l\u2019automobile, qu\u2019il publie depuis 2001. Il a anim\u00e9 les \u00e9missions RPM et RPM+ sur V et les L\u00e9gendes de la route sur Historia. \u00c0 la radio depuis 1986, il reprend l\u2019antenne cette ann\u00e9e sur les ondes de Cogeco et participe pour la deuxi\u00e8me ann\u00e9e \u00e0 l\u2019\u00e9mission Passion Auto sur RDS en plus de mettre en ligne le site Web officiel de L\u2019Annuel de l\u2019automobile sur annuelauto.ca.","sameAs":["https:\/\/annuelauto.ca\/"],"url":"https:\/\/news.canadamotorjobs.com\/fr\/author\/benoit-charette\/"}]}},"_links":{"self":[{"href":"https:\/\/news.canadamotorjobs.com\/fr\/wp-json\/wp\/v2\/posts\/159930"}],"collection":[{"href":"https:\/\/news.canadamotorjobs.com\/fr\/wp-json\/wp\/v2\/posts"}],"about":[{"href":"https:\/\/news.canadamotorjobs.com\/fr\/wp-json\/wp\/v2\/types\/post"}],"author":[{"embeddable":true,"href":"https:\/\/news.canadamotorjobs.com\/fr\/wp-json\/wp\/v2\/users\/8"}],"replies":[{"embeddable":true,"href":"https:\/\/news.canadamotorjobs.com\/fr\/wp-json\/wp\/v2\/comments?post=159930"}],"version-history":[{"count":2,"href":"https:\/\/news.canadamotorjobs.com\/fr\/wp-json\/wp\/v2\/posts\/159930\/revisions"}],"predecessor-version":[{"id":159934,"href":"https:\/\/news.canadamotorjobs.com\/fr\/wp-json\/wp\/v2\/posts\/159930\/revisions\/159934"}],"wp:featuredmedia":[{"embeddable":true,"href":"https:\/\/news.canadamotorjobs.com\/fr\/wp-json\/wp\/v2\/media\/159932"}],"wp:attachment":[{"href":"https:\/\/news.canadamotorjobs.com\/fr\/wp-json\/wp\/v2\/media?parent=159930"}],"wp:term":[{"taxonomy":"category","embeddable":true,"href":"https:\/\/news.canadamotorjobs.com\/fr\/wp-json\/wp\/v2\/categories?post=159930"},{"taxonomy":"post_tag","embeddable":true,"href":"https:\/\/news.canadamotorjobs.com\/fr\/wp-json\/wp\/v2\/tags?post=159930"}],"curies":[{"name":"wp","href":"https:\/\/api.w.org\/{rel}","templated":true}]}}