{"id":159873,"date":"2024-02-27T07:34:32","date_gmt":"2024-02-27T12:34:32","guid":{"rendered":"https:\/\/news.canadamotorjobs.com\/?p=159873"},"modified":"2024-02-27T07:45:29","modified_gmt":"2024-02-27T12:45:29","slug":"rappel-et-arret-des-ventes-pour-les-modeles-honda-odyssey-et-acura-rdx","status":"publish","type":"post","link":"https:\/\/news.canadamotorjobs.com\/fr\/rappel-et-arret-des-ventes-pour-les-modeles-honda-odyssey-et-acura-rdx\/","title":{"rendered":"Rappel et arr\u00eat des ventes pour les mod\u00e8les Honda Odyssey et Acura RDX"},"content":{"rendered":"<\/p>\n<p>Un outil surpuissant utilis\u00e9 lors de l\u2019assemblage des v\u00e9hicules peut avoir d\u00e9nud\u00e9 des fixations dans le bo\u00eetier de direction, permettant \u00e0 l&#8217;eau de s&#8217;infiltrer et de corroder les engrenages.<\/p>\n<h3>Un\u00a0 manque de jugement<\/h3>\n<p>\nJTEKT Automotive North America, qui fabrique des composants \u00e9lectroniques de direction assist\u00e9e pour Honda, a d\u00e9cid\u00e9 de moderniser sa production en rempla\u00e7ant la cl\u00e9 dynamom\u00e9trique par un pistolet dynamom\u00e9trique. Les m\u00e9caniciens d\u2019exp\u00e9rience savent qu\u2019une cl\u00e9 dynamom\u00e9trique manuelle n\u2019a pas d\u2019\u00e9quivalent pour sa pr\u00e9cision. La trop forte puissance du pistolet dynamom\u00e9trique a conduit \u00e0 des bo\u00eetiers de direction susceptibles d&#8217;avoir \u00e9t\u00e9 mal fix\u00e9s et filet\u00e9s en croix.<\/p>\n<h3>Un probl\u00e8me apparu l\u2019an dernier<\/h3>\n<p>\nL&#8217;entreprise a alert\u00e9 Honda de ce probl\u00e8me le 11 novembre 2023 et, apr\u00e8s une enqu\u00eate, le constructeur automobile a d\u00e9termin\u00e9 que le probl\u00e8me pouvait affecter les mod\u00e8les Odyssey 2023-2024 et Acura RDX 2024 fabriqu\u00e9s l&#8217;\u00e9t\u00e9 et l&#8217;automne derniers.<\/p>\n<h3>Peu de mod\u00e8le touch\u00e9s<\/h3>\n<p>\nHeureusement, le probl\u00e8me est relativement limit\u00e9 et Honda estime qu&#8217;il n&#8217;affecte que 186 v\u00e9hicules au total. Malgr\u00e9 cela, Honda a \u00e9mis un avis de cessation de vente et lanc\u00e9 une campagne de rappel pour certaines Odyssey et RDX. Elle affirme \u00e9galement qu&#8217;elle n&#8217;a pas encore connaissance de r\u00e9clamations au titre de la garantie, de blessures ou de d\u00e9c\u00e8s li\u00e9s \u00e0 ce probl\u00e8me.<\/p>\n<h3>Un probl\u00e8me \u00e0 retardement<\/h3>\n<p>\nCela peut s&#8217;expliquer en partie par le fait que le d\u00e9faut est susceptible de se d\u00e9velopper avec le temps. Honda indique que les fixations \u00e0 filets crois\u00e9s peuvent permettre \u00e0 l&#8217;eau de s&#8217;infiltrer dans le r\u00e9ducteur du bo\u00eetier de direction, ce qui peut entra\u00eener la corrosion et le grippage des engrenages. Si cela se produit, la capacit\u00e9 du conducteur \u00e0 diriger le v\u00e9hicule peut \u00eatre affect\u00e9e et le risque d&#8217;accident est accru. Il est conseill\u00e9 aux propri\u00e9taires d&#8217;\u00eatre attentifs \u00e0 tout bruit anormal lorsqu&#8217;ils tournent le volant, car cela peut indiquer qu&#8217;un probl\u00e8me est en train de se d\u00e9velopper. Honda et ses partenaires commenceront \u00e0 contacter les propri\u00e9taires le 1er avril &#8211; pour de vrai. Il leur sera demand\u00e9 de ramener leur v\u00e9hicule chez un concessionnaire proche, o\u00f9 la cr\u00e9maill\u00e8re de direction assist\u00e9e \u00e9lectrique sera remplac\u00e9e par une pi\u00e8ce non d\u00e9fectueuse.<\/p>\n<p>\u00a0<\/p>\n<p>Avec des renseignements de Carbuzz<\/p>\n<p>Le texte <a rel=\"nofollow\" href=\"https:\/\/annuelauto.ca\/rappel-et-arret-des-ventes-pour-les-modeles-honda-odyssey-et-acura-rdx\/\">Rappel et arr\u00eat des ventes pour les mod\u00e8les Honda Odyssey et Acura RDX<\/a> provient de <a rel=\"nofollow\" href=\"https:\/\/annuelauto.ca\">L&#8217;annuel de l&#8217;automobile &#8211; Actualit\u00e9 automobile<\/a><\/p>\n<p><\/p>\n","protected":false},"excerpt":{"rendered":"<p>Un outil surpuissant utilis\u00e9 lors de l\u2019assemblage des v\u00e9hicules peut avoir d\u00e9nud\u00e9 des fixations dans le bo\u00eetier de direction, permettant \u00e0 l&#8217;eau de s&#8217;infiltrer et de corroder les engrenages. Un\u00a0 manque de jugement JTEKT Automotive North America, qui fabrique des composants \u00e9lectroniques de direction assist\u00e9e pour Honda, a d\u00e9cid\u00e9 de moderniser sa production en rempla\u00e7ant [&hellip;]<\/p>\n","protected":false},"author":8,"featured_media":159875,"comment_status":"close","ping_status":"closed","sticky":false,"template":"","format":"standard","meta":{"_monsterinsights_skip_tracking":false,"_monsterinsights_sitenote_active":false,"_monsterinsights_sitenote_note":"","_monsterinsights_sitenote_category":0,"footnotes":""},"categories":[101],"tags":[],"yoast_head":"<!-- This site is optimized with the Yoast SEO plugin v23.2 - https:\/\/yoast.com\/wordpress\/plugins\/seo\/ -->\n<title>Rappel et arr\u00eat des ventes pour les mod\u00e8les Honda Odyssey et Acura RDX - CanadaMotorJobs.com<\/title>\n<meta name=\"description\" content=\"Rappel et arr\u00eat des ventes pour les mod\u00e8les Honda Odyssey et Acura RDX - Benoit Charette - Annuel automobile - CanadaMotorJobs.com.\" \/>\n<meta name=\"robots\" content=\"index, follow, max-snippet:-1, max-image-preview:large, max-video-preview:-1\" \/>\n<meta property=\"og:locale\" content=\"fr_CA\" \/>\n<meta property=\"og:type\" content=\"article\" \/>\n<meta property=\"og:title\" content=\"Rappel et arr\u00eat des ventes pour les mod\u00e8les Honda Odyssey et Acura RDX - CanadaMotorJobs.com\" \/>\n<meta property=\"og:description\" content=\"Rappel et arr\u00eat des ventes pour les mod\u00e8les Honda Odyssey et Acura RDX - Benoit Charette - Annuel automobile - CanadaMotorJobs.com.\" \/>\n<meta property=\"og:url\" content=\"https:\/\/news.canadamotorjobs.com\/fr\/rappel-et-arret-des-ventes-pour-les-modeles-honda-odyssey-et-acura-rdx\/\" \/>\n<meta property=\"og:site_name\" content=\"CanadaMotorJobs.com\" \/>\n<meta property=\"article:publisher\" content=\"https:\/\/www.facebook.com\/canadamotorjobs\/\" \/>\n<meta property=\"article:published_time\" content=\"2024-02-27T12:34:32+00:00\" \/>\n<meta property=\"article:modified_time\" content=\"2024-02-27T12:45:29+00:00\" \/>\n<meta property=\"og:image\" content=\"https:\/\/news.canadamotorjobs.com\/wp-content\/uploads\/2024\/02\/2022-acura-rdx-sh-awd-a-spec-advance-444-1659479451.jpg\" \/>\n\t<meta property=\"og:image:width\" content=\"980\" \/>\n\t<meta property=\"og:image:height\" content=\"599\" \/>\n\t<meta property=\"og:image:type\" content=\"image\/jpeg\" \/>\n<meta name=\"author\" content=\"Benoit Charette\" \/>\n<meta name=\"twitter:card\" content=\"summary_large_image\" \/>\n<meta name=\"twitter:creator\" content=\"@canadamotorjobs\" \/>\n<meta name=\"twitter:site\" content=\"@canadamotorjobs\" \/>\n<meta name=\"twitter:label1\" content=\"\u00c9crit par\" \/>\n\t<meta name=\"twitter:data1\" content=\"Benoit Charette\" \/>\n\t<meta name=\"twitter:label2\" content=\"Estimation du temps de lecture\" \/>\n\t<meta name=\"twitter:data2\" content=\"2 minutes\" \/>\n<!-- \/ Yoast SEO plugin. -->","yoast_head_json":{"title":"Rappel et arr\u00eat des ventes pour les mod\u00e8les Honda Odyssey et Acura RDX - CanadaMotorJobs.com","description":"Rappel et arr\u00eat des ventes pour les mod\u00e8les Honda Odyssey et Acura RDX - Benoit Charette - Annuel automobile - CanadaMotorJobs.com.","robots":{"index":"index","follow":"follow","max-snippet":"max-snippet:-1","max-image-preview":"max-image-preview:large","max-video-preview":"max-video-preview:-1"},"og_locale":"fr_CA","og_type":"article","og_title":"Rappel et arr\u00eat des ventes pour les mod\u00e8les Honda Odyssey et Acura RDX - CanadaMotorJobs.com","og_description":"Rappel et arr\u00eat des ventes pour les mod\u00e8les Honda Odyssey et Acura RDX - Benoit Charette - Annuel automobile - CanadaMotorJobs.com.","og_url":"https:\/\/news.canadamotorjobs.com\/fr\/rappel-et-arret-des-ventes-pour-les-modeles-honda-odyssey-et-acura-rdx\/","og_site_name":"CanadaMotorJobs.com","article_publisher":"https:\/\/www.facebook.com\/canadamotorjobs\/","article_published_time":"2024-02-27T12:34:32+00:00","article_modified_time":"2024-02-27T12:45:29+00:00","og_image":[{"width":980,"height":599,"url":"https:\/\/news.canadamotorjobs.com\/wp-content\/uploads\/2024\/02\/2022-acura-rdx-sh-awd-a-spec-advance-444-1659479451.jpg","type":"image\/jpeg"}],"author":"Benoit Charette","twitter_card":"summary_large_image","twitter_creator":"@canadamotorjobs","twitter_site":"@canadamotorjobs","twitter_misc":{"\u00c9crit par":"Benoit Charette","Estimation du temps de lecture":"2 minutes"},"schema":{"@context":"https:\/\/schema.org","@graph":[{"@type":"Article","@id":"https:\/\/news.canadamotorjobs.com\/fr\/rappel-et-arret-des-ventes-pour-les-modeles-honda-odyssey-et-acura-rdx\/#article","isPartOf":{"@id":"https:\/\/news.canadamotorjobs.com\/fr\/rappel-et-arret-des-ventes-pour-les-modeles-honda-odyssey-et-acura-rdx\/"},"author":{"name":"Benoit Charette","@id":"https:\/\/news.canadamotorjobs.com\/#\/schema\/person\/51793d1f87d44011d7bcc2ed99269a90"},"headline":"Rappel et arr\u00eat des ventes pour les mod\u00e8les Honda Odyssey et Acura RDX","datePublished":"2024-02-27T12:34:32+00:00","dateModified":"2024-02-27T12:45:29+00:00","mainEntityOfPage":{"@id":"https:\/\/news.canadamotorjobs.com\/fr\/rappel-et-arret-des-ventes-pour-les-modeles-honda-odyssey-et-acura-rdx\/"},"wordCount":462,"publisher":{"@id":"https:\/\/news.canadamotorjobs.com\/#organization"},"image":{"@id":"https:\/\/news.canadamotorjobs.com\/fr\/rappel-et-arret-des-ventes-pour-les-modeles-honda-odyssey-et-acura-rdx\/#primaryimage"},"thumbnailUrl":"https:\/\/news.canadamotorjobs.com\/wp-content\/uploads\/2024\/02\/2022-acura-rdx-sh-awd-a-spec-advance-444-1659479451.jpg","articleSection":["Annuel automobile"],"inLanguage":"fr-CA"},{"@type":"WebPage","@id":"https:\/\/news.canadamotorjobs.com\/fr\/rappel-et-arret-des-ventes-pour-les-modeles-honda-odyssey-et-acura-rdx\/","url":"https:\/\/news.canadamotorjobs.com\/fr\/rappel-et-arret-des-ventes-pour-les-modeles-honda-odyssey-et-acura-rdx\/","name":"Rappel et arr\u00eat des ventes pour les mod\u00e8les Honda Odyssey et Acura RDX - CanadaMotorJobs.com","isPartOf":{"@id":"https:\/\/news.canadamotorjobs.com\/#website"},"primaryImageOfPage":{"@id":"https:\/\/news.canadamotorjobs.com\/fr\/rappel-et-arret-des-ventes-pour-les-modeles-honda-odyssey-et-acura-rdx\/#primaryimage"},"image":{"@id":"https:\/\/news.canadamotorjobs.com\/fr\/rappel-et-arret-des-ventes-pour-les-modeles-honda-odyssey-et-acura-rdx\/#primaryimage"},"thumbnailUrl":"https:\/\/news.canadamotorjobs.com\/wp-content\/uploads\/2024\/02\/2022-acura-rdx-sh-awd-a-spec-advance-444-1659479451.jpg","datePublished":"2024-02-27T12:34:32+00:00","dateModified":"2024-02-27T12:45:29+00:00","description":"Rappel et arr\u00eat des ventes pour les mod\u00e8les Honda Odyssey et Acura RDX - Benoit Charette - Annuel automobile - CanadaMotorJobs.com.","breadcrumb":{"@id":"https:\/\/news.canadamotorjobs.com\/fr\/rappel-et-arret-des-ventes-pour-les-modeles-honda-odyssey-et-acura-rdx\/#breadcrumb"},"inLanguage":"fr-CA","potentialAction":[{"@type":"ReadAction","target":["https:\/\/news.canadamotorjobs.com\/fr\/rappel-et-arret-des-ventes-pour-les-modeles-honda-odyssey-et-acura-rdx\/"]}]},{"@type":"ImageObject","inLanguage":"fr-CA","@id":"https:\/\/news.canadamotorjobs.com\/fr\/rappel-et-arret-des-ventes-pour-les-modeles-honda-odyssey-et-acura-rdx\/#primaryimage","url":"https:\/\/news.canadamotorjobs.com\/wp-content\/uploads\/2024\/02\/2022-acura-rdx-sh-awd-a-spec-advance-444-1659479451.jpg","contentUrl":"https:\/\/news.canadamotorjobs.com\/wp-content\/uploads\/2024\/02\/2022-acura-rdx-sh-awd-a-spec-advance-444-1659479451.jpg","width":980,"height":599},{"@type":"BreadcrumbList","@id":"https:\/\/news.canadamotorjobs.com\/fr\/rappel-et-arret-des-ventes-pour-les-modeles-honda-odyssey-et-acura-rdx\/#breadcrumb","itemListElement":[{"@type":"ListItem","position":1,"name":"Home","item":"https:\/\/news.canadamotorjobs.com\/fr\/blog\/"},{"@type":"ListItem","position":2,"name":"Rappel et arr\u00eat des ventes pour les mod\u00e8les Honda Odyssey et Acura RDX"}]},{"@type":"WebSite","@id":"https:\/\/news.canadamotorjobs.com\/#website","url":"https:\/\/news.canadamotorjobs.com\/","name":"CanadaMotorJobs.com","description":"Automotive Jobs","publisher":{"@id":"https:\/\/news.canadamotorjobs.com\/#organization"},"potentialAction":[{"@type":"SearchAction","target":{"@type":"EntryPoint","urlTemplate":"https:\/\/news.canadamotorjobs.com\/?s={search_term_string}"},"query-input":"required name=search_term_string"}],"inLanguage":"fr-CA"},{"@type":"Organization","@id":"https:\/\/news.canadamotorjobs.com\/#organization","name":"Canada Motor Jobs","url":"https:\/\/news.canadamotorjobs.com\/","logo":{"@type":"ImageObject","inLanguage":"fr-CA","@id":"https:\/\/news.canadamotorjobs.com\/#\/schema\/logo\/image\/","url":"https:\/\/news.canadamotorjobs.com\/wp-content\/uploads\/2022\/10\/logo-canada-motor-jobs-1.png","contentUrl":"https:\/\/news.canadamotorjobs.com\/wp-content\/uploads\/2022\/10\/logo-canada-motor-jobs-1.png","width":800,"height":400,"caption":"Canada Motor Jobs"},"image":{"@id":"https:\/\/news.canadamotorjobs.com\/#\/schema\/logo\/image\/"},"sameAs":["https:\/\/www.facebook.com\/canadamotorjobs\/","https:\/\/x.com\/canadamotorjobs","https:\/\/www.instagram.com\/canadamotorjobs\/","https:\/\/www.linkedin.com\/company\/canadamotorjobs"]},{"@type":"Person","@id":"https:\/\/news.canadamotorjobs.com\/#\/schema\/person\/51793d1f87d44011d7bcc2ed99269a90","name":"Benoit Charette","image":{"@type":"ImageObject","inLanguage":"fr-CA","@id":"https:\/\/news.canadamotorjobs.com\/#\/schema\/person\/image\/","url":"https:\/\/secure.gravatar.com\/avatar\/45f3d2eebcccd909668d7ce7ea7267b6?s=96&d=mm&r=g","contentUrl":"https:\/\/secure.gravatar.com\/avatar\/45f3d2eebcccd909668d7ce7ea7267b6?s=96&d=mm&r=g","caption":"Benoit Charette"},"description":"Benoit Charette \/ Propri\u00e9taire et r\u00e9dacteur en chef Benoit Charette pratique le journalisme automobile depuis bient\u00f4t 30 ans. Il a fait ses classes au c\u00f4t\u00e9 de Daniel H\u00e9raud et au Carnet de route de 1992 \u00e0 2001. Il est fondateur, copropri\u00e9taire et r\u00e9dacteur en chef de L\u2019Annuel de l\u2019automobile, qu\u2019il publie depuis 2001. Il a anim\u00e9 les \u00e9missions RPM et RPM+ sur V et les L\u00e9gendes de la route sur Historia. \u00c0 la radio depuis 1986, il reprend l\u2019antenne cette ann\u00e9e sur les ondes de Cogeco et participe pour la deuxi\u00e8me ann\u00e9e \u00e0 l\u2019\u00e9mission Passion Auto sur RDS en plus de mettre en ligne le site Web officiel de L\u2019Annuel de l\u2019automobile sur annuelauto.ca.","sameAs":["https:\/\/annuelauto.ca\/"],"url":"https:\/\/news.canadamotorjobs.com\/fr\/author\/benoit-charette\/"}]}},"_links":{"self":[{"href":"https:\/\/news.canadamotorjobs.com\/fr\/wp-json\/wp\/v2\/posts\/159873"}],"collection":[{"href":"https:\/\/news.canadamotorjobs.com\/fr\/wp-json\/wp\/v2\/posts"}],"about":[{"href":"https:\/\/news.canadamotorjobs.com\/fr\/wp-json\/wp\/v2\/types\/post"}],"author":[{"embeddable":true,"href":"https:\/\/news.canadamotorjobs.com\/fr\/wp-json\/wp\/v2\/users\/8"}],"replies":[{"embeddable":true,"href":"https:\/\/news.canadamotorjobs.com\/fr\/wp-json\/wp\/v2\/comments?post=159873"}],"version-history":[{"count":2,"href":"https:\/\/news.canadamotorjobs.com\/fr\/wp-json\/wp\/v2\/posts\/159873\/revisions"}],"predecessor-version":[{"id":159877,"href":"https:\/\/news.canadamotorjobs.com\/fr\/wp-json\/wp\/v2\/posts\/159873\/revisions\/159877"}],"wp:featuredmedia":[{"embeddable":true,"href":"https:\/\/news.canadamotorjobs.com\/fr\/wp-json\/wp\/v2\/media\/159875"}],"wp:attachment":[{"href":"https:\/\/news.canadamotorjobs.com\/fr\/wp-json\/wp\/v2\/media?parent=159873"}],"wp:term":[{"taxonomy":"category","embeddable":true,"href":"https:\/\/news.canadamotorjobs.com\/fr\/wp-json\/wp\/v2\/categories?post=159873"},{"taxonomy":"post_tag","embeddable":true,"href":"https:\/\/news.canadamotorjobs.com\/fr\/wp-json\/wp\/v2\/tags?post=159873"}],"curies":[{"name":"wp","href":"https:\/\/api.w.org\/{rel}","templated":true}]}}