{"id":159850,"date":"2024-02-27T07:13:37","date_gmt":"2024-02-27T12:13:37","guid":{"rendered":"https:\/\/news.canadamotorjobs.com\/?p=159850"},"modified":"2024-02-27T07:17:53","modified_gmt":"2024-02-27T12:17:53","slug":"le-canada-et-les-etats-unis-semblent-seloigner-sur-la-voie-de-ladoption-des-ve","status":"publish","type":"post","link":"https:\/\/news.canadamotorjobs.com\/fr\/le-canada-et-les-etats-unis-semblent-seloigner-sur-la-voie-de-ladoption-des-ve\/","title":{"rendered":"Le Canada et les \u00c9tats-Unis semblent s\u2019\u00e9loigner sur la voie de l\u2019adoption des VE"},"content":{"rendered":"<\/p>\n<p>L&#8217;agence am\u00e9ricaine de protection de l&#8217;environnement devrait renoncer \u00e0 exiger que 60 % des v\u00e9hicules produits soient des VE d&#8217;ici \u00e0 2030. Le Canada, quant \u00e0 lui, vise les 100 % d&#8217;ici \u00e0 2035.<\/p>\n<h3>Des objectifs diff\u00e9rents<\/h3>\n<p>\nAux \u00c9tats-Unis, l&#8217;Environmental Protection Agency (EPA) devrait abandonner l&#8217;exigence selon laquelle 60 % de la production de v\u00e9hicules devrait \u00eatre \u00e9lectrique d&#8217;ici 2030, selon Reuters, avec une annonce pr\u00e9vue en mars. Au Canada, le gouvernement f\u00e9d\u00e9ral s&#8217;est engag\u00e9 \u00e0 r\u00e9aliser 100 % des ventes de v\u00e9hicules z\u00e9ro \u00e9mission d&#8217;ici 2035 pour tous les nouveaux v\u00e9hicules l\u00e9gers, avec des objectifs interm\u00e9diaires d&#8217;au moins 20 % d&#8217;ici 2026 et d&#8217;au moins 60 % d&#8217;ici 2030.<\/p>\n<h3>D\u00e9calage entre Canada et \u00c9tats-Unis<\/h3>\n<p>\nJusqu&#8217;\u00e0 r\u00e9cemment, les r\u00e8gles canadiennes en mati\u00e8re d&#8217;\u00e9missions suivaient celles des \u00c9tats-Unis, mais cela a chang\u00e9 en d\u00e9cembre 2023 lorsque le gouvernement f\u00e9d\u00e9ral a mis en place sa propre norme sur les ZEV. Le fait que le Canada ait ses propres r\u00e8gles, ajout\u00e9es \u00e0 celles des \u00c9tats-Unis, constitue une &#8220;police d&#8217;assurance&#8221; pour s&#8217;assurer qu&#8217;elles ne sont pas modifi\u00e9es par des dirigeants pour lesquels les Canadiens n&#8217;ont pas vot\u00e9.<\/p>\n<h3>Un march\u00e9 am\u00e9ricain divis\u00e9<\/h3>\n<p>\nLe march\u00e9 am\u00e9ricain est d\u00e9j\u00e0 scind\u00e9. Nous avons des \u00c9tats favorables aux voitures propres et des \u00c9tats d\u00e9favorables. Au total, 17 \u00c9tats repr\u00e9sentant pr\u00e8s de 40 % du march\u00e9 automobile am\u00e9ricain ont adopt\u00e9 les r\u00e8gles en vigueur en Californie. C\u2019est aussi le chemin qu\u2019a pris le Canada.<\/p>\n<h3>Des inqui\u00e9tudes au Canada<\/h3>\n<p>\n37 milliards de dollars ont \u00e9t\u00e9 investi dans des projets li\u00e9s aux VE et aux batteries au cours des trois derni\u00e8res ann\u00e9es au Canada. Nous venons de d\u00e9tr\u00f4ner la Chine en tant que pays leader dans le monde pour notre potentiel de cha\u00eene d&#8217;approvisionnement en VE et batteries, selon Bloomberg New Energy Finance. Si nos voisins du sud ne suivent pas le rythme, beaucoup de ces investissements ne seront pas exploit\u00e9 \u00e0 leur plein potentiel. Le Canada doit \u00e9galement anticiper les changements au sud de la fronti\u00e8re lorsqu&#8217;ils prennent des d\u00e9cisions d&#8217;investissement, cela va devenir assez compliqu\u00e9 pour tous ceux qui travaillent sur ce dossier.<\/p>\n<p>\u00a0<\/p>\n<p>Avec des renseignements d\u2019Automotive News<\/p>\n<p>\u00a0<\/p>\n<p>Le texte <a rel=\"nofollow\" href=\"https:\/\/annuelauto.ca\/le-canada-et-les-etats-unis-semblent-seloigner-sur-la-voie-de-ladoption-des-ve\/\">Le Canada et les \u00c9tats-Unis semblent s\u2019\u00e9loigner sur la voie de l\u2019adoption des VE<\/a> provient de <a rel=\"nofollow\" href=\"https:\/\/annuelauto.ca\">L&#8217;annuel de l&#8217;automobile &#8211; Actualit\u00e9 automobile<\/a><\/p>\n<p><\/p>\n","protected":false},"excerpt":{"rendered":"<p>L&#8217;agence am\u00e9ricaine de protection de l&#8217;environnement devrait renoncer \u00e0 exiger que 60 % des v\u00e9hicules produits soient des VE d&#8217;ici \u00e0 2030. Le Canada, quant \u00e0 lui, vise les 100 % d&#8217;ici \u00e0 2035. Des objectifs diff\u00e9rents Aux \u00c9tats-Unis, l&#8217;Environmental Protection Agency (EPA) devrait abandonner l&#8217;exigence selon laquelle 60 % de la production de v\u00e9hicules [&hellip;]<\/p>\n","protected":false},"author":8,"featured_media":159852,"comment_status":"close","ping_status":"closed","sticky":false,"template":"","format":"standard","meta":{"_monsterinsights_skip_tracking":false,"_monsterinsights_sitenote_active":false,"_monsterinsights_sitenote_note":"","_monsterinsights_sitenote_category":0,"footnotes":""},"categories":[101],"tags":[],"yoast_head":"<!-- This site is optimized with the Yoast SEO plugin v23.2 - https:\/\/yoast.com\/wordpress\/plugins\/seo\/ -->\n<title>Le Canada et les \u00c9tats-Unis semblent s\u2019\u00e9loigner sur la voie de l\u2019adoption des VE - CanadaMotorJobs.com<\/title>\n<meta name=\"description\" content=\"Le Canada et les \u00c9tats-Unis semblent s\u2019\u00e9loigner sur la voie de l\u2019adoption des VE - Benoit Charette - Annuel automobile - CanadaMotorJobs.com.\" \/>\n<meta name=\"robots\" content=\"index, follow, max-snippet:-1, max-image-preview:large, max-video-preview:-1\" \/>\n<meta property=\"og:locale\" content=\"fr_CA\" \/>\n<meta property=\"og:type\" content=\"article\" \/>\n<meta property=\"og:title\" content=\"Le Canada et les \u00c9tats-Unis semblent s\u2019\u00e9loigner sur la voie de l\u2019adoption des VE - CanadaMotorJobs.com\" \/>\n<meta property=\"og:description\" content=\"Le Canada et les \u00c9tats-Unis semblent s\u2019\u00e9loigner sur la voie de l\u2019adoption des VE - Benoit Charette - Annuel automobile - CanadaMotorJobs.com.\" \/>\n<meta property=\"og:url\" content=\"https:\/\/news.canadamotorjobs.com\/fr\/le-canada-et-les-etats-unis-semblent-seloigner-sur-la-voie-de-ladoption-des-ve\/\" \/>\n<meta property=\"og:site_name\" content=\"CanadaMotorJobs.com\" \/>\n<meta property=\"article:publisher\" content=\"https:\/\/www.facebook.com\/canadamotorjobs\/\" \/>\n<meta property=\"article:published_time\" content=\"2024-02-27T12:13:37+00:00\" \/>\n<meta property=\"article:modified_time\" content=\"2024-02-27T12:17:53+00:00\" \/>\n<meta property=\"og:image\" content=\"https:\/\/news.canadamotorjobs.com\/wp-content\/uploads\/2024\/02\/582464-circuit-electrique-des-tarifs-plus-eleves-aux-bornes-ultra-rapides.jpg\" \/>\n\t<meta property=\"og:image:width\" content=\"1080\" \/>\n\t<meta property=\"og:image:height\" content=\"675\" \/>\n\t<meta property=\"og:image:type\" content=\"image\/jpeg\" \/>\n<meta name=\"author\" content=\"Benoit Charette\" \/>\n<meta name=\"twitter:card\" content=\"summary_large_image\" \/>\n<meta name=\"twitter:creator\" content=\"@canadamotorjobs\" \/>\n<meta name=\"twitter:site\" content=\"@canadamotorjobs\" \/>\n<meta name=\"twitter:label1\" content=\"\u00c9crit par\" \/>\n\t<meta name=\"twitter:data1\" content=\"Benoit Charette\" \/>\n\t<meta name=\"twitter:label2\" content=\"Estimation du temps de lecture\" \/>\n\t<meta name=\"twitter:data2\" content=\"2 minutes\" \/>\n<!-- \/ Yoast SEO plugin. -->","yoast_head_json":{"title":"Le Canada et les \u00c9tats-Unis semblent s\u2019\u00e9loigner sur la voie de l\u2019adoption des VE - CanadaMotorJobs.com","description":"Le Canada et les \u00c9tats-Unis semblent s\u2019\u00e9loigner sur la voie de l\u2019adoption des VE - Benoit Charette - Annuel automobile - CanadaMotorJobs.com.","robots":{"index":"index","follow":"follow","max-snippet":"max-snippet:-1","max-image-preview":"max-image-preview:large","max-video-preview":"max-video-preview:-1"},"og_locale":"fr_CA","og_type":"article","og_title":"Le Canada et les \u00c9tats-Unis semblent s\u2019\u00e9loigner sur la voie de l\u2019adoption des VE - CanadaMotorJobs.com","og_description":"Le Canada et les \u00c9tats-Unis semblent s\u2019\u00e9loigner sur la voie de l\u2019adoption des VE - Benoit Charette - Annuel automobile - CanadaMotorJobs.com.","og_url":"https:\/\/news.canadamotorjobs.com\/fr\/le-canada-et-les-etats-unis-semblent-seloigner-sur-la-voie-de-ladoption-des-ve\/","og_site_name":"CanadaMotorJobs.com","article_publisher":"https:\/\/www.facebook.com\/canadamotorjobs\/","article_published_time":"2024-02-27T12:13:37+00:00","article_modified_time":"2024-02-27T12:17:53+00:00","og_image":[{"width":1080,"height":675,"url":"https:\/\/news.canadamotorjobs.com\/wp-content\/uploads\/2024\/02\/582464-circuit-electrique-des-tarifs-plus-eleves-aux-bornes-ultra-rapides.jpg","type":"image\/jpeg"}],"author":"Benoit Charette","twitter_card":"summary_large_image","twitter_creator":"@canadamotorjobs","twitter_site":"@canadamotorjobs","twitter_misc":{"\u00c9crit par":"Benoit Charette","Estimation du temps de lecture":"2 minutes"},"schema":{"@context":"https:\/\/schema.org","@graph":[{"@type":"Article","@id":"https:\/\/news.canadamotorjobs.com\/fr\/le-canada-et-les-etats-unis-semblent-seloigner-sur-la-voie-de-ladoption-des-ve\/#article","isPartOf":{"@id":"https:\/\/news.canadamotorjobs.com\/fr\/le-canada-et-les-etats-unis-semblent-seloigner-sur-la-voie-de-ladoption-des-ve\/"},"author":{"name":"Benoit Charette","@id":"https:\/\/news.canadamotorjobs.com\/#\/schema\/person\/51793d1f87d44011d7bcc2ed99269a90"},"headline":"Le Canada et les \u00c9tats-Unis semblent s\u2019\u00e9loigner sur la voie de l\u2019adoption des VE","datePublished":"2024-02-27T12:13:37+00:00","dateModified":"2024-02-27T12:17:53+00:00","mainEntityOfPage":{"@id":"https:\/\/news.canadamotorjobs.com\/fr\/le-canada-et-les-etats-unis-semblent-seloigner-sur-la-voie-de-ladoption-des-ve\/"},"wordCount":426,"publisher":{"@id":"https:\/\/news.canadamotorjobs.com\/#organization"},"image":{"@id":"https:\/\/news.canadamotorjobs.com\/fr\/le-canada-et-les-etats-unis-semblent-seloigner-sur-la-voie-de-ladoption-des-ve\/#primaryimage"},"thumbnailUrl":"https:\/\/news.canadamotorjobs.com\/wp-content\/uploads\/2024\/02\/582464-circuit-electrique-des-tarifs-plus-eleves-aux-bornes-ultra-rapides.jpg","articleSection":["Annuel automobile"],"inLanguage":"fr-CA"},{"@type":"WebPage","@id":"https:\/\/news.canadamotorjobs.com\/fr\/le-canada-et-les-etats-unis-semblent-seloigner-sur-la-voie-de-ladoption-des-ve\/","url":"https:\/\/news.canadamotorjobs.com\/fr\/le-canada-et-les-etats-unis-semblent-seloigner-sur-la-voie-de-ladoption-des-ve\/","name":"Le Canada et les \u00c9tats-Unis semblent s\u2019\u00e9loigner sur la voie de l\u2019adoption des VE - CanadaMotorJobs.com","isPartOf":{"@id":"https:\/\/news.canadamotorjobs.com\/#website"},"primaryImageOfPage":{"@id":"https:\/\/news.canadamotorjobs.com\/fr\/le-canada-et-les-etats-unis-semblent-seloigner-sur-la-voie-de-ladoption-des-ve\/#primaryimage"},"image":{"@id":"https:\/\/news.canadamotorjobs.com\/fr\/le-canada-et-les-etats-unis-semblent-seloigner-sur-la-voie-de-ladoption-des-ve\/#primaryimage"},"thumbnailUrl":"https:\/\/news.canadamotorjobs.com\/wp-content\/uploads\/2024\/02\/582464-circuit-electrique-des-tarifs-plus-eleves-aux-bornes-ultra-rapides.jpg","datePublished":"2024-02-27T12:13:37+00:00","dateModified":"2024-02-27T12:17:53+00:00","description":"Le Canada et les \u00c9tats-Unis semblent s\u2019\u00e9loigner sur la voie de l\u2019adoption des VE - Benoit Charette - Annuel automobile - CanadaMotorJobs.com.","breadcrumb":{"@id":"https:\/\/news.canadamotorjobs.com\/fr\/le-canada-et-les-etats-unis-semblent-seloigner-sur-la-voie-de-ladoption-des-ve\/#breadcrumb"},"inLanguage":"fr-CA","potentialAction":[{"@type":"ReadAction","target":["https:\/\/news.canadamotorjobs.com\/fr\/le-canada-et-les-etats-unis-semblent-seloigner-sur-la-voie-de-ladoption-des-ve\/"]}]},{"@type":"ImageObject","inLanguage":"fr-CA","@id":"https:\/\/news.canadamotorjobs.com\/fr\/le-canada-et-les-etats-unis-semblent-seloigner-sur-la-voie-de-ladoption-des-ve\/#primaryimage","url":"https:\/\/news.canadamotorjobs.com\/wp-content\/uploads\/2024\/02\/582464-circuit-electrique-des-tarifs-plus-eleves-aux-bornes-ultra-rapides.jpg","contentUrl":"https:\/\/news.canadamotorjobs.com\/wp-content\/uploads\/2024\/02\/582464-circuit-electrique-des-tarifs-plus-eleves-aux-bornes-ultra-rapides.jpg","width":1080,"height":675},{"@type":"BreadcrumbList","@id":"https:\/\/news.canadamotorjobs.com\/fr\/le-canada-et-les-etats-unis-semblent-seloigner-sur-la-voie-de-ladoption-des-ve\/#breadcrumb","itemListElement":[{"@type":"ListItem","position":1,"name":"Home","item":"https:\/\/news.canadamotorjobs.com\/fr\/blog\/"},{"@type":"ListItem","position":2,"name":"Le Canada et les \u00c9tats-Unis semblent s\u2019\u00e9loigner sur la voie de l\u2019adoption des VE"}]},{"@type":"WebSite","@id":"https:\/\/news.canadamotorjobs.com\/#website","url":"https:\/\/news.canadamotorjobs.com\/","name":"CanadaMotorJobs.com","description":"Automotive Jobs","publisher":{"@id":"https:\/\/news.canadamotorjobs.com\/#organization"},"potentialAction":[{"@type":"SearchAction","target":{"@type":"EntryPoint","urlTemplate":"https:\/\/news.canadamotorjobs.com\/?s={search_term_string}"},"query-input":"required name=search_term_string"}],"inLanguage":"fr-CA"},{"@type":"Organization","@id":"https:\/\/news.canadamotorjobs.com\/#organization","name":"Canada Motor Jobs","url":"https:\/\/news.canadamotorjobs.com\/","logo":{"@type":"ImageObject","inLanguage":"fr-CA","@id":"https:\/\/news.canadamotorjobs.com\/#\/schema\/logo\/image\/","url":"https:\/\/news.canadamotorjobs.com\/wp-content\/uploads\/2022\/10\/logo-canada-motor-jobs-1.png","contentUrl":"https:\/\/news.canadamotorjobs.com\/wp-content\/uploads\/2022\/10\/logo-canada-motor-jobs-1.png","width":800,"height":400,"caption":"Canada Motor Jobs"},"image":{"@id":"https:\/\/news.canadamotorjobs.com\/#\/schema\/logo\/image\/"},"sameAs":["https:\/\/www.facebook.com\/canadamotorjobs\/","https:\/\/x.com\/canadamotorjobs","https:\/\/www.instagram.com\/canadamotorjobs\/","https:\/\/www.linkedin.com\/company\/canadamotorjobs"]},{"@type":"Person","@id":"https:\/\/news.canadamotorjobs.com\/#\/schema\/person\/51793d1f87d44011d7bcc2ed99269a90","name":"Benoit Charette","image":{"@type":"ImageObject","inLanguage":"fr-CA","@id":"https:\/\/news.canadamotorjobs.com\/#\/schema\/person\/image\/","url":"https:\/\/secure.gravatar.com\/avatar\/45f3d2eebcccd909668d7ce7ea7267b6?s=96&d=mm&r=g","contentUrl":"https:\/\/secure.gravatar.com\/avatar\/45f3d2eebcccd909668d7ce7ea7267b6?s=96&d=mm&r=g","caption":"Benoit Charette"},"description":"Benoit Charette \/ Propri\u00e9taire et r\u00e9dacteur en chef Benoit Charette pratique le journalisme automobile depuis bient\u00f4t 30 ans. Il a fait ses classes au c\u00f4t\u00e9 de Daniel H\u00e9raud et au Carnet de route de 1992 \u00e0 2001. Il est fondateur, copropri\u00e9taire et r\u00e9dacteur en chef de L\u2019Annuel de l\u2019automobile, qu\u2019il publie depuis 2001. Il a anim\u00e9 les \u00e9missions RPM et RPM+ sur V et les L\u00e9gendes de la route sur Historia. \u00c0 la radio depuis 1986, il reprend l\u2019antenne cette ann\u00e9e sur les ondes de Cogeco et participe pour la deuxi\u00e8me ann\u00e9e \u00e0 l\u2019\u00e9mission Passion Auto sur RDS en plus de mettre en ligne le site Web officiel de L\u2019Annuel de l\u2019automobile sur annuelauto.ca.","sameAs":["https:\/\/annuelauto.ca\/"],"url":"https:\/\/news.canadamotorjobs.com\/fr\/author\/benoit-charette\/"}]}},"_links":{"self":[{"href":"https:\/\/news.canadamotorjobs.com\/fr\/wp-json\/wp\/v2\/posts\/159850"}],"collection":[{"href":"https:\/\/news.canadamotorjobs.com\/fr\/wp-json\/wp\/v2\/posts"}],"about":[{"href":"https:\/\/news.canadamotorjobs.com\/fr\/wp-json\/wp\/v2\/types\/post"}],"author":[{"embeddable":true,"href":"https:\/\/news.canadamotorjobs.com\/fr\/wp-json\/wp\/v2\/users\/8"}],"replies":[{"embeddable":true,"href":"https:\/\/news.canadamotorjobs.com\/fr\/wp-json\/wp\/v2\/comments?post=159850"}],"version-history":[{"count":2,"href":"https:\/\/news.canadamotorjobs.com\/fr\/wp-json\/wp\/v2\/posts\/159850\/revisions"}],"predecessor-version":[{"id":159854,"href":"https:\/\/news.canadamotorjobs.com\/fr\/wp-json\/wp\/v2\/posts\/159850\/revisions\/159854"}],"wp:featuredmedia":[{"embeddable":true,"href":"https:\/\/news.canadamotorjobs.com\/fr\/wp-json\/wp\/v2\/media\/159852"}],"wp:attachment":[{"href":"https:\/\/news.canadamotorjobs.com\/fr\/wp-json\/wp\/v2\/media?parent=159850"}],"wp:term":[{"taxonomy":"category","embeddable":true,"href":"https:\/\/news.canadamotorjobs.com\/fr\/wp-json\/wp\/v2\/categories?post=159850"},{"taxonomy":"post_tag","embeddable":true,"href":"https:\/\/news.canadamotorjobs.com\/fr\/wp-json\/wp\/v2\/tags?post=159850"}],"curies":[{"name":"wp","href":"https:\/\/api.w.org\/{rel}","templated":true}]}}