{"id":159827,"date":"2024-02-26T11:28:00","date_gmt":"2024-02-26T16:28:00","guid":{"rendered":"https:\/\/news.canadamotorjobs.com\/?p=159827"},"modified":"2024-02-26T11:31:14","modified_gmt":"2024-02-26T16:31:14","slug":"des-milliers-de-voitures-de-luxe-bentley-audi-et-porsche-interdites-dentree-sur-le-territoire-americain","status":"publish","type":"post","link":"https:\/\/news.canadamotorjobs.com\/fr\/des-milliers-de-voitures-de-luxe-bentley-audi-et-porsche-interdites-dentree-sur-le-territoire-americain\/","title":{"rendered":"Des milliers de voitures de luxe Bentley, Audi et Porsche interdites d\u2019entr\u00e9e sur le territoire am\u00e9ricain  \u00a0"},"content":{"rendered":"<\/p>\n<p><em>Une ombre plane sur le groupe Volkswagen alors que des milliers de ses voitures de luxe sont bloqu\u00e9es aux ports am\u00e9ricains, accus\u00e9es de violer les lois anti-travail forc\u00e9.<\/em><\/p>\n<h3><strong>Origine Inconnue : La Pi\u00e8ce Ill\u00e9gale en Cause<\/strong><\/h3>\n<p>\n<em>Selon des sources anonymes cit\u00e9es par le Financial Times, le groupe automobile \u00e9tait dans l&#8217;ignorance quant \u00e0 l&#8217;origine d&#8217;une pi\u00e8ce ill\u00e9gale utilis\u00e9e dans ces voitures. Cette pi\u00e8ce provient d&#8217;un fournisseur indirect bas\u00e9 en Chine, et son utilisation a d\u00e9clench\u00e9 une crise.<\/em><\/p>\n<h3><strong>R\u00e9action Rapide de Volkswagen face \u00e0 l&#8217;Alerte<\/strong><\/h3>\n<p>\n<em>Inform\u00e9es par le fournisseur, les autorit\u00e9s am\u00e9ricaines ont \u00e9t\u00e9 rapidement alert\u00e9es par Volkswagen. La r\u00e9action ne s&#8217;est pas fait attendre : les v\u00e9hicules ont \u00e9t\u00e9 retenus au port, et un remplacement de l&#8217;unit\u00e9 contenant la pi\u00e8ce incrimin\u00e9e est en cours.<\/em><\/p>\n<h3><strong>Pas d&#8217;impact chez Volks<br \/>\n<\/strong><\/h3>\n<p>\n<em>Dans une d\u00e9claration, Volkswagen assure que la situation n&#8217;affecte aucun de ses v\u00e9hicules. &#8220;Aucun v\u00e9hicule de la marque Volkswagen n&#8217;a \u00e9t\u00e9 touch\u00e9&#8221;, souligne le constructeur, tout en s&#8217;engageant \u00e0 remplacer la pi\u00e8ce incrimin\u00e9e et \u00e0 assurer des livraisons conformes.<\/em><\/p>\n<h3><strong>Mod\u00e8les Impliqu\u00e9s :Porsche, Bentley et Audi<\/strong><\/h3>\n<p>\n<em>La liste des voitures en attente comprend environ 1 000 Porsches, plusieurs centaines de Bentleys, et plusieurs milliers d&#8217;Audis. Les mod\u00e8les exacts ne sont pas clairs, mais l&#8217;Audi Q8 e-tron figure parmi les v\u00e9hicules concern\u00e9s.<\/em><\/p>\n<h3><strong>Violation Pr\u00e9sum\u00e9e de la Loi sur le Travail Forc\u00e9 des Ou\u00efghours<\/strong><\/h3>\n<p>\n<em>Les voitures de luxe destin\u00e9es aux \u00c9tats-Unis auraient enfreint la loi sur la pr\u00e9vention du travail forc\u00e9 des Ou\u00efghours (UFLPA). Cette loi interdit l&#8217;importation de biens de la r\u00e9gion du Xinjiang, o\u00f9 l&#8217;on soup\u00e7onne le recours au travail forc\u00e9.<\/em><\/p>\n<h3><strong>Un Composant \u00c9lectronique en cause<br \/>\n<\/strong><\/h3>\n<p>\n<em>La controverse tourne autour d&#8217;un petit composant \u00e9lectronique d&#8217;une unit\u00e9 de contr\u00f4le plus importante. L&#8217;origine pr\u00e9cise de cette pi\u00e8ce reste inconnue, ajoutant une dimension d&#8217;incertitude \u00e0 la situation.<\/em><\/p>\n<h3><strong>Volkswagen et SAIC : Un Partenariat Sous les Projecteurs<\/strong><\/h3>\n<p>\n<em>Volkswagen poss\u00e8de une usine en partenariat avec SAIC dans la r\u00e9gion chinoise depuis une d\u00e9cennie. Des all\u00e9gations de mauvais traitements envers les travailleurs ont incit\u00e9 des militants \u00e0 perturber l&#8217;assembl\u00e9e annuelle du groupe l&#8217;ann\u00e9e derni\u00e8re.<\/em><\/p>\n<p><em>Le constructeur automobile affirme prendre tr\u00e8s au s\u00e9rieux ces all\u00e9gations, soulignant son engagement envers le respect des droits de l&#8217;homme malgr\u00e9 les d\u00e9fis rencontr\u00e9s dans ses op\u00e9rations internationales.<\/em><\/p>\n<p>\u00a0<\/p>\n<p>Avec des renseignements de Carbuzz<\/p>\n<p>\u00a0<\/p>\n<p>Le texte <a rel=\"nofollow\" href=\"https:\/\/annuelauto.ca\/des-milliers-de-voitures-de-luxe-bentley-audi-et-porsche-interdites-dentree-sur-le-territoire-americain\/\">Des milliers de voitures de luxe Bentley, Audi et Porsche interdites d\u2019entr\u00e9e sur le territoire am\u00e9ricain  \u00a0<\/a> provient de <a rel=\"nofollow\" href=\"https:\/\/annuelauto.ca\">L&#8217;annuel de l&#8217;automobile &#8211; Actualit\u00e9 automobile<\/a><\/p>\n<p><\/p>\n","protected":false},"excerpt":{"rendered":"<p>Une ombre plane sur le groupe Volkswagen alors que des milliers de ses voitures de luxe sont bloqu\u00e9es aux ports am\u00e9ricains, accus\u00e9es de violer les lois anti-travail forc\u00e9. Origine Inconnue : La Pi\u00e8ce Ill\u00e9gale en Cause Selon des sources anonymes cit\u00e9es par le Financial Times, le groupe automobile \u00e9tait dans l&#8217;ignorance quant \u00e0 l&#8217;origine d&#8217;une [&hellip;]<\/p>\n","protected":false},"author":8,"featured_media":159829,"comment_status":"close","ping_status":"closed","sticky":false,"template":"","format":"standard","meta":{"_monsterinsights_skip_tracking":false,"_monsterinsights_sitenote_active":false,"_monsterinsights_sitenote_note":"","_monsterinsights_sitenote_category":0,"footnotes":""},"categories":[101],"tags":[],"yoast_head":"<!-- This site is optimized with the Yoast SEO plugin v23.2 - https:\/\/yoast.com\/wordpress\/plugins\/seo\/ -->\n<title>Des milliers de voitures de luxe Bentley, Audi et Porsche interdites d\u2019entr\u00e9e sur le territoire am\u00e9ricain \u00a0 - CanadaMotorJobs.com<\/title>\n<meta name=\"description\" content=\"Des milliers de voitures de luxe Bentley, Audi et Porsche interdites d\u2019entr\u00e9e sur le territoire am\u00e9ricain \u00a0 - Benoit Charette - Annuel automobile - CanadaMotorJobs.com.\" \/>\n<meta name=\"robots\" content=\"index, follow, max-snippet:-1, max-image-preview:large, max-video-preview:-1\" \/>\n<meta property=\"og:locale\" content=\"fr_CA\" \/>\n<meta property=\"og:type\" content=\"article\" \/>\n<meta property=\"og:title\" content=\"Des milliers de voitures de luxe Bentley, Audi et Porsche interdites d\u2019entr\u00e9e sur le territoire am\u00e9ricain \u00a0 - CanadaMotorJobs.com\" \/>\n<meta property=\"og:description\" content=\"Des milliers de voitures de luxe Bentley, Audi et Porsche interdites d\u2019entr\u00e9e sur le territoire am\u00e9ricain \u00a0 - Benoit Charette - Annuel automobile - CanadaMotorJobs.com.\" \/>\n<meta property=\"og:url\" content=\"https:\/\/news.canadamotorjobs.com\/fr\/des-milliers-de-voitures-de-luxe-bentley-audi-et-porsche-interdites-dentree-sur-le-territoire-americain\/\" \/>\n<meta property=\"og:site_name\" content=\"CanadaMotorJobs.com\" \/>\n<meta property=\"article:publisher\" content=\"https:\/\/www.facebook.com\/canadamotorjobs\/\" \/>\n<meta property=\"article:published_time\" content=\"2024-02-26T16:28:00+00:00\" \/>\n<meta property=\"article:modified_time\" content=\"2024-02-26T16:31:14+00:00\" \/>\n<meta property=\"og:image\" content=\"https:\/\/news.canadamotorjobs.com\/wp-content\/uploads\/2024\/02\/new-cars-ready-to-ship-in-the-port-of-barcelona-catalonia-spain-HN58M8.jpg\" \/>\n\t<meta property=\"og:image:width\" content=\"1300\" \/>\n\t<meta property=\"og:image:height\" content=\"957\" \/>\n\t<meta property=\"og:image:type\" content=\"image\/jpeg\" \/>\n<meta name=\"author\" content=\"Benoit Charette\" \/>\n<meta name=\"twitter:card\" content=\"summary_large_image\" \/>\n<meta name=\"twitter:creator\" content=\"@canadamotorjobs\" \/>\n<meta name=\"twitter:site\" content=\"@canadamotorjobs\" \/>\n<meta name=\"twitter:label1\" content=\"\u00c9crit par\" \/>\n\t<meta name=\"twitter:data1\" content=\"Benoit Charette\" \/>\n\t<meta name=\"twitter:label2\" content=\"Estimation du temps de lecture\" \/>\n\t<meta name=\"twitter:data2\" content=\"2 minutes\" \/>\n<!-- \/ Yoast SEO plugin. -->","yoast_head_json":{"title":"Des milliers de voitures de luxe Bentley, Audi et Porsche interdites d\u2019entr\u00e9e sur le territoire am\u00e9ricain \u00a0 - CanadaMotorJobs.com","description":"Des milliers de voitures de luxe Bentley, Audi et Porsche interdites d\u2019entr\u00e9e sur le territoire am\u00e9ricain \u00a0 - Benoit Charette - Annuel automobile - CanadaMotorJobs.com.","robots":{"index":"index","follow":"follow","max-snippet":"max-snippet:-1","max-image-preview":"max-image-preview:large","max-video-preview":"max-video-preview:-1"},"og_locale":"fr_CA","og_type":"article","og_title":"Des milliers de voitures de luxe Bentley, Audi et Porsche interdites d\u2019entr\u00e9e sur le territoire am\u00e9ricain \u00a0 - CanadaMotorJobs.com","og_description":"Des milliers de voitures de luxe Bentley, Audi et Porsche interdites d\u2019entr\u00e9e sur le territoire am\u00e9ricain \u00a0 - Benoit Charette - Annuel automobile - CanadaMotorJobs.com.","og_url":"https:\/\/news.canadamotorjobs.com\/fr\/des-milliers-de-voitures-de-luxe-bentley-audi-et-porsche-interdites-dentree-sur-le-territoire-americain\/","og_site_name":"CanadaMotorJobs.com","article_publisher":"https:\/\/www.facebook.com\/canadamotorjobs\/","article_published_time":"2024-02-26T16:28:00+00:00","article_modified_time":"2024-02-26T16:31:14+00:00","og_image":[{"width":1300,"height":957,"url":"https:\/\/news.canadamotorjobs.com\/wp-content\/uploads\/2024\/02\/new-cars-ready-to-ship-in-the-port-of-barcelona-catalonia-spain-HN58M8.jpg","type":"image\/jpeg"}],"author":"Benoit Charette","twitter_card":"summary_large_image","twitter_creator":"@canadamotorjobs","twitter_site":"@canadamotorjobs","twitter_misc":{"\u00c9crit par":"Benoit Charette","Estimation du temps de lecture":"2 minutes"},"schema":{"@context":"https:\/\/schema.org","@graph":[{"@type":"Article","@id":"https:\/\/news.canadamotorjobs.com\/fr\/des-milliers-de-voitures-de-luxe-bentley-audi-et-porsche-interdites-dentree-sur-le-territoire-americain\/#article","isPartOf":{"@id":"https:\/\/news.canadamotorjobs.com\/fr\/des-milliers-de-voitures-de-luxe-bentley-audi-et-porsche-interdites-dentree-sur-le-territoire-americain\/"},"author":{"name":"Benoit Charette","@id":"https:\/\/news.canadamotorjobs.com\/#\/schema\/person\/51793d1f87d44011d7bcc2ed99269a90"},"headline":"Des milliers de voitures de luxe Bentley, Audi et Porsche interdites d\u2019entr\u00e9e sur le territoire am\u00e9ricain \u00a0","datePublished":"2024-02-26T16:28:00+00:00","dateModified":"2024-02-26T16:31:14+00:00","mainEntityOfPage":{"@id":"https:\/\/news.canadamotorjobs.com\/fr\/des-milliers-de-voitures-de-luxe-bentley-audi-et-porsche-interdites-dentree-sur-le-territoire-americain\/"},"wordCount":483,"publisher":{"@id":"https:\/\/news.canadamotorjobs.com\/#organization"},"image":{"@id":"https:\/\/news.canadamotorjobs.com\/fr\/des-milliers-de-voitures-de-luxe-bentley-audi-et-porsche-interdites-dentree-sur-le-territoire-americain\/#primaryimage"},"thumbnailUrl":"https:\/\/news.canadamotorjobs.com\/wp-content\/uploads\/2024\/02\/new-cars-ready-to-ship-in-the-port-of-barcelona-catalonia-spain-HN58M8.jpg","articleSection":["Annuel automobile"],"inLanguage":"fr-CA"},{"@type":"WebPage","@id":"https:\/\/news.canadamotorjobs.com\/fr\/des-milliers-de-voitures-de-luxe-bentley-audi-et-porsche-interdites-dentree-sur-le-territoire-americain\/","url":"https:\/\/news.canadamotorjobs.com\/fr\/des-milliers-de-voitures-de-luxe-bentley-audi-et-porsche-interdites-dentree-sur-le-territoire-americain\/","name":"Des milliers de voitures de luxe Bentley, Audi et Porsche interdites d\u2019entr\u00e9e sur le territoire am\u00e9ricain \u00a0 - CanadaMotorJobs.com","isPartOf":{"@id":"https:\/\/news.canadamotorjobs.com\/#website"},"primaryImageOfPage":{"@id":"https:\/\/news.canadamotorjobs.com\/fr\/des-milliers-de-voitures-de-luxe-bentley-audi-et-porsche-interdites-dentree-sur-le-territoire-americain\/#primaryimage"},"image":{"@id":"https:\/\/news.canadamotorjobs.com\/fr\/des-milliers-de-voitures-de-luxe-bentley-audi-et-porsche-interdites-dentree-sur-le-territoire-americain\/#primaryimage"},"thumbnailUrl":"https:\/\/news.canadamotorjobs.com\/wp-content\/uploads\/2024\/02\/new-cars-ready-to-ship-in-the-port-of-barcelona-catalonia-spain-HN58M8.jpg","datePublished":"2024-02-26T16:28:00+00:00","dateModified":"2024-02-26T16:31:14+00:00","description":"Des milliers de voitures de luxe Bentley, Audi et Porsche interdites d\u2019entr\u00e9e sur le territoire am\u00e9ricain \u00a0 - Benoit Charette - Annuel automobile - CanadaMotorJobs.com.","breadcrumb":{"@id":"https:\/\/news.canadamotorjobs.com\/fr\/des-milliers-de-voitures-de-luxe-bentley-audi-et-porsche-interdites-dentree-sur-le-territoire-americain\/#breadcrumb"},"inLanguage":"fr-CA","potentialAction":[{"@type":"ReadAction","target":["https:\/\/news.canadamotorjobs.com\/fr\/des-milliers-de-voitures-de-luxe-bentley-audi-et-porsche-interdites-dentree-sur-le-territoire-americain\/"]}]},{"@type":"ImageObject","inLanguage":"fr-CA","@id":"https:\/\/news.canadamotorjobs.com\/fr\/des-milliers-de-voitures-de-luxe-bentley-audi-et-porsche-interdites-dentree-sur-le-territoire-americain\/#primaryimage","url":"https:\/\/news.canadamotorjobs.com\/wp-content\/uploads\/2024\/02\/new-cars-ready-to-ship-in-the-port-of-barcelona-catalonia-spain-HN58M8.jpg","contentUrl":"https:\/\/news.canadamotorjobs.com\/wp-content\/uploads\/2024\/02\/new-cars-ready-to-ship-in-the-port-of-barcelona-catalonia-spain-HN58M8.jpg","width":1300,"height":957},{"@type":"BreadcrumbList","@id":"https:\/\/news.canadamotorjobs.com\/fr\/des-milliers-de-voitures-de-luxe-bentley-audi-et-porsche-interdites-dentree-sur-le-territoire-americain\/#breadcrumb","itemListElement":[{"@type":"ListItem","position":1,"name":"Home","item":"https:\/\/news.canadamotorjobs.com\/fr\/blog\/"},{"@type":"ListItem","position":2,"name":"Des milliers de voitures de luxe Bentley, Audi et Porsche interdites d\u2019entr\u00e9e sur le territoire am\u00e9ricain \u00a0"}]},{"@type":"WebSite","@id":"https:\/\/news.canadamotorjobs.com\/#website","url":"https:\/\/news.canadamotorjobs.com\/","name":"CanadaMotorJobs.com","description":"Automotive Jobs","publisher":{"@id":"https:\/\/news.canadamotorjobs.com\/#organization"},"potentialAction":[{"@type":"SearchAction","target":{"@type":"EntryPoint","urlTemplate":"https:\/\/news.canadamotorjobs.com\/?s={search_term_string}"},"query-input":"required name=search_term_string"}],"inLanguage":"fr-CA"},{"@type":"Organization","@id":"https:\/\/news.canadamotorjobs.com\/#organization","name":"Canada Motor Jobs","url":"https:\/\/news.canadamotorjobs.com\/","logo":{"@type":"ImageObject","inLanguage":"fr-CA","@id":"https:\/\/news.canadamotorjobs.com\/#\/schema\/logo\/image\/","url":"https:\/\/news.canadamotorjobs.com\/wp-content\/uploads\/2022\/10\/logo-canada-motor-jobs-1.png","contentUrl":"https:\/\/news.canadamotorjobs.com\/wp-content\/uploads\/2022\/10\/logo-canada-motor-jobs-1.png","width":800,"height":400,"caption":"Canada Motor Jobs"},"image":{"@id":"https:\/\/news.canadamotorjobs.com\/#\/schema\/logo\/image\/"},"sameAs":["https:\/\/www.facebook.com\/canadamotorjobs\/","https:\/\/x.com\/canadamotorjobs","https:\/\/www.instagram.com\/canadamotorjobs\/","https:\/\/www.linkedin.com\/company\/canadamotorjobs"]},{"@type":"Person","@id":"https:\/\/news.canadamotorjobs.com\/#\/schema\/person\/51793d1f87d44011d7bcc2ed99269a90","name":"Benoit Charette","image":{"@type":"ImageObject","inLanguage":"fr-CA","@id":"https:\/\/news.canadamotorjobs.com\/#\/schema\/person\/image\/","url":"https:\/\/secure.gravatar.com\/avatar\/45f3d2eebcccd909668d7ce7ea7267b6?s=96&d=mm&r=g","contentUrl":"https:\/\/secure.gravatar.com\/avatar\/45f3d2eebcccd909668d7ce7ea7267b6?s=96&d=mm&r=g","caption":"Benoit Charette"},"description":"Benoit Charette \/ Propri\u00e9taire et r\u00e9dacteur en chef Benoit Charette pratique le journalisme automobile depuis bient\u00f4t 30 ans. Il a fait ses classes au c\u00f4t\u00e9 de Daniel H\u00e9raud et au Carnet de route de 1992 \u00e0 2001. Il est fondateur, copropri\u00e9taire et r\u00e9dacteur en chef de L\u2019Annuel de l\u2019automobile, qu\u2019il publie depuis 2001. Il a anim\u00e9 les \u00e9missions RPM et RPM+ sur V et les L\u00e9gendes de la route sur Historia. \u00c0 la radio depuis 1986, il reprend l\u2019antenne cette ann\u00e9e sur les ondes de Cogeco et participe pour la deuxi\u00e8me ann\u00e9e \u00e0 l\u2019\u00e9mission Passion Auto sur RDS en plus de mettre en ligne le site Web officiel de L\u2019Annuel de l\u2019automobile sur annuelauto.ca.","sameAs":["https:\/\/annuelauto.ca\/"],"url":"https:\/\/news.canadamotorjobs.com\/fr\/author\/benoit-charette\/"}]}},"_links":{"self":[{"href":"https:\/\/news.canadamotorjobs.com\/fr\/wp-json\/wp\/v2\/posts\/159827"}],"collection":[{"href":"https:\/\/news.canadamotorjobs.com\/fr\/wp-json\/wp\/v2\/posts"}],"about":[{"href":"https:\/\/news.canadamotorjobs.com\/fr\/wp-json\/wp\/v2\/types\/post"}],"author":[{"embeddable":true,"href":"https:\/\/news.canadamotorjobs.com\/fr\/wp-json\/wp\/v2\/users\/8"}],"replies":[{"embeddable":true,"href":"https:\/\/news.canadamotorjobs.com\/fr\/wp-json\/wp\/v2\/comments?post=159827"}],"version-history":[{"count":2,"href":"https:\/\/news.canadamotorjobs.com\/fr\/wp-json\/wp\/v2\/posts\/159827\/revisions"}],"predecessor-version":[{"id":159831,"href":"https:\/\/news.canadamotorjobs.com\/fr\/wp-json\/wp\/v2\/posts\/159827\/revisions\/159831"}],"wp:featuredmedia":[{"embeddable":true,"href":"https:\/\/news.canadamotorjobs.com\/fr\/wp-json\/wp\/v2\/media\/159829"}],"wp:attachment":[{"href":"https:\/\/news.canadamotorjobs.com\/fr\/wp-json\/wp\/v2\/media?parent=159827"}],"wp:term":[{"taxonomy":"category","embeddable":true,"href":"https:\/\/news.canadamotorjobs.com\/fr\/wp-json\/wp\/v2\/categories?post=159827"},{"taxonomy":"post_tag","embeddable":true,"href":"https:\/\/news.canadamotorjobs.com\/fr\/wp-json\/wp\/v2\/tags?post=159827"}],"curies":[{"name":"wp","href":"https:\/\/api.w.org\/{rel}","templated":true}]}}