{"id":159802,"date":"2024-02-26T08:15:47","date_gmt":"2024-02-26T13:15:47","guid":{"rendered":"https:\/\/news.canadamotorjobs.com\/?p=159802"},"modified":"2024-02-26T08:32:48","modified_gmt":"2024-02-26T13:32:48","slug":"possible-assouplissement-des-regles-environnementales-aux-etats-unis","status":"publish","type":"post","link":"https:\/\/news.canadamotorjobs.com\/fr\/possible-assouplissement-des-regles-environnementales-aux-etats-unis\/","title":{"rendered":"Possible assouplissement des r\u00e8gles environnementales aux \u00c9tats-Unis"},"content":{"rendered":"<\/p>\n<p>Alors que l&#8217;EPA s&#8217;appr\u00eate \u00e0 finaliser sa r\u00e8gle la plus stricte \u00e0 ce jour pour r\u00e9duire les \u00e9missions des pots d&#8217;\u00e9chappement des v\u00e9hicules, l&#8217;industrie automobile am\u00e9ricaine exhorte l&#8217;agence \u00e0 assouplir les exigences, et elle pourrait r\u00e9ussir. Depuis la publication de la proposition en avril, les constructeurs automobiles, les concessionnaires et le syndicat UAW ont plaid\u00e9 aupr\u00e8s de l&#8217;EPA pour assouplir des exigences qu&#8217;ils estiment imposer une augmentation agressive des ventes de v\u00e9hicules \u00e9lectriques avant que les cha\u00eenes d&#8217;approvisionnement, l&#8217;infrastructure et le march\u00e9 ne soient pr\u00eats.<\/p>\n<h3><strong>Pression de l&#8217;industrie sur l&#8217;EPA<\/strong><\/h3>\n<p>\nEn r\u00e9ponse \u00e0 la pression de l&#8217;industrie, l&#8217;EPA devrait assouplir certaines parties de la r\u00e8gle, qui pourrait \u00eatre finalis\u00e9e d\u00e8s mars, offrant aux constructeurs automobiles plus de temps pour augmenter les ventes de v\u00e9hicules \u00e9lectriques, selon des rapports publi\u00e9s ce mois-ci citant des sources anonymes. Sous la proposition de l&#8217;EPA, les constructeurs automobiles devraient r\u00e9aliser une r\u00e9duction moyenne des \u00e9missions de 13 % sur l&#8217;ensemble de leur flotte pour les ann\u00e9es-mod\u00e8les 2027-2032, repr\u00e9sentant une r\u00e9duction de 56 % par rapport aux niveaux cibles d&#8217;\u00e9missions moyennes de l&#8217;ann\u00e9e mod\u00e8le 2026.<\/p>\n<h3><strong>Impact sur les v\u00e9hicules \u00e9lectriques<\/strong><\/h3>\n<p>\nSi les exigences sont finalis\u00e9es, elles pourraient pousser les v\u00e9hicules \u00e9lectriques \u00e0 repr\u00e9senter 60 % des ventes de nouveaux v\u00e9hicules d&#8217;ici l&#8217;ann\u00e9e mod\u00e8le 2030 et 67 % d&#8217;ici 2032, selon les projections de l&#8217;agence, excluant les hybrides rechargeables de son analyse. Un porte-parole de l&#8217;EPA a refus\u00e9 de commenter les sp\u00e9culations sur une r\u00e8gle finale mais a d\u00e9clar\u00e9 que l&#8217;agence \u00e9tait &#8220;engag\u00e9e \u00e0 finaliser une norme technologique r\u00e9alisable, assurant des r\u00e9ductions de la pollution de l&#8217;air et du climat, et garantissant des avantages \u00e9conomiques pour les familles.&#8221;<\/p>\n<h3><strong>Le temps presse<\/strong><\/h3>\n<p>\nSelon un plan r\u00e9vis\u00e9, l&#8217;EPA devrait adopter un rythme moins agressif de r\u00e9ductions d&#8217;\u00e9missions suivi de coupes plus strictes apr\u00e8s l&#8217;ann\u00e9e mod\u00e8le 2029. Certains estiment que cette approche pourrait ressembler \u00e0 l&#8217;option &#8220;Alternative 3&#8221; incluse dans la r\u00e8gle provisoire de l&#8217;EPA. Cette alternative exigerait toujours une r\u00e9duction de 56 % des \u00e9missions des nouveaux v\u00e9hicules d&#8217;ici 2032, mais assouplirait la rigueur des premi\u00e8res ann\u00e9es-mod\u00e8les. Par exemple, elle imposerait une r\u00e9duction de 11 % des \u00e9missions pour l&#8217;ann\u00e9e mod\u00e8le 2027 et de 17 % pour l&#8217;ann\u00e9e mod\u00e8le 2032, par rapport \u00e0 la proposition souhait\u00e9e de l&#8217;EPA de 18 % en 2027 et 11 % en 2032.<\/p>\n<h3><strong>R\u00e9actions de l&#8217;industrie<\/strong><\/h3>\n<p>\nThe Alliance for Automotive Innovation a qualifi\u00e9 la r\u00e8gle provisoire de l&#8217;EPA de &#8220;mandat de facto pour les v\u00e9hicules \u00e9lectriques&#8221;, jug\u00e9 irr\u00e9aliste. L&#8217;alliance souhaite que l&#8217;EPA aligne davantage les normes sur l&#8217;objectif de 40 \u00e0 50 % de ventes de v\u00e9hicules \u00e9lectriques d&#8217;ici 2030, conform\u00e9ment \u00e0 l&#8217;objectif du pr\u00e9sident Joe Biden. Les concessionnaires ont \u00e9galement exhort\u00e9 Biden \u00e0 reconsid\u00e9rer les r\u00e8glements provisoires, arguant qu&#8217;ils imposeraient un passage irr\u00e9aliste aux v\u00e9hicules \u00e9lectriques dans un march\u00e9 o\u00f9 les consommateurs ne sont pas pr\u00eats en raison de d\u00e9fis non r\u00e9solus tels que l&#8217;accessibilit\u00e9 financi\u00e8re et l&#8217;acc\u00e8s \u00e0 des bornes de recharge fiables.<\/p>\n<h3><strong>D\u00e9fis de l&#8217;industrie<\/strong><\/h3>\n<p>\nMalgr\u00e9 la transition vers plus de v\u00e9hicules \u00e9lectriques, l&#8217;industrie doit relever plusieurs d\u00e9fis, dont une demande plus faible que pr\u00e9vu, incitant les constructeurs \u00e0 ajuster leurs plans de production et leurs objectifs de ventes. Certains pourraient compter davantage sur les mod\u00e8les hybrides rechargeables et hybrides conventionnels pour rester rentables tout en respectant des r\u00e8gles d&#8217;\u00e9missions plus strictes.<\/p>\n<h3><strong>Lacunes \u00e0 combler<\/strong><\/h3>\n<p>\nBien que l&#8217;industrie ait annonc\u00e9 d&#8217;importants investissements dans l&#8217;\u00e9lectrification, des lacunes subsistent sur le march\u00e9 des v\u00e9hicules \u00e9lectriques, notamment une offre compl\u00e8te touchant chaque segment en termes de taille, d&#8217;utilit\u00e9 et de gamme de prix. Certains estiment que l&#8217;EPA devrait examiner ces lacunes pour garantir que la r\u00e9glementation reste raisonnable et que l&#8217;impact de l&#8217;industrie sur le climat et l&#8217;environnement local soit consid\u00e9rablement r\u00e9duit.<\/p>\n<h3><strong>Conclusion<\/strong><\/h3>\n<p>\nL&#8217;\u00e9quilibre entre les exigences environnementales et la r\u00e9alit\u00e9 du march\u00e9 automobile reste d\u00e9licat. L&#8217;industrie plaide pour une approche plus progressive, soulignant l&#8217;importance de la vitesse \u00e0 laquelle le march\u00e9 et les cha\u00eenes d&#8217;approvisionnement peuvent s&#8217;adapter. L&#8217;EPA doit naviguer habilement pour encourager l&#8217;adoption des v\u00e9hicules \u00e9lectriques tout en permettant \u00e0 l&#8217;industrie de s&#8217;ajuster de mani\u00e8re r\u00e9aliste aux nouvelles normes, tout en maintenant le choix du consommateur.<\/p>\n<p>Avec des renseignements d\u2019Automotive News<\/p>\n<p>\u00a0<\/p>\n<p>Le texte <a rel=\"nofollow\" href=\"https:\/\/annuelauto.ca\/possible-assouplissement-des-regles-environnementales-aux-etats-unis\/\">Possible assouplissement des r\u00e8gles environnementales aux \u00c9tats-Unis<\/a> provient de <a rel=\"nofollow\" href=\"https:\/\/annuelauto.ca\">L&#8217;annuel de l&#8217;automobile &#8211; Actualit\u00e9 automobile<\/a><\/p>\n<p><\/p>\n","protected":false},"excerpt":{"rendered":"<p>Alors que l&#8217;EPA s&#8217;appr\u00eate \u00e0 finaliser sa r\u00e8gle la plus stricte \u00e0 ce jour pour r\u00e9duire les \u00e9missions des pots d&#8217;\u00e9chappement des v\u00e9hicules, l&#8217;industrie automobile am\u00e9ricaine exhorte l&#8217;agence \u00e0 assouplir les exigences, et elle pourrait r\u00e9ussir. Depuis la publication de la proposition en avril, les constructeurs automobiles, les concessionnaires et le syndicat UAW ont plaid\u00e9 [&hellip;]<\/p>\n","protected":false},"author":8,"featured_media":159804,"comment_status":"close","ping_status":"closed","sticky":false,"template":"","format":"standard","meta":{"_monsterinsights_skip_tracking":false,"_monsterinsights_sitenote_active":false,"_monsterinsights_sitenote_note":"","_monsterinsights_sitenote_category":0,"footnotes":""},"categories":[101],"tags":[],"yoast_head":"<!-- This site is optimized with the Yoast SEO plugin v23.2 - https:\/\/yoast.com\/wordpress\/plugins\/seo\/ -->\n<title>Possible assouplissement des r\u00e8gles environnementales aux \u00c9tats-Unis - CanadaMotorJobs.com<\/title>\n<meta name=\"description\" content=\"Possible assouplissement des r\u00e8gles environnementales aux \u00c9tats-Unis - Benoit Charette - Annuel automobile - CanadaMotorJobs.com.\" \/>\n<meta name=\"robots\" content=\"index, follow, max-snippet:-1, max-image-preview:large, max-video-preview:-1\" \/>\n<meta property=\"og:locale\" content=\"fr_CA\" \/>\n<meta property=\"og:type\" content=\"article\" \/>\n<meta property=\"og:title\" content=\"Possible assouplissement des r\u00e8gles environnementales aux \u00c9tats-Unis - CanadaMotorJobs.com\" \/>\n<meta property=\"og:description\" content=\"Possible assouplissement des r\u00e8gles environnementales aux \u00c9tats-Unis - Benoit Charette - Annuel automobile - CanadaMotorJobs.com.\" \/>\n<meta property=\"og:url\" content=\"https:\/\/news.canadamotorjobs.com\/fr\/possible-assouplissement-des-regles-environnementales-aux-etats-unis\/\" \/>\n<meta property=\"og:site_name\" content=\"CanadaMotorJobs.com\" \/>\n<meta property=\"article:publisher\" content=\"https:\/\/www.facebook.com\/canadamotorjobs\/\" \/>\n<meta property=\"article:published_time\" content=\"2024-02-26T13:15:47+00:00\" \/>\n<meta property=\"article:modified_time\" content=\"2024-02-26T13:32:48+00:00\" \/>\n<meta property=\"og:image\" content=\"https:\/\/news.canadamotorjobs.com\/wp-content\/uploads\/2024\/02\/smog-montreal-1-17253219-1688229774488.jpg\" \/>\n\t<meta property=\"og:image:width\" content=\"1288\" \/>\n\t<meta property=\"og:image:height\" content=\"723\" \/>\n\t<meta property=\"og:image:type\" content=\"image\/jpeg\" \/>\n<meta name=\"author\" content=\"Benoit Charette\" \/>\n<meta name=\"twitter:card\" content=\"summary_large_image\" \/>\n<meta name=\"twitter:creator\" content=\"@canadamotorjobs\" \/>\n<meta name=\"twitter:site\" content=\"@canadamotorjobs\" \/>\n<meta name=\"twitter:label1\" content=\"\u00c9crit par\" \/>\n\t<meta name=\"twitter:data1\" content=\"Benoit Charette\" \/>\n\t<meta name=\"twitter:label2\" content=\"Estimation du temps de lecture\" \/>\n\t<meta name=\"twitter:data2\" content=\"4 minutes\" \/>\n<!-- \/ Yoast SEO plugin. -->","yoast_head_json":{"title":"Possible assouplissement des r\u00e8gles environnementales aux \u00c9tats-Unis - CanadaMotorJobs.com","description":"Possible assouplissement des r\u00e8gles environnementales aux \u00c9tats-Unis - Benoit Charette - Annuel automobile - CanadaMotorJobs.com.","robots":{"index":"index","follow":"follow","max-snippet":"max-snippet:-1","max-image-preview":"max-image-preview:large","max-video-preview":"max-video-preview:-1"},"og_locale":"fr_CA","og_type":"article","og_title":"Possible assouplissement des r\u00e8gles environnementales aux \u00c9tats-Unis - CanadaMotorJobs.com","og_description":"Possible assouplissement des r\u00e8gles environnementales aux \u00c9tats-Unis - Benoit Charette - Annuel automobile - CanadaMotorJobs.com.","og_url":"https:\/\/news.canadamotorjobs.com\/fr\/possible-assouplissement-des-regles-environnementales-aux-etats-unis\/","og_site_name":"CanadaMotorJobs.com","article_publisher":"https:\/\/www.facebook.com\/canadamotorjobs\/","article_published_time":"2024-02-26T13:15:47+00:00","article_modified_time":"2024-02-26T13:32:48+00:00","og_image":[{"width":1288,"height":723,"url":"https:\/\/news.canadamotorjobs.com\/wp-content\/uploads\/2024\/02\/smog-montreal-1-17253219-1688229774488.jpg","type":"image\/jpeg"}],"author":"Benoit Charette","twitter_card":"summary_large_image","twitter_creator":"@canadamotorjobs","twitter_site":"@canadamotorjobs","twitter_misc":{"\u00c9crit par":"Benoit Charette","Estimation du temps de lecture":"4 minutes"},"schema":{"@context":"https:\/\/schema.org","@graph":[{"@type":"Article","@id":"https:\/\/news.canadamotorjobs.com\/fr\/possible-assouplissement-des-regles-environnementales-aux-etats-unis\/#article","isPartOf":{"@id":"https:\/\/news.canadamotorjobs.com\/fr\/possible-assouplissement-des-regles-environnementales-aux-etats-unis\/"},"author":{"name":"Benoit Charette","@id":"https:\/\/news.canadamotorjobs.com\/#\/schema\/person\/51793d1f87d44011d7bcc2ed99269a90"},"headline":"Possible assouplissement des r\u00e8gles environnementales aux \u00c9tats-Unis","datePublished":"2024-02-26T13:15:47+00:00","dateModified":"2024-02-26T13:32:48+00:00","mainEntityOfPage":{"@id":"https:\/\/news.canadamotorjobs.com\/fr\/possible-assouplissement-des-regles-environnementales-aux-etats-unis\/"},"wordCount":810,"publisher":{"@id":"https:\/\/news.canadamotorjobs.com\/#organization"},"image":{"@id":"https:\/\/news.canadamotorjobs.com\/fr\/possible-assouplissement-des-regles-environnementales-aux-etats-unis\/#primaryimage"},"thumbnailUrl":"https:\/\/news.canadamotorjobs.com\/wp-content\/uploads\/2024\/02\/smog-montreal-1-17253219-1688229774488.jpg","articleSection":["Annuel automobile"],"inLanguage":"fr-CA"},{"@type":"WebPage","@id":"https:\/\/news.canadamotorjobs.com\/fr\/possible-assouplissement-des-regles-environnementales-aux-etats-unis\/","url":"https:\/\/news.canadamotorjobs.com\/fr\/possible-assouplissement-des-regles-environnementales-aux-etats-unis\/","name":"Possible assouplissement des r\u00e8gles environnementales aux \u00c9tats-Unis - CanadaMotorJobs.com","isPartOf":{"@id":"https:\/\/news.canadamotorjobs.com\/#website"},"primaryImageOfPage":{"@id":"https:\/\/news.canadamotorjobs.com\/fr\/possible-assouplissement-des-regles-environnementales-aux-etats-unis\/#primaryimage"},"image":{"@id":"https:\/\/news.canadamotorjobs.com\/fr\/possible-assouplissement-des-regles-environnementales-aux-etats-unis\/#primaryimage"},"thumbnailUrl":"https:\/\/news.canadamotorjobs.com\/wp-content\/uploads\/2024\/02\/smog-montreal-1-17253219-1688229774488.jpg","datePublished":"2024-02-26T13:15:47+00:00","dateModified":"2024-02-26T13:32:48+00:00","description":"Possible assouplissement des r\u00e8gles environnementales aux \u00c9tats-Unis - Benoit Charette - Annuel automobile - CanadaMotorJobs.com.","breadcrumb":{"@id":"https:\/\/news.canadamotorjobs.com\/fr\/possible-assouplissement-des-regles-environnementales-aux-etats-unis\/#breadcrumb"},"inLanguage":"fr-CA","potentialAction":[{"@type":"ReadAction","target":["https:\/\/news.canadamotorjobs.com\/fr\/possible-assouplissement-des-regles-environnementales-aux-etats-unis\/"]}]},{"@type":"ImageObject","inLanguage":"fr-CA","@id":"https:\/\/news.canadamotorjobs.com\/fr\/possible-assouplissement-des-regles-environnementales-aux-etats-unis\/#primaryimage","url":"https:\/\/news.canadamotorjobs.com\/wp-content\/uploads\/2024\/02\/smog-montreal-1-17253219-1688229774488.jpg","contentUrl":"https:\/\/news.canadamotorjobs.com\/wp-content\/uploads\/2024\/02\/smog-montreal-1-17253219-1688229774488.jpg","width":1288,"height":723},{"@type":"BreadcrumbList","@id":"https:\/\/news.canadamotorjobs.com\/fr\/possible-assouplissement-des-regles-environnementales-aux-etats-unis\/#breadcrumb","itemListElement":[{"@type":"ListItem","position":1,"name":"Home","item":"https:\/\/news.canadamotorjobs.com\/fr\/blog\/"},{"@type":"ListItem","position":2,"name":"Possible assouplissement des r\u00e8gles environnementales aux \u00c9tats-Unis"}]},{"@type":"WebSite","@id":"https:\/\/news.canadamotorjobs.com\/#website","url":"https:\/\/news.canadamotorjobs.com\/","name":"CanadaMotorJobs.com","description":"Automotive Jobs","publisher":{"@id":"https:\/\/news.canadamotorjobs.com\/#organization"},"potentialAction":[{"@type":"SearchAction","target":{"@type":"EntryPoint","urlTemplate":"https:\/\/news.canadamotorjobs.com\/?s={search_term_string}"},"query-input":"required name=search_term_string"}],"inLanguage":"fr-CA"},{"@type":"Organization","@id":"https:\/\/news.canadamotorjobs.com\/#organization","name":"Canada Motor Jobs","url":"https:\/\/news.canadamotorjobs.com\/","logo":{"@type":"ImageObject","inLanguage":"fr-CA","@id":"https:\/\/news.canadamotorjobs.com\/#\/schema\/logo\/image\/","url":"https:\/\/news.canadamotorjobs.com\/wp-content\/uploads\/2022\/10\/logo-canada-motor-jobs-1.png","contentUrl":"https:\/\/news.canadamotorjobs.com\/wp-content\/uploads\/2022\/10\/logo-canada-motor-jobs-1.png","width":800,"height":400,"caption":"Canada Motor Jobs"},"image":{"@id":"https:\/\/news.canadamotorjobs.com\/#\/schema\/logo\/image\/"},"sameAs":["https:\/\/www.facebook.com\/canadamotorjobs\/","https:\/\/x.com\/canadamotorjobs","https:\/\/www.instagram.com\/canadamotorjobs\/","https:\/\/www.linkedin.com\/company\/canadamotorjobs"]},{"@type":"Person","@id":"https:\/\/news.canadamotorjobs.com\/#\/schema\/person\/51793d1f87d44011d7bcc2ed99269a90","name":"Benoit Charette","image":{"@type":"ImageObject","inLanguage":"fr-CA","@id":"https:\/\/news.canadamotorjobs.com\/#\/schema\/person\/image\/","url":"https:\/\/secure.gravatar.com\/avatar\/45f3d2eebcccd909668d7ce7ea7267b6?s=96&d=mm&r=g","contentUrl":"https:\/\/secure.gravatar.com\/avatar\/45f3d2eebcccd909668d7ce7ea7267b6?s=96&d=mm&r=g","caption":"Benoit Charette"},"description":"Benoit Charette \/ Propri\u00e9taire et r\u00e9dacteur en chef Benoit Charette pratique le journalisme automobile depuis bient\u00f4t 30 ans. Il a fait ses classes au c\u00f4t\u00e9 de Daniel H\u00e9raud et au Carnet de route de 1992 \u00e0 2001. Il est fondateur, copropri\u00e9taire et r\u00e9dacteur en chef de L\u2019Annuel de l\u2019automobile, qu\u2019il publie depuis 2001. Il a anim\u00e9 les \u00e9missions RPM et RPM+ sur V et les L\u00e9gendes de la route sur Historia. \u00c0 la radio depuis 1986, il reprend l\u2019antenne cette ann\u00e9e sur les ondes de Cogeco et participe pour la deuxi\u00e8me ann\u00e9e \u00e0 l\u2019\u00e9mission Passion Auto sur RDS en plus de mettre en ligne le site Web officiel de L\u2019Annuel de l\u2019automobile sur annuelauto.ca.","sameAs":["https:\/\/annuelauto.ca\/"],"url":"https:\/\/news.canadamotorjobs.com\/fr\/author\/benoit-charette\/"}]}},"_links":{"self":[{"href":"https:\/\/news.canadamotorjobs.com\/fr\/wp-json\/wp\/v2\/posts\/159802"}],"collection":[{"href":"https:\/\/news.canadamotorjobs.com\/fr\/wp-json\/wp\/v2\/posts"}],"about":[{"href":"https:\/\/news.canadamotorjobs.com\/fr\/wp-json\/wp\/v2\/types\/post"}],"author":[{"embeddable":true,"href":"https:\/\/news.canadamotorjobs.com\/fr\/wp-json\/wp\/v2\/users\/8"}],"replies":[{"embeddable":true,"href":"https:\/\/news.canadamotorjobs.com\/fr\/wp-json\/wp\/v2\/comments?post=159802"}],"version-history":[{"count":2,"href":"https:\/\/news.canadamotorjobs.com\/fr\/wp-json\/wp\/v2\/posts\/159802\/revisions"}],"predecessor-version":[{"id":159806,"href":"https:\/\/news.canadamotorjobs.com\/fr\/wp-json\/wp\/v2\/posts\/159802\/revisions\/159806"}],"wp:featuredmedia":[{"embeddable":true,"href":"https:\/\/news.canadamotorjobs.com\/fr\/wp-json\/wp\/v2\/media\/159804"}],"wp:attachment":[{"href":"https:\/\/news.canadamotorjobs.com\/fr\/wp-json\/wp\/v2\/media?parent=159802"}],"wp:term":[{"taxonomy":"category","embeddable":true,"href":"https:\/\/news.canadamotorjobs.com\/fr\/wp-json\/wp\/v2\/categories?post=159802"},{"taxonomy":"post_tag","embeddable":true,"href":"https:\/\/news.canadamotorjobs.com\/fr\/wp-json\/wp\/v2\/tags?post=159802"}],"curies":[{"name":"wp","href":"https:\/\/api.w.org\/{rel}","templated":true}]}}