{"id":159702,"date":"2024-02-24T07:07:27","date_gmt":"2024-02-24T12:07:27","guid":{"rendered":"https:\/\/news.canadamotorjobs.com\/?p=159702"},"modified":"2024-02-24T07:14:48","modified_gmt":"2024-02-24T12:14:48","slug":"ford-cesse-la-livraison-de-f-150-lightning-2024","status":"publish","type":"post","link":"https:\/\/news.canadamotorjobs.com\/fr\/ford-cesse-la-livraison-de-f-150-lightning-2024\/","title":{"rendered":"Ford cesse la livraison de F-150 Lightning 2024"},"content":{"rendered":"<\/p>\n<p>Ford a interrompu les livraisons de toutes les camionnettes \u00e9lectriques F-150 Lightning de l&#8217;ann\u00e9e mod\u00e8le 2024 en raison d&#8217;un probl\u00e8me de qualit\u00e9 non divulgu\u00e9, tandis que les livraisons de certaines F-150 \u00e0 essence de l&#8217;ann\u00e9e mod\u00e8le 2024 ont commenc\u00e9 cette semaine, apr\u00e8s que des centaines, voire des milliers, de camions se soient accumul\u00e9s dans des parcs de stockage autour de Detroit depuis le d\u00e9but de la production en d\u00e9cembre.<\/p>\n<p>L&#8217;ordre d&#8217;arr\u00eat des livraisons pour la F-150 Lightning est entr\u00e9 en vigueur le 9 f\u00e9vrier, a d\u00e9clar\u00e9 Ford, et on ne sait pas quand il sera lev\u00e9. La soci\u00e9t\u00e9 continue de produire des Lightning au Rouge Electric Vehicle Center \u00e0 Dearborn, dans le Michigan.<\/p>\n<p>Les F-150 et F-150 Lightning de l&#8217;ann\u00e9e mod\u00e8le 2024, faisant partie de la gamme de v\u00e9hicules la plus vendue du pays, sont les premi\u00e8res d&#8217;une s\u00e9rie de lancements de haut niveau cette ann\u00e9e, survenant alors que les dirigeants de l&#8217;entreprise ont promis de redresser les probl\u00e8mes de qualit\u00e9 de longue date de Ford.<\/p>\n<p>Bien que les premi\u00e8res livraisons des camionnettes \u00e0 essence et \u00e9lectriques soient conformes \u00e0 la p\u00e9riode de vente annonc\u00e9e par Ford, certaines F-150 sont en attente dans des parcs de stockage depuis fin d\u00e9cembre. Un client commercial dans l&#8217;est des \u00c9tats-Unis a d\u00e9clar\u00e9 \u00e0 Automotive News que la date de livraison de sa commande de pr\u00e8s de 100 camions a \u00e9t\u00e9 retard\u00e9e de huit semaines jusqu&#8217;\u00e0 pr\u00e9sent.<\/p>\n<p>Un porte-parole de Ford a refus\u00e9 de pr\u00e9ciser s&#8217;il y avait actuellement des probl\u00e8mes de qualit\u00e9 emp\u00eachant la livraison de certaines F-150 \u00e0 essence, bien qu&#8217;il ait d\u00e9clar\u00e9 que cela faisait partie de la proc\u00e9dure de lancement standard de ne pas sortir de produits tant qu&#8217;ils n&#8217;avaient pas subi une s\u00e9rie d&#8217;inspections approfondies.<\/p>\n<p>Ford a mentionn\u00e9 qu&#8217;un &#8220;probl\u00e8me de pi\u00e8ces de fournisseur&#8221; avait paralys\u00e9 la production des F-150 \u00e0 essence et des F-150 Lightning \u00e9lectriques pendant environ une semaine \u00e0 la fin de janvier. Cependant, la soci\u00e9t\u00e9 n&#8217;a pas pr\u00e9cis\u00e9 si le probl\u00e8me concernait les v\u00e9hicules produits avant ou apr\u00e8s l&#8217;arr\u00eat de la production.<\/p>\n<p>Le PDG Jim Farley, parlant lors de l&#8217;appel aux r\u00e9sultats du quatri\u00e8me trimestre de Ford ce mois-ci, a d\u00e9clar\u00e9 que le lancement de la F-150 \u00e0 essence et hybride de 2024 \u00e9tait &#8220;tr\u00e8s important pour notre entreprise&#8221;. Farley a mis l&#8217;accent sur la qualit\u00e9 apr\u00e8s avoir admis des regrets et des erreurs qui ont affect\u00e9 l&#8217;entreprise pendant des ann\u00e9es.<\/p>\n<p>Ford a r\u00e9cemment revu ses processus de test et de lancement de v\u00e9hicules, commen\u00e7ant par le Super Duty redessin\u00e9 de l&#8217;ann\u00e9e derni\u00e8re. Farley a d\u00e9clar\u00e9 que Ford avait perdu 1 milliard de dollars en b\u00e9n\u00e9fices avant int\u00e9r\u00eats et imp\u00f4ts l&#8217;ann\u00e9e derni\u00e8re en raison d&#8217;un &#8220;ralentissement significatif&#8221; lors du lancement du Super Duty au nom de la qualit\u00e9.<\/p>\n<p>Il s&#8217;agit d&#8217;une le\u00e7on que le rival de Ford, General Motors, est \u00e9galement en train d&#8217;apprendre. Cette semaine, GM a annonc\u00e9 le report des premi\u00e8res ventes des camionnettes de taille moyenne GMC Canyon et Chevrolet Colorado de l&#8217;ann\u00e9e mod\u00e8le 2024 pour s&#8217;assurer que le logiciel du v\u00e9hicule fonctionne correctement.<\/p>\n<p>Les parcs de stockage autour de la r\u00e9gion m\u00e9tropolitaine de Detroit se sont r\u00e9cemment remplis de F-150. Un parking du b\u00e2timent de l&#8217;ancien bureau Regent Court de Ford \u00e0 Dearborn, dans le Michigan, d\u00e9bordait de centaines de F-150 cette semaine. Un client flotte avec une commande d&#8217;environ 100 camions a d\u00e9clar\u00e9 qu&#8217;il \u00e9tait pr\u00e9occup\u00e9 par le fait que ses v\u00e9hicules n&#8217;avaient pas encore \u00e9t\u00e9 livr\u00e9s apr\u00e8s avoir \u00e9t\u00e9 construits fin d\u00e9cembre et qu&#8217;il n&#8217;avait pratiquement aucune communication de la part de Ford concernant les retards.<\/p>\n<p>Avec des renseignements d\u2019Automotive News<\/p>\n<p>\u00a0<\/p>\n<p>Le texte <a rel=\"nofollow\" href=\"https:\/\/annuelauto.ca\/ford-cesse-la-livraisopn-de-f-150-lightning-2024\/\">Ford cesse la livraison de F-150 Lightning 2024<\/a> provient de <a rel=\"nofollow\" href=\"https:\/\/annuelauto.ca\">L&#8217;annuel de l&#8217;automobile &#8211; Actualit\u00e9 automobile<\/a><\/p>\n<p><\/p>\n","protected":false},"excerpt":{"rendered":"<p>Ford a interrompu les livraisons de toutes les camionnettes \u00e9lectriques F-150 Lightning de l&#8217;ann\u00e9e mod\u00e8le 2024 en raison d&#8217;un probl\u00e8me de qualit\u00e9 non divulgu\u00e9, tandis que les livraisons de certaines F-150 \u00e0 essence de l&#8217;ann\u00e9e mod\u00e8le 2024 ont commenc\u00e9 cette semaine, apr\u00e8s que des centaines, voire des milliers, de camions se soient accumul\u00e9s dans des [&hellip;]<\/p>\n","protected":false},"author":8,"featured_media":159704,"comment_status":"close","ping_status":"closed","sticky":false,"template":"","format":"standard","meta":{"_monsterinsights_skip_tracking":false,"_monsterinsights_sitenote_active":false,"_monsterinsights_sitenote_note":"","_monsterinsights_sitenote_category":0,"footnotes":""},"categories":[101],"tags":[],"yoast_head":"<!-- This site is optimized with the Yoast SEO plugin v23.2 - https:\/\/yoast.com\/wordpress\/plugins\/seo\/ -->\n<title>Ford cesse la livraison de F-150 Lightning 2024 - CanadaMotorJobs.com<\/title>\n<meta name=\"description\" content=\"Ford cesse la livraison de F-150 Lightning 2024 - Benoit Charette - Annuel automobile - CanadaMotorJobs.com.\" \/>\n<meta name=\"robots\" content=\"index, follow, max-snippet:-1, max-image-preview:large, max-video-preview:-1\" \/>\n<meta property=\"og:locale\" content=\"fr_CA\" \/>\n<meta property=\"og:type\" content=\"article\" \/>\n<meta property=\"og:title\" content=\"Ford cesse la livraison de F-150 Lightning 2024 - CanadaMotorJobs.com\" \/>\n<meta property=\"og:description\" content=\"Ford cesse la livraison de F-150 Lightning 2024 - Benoit Charette - Annuel automobile - CanadaMotorJobs.com.\" \/>\n<meta property=\"og:url\" content=\"https:\/\/news.canadamotorjobs.com\/fr\/ford-cesse-la-livraison-de-f-150-lightning-2024\/\" \/>\n<meta property=\"og:site_name\" content=\"CanadaMotorJobs.com\" \/>\n<meta property=\"article:publisher\" content=\"https:\/\/www.facebook.com\/canadamotorjobs\/\" \/>\n<meta property=\"article:published_time\" content=\"2024-02-24T12:07:27+00:00\" \/>\n<meta property=\"article:modified_time\" content=\"2024-02-24T12:14:48+00:00\" \/>\n<meta property=\"og:image\" content=\"https:\/\/news.canadamotorjobs.com\/wp-content\/uploads\/2024\/02\/DSC01398-1024x768-1.jpg\" \/>\n\t<meta property=\"og:image:width\" content=\"1024\" \/>\n\t<meta property=\"og:image:height\" content=\"768\" \/>\n\t<meta property=\"og:image:type\" content=\"image\/jpeg\" \/>\n<meta name=\"author\" content=\"Benoit Charette\" \/>\n<meta name=\"twitter:card\" content=\"summary_large_image\" \/>\n<meta name=\"twitter:creator\" content=\"@canadamotorjobs\" \/>\n<meta name=\"twitter:site\" content=\"@canadamotorjobs\" \/>\n<meta name=\"twitter:label1\" content=\"\u00c9crit par\" \/>\n\t<meta name=\"twitter:data1\" content=\"Benoit Charette\" \/>\n\t<meta name=\"twitter:label2\" content=\"Estimation du temps de lecture\" \/>\n\t<meta name=\"twitter:data2\" content=\"3 minutes\" \/>\n<!-- \/ Yoast SEO plugin. -->","yoast_head_json":{"title":"Ford cesse la livraison de F-150 Lightning 2024 - CanadaMotorJobs.com","description":"Ford cesse la livraison de F-150 Lightning 2024 - Benoit Charette - Annuel automobile - CanadaMotorJobs.com.","robots":{"index":"index","follow":"follow","max-snippet":"max-snippet:-1","max-image-preview":"max-image-preview:large","max-video-preview":"max-video-preview:-1"},"og_locale":"fr_CA","og_type":"article","og_title":"Ford cesse la livraison de F-150 Lightning 2024 - CanadaMotorJobs.com","og_description":"Ford cesse la livraison de F-150 Lightning 2024 - Benoit Charette - Annuel automobile - CanadaMotorJobs.com.","og_url":"https:\/\/news.canadamotorjobs.com\/fr\/ford-cesse-la-livraison-de-f-150-lightning-2024\/","og_site_name":"CanadaMotorJobs.com","article_publisher":"https:\/\/www.facebook.com\/canadamotorjobs\/","article_published_time":"2024-02-24T12:07:27+00:00","article_modified_time":"2024-02-24T12:14:48+00:00","og_image":[{"width":1024,"height":768,"url":"https:\/\/news.canadamotorjobs.com\/wp-content\/uploads\/2024\/02\/DSC01398-1024x768-1.jpg","type":"image\/jpeg"}],"author":"Benoit Charette","twitter_card":"summary_large_image","twitter_creator":"@canadamotorjobs","twitter_site":"@canadamotorjobs","twitter_misc":{"\u00c9crit par":"Benoit Charette","Estimation du temps de lecture":"3 minutes"},"schema":{"@context":"https:\/\/schema.org","@graph":[{"@type":"Article","@id":"https:\/\/news.canadamotorjobs.com\/fr\/ford-cesse-la-livraison-de-f-150-lightning-2024\/#article","isPartOf":{"@id":"https:\/\/news.canadamotorjobs.com\/fr\/ford-cesse-la-livraison-de-f-150-lightning-2024\/"},"author":{"name":"Benoit Charette","@id":"https:\/\/news.canadamotorjobs.com\/#\/schema\/person\/51793d1f87d44011d7bcc2ed99269a90"},"headline":"Ford cesse la livraison de F-150 Lightning 2024","datePublished":"2024-02-24T12:07:27+00:00","dateModified":"2024-02-24T12:14:48+00:00","mainEntityOfPage":{"@id":"https:\/\/news.canadamotorjobs.com\/fr\/ford-cesse-la-livraison-de-f-150-lightning-2024\/"},"wordCount":711,"publisher":{"@id":"https:\/\/news.canadamotorjobs.com\/#organization"},"image":{"@id":"https:\/\/news.canadamotorjobs.com\/fr\/ford-cesse-la-livraison-de-f-150-lightning-2024\/#primaryimage"},"thumbnailUrl":"https:\/\/news.canadamotorjobs.com\/wp-content\/uploads\/2024\/02\/DSC01398-1024x768-1.jpg","articleSection":["Annuel automobile"],"inLanguage":"fr-CA"},{"@type":"WebPage","@id":"https:\/\/news.canadamotorjobs.com\/fr\/ford-cesse-la-livraison-de-f-150-lightning-2024\/","url":"https:\/\/news.canadamotorjobs.com\/fr\/ford-cesse-la-livraison-de-f-150-lightning-2024\/","name":"Ford cesse la livraison de F-150 Lightning 2024 - CanadaMotorJobs.com","isPartOf":{"@id":"https:\/\/news.canadamotorjobs.com\/#website"},"primaryImageOfPage":{"@id":"https:\/\/news.canadamotorjobs.com\/fr\/ford-cesse-la-livraison-de-f-150-lightning-2024\/#primaryimage"},"image":{"@id":"https:\/\/news.canadamotorjobs.com\/fr\/ford-cesse-la-livraison-de-f-150-lightning-2024\/#primaryimage"},"thumbnailUrl":"https:\/\/news.canadamotorjobs.com\/wp-content\/uploads\/2024\/02\/DSC01398-1024x768-1.jpg","datePublished":"2024-02-24T12:07:27+00:00","dateModified":"2024-02-24T12:14:48+00:00","description":"Ford cesse la livraison de F-150 Lightning 2024 - Benoit Charette - Annuel automobile - CanadaMotorJobs.com.","breadcrumb":{"@id":"https:\/\/news.canadamotorjobs.com\/fr\/ford-cesse-la-livraison-de-f-150-lightning-2024\/#breadcrumb"},"inLanguage":"fr-CA","potentialAction":[{"@type":"ReadAction","target":["https:\/\/news.canadamotorjobs.com\/fr\/ford-cesse-la-livraison-de-f-150-lightning-2024\/"]}]},{"@type":"ImageObject","inLanguage":"fr-CA","@id":"https:\/\/news.canadamotorjobs.com\/fr\/ford-cesse-la-livraison-de-f-150-lightning-2024\/#primaryimage","url":"https:\/\/news.canadamotorjobs.com\/wp-content\/uploads\/2024\/02\/DSC01398-1024x768-1.jpg","contentUrl":"https:\/\/news.canadamotorjobs.com\/wp-content\/uploads\/2024\/02\/DSC01398-1024x768-1.jpg","width":1024,"height":768},{"@type":"BreadcrumbList","@id":"https:\/\/news.canadamotorjobs.com\/fr\/ford-cesse-la-livraison-de-f-150-lightning-2024\/#breadcrumb","itemListElement":[{"@type":"ListItem","position":1,"name":"Home","item":"https:\/\/news.canadamotorjobs.com\/fr\/blog\/"},{"@type":"ListItem","position":2,"name":"Ford cesse la livraison de F-150 Lightning 2024"}]},{"@type":"WebSite","@id":"https:\/\/news.canadamotorjobs.com\/#website","url":"https:\/\/news.canadamotorjobs.com\/","name":"CanadaMotorJobs.com","description":"Automotive Jobs","publisher":{"@id":"https:\/\/news.canadamotorjobs.com\/#organization"},"potentialAction":[{"@type":"SearchAction","target":{"@type":"EntryPoint","urlTemplate":"https:\/\/news.canadamotorjobs.com\/?s={search_term_string}"},"query-input":"required name=search_term_string"}],"inLanguage":"fr-CA"},{"@type":"Organization","@id":"https:\/\/news.canadamotorjobs.com\/#organization","name":"Canada Motor Jobs","url":"https:\/\/news.canadamotorjobs.com\/","logo":{"@type":"ImageObject","inLanguage":"fr-CA","@id":"https:\/\/news.canadamotorjobs.com\/#\/schema\/logo\/image\/","url":"https:\/\/news.canadamotorjobs.com\/wp-content\/uploads\/2022\/10\/logo-canada-motor-jobs-1.png","contentUrl":"https:\/\/news.canadamotorjobs.com\/wp-content\/uploads\/2022\/10\/logo-canada-motor-jobs-1.png","width":800,"height":400,"caption":"Canada Motor Jobs"},"image":{"@id":"https:\/\/news.canadamotorjobs.com\/#\/schema\/logo\/image\/"},"sameAs":["https:\/\/www.facebook.com\/canadamotorjobs\/","https:\/\/x.com\/canadamotorjobs","https:\/\/www.instagram.com\/canadamotorjobs\/","https:\/\/www.linkedin.com\/company\/canadamotorjobs"]},{"@type":"Person","@id":"https:\/\/news.canadamotorjobs.com\/#\/schema\/person\/51793d1f87d44011d7bcc2ed99269a90","name":"Benoit Charette","image":{"@type":"ImageObject","inLanguage":"fr-CA","@id":"https:\/\/news.canadamotorjobs.com\/#\/schema\/person\/image\/","url":"https:\/\/secure.gravatar.com\/avatar\/45f3d2eebcccd909668d7ce7ea7267b6?s=96&d=mm&r=g","contentUrl":"https:\/\/secure.gravatar.com\/avatar\/45f3d2eebcccd909668d7ce7ea7267b6?s=96&d=mm&r=g","caption":"Benoit Charette"},"description":"Benoit Charette \/ Propri\u00e9taire et r\u00e9dacteur en chef Benoit Charette pratique le journalisme automobile depuis bient\u00f4t 30 ans. Il a fait ses classes au c\u00f4t\u00e9 de Daniel H\u00e9raud et au Carnet de route de 1992 \u00e0 2001. Il est fondateur, copropri\u00e9taire et r\u00e9dacteur en chef de L\u2019Annuel de l\u2019automobile, qu\u2019il publie depuis 2001. Il a anim\u00e9 les \u00e9missions RPM et RPM+ sur V et les L\u00e9gendes de la route sur Historia. \u00c0 la radio depuis 1986, il reprend l\u2019antenne cette ann\u00e9e sur les ondes de Cogeco et participe pour la deuxi\u00e8me ann\u00e9e \u00e0 l\u2019\u00e9mission Passion Auto sur RDS en plus de mettre en ligne le site Web officiel de L\u2019Annuel de l\u2019automobile sur annuelauto.ca.","sameAs":["https:\/\/annuelauto.ca\/"],"url":"https:\/\/news.canadamotorjobs.com\/fr\/author\/benoit-charette\/"}]}},"_links":{"self":[{"href":"https:\/\/news.canadamotorjobs.com\/fr\/wp-json\/wp\/v2\/posts\/159702"}],"collection":[{"href":"https:\/\/news.canadamotorjobs.com\/fr\/wp-json\/wp\/v2\/posts"}],"about":[{"href":"https:\/\/news.canadamotorjobs.com\/fr\/wp-json\/wp\/v2\/types\/post"}],"author":[{"embeddable":true,"href":"https:\/\/news.canadamotorjobs.com\/fr\/wp-json\/wp\/v2\/users\/8"}],"replies":[{"embeddable":true,"href":"https:\/\/news.canadamotorjobs.com\/fr\/wp-json\/wp\/v2\/comments?post=159702"}],"version-history":[{"count":2,"href":"https:\/\/news.canadamotorjobs.com\/fr\/wp-json\/wp\/v2\/posts\/159702\/revisions"}],"predecessor-version":[{"id":159706,"href":"https:\/\/news.canadamotorjobs.com\/fr\/wp-json\/wp\/v2\/posts\/159702\/revisions\/159706"}],"wp:featuredmedia":[{"embeddable":true,"href":"https:\/\/news.canadamotorjobs.com\/fr\/wp-json\/wp\/v2\/media\/159704"}],"wp:attachment":[{"href":"https:\/\/news.canadamotorjobs.com\/fr\/wp-json\/wp\/v2\/media?parent=159702"}],"wp:term":[{"taxonomy":"category","embeddable":true,"href":"https:\/\/news.canadamotorjobs.com\/fr\/wp-json\/wp\/v2\/categories?post=159702"},{"taxonomy":"post_tag","embeddable":true,"href":"https:\/\/news.canadamotorjobs.com\/fr\/wp-json\/wp\/v2\/tags?post=159702"}],"curies":[{"name":"wp","href":"https:\/\/api.w.org\/{rel}","templated":true}]}}