{"id":159687,"date":"2024-02-23T12:04:34","date_gmt":"2024-02-23T17:04:34","guid":{"rendered":"https:\/\/news.canadamotorjobs.com\/?p=159687"},"modified":"2024-02-23T12:16:53","modified_gmt":"2024-02-23T17:16:53","slug":"hyundai-abandonne-les-modeles-a-essence-n-en-europe-se-tourne-vers-les-ve-performantes","status":"publish","type":"post","link":"https:\/\/news.canadamotorjobs.com\/fr\/hyundai-abandonne-les-modeles-a-essence-n-en-europe-se-tourne-vers-les-ve-performantes\/","title":{"rendered":"Hyundai abandonne les mod\u00e8les \u00e0 essence N en Europe, se tourne vers les VE performantes"},"content":{"rendered":"<\/p>\n<p>Les tr\u00e8s appr\u00e9ci\u00e9es i30 N et sa petite s\u0153ur, la i20 N, disparaissent un an apr\u00e8s que la Kona N ait quitt\u00e9 les salles d&#8217;exposition. Le\u00a0 Ioniq 5 N de Hyundai est d\u00e9sormais la seule voiture N \u00e0 part enti\u00e8re dans la gamme de Hyundai.<\/p>\n<p>La i30 N, qui rivalisait avec la Golf GTI, et sa petite compagne, la i20 N, concurrente de feu la Ford Fiesta ST, ont \u00e9t\u00e9 abandonn\u00e9es dans le cadre de l&#8217;engagement de la marque cor\u00e9enne envers un avenir \u00e9lectrique. Les deux voitures ont \u00e9t\u00e9 bien accueillies, et la i30 N en particulier a contribu\u00e9 \u00e0 \u00e9tablir la notori\u00e9t\u00e9 de la marque N et la cr\u00e9dibilit\u00e9 de Hyundai aux yeux des amateurs europ\u00e9ens de berlines sportives.<\/p>\n<p>La i30 N a \u00e9t\u00e9 lanc\u00e9e en 2017 avec le choix entre des moteurs turbocompress\u00e9s de 247 ch (250 ch) et 276 ch (280 ch), tous deux exclusivement associ\u00e9s \u00e0 une transmission manuelle \u00e0 six vitesses, jusqu&#8217;\u00e0 ce qu&#8217;une option de bo\u00eete automatique \u00e0 double embrayage arrive avec un l\u00e9ger lifting en 2021. La m\u00eame ann\u00e9e, Hyundai s&#8217;est tourn\u00e9 vers le segment plus abordable du march\u00e9 des berlines sportives avec la plus petite i20 N, propuls\u00e9e par un moteur suraliment\u00e9 de 201 ch (204 ch) de 1,6 litre.<\/p>\n<p>&#8220;La production des mod\u00e8les N \u00e0 essence a cess\u00e9 pour le march\u00e9 europ\u00e9en \u00e0 partir de f\u00e9vrier, conform\u00e9ment \u00e0 notre engagement d&#8217;offrir une gamme sans \u00e9missions directes \u00e0 nos clients d&#8217;ici 2035 et d&#8217;atteindre une neutralit\u00e9 carbone \u00e0 100 % d&#8217;ici 2045&#8221;, a d\u00e9clar\u00e9 Hyundai \u00e0 Carscoops dans un communiqu\u00e9. &#8220;\u00c0 l&#8217;avenir en Europe, Hyundai d\u00e9veloppe Hyundai N en tant que pionnier des VE haute performance. Nos clients b\u00e9n\u00e9ficieront des avanc\u00e9es technologiques qui rendront les VE encore plus attractifs \u00e0 l&#8217;avenir.&#8221;<\/p>\n<p>Cette nouvelle n&#8217;affectera pas pour le moment les activit\u00e9s de Hyundai N en Am\u00e9rique du Nord, o\u00f9 ni la i30 ni la i20 ne sont commercialis\u00e9es. La Kona N a disparu du march\u00e9 en 2023, et la Ioniq 5 N n&#8217;est pas encore disponible chez les concessionnaires, ce qui signifie que la seule Hyundai sportive disponible est la berline Elantra N.<\/p>\n<p>Avec des renseignements de Carscoops<\/p>\n<p>Le texte <a rel=\"nofollow\" href=\"https:\/\/annuelauto.ca\/hyundai-abandonne-les-modeles-a-essence-n-en-europe-se-tourne-vers-les-ve-performantes\/\">Hyundai abandonne les mod\u00e8les \u00e0 essence N en Europe, se tourne vers les VE performantes<\/a> provient de <a rel=\"nofollow\" href=\"https:\/\/annuelauto.ca\">L&#8217;annuel de l&#8217;automobile &#8211; Actualit\u00e9 automobile<\/a><\/p>\n<p><\/p>\n","protected":false},"excerpt":{"rendered":"<p>Les tr\u00e8s appr\u00e9ci\u00e9es i30 N et sa petite s\u0153ur, la i20 N, disparaissent un an apr\u00e8s que la Kona N ait quitt\u00e9 les salles d&#8217;exposition. Le\u00a0 Ioniq 5 N de Hyundai est d\u00e9sormais la seule voiture N \u00e0 part enti\u00e8re dans la gamme de Hyundai. La i30 N, qui rivalisait avec la Golf GTI, et [&hellip;]<\/p>\n","protected":false},"author":8,"featured_media":159689,"comment_status":"close","ping_status":"closed","sticky":false,"template":"","format":"standard","meta":{"_monsterinsights_skip_tracking":false,"_monsterinsights_sitenote_active":false,"_monsterinsights_sitenote_note":"","_monsterinsights_sitenote_category":0,"footnotes":""},"categories":[101],"tags":[],"yoast_head":"<!-- This site is optimized with the Yoast SEO plugin v23.2 - https:\/\/yoast.com\/wordpress\/plugins\/seo\/ -->\n<title>Hyundai abandonne les mod\u00e8les \u00e0 essence N en Europe, se tourne vers les VE performantes - CanadaMotorJobs.com<\/title>\n<meta name=\"description\" content=\"Hyundai abandonne les mod\u00e8les \u00e0 essence N en Europe, se tourne vers les VE performantes - Benoit Charette - Annuel automobile - CanadaMotorJobs.com.\" \/>\n<meta name=\"robots\" content=\"index, follow, max-snippet:-1, max-image-preview:large, max-video-preview:-1\" \/>\n<meta property=\"og:locale\" content=\"fr_CA\" \/>\n<meta property=\"og:type\" content=\"article\" \/>\n<meta property=\"og:title\" content=\"Hyundai abandonne les mod\u00e8les \u00e0 essence N en Europe, se tourne vers les VE performantes - CanadaMotorJobs.com\" \/>\n<meta property=\"og:description\" content=\"Hyundai abandonne les mod\u00e8les \u00e0 essence N en Europe, se tourne vers les VE performantes - Benoit Charette - Annuel automobile - CanadaMotorJobs.com.\" \/>\n<meta property=\"og:url\" content=\"https:\/\/news.canadamotorjobs.com\/fr\/hyundai-abandonne-les-modeles-a-essence-n-en-europe-se-tourne-vers-les-ve-performantes\/\" \/>\n<meta property=\"og:site_name\" content=\"CanadaMotorJobs.com\" \/>\n<meta property=\"article:publisher\" content=\"https:\/\/www.facebook.com\/canadamotorjobs\/\" \/>\n<meta property=\"article:published_time\" content=\"2024-02-23T17:04:34+00:00\" \/>\n<meta property=\"article:modified_time\" content=\"2024-02-23T17:16:53+00:00\" \/>\n<meta property=\"og:image\" content=\"https:\/\/news.canadamotorjobs.com\/wp-content\/uploads\/2024\/02\/n-i30N-section02-02.jpg\" \/>\n\t<meta property=\"og:image:width\" content=\"720\" \/>\n\t<meta property=\"og:image:height\" content=\"441\" \/>\n\t<meta property=\"og:image:type\" content=\"image\/jpeg\" \/>\n<meta name=\"author\" content=\"Benoit Charette\" \/>\n<meta name=\"twitter:card\" content=\"summary_large_image\" \/>\n<meta name=\"twitter:creator\" content=\"@canadamotorjobs\" \/>\n<meta name=\"twitter:site\" content=\"@canadamotorjobs\" \/>\n<meta name=\"twitter:label1\" content=\"\u00c9crit par\" \/>\n\t<meta name=\"twitter:data1\" content=\"Benoit Charette\" \/>\n\t<meta name=\"twitter:label2\" content=\"Estimation du temps de lecture\" \/>\n\t<meta name=\"twitter:data2\" content=\"2 minutes\" \/>\n<!-- \/ Yoast SEO plugin. -->","yoast_head_json":{"title":"Hyundai abandonne les mod\u00e8les \u00e0 essence N en Europe, se tourne vers les VE performantes - CanadaMotorJobs.com","description":"Hyundai abandonne les mod\u00e8les \u00e0 essence N en Europe, se tourne vers les VE performantes - Benoit Charette - Annuel automobile - CanadaMotorJobs.com.","robots":{"index":"index","follow":"follow","max-snippet":"max-snippet:-1","max-image-preview":"max-image-preview:large","max-video-preview":"max-video-preview:-1"},"og_locale":"fr_CA","og_type":"article","og_title":"Hyundai abandonne les mod\u00e8les \u00e0 essence N en Europe, se tourne vers les VE performantes - CanadaMotorJobs.com","og_description":"Hyundai abandonne les mod\u00e8les \u00e0 essence N en Europe, se tourne vers les VE performantes - Benoit Charette - Annuel automobile - CanadaMotorJobs.com.","og_url":"https:\/\/news.canadamotorjobs.com\/fr\/hyundai-abandonne-les-modeles-a-essence-n-en-europe-se-tourne-vers-les-ve-performantes\/","og_site_name":"CanadaMotorJobs.com","article_publisher":"https:\/\/www.facebook.com\/canadamotorjobs\/","article_published_time":"2024-02-23T17:04:34+00:00","article_modified_time":"2024-02-23T17:16:53+00:00","og_image":[{"width":720,"height":441,"url":"https:\/\/news.canadamotorjobs.com\/wp-content\/uploads\/2024\/02\/n-i30N-section02-02.jpg","type":"image\/jpeg"}],"author":"Benoit Charette","twitter_card":"summary_large_image","twitter_creator":"@canadamotorjobs","twitter_site":"@canadamotorjobs","twitter_misc":{"\u00c9crit par":"Benoit Charette","Estimation du temps de lecture":"2 minutes"},"schema":{"@context":"https:\/\/schema.org","@graph":[{"@type":"Article","@id":"https:\/\/news.canadamotorjobs.com\/fr\/hyundai-abandonne-les-modeles-a-essence-n-en-europe-se-tourne-vers-les-ve-performantes\/#article","isPartOf":{"@id":"https:\/\/news.canadamotorjobs.com\/fr\/hyundai-abandonne-les-modeles-a-essence-n-en-europe-se-tourne-vers-les-ve-performantes\/"},"author":{"name":"Benoit Charette","@id":"https:\/\/news.canadamotorjobs.com\/#\/schema\/person\/51793d1f87d44011d7bcc2ed99269a90"},"headline":"Hyundai abandonne les mod\u00e8les \u00e0 essence N en Europe, se tourne vers les VE performantes","datePublished":"2024-02-23T17:04:34+00:00","dateModified":"2024-02-23T17:16:53+00:00","mainEntityOfPage":{"@id":"https:\/\/news.canadamotorjobs.com\/fr\/hyundai-abandonne-les-modeles-a-essence-n-en-europe-se-tourne-vers-les-ve-performantes\/"},"wordCount":411,"publisher":{"@id":"https:\/\/news.canadamotorjobs.com\/#organization"},"image":{"@id":"https:\/\/news.canadamotorjobs.com\/fr\/hyundai-abandonne-les-modeles-a-essence-n-en-europe-se-tourne-vers-les-ve-performantes\/#primaryimage"},"thumbnailUrl":"https:\/\/news.canadamotorjobs.com\/wp-content\/uploads\/2024\/02\/n-i30N-section02-02.jpg","articleSection":["Annuel automobile"],"inLanguage":"fr-CA"},{"@type":"WebPage","@id":"https:\/\/news.canadamotorjobs.com\/fr\/hyundai-abandonne-les-modeles-a-essence-n-en-europe-se-tourne-vers-les-ve-performantes\/","url":"https:\/\/news.canadamotorjobs.com\/fr\/hyundai-abandonne-les-modeles-a-essence-n-en-europe-se-tourne-vers-les-ve-performantes\/","name":"Hyundai abandonne les mod\u00e8les \u00e0 essence N en Europe, se tourne vers les VE performantes - CanadaMotorJobs.com","isPartOf":{"@id":"https:\/\/news.canadamotorjobs.com\/#website"},"primaryImageOfPage":{"@id":"https:\/\/news.canadamotorjobs.com\/fr\/hyundai-abandonne-les-modeles-a-essence-n-en-europe-se-tourne-vers-les-ve-performantes\/#primaryimage"},"image":{"@id":"https:\/\/news.canadamotorjobs.com\/fr\/hyundai-abandonne-les-modeles-a-essence-n-en-europe-se-tourne-vers-les-ve-performantes\/#primaryimage"},"thumbnailUrl":"https:\/\/news.canadamotorjobs.com\/wp-content\/uploads\/2024\/02\/n-i30N-section02-02.jpg","datePublished":"2024-02-23T17:04:34+00:00","dateModified":"2024-02-23T17:16:53+00:00","description":"Hyundai abandonne les mod\u00e8les \u00e0 essence N en Europe, se tourne vers les VE performantes - Benoit Charette - Annuel automobile - CanadaMotorJobs.com.","breadcrumb":{"@id":"https:\/\/news.canadamotorjobs.com\/fr\/hyundai-abandonne-les-modeles-a-essence-n-en-europe-se-tourne-vers-les-ve-performantes\/#breadcrumb"},"inLanguage":"fr-CA","potentialAction":[{"@type":"ReadAction","target":["https:\/\/news.canadamotorjobs.com\/fr\/hyundai-abandonne-les-modeles-a-essence-n-en-europe-se-tourne-vers-les-ve-performantes\/"]}]},{"@type":"ImageObject","inLanguage":"fr-CA","@id":"https:\/\/news.canadamotorjobs.com\/fr\/hyundai-abandonne-les-modeles-a-essence-n-en-europe-se-tourne-vers-les-ve-performantes\/#primaryimage","url":"https:\/\/news.canadamotorjobs.com\/wp-content\/uploads\/2024\/02\/n-i30N-section02-02.jpg","contentUrl":"https:\/\/news.canadamotorjobs.com\/wp-content\/uploads\/2024\/02\/n-i30N-section02-02.jpg","width":720,"height":441},{"@type":"BreadcrumbList","@id":"https:\/\/news.canadamotorjobs.com\/fr\/hyundai-abandonne-les-modeles-a-essence-n-en-europe-se-tourne-vers-les-ve-performantes\/#breadcrumb","itemListElement":[{"@type":"ListItem","position":1,"name":"Home","item":"https:\/\/news.canadamotorjobs.com\/fr\/blog\/"},{"@type":"ListItem","position":2,"name":"Hyundai abandonne les mod\u00e8les \u00e0 essence N en Europe, se tourne vers les VE performantes"}]},{"@type":"WebSite","@id":"https:\/\/news.canadamotorjobs.com\/#website","url":"https:\/\/news.canadamotorjobs.com\/","name":"CanadaMotorJobs.com","description":"Automotive Jobs","publisher":{"@id":"https:\/\/news.canadamotorjobs.com\/#organization"},"potentialAction":[{"@type":"SearchAction","target":{"@type":"EntryPoint","urlTemplate":"https:\/\/news.canadamotorjobs.com\/?s={search_term_string}"},"query-input":"required name=search_term_string"}],"inLanguage":"fr-CA"},{"@type":"Organization","@id":"https:\/\/news.canadamotorjobs.com\/#organization","name":"Canada Motor Jobs","url":"https:\/\/news.canadamotorjobs.com\/","logo":{"@type":"ImageObject","inLanguage":"fr-CA","@id":"https:\/\/news.canadamotorjobs.com\/#\/schema\/logo\/image\/","url":"https:\/\/news.canadamotorjobs.com\/wp-content\/uploads\/2022\/10\/logo-canada-motor-jobs-1.png","contentUrl":"https:\/\/news.canadamotorjobs.com\/wp-content\/uploads\/2022\/10\/logo-canada-motor-jobs-1.png","width":800,"height":400,"caption":"Canada Motor Jobs"},"image":{"@id":"https:\/\/news.canadamotorjobs.com\/#\/schema\/logo\/image\/"},"sameAs":["https:\/\/www.facebook.com\/canadamotorjobs\/","https:\/\/x.com\/canadamotorjobs","https:\/\/www.instagram.com\/canadamotorjobs\/","https:\/\/www.linkedin.com\/company\/canadamotorjobs"]},{"@type":"Person","@id":"https:\/\/news.canadamotorjobs.com\/#\/schema\/person\/51793d1f87d44011d7bcc2ed99269a90","name":"Benoit Charette","image":{"@type":"ImageObject","inLanguage":"fr-CA","@id":"https:\/\/news.canadamotorjobs.com\/#\/schema\/person\/image\/","url":"https:\/\/secure.gravatar.com\/avatar\/45f3d2eebcccd909668d7ce7ea7267b6?s=96&d=mm&r=g","contentUrl":"https:\/\/secure.gravatar.com\/avatar\/45f3d2eebcccd909668d7ce7ea7267b6?s=96&d=mm&r=g","caption":"Benoit Charette"},"description":"Benoit Charette \/ Propri\u00e9taire et r\u00e9dacteur en chef Benoit Charette pratique le journalisme automobile depuis bient\u00f4t 30 ans. Il a fait ses classes au c\u00f4t\u00e9 de Daniel H\u00e9raud et au Carnet de route de 1992 \u00e0 2001. Il est fondateur, copropri\u00e9taire et r\u00e9dacteur en chef de L\u2019Annuel de l\u2019automobile, qu\u2019il publie depuis 2001. Il a anim\u00e9 les \u00e9missions RPM et RPM+ sur V et les L\u00e9gendes de la route sur Historia. \u00c0 la radio depuis 1986, il reprend l\u2019antenne cette ann\u00e9e sur les ondes de Cogeco et participe pour la deuxi\u00e8me ann\u00e9e \u00e0 l\u2019\u00e9mission Passion Auto sur RDS en plus de mettre en ligne le site Web officiel de L\u2019Annuel de l\u2019automobile sur annuelauto.ca.","sameAs":["https:\/\/annuelauto.ca\/"],"url":"https:\/\/news.canadamotorjobs.com\/fr\/author\/benoit-charette\/"}]}},"_links":{"self":[{"href":"https:\/\/news.canadamotorjobs.com\/fr\/wp-json\/wp\/v2\/posts\/159687"}],"collection":[{"href":"https:\/\/news.canadamotorjobs.com\/fr\/wp-json\/wp\/v2\/posts"}],"about":[{"href":"https:\/\/news.canadamotorjobs.com\/fr\/wp-json\/wp\/v2\/types\/post"}],"author":[{"embeddable":true,"href":"https:\/\/news.canadamotorjobs.com\/fr\/wp-json\/wp\/v2\/users\/8"}],"replies":[{"embeddable":true,"href":"https:\/\/news.canadamotorjobs.com\/fr\/wp-json\/wp\/v2\/comments?post=159687"}],"version-history":[{"count":2,"href":"https:\/\/news.canadamotorjobs.com\/fr\/wp-json\/wp\/v2\/posts\/159687\/revisions"}],"predecessor-version":[{"id":159691,"href":"https:\/\/news.canadamotorjobs.com\/fr\/wp-json\/wp\/v2\/posts\/159687\/revisions\/159691"}],"wp:featuredmedia":[{"embeddable":true,"href":"https:\/\/news.canadamotorjobs.com\/fr\/wp-json\/wp\/v2\/media\/159689"}],"wp:attachment":[{"href":"https:\/\/news.canadamotorjobs.com\/fr\/wp-json\/wp\/v2\/media?parent=159687"}],"wp:term":[{"taxonomy":"category","embeddable":true,"href":"https:\/\/news.canadamotorjobs.com\/fr\/wp-json\/wp\/v2\/categories?post=159687"},{"taxonomy":"post_tag","embeddable":true,"href":"https:\/\/news.canadamotorjobs.com\/fr\/wp-json\/wp\/v2\/tags?post=159687"}],"curies":[{"name":"wp","href":"https:\/\/api.w.org\/{rel}","templated":true}]}}