{"id":159672,"date":"2024-02-23T08:18:41","date_gmt":"2024-02-23T13:18:41","guid":{"rendered":"https:\/\/news.canadamotorjobs.com\/?p=159672"},"modified":"2024-02-23T08:29:45","modified_gmt":"2024-02-23T13:29:45","slug":"essence-et-electrique-seront-le-meme-prix-en-2029","status":"publish","type":"post","link":"https:\/\/news.canadamotorjobs.com\/fr\/essence-et-electrique-seront-le-meme-prix-en-2029\/","title":{"rendered":"Essence et \u00e9lectrique seront le m\u00eame prix en 2029"},"content":{"rendered":"<\/p>\n<p>La chute des prix du lithium et l\u2019ouverture de nouvelles mines devrait continuer \u00e0 faire diminuer le prix des batteries. Dans les pays o\u00f9 les voitures \u00e9lectriques sont un succ\u00e8s, comme en Chine, on voit d\u00e9j\u00e0 les prix des v\u00e9hicules \u00e9lectriques diminu\u00e9s. En Am\u00e9rique du Nord, o\u00f9 la route vers l&#8217;\u00e9lectrification est encore en marche, l&#8217;impact de la baisse croissante des prix des mati\u00e8res premi\u00e8res devrait vraiment se mat\u00e9rialiser d&#8217;ici la fin de la d\u00e9cennie, selon une \u00e9tude du International Council On Clean Transportation.<\/p>\n<h3>Un meilleur approvisionnement<\/h3>\n<p>\nActuellement, la demande mondiale en lithium est principalement satisfaite par des mines \u00e0 ciel ouvert en Australie et des bassins d&#8217;\u00e9vaporation en Am\u00e9rique du Sud, issus de ce que l&#8217;on appelle le &#8220;triangle du lithium&#8221; comprenant l&#8217;Argentine, la Bolivie et le Chili. Mais cela pourrait changer dans les ann\u00e9es \u00e0 venir. Les \u00c9tats-Unis et le Canada augmentent significativement leurs capacit\u00e9s d&#8217;extraction et de raffinage de lithium. Les donn\u00e9es du ICCT montrent que plus de 100 projets d&#8217;extraction et de raffinage de lithium sont en cours. Selon cette m\u00eame \u00e9tude, les capacit\u00e9s de production de carbonate de lithium devrait d\u00e9passer la demande d\u00e8s 2025. Les \u00c9tats-Unis ont besoin d&#8217;environ 340 kilotonnes par an (ktpa) d&#8217;\u00e9quivalent de carbonate de lithium d&#8217;ici 2032 pour les v\u00e9hicules \u00e9lectriques l\u00e9gers. Ce que les \u00c9tats-Unis et leurs partenaires commerciaux sont cens\u00e9s produire est plusieurs fois sup\u00e9rieur \u00e0 cela. D&#8217;ici 2025, les capacit\u00e9s d&#8217;extraction et de raffinage sont projet\u00e9es \u00e0 1 310 ktpa et 1 030 ktpa, respectivement. D&#8217;ici 2032, ces capacit\u00e9s augmenteraient \u00e0 plus de 2 000 ktpa.<\/p>\n<h3>Des chiffres qui augmentent<\/h3>\n<p>\nActuellement, l\u2019Am\u00e9rique du Nord repr\u00e9sentent moins de 2% de l&#8217;approvisionnement mondial en lithium &#8211; cela devrait passer \u00e0 17% d&#8217;ici 2032. Bien que les chiffres ci-dessus repr\u00e9sentent la production mondiale de lithium, on s&#8217;attend \u00e0 ce que les \u00c9tats-Unis et le Canada s\u00e9curisent un niveau d&#8217;approvisionnement largement sup\u00e9rieur \u00e0 la demande. Bien s\u00fbr, l&#8217;approvisionnement en d&#8217;autres min\u00e9raux critiques tels que le nickel, le mangan\u00e8se et le graphite, entre autres, devrait \u00e9galement augmenter proportionnellement. Si et quand cela se produira, cela pourrait conduire \u00e0 des batteries plus abordables, et donc \u00e0 des v\u00e9hicules \u00e9lectriques plus abordables. Selon une estimation, les co\u00fbts au niveau de la batterie devrait baisser de 122 $ par kilowatt-heure en 2023 \u00e0 environ 91 $\/kWh en 2027, et 67 $\/kWh en 2032.<\/p>\n<h3>Un prix en baisse<\/h3>\n<p>\nCela signifie qu&#8217;une nouvelle voiture \u00e9lectrique moyenne avec une autonomie de 500 km co\u00fbterait le m\u00eame prix qu&#8217;une voiture \u00e0 essence \u00e9quivalente d&#8217;ici 2028-2029, selon le ICCT. Il est \u00e9galement \u00e0 noter que ces projections sont bas\u00e9es sur les normes multi-polluants actuellement propos\u00e9es par l&#8217;Agence de protection de l&#8217;environnement pour la p\u00e9riode 2027-2032, qui exigent que 67% des nouveaux v\u00e9hicules l\u00e9gers soient \u00e9lectriques d&#8217;ici 2032.<\/p>\n<p>\u00a0<\/p>\n<p>Avec des renseignements d\u2019Inside EV\u2019s<\/p>\n<p>Le texte <a rel=\"nofollow\" href=\"https:\/\/annuelauto.ca\/essence-et-electrique-seront-le-meme-prix-en-2029\/\">Essence et \u00e9lectrique seront le m\u00eame prix en 2029<\/a> provient de <a rel=\"nofollow\" href=\"https:\/\/annuelauto.ca\">L&#8217;annuel de l&#8217;automobile &#8211; Actualit\u00e9 automobile<\/a><\/p>\n<p><\/p>\n","protected":false},"excerpt":{"rendered":"<p>La chute des prix du lithium et l\u2019ouverture de nouvelles mines devrait continuer \u00e0 faire diminuer le prix des batteries. Dans les pays o\u00f9 les voitures \u00e9lectriques sont un succ\u00e8s, comme en Chine, on voit d\u00e9j\u00e0 les prix des v\u00e9hicules \u00e9lectriques diminu\u00e9s. En Am\u00e9rique du Nord, o\u00f9 la route vers l&#8217;\u00e9lectrification est encore en marche, [&hellip;]<\/p>\n","protected":false},"author":8,"featured_media":159674,"comment_status":"close","ping_status":"closed","sticky":false,"template":"","format":"standard","meta":{"_monsterinsights_skip_tracking":false,"_monsterinsights_sitenote_active":false,"_monsterinsights_sitenote_note":"","_monsterinsights_sitenote_category":0,"footnotes":""},"categories":[101],"tags":[],"yoast_head":"<!-- This site is optimized with the Yoast SEO plugin v23.2 - https:\/\/yoast.com\/wordpress\/plugins\/seo\/ -->\n<title>Essence et \u00e9lectrique seront le m\u00eame prix en 2029 - CanadaMotorJobs.com<\/title>\n<meta name=\"description\" content=\"Essence et \u00e9lectrique seront le m\u00eame prix en 2029 - Benoit Charette - Annuel automobile - CanadaMotorJobs.com.\" \/>\n<meta name=\"robots\" content=\"index, follow, max-snippet:-1, max-image-preview:large, max-video-preview:-1\" \/>\n<meta property=\"og:locale\" content=\"fr_CA\" \/>\n<meta property=\"og:type\" content=\"article\" \/>\n<meta property=\"og:title\" content=\"Essence et \u00e9lectrique seront le m\u00eame prix en 2029 - CanadaMotorJobs.com\" \/>\n<meta property=\"og:description\" content=\"Essence et \u00e9lectrique seront le m\u00eame prix en 2029 - Benoit Charette - Annuel automobile - CanadaMotorJobs.com.\" \/>\n<meta property=\"og:url\" content=\"https:\/\/news.canadamotorjobs.com\/fr\/essence-et-electrique-seront-le-meme-prix-en-2029\/\" \/>\n<meta property=\"og:site_name\" content=\"CanadaMotorJobs.com\" \/>\n<meta property=\"article:publisher\" content=\"https:\/\/www.facebook.com\/canadamotorjobs\/\" \/>\n<meta property=\"article:published_time\" content=\"2024-02-23T13:18:41+00:00\" \/>\n<meta property=\"article:modified_time\" content=\"2024-02-23T13:29:45+00:00\" \/>\n<meta property=\"og:image\" content=\"https:\/\/news.canadamotorjobs.com\/wp-content\/uploads\/2024\/02\/Alternatives-for-Electric-Vehicle.jpg\" \/>\n\t<meta property=\"og:image:width\" content=\"750\" \/>\n\t<meta property=\"og:image:height\" content=\"500\" \/>\n\t<meta property=\"og:image:type\" content=\"image\/jpeg\" \/>\n<meta name=\"author\" content=\"Benoit Charette\" \/>\n<meta name=\"twitter:card\" content=\"summary_large_image\" \/>\n<meta name=\"twitter:creator\" content=\"@canadamotorjobs\" \/>\n<meta name=\"twitter:site\" content=\"@canadamotorjobs\" \/>\n<meta name=\"twitter:label1\" content=\"\u00c9crit par\" \/>\n\t<meta name=\"twitter:data1\" content=\"Benoit Charette\" \/>\n\t<meta name=\"twitter:label2\" content=\"Estimation du temps de lecture\" \/>\n\t<meta name=\"twitter:data2\" content=\"2 minutes\" \/>\n<!-- \/ Yoast SEO plugin. -->","yoast_head_json":{"title":"Essence et \u00e9lectrique seront le m\u00eame prix en 2029 - CanadaMotorJobs.com","description":"Essence et \u00e9lectrique seront le m\u00eame prix en 2029 - Benoit Charette - Annuel automobile - CanadaMotorJobs.com.","robots":{"index":"index","follow":"follow","max-snippet":"max-snippet:-1","max-image-preview":"max-image-preview:large","max-video-preview":"max-video-preview:-1"},"og_locale":"fr_CA","og_type":"article","og_title":"Essence et \u00e9lectrique seront le m\u00eame prix en 2029 - CanadaMotorJobs.com","og_description":"Essence et \u00e9lectrique seront le m\u00eame prix en 2029 - Benoit Charette - Annuel automobile - CanadaMotorJobs.com.","og_url":"https:\/\/news.canadamotorjobs.com\/fr\/essence-et-electrique-seront-le-meme-prix-en-2029\/","og_site_name":"CanadaMotorJobs.com","article_publisher":"https:\/\/www.facebook.com\/canadamotorjobs\/","article_published_time":"2024-02-23T13:18:41+00:00","article_modified_time":"2024-02-23T13:29:45+00:00","og_image":[{"width":750,"height":500,"url":"https:\/\/news.canadamotorjobs.com\/wp-content\/uploads\/2024\/02\/Alternatives-for-Electric-Vehicle.jpg","type":"image\/jpeg"}],"author":"Benoit Charette","twitter_card":"summary_large_image","twitter_creator":"@canadamotorjobs","twitter_site":"@canadamotorjobs","twitter_misc":{"\u00c9crit par":"Benoit Charette","Estimation du temps de lecture":"2 minutes"},"schema":{"@context":"https:\/\/schema.org","@graph":[{"@type":"Article","@id":"https:\/\/news.canadamotorjobs.com\/fr\/essence-et-electrique-seront-le-meme-prix-en-2029\/#article","isPartOf":{"@id":"https:\/\/news.canadamotorjobs.com\/fr\/essence-et-electrique-seront-le-meme-prix-en-2029\/"},"author":{"name":"Benoit Charette","@id":"https:\/\/news.canadamotorjobs.com\/#\/schema\/person\/51793d1f87d44011d7bcc2ed99269a90"},"headline":"Essence et \u00e9lectrique seront le m\u00eame prix en 2029","datePublished":"2024-02-23T13:18:41+00:00","dateModified":"2024-02-23T13:29:45+00:00","mainEntityOfPage":{"@id":"https:\/\/news.canadamotorjobs.com\/fr\/essence-et-electrique-seront-le-meme-prix-en-2029\/"},"wordCount":523,"publisher":{"@id":"https:\/\/news.canadamotorjobs.com\/#organization"},"image":{"@id":"https:\/\/news.canadamotorjobs.com\/fr\/essence-et-electrique-seront-le-meme-prix-en-2029\/#primaryimage"},"thumbnailUrl":"https:\/\/news.canadamotorjobs.com\/wp-content\/uploads\/2024\/02\/Alternatives-for-Electric-Vehicle.jpg","articleSection":["Annuel automobile"],"inLanguage":"fr-CA"},{"@type":"WebPage","@id":"https:\/\/news.canadamotorjobs.com\/fr\/essence-et-electrique-seront-le-meme-prix-en-2029\/","url":"https:\/\/news.canadamotorjobs.com\/fr\/essence-et-electrique-seront-le-meme-prix-en-2029\/","name":"Essence et \u00e9lectrique seront le m\u00eame prix en 2029 - CanadaMotorJobs.com","isPartOf":{"@id":"https:\/\/news.canadamotorjobs.com\/#website"},"primaryImageOfPage":{"@id":"https:\/\/news.canadamotorjobs.com\/fr\/essence-et-electrique-seront-le-meme-prix-en-2029\/#primaryimage"},"image":{"@id":"https:\/\/news.canadamotorjobs.com\/fr\/essence-et-electrique-seront-le-meme-prix-en-2029\/#primaryimage"},"thumbnailUrl":"https:\/\/news.canadamotorjobs.com\/wp-content\/uploads\/2024\/02\/Alternatives-for-Electric-Vehicle.jpg","datePublished":"2024-02-23T13:18:41+00:00","dateModified":"2024-02-23T13:29:45+00:00","description":"Essence et \u00e9lectrique seront le m\u00eame prix en 2029 - Benoit Charette - Annuel automobile - CanadaMotorJobs.com.","breadcrumb":{"@id":"https:\/\/news.canadamotorjobs.com\/fr\/essence-et-electrique-seront-le-meme-prix-en-2029\/#breadcrumb"},"inLanguage":"fr-CA","potentialAction":[{"@type":"ReadAction","target":["https:\/\/news.canadamotorjobs.com\/fr\/essence-et-electrique-seront-le-meme-prix-en-2029\/"]}]},{"@type":"ImageObject","inLanguage":"fr-CA","@id":"https:\/\/news.canadamotorjobs.com\/fr\/essence-et-electrique-seront-le-meme-prix-en-2029\/#primaryimage","url":"https:\/\/news.canadamotorjobs.com\/wp-content\/uploads\/2024\/02\/Alternatives-for-Electric-Vehicle.jpg","contentUrl":"https:\/\/news.canadamotorjobs.com\/wp-content\/uploads\/2024\/02\/Alternatives-for-Electric-Vehicle.jpg","width":750,"height":500},{"@type":"BreadcrumbList","@id":"https:\/\/news.canadamotorjobs.com\/fr\/essence-et-electrique-seront-le-meme-prix-en-2029\/#breadcrumb","itemListElement":[{"@type":"ListItem","position":1,"name":"Home","item":"https:\/\/news.canadamotorjobs.com\/fr\/blog\/"},{"@type":"ListItem","position":2,"name":"Essence et \u00e9lectrique seront le m\u00eame prix en 2029"}]},{"@type":"WebSite","@id":"https:\/\/news.canadamotorjobs.com\/#website","url":"https:\/\/news.canadamotorjobs.com\/","name":"CanadaMotorJobs.com","description":"Automotive Jobs","publisher":{"@id":"https:\/\/news.canadamotorjobs.com\/#organization"},"potentialAction":[{"@type":"SearchAction","target":{"@type":"EntryPoint","urlTemplate":"https:\/\/news.canadamotorjobs.com\/?s={search_term_string}"},"query-input":"required name=search_term_string"}],"inLanguage":"fr-CA"},{"@type":"Organization","@id":"https:\/\/news.canadamotorjobs.com\/#organization","name":"Canada Motor Jobs","url":"https:\/\/news.canadamotorjobs.com\/","logo":{"@type":"ImageObject","inLanguage":"fr-CA","@id":"https:\/\/news.canadamotorjobs.com\/#\/schema\/logo\/image\/","url":"https:\/\/news.canadamotorjobs.com\/wp-content\/uploads\/2022\/10\/logo-canada-motor-jobs-1.png","contentUrl":"https:\/\/news.canadamotorjobs.com\/wp-content\/uploads\/2022\/10\/logo-canada-motor-jobs-1.png","width":800,"height":400,"caption":"Canada Motor Jobs"},"image":{"@id":"https:\/\/news.canadamotorjobs.com\/#\/schema\/logo\/image\/"},"sameAs":["https:\/\/www.facebook.com\/canadamotorjobs\/","https:\/\/x.com\/canadamotorjobs","https:\/\/www.instagram.com\/canadamotorjobs\/","https:\/\/www.linkedin.com\/company\/canadamotorjobs"]},{"@type":"Person","@id":"https:\/\/news.canadamotorjobs.com\/#\/schema\/person\/51793d1f87d44011d7bcc2ed99269a90","name":"Benoit Charette","image":{"@type":"ImageObject","inLanguage":"fr-CA","@id":"https:\/\/news.canadamotorjobs.com\/#\/schema\/person\/image\/","url":"https:\/\/secure.gravatar.com\/avatar\/45f3d2eebcccd909668d7ce7ea7267b6?s=96&d=mm&r=g","contentUrl":"https:\/\/secure.gravatar.com\/avatar\/45f3d2eebcccd909668d7ce7ea7267b6?s=96&d=mm&r=g","caption":"Benoit Charette"},"description":"Benoit Charette \/ Propri\u00e9taire et r\u00e9dacteur en chef Benoit Charette pratique le journalisme automobile depuis bient\u00f4t 30 ans. Il a fait ses classes au c\u00f4t\u00e9 de Daniel H\u00e9raud et au Carnet de route de 1992 \u00e0 2001. Il est fondateur, copropri\u00e9taire et r\u00e9dacteur en chef de L\u2019Annuel de l\u2019automobile, qu\u2019il publie depuis 2001. Il a anim\u00e9 les \u00e9missions RPM et RPM+ sur V et les L\u00e9gendes de la route sur Historia. \u00c0 la radio depuis 1986, il reprend l\u2019antenne cette ann\u00e9e sur les ondes de Cogeco et participe pour la deuxi\u00e8me ann\u00e9e \u00e0 l\u2019\u00e9mission Passion Auto sur RDS en plus de mettre en ligne le site Web officiel de L\u2019Annuel de l\u2019automobile sur annuelauto.ca.","sameAs":["https:\/\/annuelauto.ca\/"],"url":"https:\/\/news.canadamotorjobs.com\/fr\/author\/benoit-charette\/"}]}},"_links":{"self":[{"href":"https:\/\/news.canadamotorjobs.com\/fr\/wp-json\/wp\/v2\/posts\/159672"}],"collection":[{"href":"https:\/\/news.canadamotorjobs.com\/fr\/wp-json\/wp\/v2\/posts"}],"about":[{"href":"https:\/\/news.canadamotorjobs.com\/fr\/wp-json\/wp\/v2\/types\/post"}],"author":[{"embeddable":true,"href":"https:\/\/news.canadamotorjobs.com\/fr\/wp-json\/wp\/v2\/users\/8"}],"replies":[{"embeddable":true,"href":"https:\/\/news.canadamotorjobs.com\/fr\/wp-json\/wp\/v2\/comments?post=159672"}],"version-history":[{"count":2,"href":"https:\/\/news.canadamotorjobs.com\/fr\/wp-json\/wp\/v2\/posts\/159672\/revisions"}],"predecessor-version":[{"id":159676,"href":"https:\/\/news.canadamotorjobs.com\/fr\/wp-json\/wp\/v2\/posts\/159672\/revisions\/159676"}],"wp:featuredmedia":[{"embeddable":true,"href":"https:\/\/news.canadamotorjobs.com\/fr\/wp-json\/wp\/v2\/media\/159674"}],"wp:attachment":[{"href":"https:\/\/news.canadamotorjobs.com\/fr\/wp-json\/wp\/v2\/media?parent=159672"}],"wp:term":[{"taxonomy":"category","embeddable":true,"href":"https:\/\/news.canadamotorjobs.com\/fr\/wp-json\/wp\/v2\/categories?post=159672"},{"taxonomy":"post_tag","embeddable":true,"href":"https:\/\/news.canadamotorjobs.com\/fr\/wp-json\/wp\/v2\/tags?post=159672"}],"curies":[{"name":"wp","href":"https:\/\/api.w.org\/{rel}","templated":true}]}}