{"id":159649,"date":"2024-02-23T07:50:14","date_gmt":"2024-02-23T12:50:14","guid":{"rendered":"https:\/\/news.canadamotorjobs.com\/?p=159649"},"modified":"2024-02-23T07:59:56","modified_gmt":"2024-02-23T12:59:56","slug":"mercedes-admet-avoir-ete-trop-enthousiaste-quant-a-ses-objectifs-delectrification","status":"publish","type":"post","link":"https:\/\/news.canadamotorjobs.com\/fr\/mercedes-admet-avoir-ete-trop-enthousiaste-quant-a-ses-objectifs-delectrification\/","title":{"rendered":"Mercedes admet avoir \u00e9t\u00e9 trop enthousiaste quant \u00e0 ses objectifs d\u2019\u00e9lectrification"},"content":{"rendered":"<\/p>\n<p>Mercedes admet qu&#8217;elle ne parviendra pas \u00e0 atteindre l&#8217;objectif qu&#8217;elle s&#8217;\u00e9tait fix\u00e9, \u00e0 savoir que les v\u00e9hicules hybrides rechargeables et les v\u00e9hicules \u00e9lectriques repr\u00e9sentent 50 % de ses ventes d&#8217;ici \u00e0 2025.<\/p>\n<h3>Sommes-nous surpris ?<\/h3>\n<p>\nApr\u00e8s Toyota, BMW, Ford et GM, voil\u00e0 que Mercedes revoit ses objectifs d\u2019\u00e9lectrification. La marque allemande admet s&#8217;\u00eatre un peu trop emball\u00e9e dans la transition vers les v\u00e9hicules \u00e9lectriques. Lors de la conf\u00e9rence de presse li\u00e9e \u00e0 ses r\u00e9sultats de 2023, elle a annonc\u00e9 que les voitures hybrides rechargeables et \u00e9lectriques devraient repr\u00e9senter 50 % des ventes totales d&#8217;ici 2030. C&#8217;est un retard de cinq ans par rapport au plan initial, qui pr\u00e9voyait que les hybrides rechargeables et les VE constitueraient la moiti\u00e9 du volume d&#8217;ici 2025.<\/p>\n<p>Si vous suivez l&#8217;actualit\u00e9 de Mercedes, vous vous souviendrez peut-\u00eatre de la strat\u00e9gie &#8220;Ambition 2039&#8221; pr\u00e9sent\u00e9e il y a quelques ann\u00e9es. Dans ce document, une phrase avait attir\u00e9 l&#8217;attention : &#8220;\u00c0 la fin de cette d\u00e9cennie, Mercedes-Benz Cars vise \u00e0 \u00eatre enti\u00e8rement \u00e9lectrique &#8211; l\u00e0 o\u00f9 les conditions du march\u00e9 le permettent.&#8221; Une d\u00e9claration un peu vague mais assez claire pour souligner les ambitions \u00e9lev\u00e9es de la marque en mati\u00e8re de VE.<\/p>\n<p>Dans un nouveau document destin\u00e9 aux investisseurs, Mercedes estime que les hybrides et les VE repr\u00e9senteront &#8220;jusqu&#8217;\u00e0 50 %&#8221; dans la deuxi\u00e8me moiti\u00e9 de la d\u00e9cennie, mais seulement &#8220;l\u00e0 o\u00f9 les conditions du march\u00e9 le permettent&#8221;. La soci\u00e9t\u00e9 mentionne \u00e9galement qu&#8217;elle &#8220;pourra r\u00e9pondre aux diff\u00e9rents besoins des clients jusqu&#8217;au milieu des ann\u00e9es 2030&#8221;, ce qui signifie essentiellement qu&#8217;elle continuera \u00e0 produire des voitures \u00e0 moteur \u00e0 combustion pendant la prochaine d\u00e9cennie.<\/p>\n<p>Pendant ce temps, le PDG Ola Kallenius admet que les voitures \u00e0 combustion restent le socle du flux de tr\u00e9sorerie de l&#8217;entreprise. Il a d\u00e9clar\u00e9 \u00e0 Bloomberg Television que la parit\u00e9 des co\u00fbts entre les voitures \u00e0 combustion et les VE &#8220;est encore loin&#8221;. La pr\u00e9sentation aux investisseurs a montr\u00e9 que les co\u00fbts de fabrication des VE ne baisseront pas au niveau des voitures \u00e0 combustion cette d\u00e9cennie, malgr\u00e9 le fait que les voitures \u00e0 essence deviendront plus co\u00fbteuses \u00e0 produire avec la norme Euro 7 dans quelques ann\u00e9es.<\/p>\n<p>En 2023, les livraisons combin\u00e9es des hybrides rechargeables et des VE de Mercedes ont atteint 401 943 unit\u00e9s, en hausse de 20,5 % par rapport \u00e0 l&#8217;ann\u00e9e pr\u00e9c\u00e9dente. Les hybrides rechargeables ont connu une baisse de 12,5 % \u00e0 161 275 unit\u00e9s, tandis que les VE ont augment\u00e9 de 61,3 % \u00e0 240 668 unit\u00e9s. La part des hybrides rechargeables et des VE dans le volume total \u00e9tait de 19,7 % (contre 16,3 % en 2022). L&#8217;objectif cette ann\u00e9e est que les hybrides rechargeables et les VE repr\u00e9sentent entre 19 et 21 % du volume total.<\/p>\n<p>En regardant vers l&#8217;avenir, la plateforme MMA d\u00e9velopp\u00e9e en pensant aux VE mais avec le soutien des moteurs \u00e0 combustion sera \u00e0 la base d&#8217;au moins quatre mod\u00e8les confirm\u00e9s dans la feuille de route des produits : CLA, CLA Shooting Brake et GLB. Le &#8220;Little G&#8221; d\u00e9j\u00e0 teas\u00e9, qui servira de petit fr\u00e8re \u00e0 l&#8217;embl\u00e9matique G-Class, devrait \u00e9galement utiliser cette architecture lors de son arriv\u00e9e dans la seconde moiti\u00e9 de la d\u00e9cennie.<\/p>\n<p>Les mod\u00e8les enti\u00e8rement \u00e9lectriques auront une autonomie allant jusqu&#8217;\u00e0 750 kilom\u00e8tres selon le cycle WLTP et prendront en charge une charge de 300 kW. Il faudra 15 minutes pour recharger la batterie pour une autonomie de 400 kilom\u00e8tres. Mercedes promet \u00e9galement une recharge bidirectionnelle. En fonction de la version et du mod\u00e8le, la puissance variera de 201 \u00e0 536 chevaux.<\/p>\n<p>\u00a0<\/p>\n<p>Le texte <a rel=\"nofollow\" href=\"https:\/\/annuelauto.ca\/mercedes-admet-avoir-ete-trop-enthousiaste-quant-a-ses-objectifs-delectrification\/\">Mercedes admet avoir \u00e9t\u00e9 trop enthousiaste quant \u00e0 ses objectifs d\u2019\u00e9lectrification<\/a> provient de <a rel=\"nofollow\" href=\"https:\/\/annuelauto.ca\">L&#8217;annuel de l&#8217;automobile &#8211; Actualit\u00e9 automobile<\/a><\/p>\n<p><\/p>\n","protected":false},"excerpt":{"rendered":"<p>Mercedes admet qu&#8217;elle ne parviendra pas \u00e0 atteindre l&#8217;objectif qu&#8217;elle s&#8217;\u00e9tait fix\u00e9, \u00e0 savoir que les v\u00e9hicules hybrides rechargeables et les v\u00e9hicules \u00e9lectriques repr\u00e9sentent 50 % de ses ventes d&#8217;ici \u00e0 2025. Sommes-nous surpris ? Apr\u00e8s Toyota, BMW, Ford et GM, voil\u00e0 que Mercedes revoit ses objectifs d\u2019\u00e9lectrification. La marque allemande admet s&#8217;\u00eatre un peu [&hellip;]<\/p>\n","protected":false},"author":8,"featured_media":159651,"comment_status":"close","ping_status":"closed","sticky":false,"template":"","format":"standard","meta":{"_monsterinsights_skip_tracking":false,"_monsterinsights_sitenote_active":false,"_monsterinsights_sitenote_note":"","_monsterinsights_sitenote_category":0,"footnotes":""},"categories":[101],"tags":[],"yoast_head":"<!-- This site is optimized with the Yoast SEO plugin v23.2 - https:\/\/yoast.com\/wordpress\/plugins\/seo\/ -->\n<title>Mercedes admet avoir \u00e9t\u00e9 trop enthousiaste quant \u00e0 ses objectifs d\u2019\u00e9lectrification - CanadaMotorJobs.com<\/title>\n<meta name=\"description\" content=\"Mercedes admet avoir \u00e9t\u00e9 trop enthousiaste quant \u00e0 ses objectifs d\u2019\u00e9lectrification - Benoit Charette - Annuel automobile - CanadaMotorJobs.com.\" \/>\n<meta name=\"robots\" content=\"index, follow, max-snippet:-1, max-image-preview:large, max-video-preview:-1\" \/>\n<meta property=\"og:locale\" content=\"fr_CA\" \/>\n<meta property=\"og:type\" content=\"article\" \/>\n<meta property=\"og:title\" content=\"Mercedes admet avoir \u00e9t\u00e9 trop enthousiaste quant \u00e0 ses objectifs d\u2019\u00e9lectrification - CanadaMotorJobs.com\" \/>\n<meta property=\"og:description\" content=\"Mercedes admet avoir \u00e9t\u00e9 trop enthousiaste quant \u00e0 ses objectifs d\u2019\u00e9lectrification - Benoit Charette - Annuel automobile - CanadaMotorJobs.com.\" \/>\n<meta property=\"og:url\" content=\"https:\/\/news.canadamotorjobs.com\/fr\/mercedes-admet-avoir-ete-trop-enthousiaste-quant-a-ses-objectifs-delectrification\/\" \/>\n<meta property=\"og:site_name\" content=\"CanadaMotorJobs.com\" \/>\n<meta property=\"article:publisher\" content=\"https:\/\/www.facebook.com\/canadamotorjobs\/\" \/>\n<meta property=\"article:published_time\" content=\"2024-02-23T12:50:14+00:00\" \/>\n<meta property=\"article:modified_time\" content=\"2024-02-23T12:59:56+00:00\" \/>\n<meta property=\"og:image\" content=\"https:\/\/news.canadamotorjobs.com\/wp-content\/uploads\/2024\/02\/prin.jpg\" \/>\n\t<meta property=\"og:image:width\" content=\"1200\" \/>\n\t<meta property=\"og:image:height\" content=\"751\" \/>\n\t<meta property=\"og:image:type\" content=\"image\/jpeg\" \/>\n<meta name=\"author\" content=\"Benoit Charette\" \/>\n<meta name=\"twitter:card\" content=\"summary_large_image\" \/>\n<meta name=\"twitter:creator\" content=\"@canadamotorjobs\" \/>\n<meta name=\"twitter:site\" content=\"@canadamotorjobs\" \/>\n<meta name=\"twitter:label1\" content=\"\u00c9crit par\" \/>\n\t<meta name=\"twitter:data1\" content=\"Benoit Charette\" \/>\n\t<meta name=\"twitter:label2\" content=\"Estimation du temps de lecture\" \/>\n\t<meta name=\"twitter:data2\" content=\"3 minutes\" \/>\n<!-- \/ Yoast SEO plugin. -->","yoast_head_json":{"title":"Mercedes admet avoir \u00e9t\u00e9 trop enthousiaste quant \u00e0 ses objectifs d\u2019\u00e9lectrification - CanadaMotorJobs.com","description":"Mercedes admet avoir \u00e9t\u00e9 trop enthousiaste quant \u00e0 ses objectifs d\u2019\u00e9lectrification - Benoit Charette - Annuel automobile - CanadaMotorJobs.com.","robots":{"index":"index","follow":"follow","max-snippet":"max-snippet:-1","max-image-preview":"max-image-preview:large","max-video-preview":"max-video-preview:-1"},"og_locale":"fr_CA","og_type":"article","og_title":"Mercedes admet avoir \u00e9t\u00e9 trop enthousiaste quant \u00e0 ses objectifs d\u2019\u00e9lectrification - CanadaMotorJobs.com","og_description":"Mercedes admet avoir \u00e9t\u00e9 trop enthousiaste quant \u00e0 ses objectifs d\u2019\u00e9lectrification - Benoit Charette - Annuel automobile - CanadaMotorJobs.com.","og_url":"https:\/\/news.canadamotorjobs.com\/fr\/mercedes-admet-avoir-ete-trop-enthousiaste-quant-a-ses-objectifs-delectrification\/","og_site_name":"CanadaMotorJobs.com","article_publisher":"https:\/\/www.facebook.com\/canadamotorjobs\/","article_published_time":"2024-02-23T12:50:14+00:00","article_modified_time":"2024-02-23T12:59:56+00:00","og_image":[{"width":1200,"height":751,"url":"https:\/\/news.canadamotorjobs.com\/wp-content\/uploads\/2024\/02\/prin.jpg","type":"image\/jpeg"}],"author":"Benoit Charette","twitter_card":"summary_large_image","twitter_creator":"@canadamotorjobs","twitter_site":"@canadamotorjobs","twitter_misc":{"\u00c9crit par":"Benoit Charette","Estimation du temps de lecture":"3 minutes"},"schema":{"@context":"https:\/\/schema.org","@graph":[{"@type":"Article","@id":"https:\/\/news.canadamotorjobs.com\/fr\/mercedes-admet-avoir-ete-trop-enthousiaste-quant-a-ses-objectifs-delectrification\/#article","isPartOf":{"@id":"https:\/\/news.canadamotorjobs.com\/fr\/mercedes-admet-avoir-ete-trop-enthousiaste-quant-a-ses-objectifs-delectrification\/"},"author":{"name":"Benoit Charette","@id":"https:\/\/news.canadamotorjobs.com\/#\/schema\/person\/51793d1f87d44011d7bcc2ed99269a90"},"headline":"Mercedes admet avoir \u00e9t\u00e9 trop enthousiaste quant \u00e0 ses objectifs d\u2019\u00e9lectrification","datePublished":"2024-02-23T12:50:14+00:00","dateModified":"2024-02-23T12:59:56+00:00","mainEntityOfPage":{"@id":"https:\/\/news.canadamotorjobs.com\/fr\/mercedes-admet-avoir-ete-trop-enthousiaste-quant-a-ses-objectifs-delectrification\/"},"wordCount":632,"publisher":{"@id":"https:\/\/news.canadamotorjobs.com\/#organization"},"image":{"@id":"https:\/\/news.canadamotorjobs.com\/fr\/mercedes-admet-avoir-ete-trop-enthousiaste-quant-a-ses-objectifs-delectrification\/#primaryimage"},"thumbnailUrl":"https:\/\/news.canadamotorjobs.com\/wp-content\/uploads\/2024\/02\/prin.jpg","articleSection":["Annuel automobile"],"inLanguage":"fr-CA"},{"@type":"WebPage","@id":"https:\/\/news.canadamotorjobs.com\/fr\/mercedes-admet-avoir-ete-trop-enthousiaste-quant-a-ses-objectifs-delectrification\/","url":"https:\/\/news.canadamotorjobs.com\/fr\/mercedes-admet-avoir-ete-trop-enthousiaste-quant-a-ses-objectifs-delectrification\/","name":"Mercedes admet avoir \u00e9t\u00e9 trop enthousiaste quant \u00e0 ses objectifs d\u2019\u00e9lectrification - CanadaMotorJobs.com","isPartOf":{"@id":"https:\/\/news.canadamotorjobs.com\/#website"},"primaryImageOfPage":{"@id":"https:\/\/news.canadamotorjobs.com\/fr\/mercedes-admet-avoir-ete-trop-enthousiaste-quant-a-ses-objectifs-delectrification\/#primaryimage"},"image":{"@id":"https:\/\/news.canadamotorjobs.com\/fr\/mercedes-admet-avoir-ete-trop-enthousiaste-quant-a-ses-objectifs-delectrification\/#primaryimage"},"thumbnailUrl":"https:\/\/news.canadamotorjobs.com\/wp-content\/uploads\/2024\/02\/prin.jpg","datePublished":"2024-02-23T12:50:14+00:00","dateModified":"2024-02-23T12:59:56+00:00","description":"Mercedes admet avoir \u00e9t\u00e9 trop enthousiaste quant \u00e0 ses objectifs d\u2019\u00e9lectrification - Benoit Charette - Annuel automobile - CanadaMotorJobs.com.","breadcrumb":{"@id":"https:\/\/news.canadamotorjobs.com\/fr\/mercedes-admet-avoir-ete-trop-enthousiaste-quant-a-ses-objectifs-delectrification\/#breadcrumb"},"inLanguage":"fr-CA","potentialAction":[{"@type":"ReadAction","target":["https:\/\/news.canadamotorjobs.com\/fr\/mercedes-admet-avoir-ete-trop-enthousiaste-quant-a-ses-objectifs-delectrification\/"]}]},{"@type":"ImageObject","inLanguage":"fr-CA","@id":"https:\/\/news.canadamotorjobs.com\/fr\/mercedes-admet-avoir-ete-trop-enthousiaste-quant-a-ses-objectifs-delectrification\/#primaryimage","url":"https:\/\/news.canadamotorjobs.com\/wp-content\/uploads\/2024\/02\/prin.jpg","contentUrl":"https:\/\/news.canadamotorjobs.com\/wp-content\/uploads\/2024\/02\/prin.jpg","width":1200,"height":751},{"@type":"BreadcrumbList","@id":"https:\/\/news.canadamotorjobs.com\/fr\/mercedes-admet-avoir-ete-trop-enthousiaste-quant-a-ses-objectifs-delectrification\/#breadcrumb","itemListElement":[{"@type":"ListItem","position":1,"name":"Home","item":"https:\/\/news.canadamotorjobs.com\/fr\/blog\/"},{"@type":"ListItem","position":2,"name":"Mercedes admet avoir \u00e9t\u00e9 trop enthousiaste quant \u00e0 ses objectifs d\u2019\u00e9lectrification"}]},{"@type":"WebSite","@id":"https:\/\/news.canadamotorjobs.com\/#website","url":"https:\/\/news.canadamotorjobs.com\/","name":"CanadaMotorJobs.com","description":"Automotive Jobs","publisher":{"@id":"https:\/\/news.canadamotorjobs.com\/#organization"},"potentialAction":[{"@type":"SearchAction","target":{"@type":"EntryPoint","urlTemplate":"https:\/\/news.canadamotorjobs.com\/?s={search_term_string}"},"query-input":"required name=search_term_string"}],"inLanguage":"fr-CA"},{"@type":"Organization","@id":"https:\/\/news.canadamotorjobs.com\/#organization","name":"Canada Motor Jobs","url":"https:\/\/news.canadamotorjobs.com\/","logo":{"@type":"ImageObject","inLanguage":"fr-CA","@id":"https:\/\/news.canadamotorjobs.com\/#\/schema\/logo\/image\/","url":"https:\/\/news.canadamotorjobs.com\/wp-content\/uploads\/2022\/10\/logo-canada-motor-jobs-1.png","contentUrl":"https:\/\/news.canadamotorjobs.com\/wp-content\/uploads\/2022\/10\/logo-canada-motor-jobs-1.png","width":800,"height":400,"caption":"Canada Motor Jobs"},"image":{"@id":"https:\/\/news.canadamotorjobs.com\/#\/schema\/logo\/image\/"},"sameAs":["https:\/\/www.facebook.com\/canadamotorjobs\/","https:\/\/x.com\/canadamotorjobs","https:\/\/www.instagram.com\/canadamotorjobs\/","https:\/\/www.linkedin.com\/company\/canadamotorjobs"]},{"@type":"Person","@id":"https:\/\/news.canadamotorjobs.com\/#\/schema\/person\/51793d1f87d44011d7bcc2ed99269a90","name":"Benoit Charette","image":{"@type":"ImageObject","inLanguage":"fr-CA","@id":"https:\/\/news.canadamotorjobs.com\/#\/schema\/person\/image\/","url":"https:\/\/secure.gravatar.com\/avatar\/45f3d2eebcccd909668d7ce7ea7267b6?s=96&d=mm&r=g","contentUrl":"https:\/\/secure.gravatar.com\/avatar\/45f3d2eebcccd909668d7ce7ea7267b6?s=96&d=mm&r=g","caption":"Benoit Charette"},"description":"Benoit Charette \/ Propri\u00e9taire et r\u00e9dacteur en chef Benoit Charette pratique le journalisme automobile depuis bient\u00f4t 30 ans. Il a fait ses classes au c\u00f4t\u00e9 de Daniel H\u00e9raud et au Carnet de route de 1992 \u00e0 2001. Il est fondateur, copropri\u00e9taire et r\u00e9dacteur en chef de L\u2019Annuel de l\u2019automobile, qu\u2019il publie depuis 2001. Il a anim\u00e9 les \u00e9missions RPM et RPM+ sur V et les L\u00e9gendes de la route sur Historia. \u00c0 la radio depuis 1986, il reprend l\u2019antenne cette ann\u00e9e sur les ondes de Cogeco et participe pour la deuxi\u00e8me ann\u00e9e \u00e0 l\u2019\u00e9mission Passion Auto sur RDS en plus de mettre en ligne le site Web officiel de L\u2019Annuel de l\u2019automobile sur annuelauto.ca.","sameAs":["https:\/\/annuelauto.ca\/"],"url":"https:\/\/news.canadamotorjobs.com\/fr\/author\/benoit-charette\/"}]}},"_links":{"self":[{"href":"https:\/\/news.canadamotorjobs.com\/fr\/wp-json\/wp\/v2\/posts\/159649"}],"collection":[{"href":"https:\/\/news.canadamotorjobs.com\/fr\/wp-json\/wp\/v2\/posts"}],"about":[{"href":"https:\/\/news.canadamotorjobs.com\/fr\/wp-json\/wp\/v2\/types\/post"}],"author":[{"embeddable":true,"href":"https:\/\/news.canadamotorjobs.com\/fr\/wp-json\/wp\/v2\/users\/8"}],"replies":[{"embeddable":true,"href":"https:\/\/news.canadamotorjobs.com\/fr\/wp-json\/wp\/v2\/comments?post=159649"}],"version-history":[{"count":2,"href":"https:\/\/news.canadamotorjobs.com\/fr\/wp-json\/wp\/v2\/posts\/159649\/revisions"}],"predecessor-version":[{"id":159653,"href":"https:\/\/news.canadamotorjobs.com\/fr\/wp-json\/wp\/v2\/posts\/159649\/revisions\/159653"}],"wp:featuredmedia":[{"embeddable":true,"href":"https:\/\/news.canadamotorjobs.com\/fr\/wp-json\/wp\/v2\/media\/159651"}],"wp:attachment":[{"href":"https:\/\/news.canadamotorjobs.com\/fr\/wp-json\/wp\/v2\/media?parent=159649"}],"wp:term":[{"taxonomy":"category","embeddable":true,"href":"https:\/\/news.canadamotorjobs.com\/fr\/wp-json\/wp\/v2\/categories?post=159649"},{"taxonomy":"post_tag","embeddable":true,"href":"https:\/\/news.canadamotorjobs.com\/fr\/wp-json\/wp\/v2\/tags?post=159649"}],"curies":[{"name":"wp","href":"https:\/\/api.w.org\/{rel}","templated":true}]}}