{"id":159626,"date":"2024-02-23T07:27:24","date_gmt":"2024-02-23T12:27:24","guid":{"rendered":"https:\/\/news.canadamotorjobs.com\/?p=159626"},"modified":"2024-02-23T07:29:05","modified_gmt":"2024-02-23T12:29:05","slug":"hyundai-canada-devoile-les-prix-du-santa-fe","status":"publish","type":"post","link":"https:\/\/news.canadamotorjobs.com\/fr\/hyundai-canada-devoile-les-prix-du-santa-fe\/","title":{"rendered":"Hyundai Canada d\u00e9voile les prix du Santa-Fe"},"content":{"rendered":"<\/p>\n<p>Hyundai Auto Canada a lev\u00e9 le voile sur les prix de son dernier ajout \u00e0 la gamme des VUS, le Santa Fe 2024. Avec un prix de d\u00e9part de 40 999 $, le mod\u00e8le 2024 offre un mariage \u00e9l\u00e9gant entre design sophistiqu\u00e9 et technologie de pointe.<\/p>\n<h3><em>Sous le capot<br \/>\n<\/em><\/h3>\n<p>\nAu c\u0153ur du Santa Fe 2024, on retrouve un 4 cylindres de 1,6 L turbo con\u00e7u pour les v\u00e9hicules \u00e9lectriques hybrides (HEV). Ce moteur de s\u00e9rie offre une puissance de 231 chevaux. Pour les amateurs de performances plus sportives, Hyundai propose en option un moteur turbo de 2,5 litres g\u00e9n\u00e9rant une puissance robuste de 277 chevaux. Cette variante est associ\u00e9e \u00e0 une transmission \u00e0 double embrayage \u00e0 8 vitesses. Les mod\u00e8les hybrides de s\u00e9rie sont \u00e9quip\u00e9s d&#8217;une transmission automatique \u00e0 6 rapports.<\/p>\n<h3><em>Confort et Espace<\/em><\/h3>\n<p>\nAu-del\u00e0 de la puissance, le Santa Fe 2024 mise sur l&#8217;espace et le confort. Avec un empattement plus long que ses pr\u00e9d\u00e9cesseurs, ce VUS offre davantage d&#8217;espace pour les passagers et les chargements. Les trois rang\u00e9es de si\u00e8ges de s\u00e9rie assurent un confort optimal, que ce soit pour des trajets courts ou longs. La nouvelle finition XRT, con\u00e7ue pour l&#8217;aventure, est \u00e9quip\u00e9e de pneus tout-terrain de 30 pouces et d&#8217;une garde au sol accrue, id\u00e9ale pour les amateurs de hors-piste. Son ext\u00e9rieur robuste, agr\u00e9ment\u00e9 de garnitures noires et chrom\u00e9es fonc\u00e9es, souligne son aptitude \u00e0 l&#8217;aventure.<\/p>\n<h3><em>Gamme Vari\u00e9e<\/em><\/h3>\n<p>\nLa gamme du Santa Fe 2024 au Canada propose plusieurs versions, adapt\u00e9es \u00e0 diverses pr\u00e9f\u00e9rences et besoins. Elle commence avec le mod\u00e8le 1.6T Preferred Hybrid AWD 7-Passenger \u00e0 40 999 $ et s&#8217;\u00e9tend jusqu&#8217;au luxueux mod\u00e8le 2.5T Ultimate Calligraphy AWD 6-Passenger, au prix de 53 499 $. Hyundai annonce \u00e9galement l&#8217;arriv\u00e9e prochaine du Santa Fe Hybrid NHL Edition, fusionnant l&#8217;efficacit\u00e9 du groupe motopropulseur hybride avec des caract\u00e9ristiques d\u00e9di\u00e9es aux fans de hockey.<\/p>\n<h3><em>Avanc\u00e9es Technologiques<\/em><\/h3>\n<p>\nLe Santa Fe 2024 est dot\u00e9 de fonctionnalit\u00e9s de s\u00e9curit\u00e9 avanc\u00e9es, d&#8217;options de connectivit\u00e9 et de mises \u00e0 jour logicielles en direct. Son \u00e9cran panoramique incurv\u00e9, une premi\u00e8re dans sa cat\u00e9gorie, vise \u00e0 am\u00e9liorer la commodit\u00e9 et le luxe.<\/p>\n<h3><em>Disponibilit\u00e9<\/em><\/h3>\n<p>\nLes consommateurs canadiens peuvent anticiper l&#8217;arriv\u00e9e du Santa Fe 2024 dans les salles d&#8217;exposition d&#8217;ici la fin f\u00e9vrier. Hyundai promet une exp\u00e9rience de conduite raffin\u00e9e et une aventure sans compromis avec son dernier VUS.<\/p>\n<p><strong>\u00a0<\/strong><\/p>\n<table><\/p>\n<tbody><\/p>\n<tr><\/p>\n<td width=\"396\"><strong>2024 Santa Fe <\/strong><\/td>\n<p><\/p>\n<td width=\"104\"><strong>Prix<\/strong><\/td>\n<p>\n<\/tr>\n<p><\/p>\n<tr><\/p>\n<td width=\"396\">1.6T Preferred hybride 4RM 7 passagers<\/td>\n<p><\/p>\n<td width=\"104\">$40,999<\/td>\n<p>\n<\/tr>\n<p><\/p>\n<tr><\/p>\n<td width=\"396\">1.6T Preferred Hybride groupe tendence 7 passagers<\/td>\n<p><\/p>\n<td width=\"104\">$44,999<\/td>\n<p>\n<\/tr>\n<p><\/p>\n<tr><\/p>\n<td width=\"396\">2.5T XRT 4RM 7 passagers<\/td>\n<p><\/p>\n<td width=\"104\">$46,999<\/td>\n<p>\n<\/tr>\n<p><\/p>\n<tr><\/p>\n<td width=\"396\">2.5T Luxury 4RM 7 passagers<\/td>\n<p><\/p>\n<td width=\"104\">$49,999<\/td>\n<p>\n<\/tr>\n<p><\/p>\n<tr><\/p>\n<td width=\"396\">2.5T Ultimate Calligraphy 4 RM 6 passagers<\/td>\n<p><\/p>\n<td width=\"104\">$53,499<\/td>\n<p>\n<\/tr>\n<p>\n<\/tbody>\n<p>\n<\/table>\n<p>\n\u00a0<\/p>\n<p>\u00a0<\/p>\n<p>Le texte <a rel=\"nofollow\" href=\"https:\/\/annuelauto.ca\/hyundai-canada-devoile-les-prix-du-santa-fe\/\">Hyundai Canada d\u00e9voile les prix du Santa-Fe<\/a> provient de <a rel=\"nofollow\" href=\"https:\/\/annuelauto.ca\">L&#8217;annuel de l&#8217;automobile &#8211; Actualit\u00e9 automobile<\/a><\/p>\n<p><\/p>\n","protected":false},"excerpt":{"rendered":"<p>Hyundai Auto Canada a lev\u00e9 le voile sur les prix de son dernier ajout \u00e0 la gamme des VUS, le Santa Fe 2024. Avec un prix de d\u00e9part de 40 999 $, le mod\u00e8le 2024 offre un mariage \u00e9l\u00e9gant entre design sophistiqu\u00e9 et technologie de pointe. Sous le capot Au c\u0153ur du Santa Fe 2024, [&hellip;]<\/p>\n","protected":false},"author":8,"featured_media":159628,"comment_status":"close","ping_status":"closed","sticky":false,"template":"","format":"standard","meta":{"_monsterinsights_skip_tracking":false,"_monsterinsights_sitenote_active":false,"_monsterinsights_sitenote_note":"","_monsterinsights_sitenote_category":0,"footnotes":""},"categories":[101],"tags":[],"yoast_head":"<!-- This site is optimized with the Yoast SEO plugin v23.2 - https:\/\/yoast.com\/wordpress\/plugins\/seo\/ -->\n<title>Hyundai Canada d\u00e9voile les prix du Santa-Fe - CanadaMotorJobs.com<\/title>\n<meta name=\"description\" content=\"Hyundai Canada d\u00e9voile les prix du Santa-Fe - Benoit Charette - Annuel automobile - CanadaMotorJobs.com.\" \/>\n<meta name=\"robots\" content=\"index, follow, max-snippet:-1, max-image-preview:large, max-video-preview:-1\" \/>\n<meta property=\"og:locale\" content=\"fr_CA\" \/>\n<meta property=\"og:type\" content=\"article\" \/>\n<meta property=\"og:title\" content=\"Hyundai Canada d\u00e9voile les prix du Santa-Fe - CanadaMotorJobs.com\" \/>\n<meta property=\"og:description\" content=\"Hyundai Canada d\u00e9voile les prix du Santa-Fe - Benoit Charette - Annuel automobile - CanadaMotorJobs.com.\" \/>\n<meta property=\"og:url\" content=\"https:\/\/news.canadamotorjobs.com\/fr\/hyundai-canada-devoile-les-prix-du-santa-fe\/\" \/>\n<meta property=\"og:site_name\" content=\"CanadaMotorJobs.com\" \/>\n<meta property=\"article:publisher\" content=\"https:\/\/www.facebook.com\/canadamotorjobs\/\" \/>\n<meta property=\"article:published_time\" content=\"2024-02-23T12:27:24+00:00\" \/>\n<meta property=\"article:modified_time\" content=\"2024-02-23T12:29:05+00:00\" \/>\n<meta property=\"og:image\" content=\"https:\/\/news.canadamotorjobs.com\/wp-content\/uploads\/2024\/02\/Large-57728-2024SantaFeXRT.jpg\" \/>\n\t<meta property=\"og:image:width\" content=\"1200\" \/>\n\t<meta property=\"og:image:height\" content=\"800\" \/>\n\t<meta property=\"og:image:type\" content=\"image\/jpeg\" \/>\n<meta name=\"author\" content=\"Benoit Charette\" \/>\n<meta name=\"twitter:card\" content=\"summary_large_image\" \/>\n<meta name=\"twitter:creator\" content=\"@canadamotorjobs\" \/>\n<meta name=\"twitter:site\" content=\"@canadamotorjobs\" \/>\n<meta name=\"twitter:label1\" content=\"\u00c9crit par\" \/>\n\t<meta name=\"twitter:data1\" content=\"Benoit Charette\" \/>\n\t<meta name=\"twitter:label2\" content=\"Estimation du temps de lecture\" \/>\n\t<meta name=\"twitter:data2\" content=\"2 minutes\" \/>\n<!-- \/ Yoast SEO plugin. -->","yoast_head_json":{"title":"Hyundai Canada d\u00e9voile les prix du Santa-Fe - CanadaMotorJobs.com","description":"Hyundai Canada d\u00e9voile les prix du Santa-Fe - Benoit Charette - Annuel automobile - CanadaMotorJobs.com.","robots":{"index":"index","follow":"follow","max-snippet":"max-snippet:-1","max-image-preview":"max-image-preview:large","max-video-preview":"max-video-preview:-1"},"og_locale":"fr_CA","og_type":"article","og_title":"Hyundai Canada d\u00e9voile les prix du Santa-Fe - CanadaMotorJobs.com","og_description":"Hyundai Canada d\u00e9voile les prix du Santa-Fe - Benoit Charette - Annuel automobile - CanadaMotorJobs.com.","og_url":"https:\/\/news.canadamotorjobs.com\/fr\/hyundai-canada-devoile-les-prix-du-santa-fe\/","og_site_name":"CanadaMotorJobs.com","article_publisher":"https:\/\/www.facebook.com\/canadamotorjobs\/","article_published_time":"2024-02-23T12:27:24+00:00","article_modified_time":"2024-02-23T12:29:05+00:00","og_image":[{"width":1200,"height":800,"url":"https:\/\/news.canadamotorjobs.com\/wp-content\/uploads\/2024\/02\/Large-57728-2024SantaFeXRT.jpg","type":"image\/jpeg"}],"author":"Benoit Charette","twitter_card":"summary_large_image","twitter_creator":"@canadamotorjobs","twitter_site":"@canadamotorjobs","twitter_misc":{"\u00c9crit par":"Benoit Charette","Estimation du temps de lecture":"2 minutes"},"schema":{"@context":"https:\/\/schema.org","@graph":[{"@type":"Article","@id":"https:\/\/news.canadamotorjobs.com\/fr\/hyundai-canada-devoile-les-prix-du-santa-fe\/#article","isPartOf":{"@id":"https:\/\/news.canadamotorjobs.com\/fr\/hyundai-canada-devoile-les-prix-du-santa-fe\/"},"author":{"name":"Benoit Charette","@id":"https:\/\/news.canadamotorjobs.com\/#\/schema\/person\/51793d1f87d44011d7bcc2ed99269a90"},"headline":"Hyundai Canada d\u00e9voile les prix du Santa-Fe","datePublished":"2024-02-23T12:27:24+00:00","dateModified":"2024-02-23T12:29:05+00:00","mainEntityOfPage":{"@id":"https:\/\/news.canadamotorjobs.com\/fr\/hyundai-canada-devoile-les-prix-du-santa-fe\/"},"wordCount":460,"publisher":{"@id":"https:\/\/news.canadamotorjobs.com\/#organization"},"image":{"@id":"https:\/\/news.canadamotorjobs.com\/fr\/hyundai-canada-devoile-les-prix-du-santa-fe\/#primaryimage"},"thumbnailUrl":"https:\/\/news.canadamotorjobs.com\/wp-content\/uploads\/2024\/02\/Large-57728-2024SantaFeXRT.jpg","articleSection":["Annuel automobile"],"inLanguage":"fr-CA"},{"@type":"WebPage","@id":"https:\/\/news.canadamotorjobs.com\/fr\/hyundai-canada-devoile-les-prix-du-santa-fe\/","url":"https:\/\/news.canadamotorjobs.com\/fr\/hyundai-canada-devoile-les-prix-du-santa-fe\/","name":"Hyundai Canada d\u00e9voile les prix du Santa-Fe - CanadaMotorJobs.com","isPartOf":{"@id":"https:\/\/news.canadamotorjobs.com\/#website"},"primaryImageOfPage":{"@id":"https:\/\/news.canadamotorjobs.com\/fr\/hyundai-canada-devoile-les-prix-du-santa-fe\/#primaryimage"},"image":{"@id":"https:\/\/news.canadamotorjobs.com\/fr\/hyundai-canada-devoile-les-prix-du-santa-fe\/#primaryimage"},"thumbnailUrl":"https:\/\/news.canadamotorjobs.com\/wp-content\/uploads\/2024\/02\/Large-57728-2024SantaFeXRT.jpg","datePublished":"2024-02-23T12:27:24+00:00","dateModified":"2024-02-23T12:29:05+00:00","description":"Hyundai Canada d\u00e9voile les prix du Santa-Fe - Benoit Charette - Annuel automobile - CanadaMotorJobs.com.","breadcrumb":{"@id":"https:\/\/news.canadamotorjobs.com\/fr\/hyundai-canada-devoile-les-prix-du-santa-fe\/#breadcrumb"},"inLanguage":"fr-CA","potentialAction":[{"@type":"ReadAction","target":["https:\/\/news.canadamotorjobs.com\/fr\/hyundai-canada-devoile-les-prix-du-santa-fe\/"]}]},{"@type":"ImageObject","inLanguage":"fr-CA","@id":"https:\/\/news.canadamotorjobs.com\/fr\/hyundai-canada-devoile-les-prix-du-santa-fe\/#primaryimage","url":"https:\/\/news.canadamotorjobs.com\/wp-content\/uploads\/2024\/02\/Large-57728-2024SantaFeXRT.jpg","contentUrl":"https:\/\/news.canadamotorjobs.com\/wp-content\/uploads\/2024\/02\/Large-57728-2024SantaFeXRT.jpg","width":1200,"height":800},{"@type":"BreadcrumbList","@id":"https:\/\/news.canadamotorjobs.com\/fr\/hyundai-canada-devoile-les-prix-du-santa-fe\/#breadcrumb","itemListElement":[{"@type":"ListItem","position":1,"name":"Home","item":"https:\/\/news.canadamotorjobs.com\/fr\/blog\/"},{"@type":"ListItem","position":2,"name":"Hyundai Canada d\u00e9voile les prix du Santa-Fe"}]},{"@type":"WebSite","@id":"https:\/\/news.canadamotorjobs.com\/#website","url":"https:\/\/news.canadamotorjobs.com\/","name":"CanadaMotorJobs.com","description":"Automotive Jobs","publisher":{"@id":"https:\/\/news.canadamotorjobs.com\/#organization"},"potentialAction":[{"@type":"SearchAction","target":{"@type":"EntryPoint","urlTemplate":"https:\/\/news.canadamotorjobs.com\/?s={search_term_string}"},"query-input":"required name=search_term_string"}],"inLanguage":"fr-CA"},{"@type":"Organization","@id":"https:\/\/news.canadamotorjobs.com\/#organization","name":"Canada Motor Jobs","url":"https:\/\/news.canadamotorjobs.com\/","logo":{"@type":"ImageObject","inLanguage":"fr-CA","@id":"https:\/\/news.canadamotorjobs.com\/#\/schema\/logo\/image\/","url":"https:\/\/news.canadamotorjobs.com\/wp-content\/uploads\/2022\/10\/logo-canada-motor-jobs-1.png","contentUrl":"https:\/\/news.canadamotorjobs.com\/wp-content\/uploads\/2022\/10\/logo-canada-motor-jobs-1.png","width":800,"height":400,"caption":"Canada Motor Jobs"},"image":{"@id":"https:\/\/news.canadamotorjobs.com\/#\/schema\/logo\/image\/"},"sameAs":["https:\/\/www.facebook.com\/canadamotorjobs\/","https:\/\/x.com\/canadamotorjobs","https:\/\/www.instagram.com\/canadamotorjobs\/","https:\/\/www.linkedin.com\/company\/canadamotorjobs"]},{"@type":"Person","@id":"https:\/\/news.canadamotorjobs.com\/#\/schema\/person\/51793d1f87d44011d7bcc2ed99269a90","name":"Benoit Charette","image":{"@type":"ImageObject","inLanguage":"fr-CA","@id":"https:\/\/news.canadamotorjobs.com\/#\/schema\/person\/image\/","url":"https:\/\/secure.gravatar.com\/avatar\/45f3d2eebcccd909668d7ce7ea7267b6?s=96&d=mm&r=g","contentUrl":"https:\/\/secure.gravatar.com\/avatar\/45f3d2eebcccd909668d7ce7ea7267b6?s=96&d=mm&r=g","caption":"Benoit Charette"},"description":"Benoit Charette \/ Propri\u00e9taire et r\u00e9dacteur en chef Benoit Charette pratique le journalisme automobile depuis bient\u00f4t 30 ans. Il a fait ses classes au c\u00f4t\u00e9 de Daniel H\u00e9raud et au Carnet de route de 1992 \u00e0 2001. Il est fondateur, copropri\u00e9taire et r\u00e9dacteur en chef de L\u2019Annuel de l\u2019automobile, qu\u2019il publie depuis 2001. Il a anim\u00e9 les \u00e9missions RPM et RPM+ sur V et les L\u00e9gendes de la route sur Historia. \u00c0 la radio depuis 1986, il reprend l\u2019antenne cette ann\u00e9e sur les ondes de Cogeco et participe pour la deuxi\u00e8me ann\u00e9e \u00e0 l\u2019\u00e9mission Passion Auto sur RDS en plus de mettre en ligne le site Web officiel de L\u2019Annuel de l\u2019automobile sur annuelauto.ca.","sameAs":["https:\/\/annuelauto.ca\/"],"url":"https:\/\/news.canadamotorjobs.com\/fr\/author\/benoit-charette\/"}]}},"_links":{"self":[{"href":"https:\/\/news.canadamotorjobs.com\/fr\/wp-json\/wp\/v2\/posts\/159626"}],"collection":[{"href":"https:\/\/news.canadamotorjobs.com\/fr\/wp-json\/wp\/v2\/posts"}],"about":[{"href":"https:\/\/news.canadamotorjobs.com\/fr\/wp-json\/wp\/v2\/types\/post"}],"author":[{"embeddable":true,"href":"https:\/\/news.canadamotorjobs.com\/fr\/wp-json\/wp\/v2\/users\/8"}],"replies":[{"embeddable":true,"href":"https:\/\/news.canadamotorjobs.com\/fr\/wp-json\/wp\/v2\/comments?post=159626"}],"version-history":[{"count":2,"href":"https:\/\/news.canadamotorjobs.com\/fr\/wp-json\/wp\/v2\/posts\/159626\/revisions"}],"predecessor-version":[{"id":159630,"href":"https:\/\/news.canadamotorjobs.com\/fr\/wp-json\/wp\/v2\/posts\/159626\/revisions\/159630"}],"wp:featuredmedia":[{"embeddable":true,"href":"https:\/\/news.canadamotorjobs.com\/fr\/wp-json\/wp\/v2\/media\/159628"}],"wp:attachment":[{"href":"https:\/\/news.canadamotorjobs.com\/fr\/wp-json\/wp\/v2\/media?parent=159626"}],"wp:term":[{"taxonomy":"category","embeddable":true,"href":"https:\/\/news.canadamotorjobs.com\/fr\/wp-json\/wp\/v2\/categories?post=159626"},{"taxonomy":"post_tag","embeddable":true,"href":"https:\/\/news.canadamotorjobs.com\/fr\/wp-json\/wp\/v2\/tags?post=159626"}],"curies":[{"name":"wp","href":"https:\/\/api.w.org\/{rel}","templated":true}]}}