{"id":159602,"date":"2024-02-22T08:57:47","date_gmt":"2024-02-22T13:57:47","guid":{"rendered":"https:\/\/news.canadamotorjobs.com\/?p=159602"},"modified":"2024-02-22T09:00:05","modified_gmt":"2024-02-22T14:00:05","slug":"honda-prologue","status":"publish","type":"post","link":"https:\/\/news.canadamotorjobs.com\/fr\/honda-prologue\/","title":{"rendered":"Honda Prologue"},"content":{"rendered":"<\/p>\n<p>Voici un v\u00e9hicule qui va marquer l\u2019histoire comme ayant \u00e9t\u00e9 le seul projet conjoint entre GM et Honda dans le domaine des v\u00e9hicules \u00e9lectriques. Ce partenariat qui devait durer plus longtemps a abruptement pris fin \u00e0 l\u2019automne 2023.\u00a0 Le PDG de Honda, Toshihiro Mibe, ayant d\u00e9clar\u00e9 \u00e0 Bloomberg Television que le changement de climat \u00e9conomique rendait cette association difficile. La courte union se r\u00e9sumera donc \u00e0 un seul mod\u00e8le, le Prologue qui est bas\u00e9 sur le ch\u00e2ssis du Chevrolet Equinox et Blazer EV et construit \u00e0 l\u2019usine GM de Ramos Arizpe au Mexique.<\/p>\n<h3>4 roues motrices et 3 versions au Canada<\/h3>\n<p>\nDot\u00e9 d&#8217;un niveau d&#8217;autonomie anticip\u00e9 de plus de 450 kilom\u00e8tres, le Honda Prologue propose une exp\u00e9rience de conduite \u00e0 la pointe de la technologie. Honda Canada proposera ce v\u00e9hicule avec une configuration de moteur double (traction int\u00e9grale) et en trois versions diff\u00e9rentes: EX, EX-L et Touring.<\/p>\n<h3>Technologie Ultium<\/h3>\n<p>\nAu niveau des performances, le Prologue offre une exp\u00e9rience de conduite sportive avec une traction int\u00e9grale de s\u00e9rie, des roues et pneus de 21 pouces disponibles, un mode de conduite Sport, et le syst\u00e8me Honda Sensing de s\u00e9rie. Le v\u00e9hicule est \u00e9quip\u00e9 de deux moteurs \u00e9lectrique produisant 288 chevaux et 333 lb-pi de couple. La batterie lithium-ion est de 85 kWh et offre une vitesse de recharge maximale de 155 kW.<\/p>\n<h3>Un style moderne \u00e0 l\u2019ext\u00e9rieur comme \u00e0 l\u2019int\u00e9rieur<\/h3>\n<p>\nLa conception \u00e9pur\u00e9e, la ceinture de caisse basse et une largeur g\u00e9n\u00e9reuse procurent un style qui se d\u00e9marque. Ces dimension g\u00e9n\u00e9reuses \u00e0 l\u2019ext\u00e9rieure se traduisent par 3 877 litres d\u2019espace int\u00e9rieur redevable en partie \u00e0 son empattement qui d\u00e9passe les 3 m\u00e8tres. Vous avez donc cinq places assises confortables et un int\u00e9rieur spacieux pour tous les passagers. Pour un confort accru, les si\u00e8ges arri\u00e8re du Prologue poss\u00e8dent deux angles d\u2019inclinaison. Un \u00e9cran tactile d&#8217;infodivertissement de 11,3 pouces tr\u00f4ne au milieu du tableau de bord. Apple CarPlay et Android Auto sans fil sont inclus, de m\u00eame qu&#8217;un syst\u00e8me de navigation int\u00e9gr\u00e9 au tableau de bord qui utilise Google Maps. Un affichage num\u00e9rique de 11,0 pouces et un socle de recharge sans fil font \u00e9galement partie de l&#8217;\u00e9quipement de s\u00e9rie. Le Prologue offre un espace cargo de 714 litres derri\u00e8re les si\u00e8ges arri\u00e8re et jusqu\u2019\u00e0 1 634 litres avec les si\u00e8ges rabattus. L\u2019espace cach\u00e9 sous le plancher de compartiment utilitaire ajoute 14 litres de plus. Tous les mod\u00e8les viennent aussi avec le Syst\u00e8me Honda Sensing de s\u00e9rie en plus des nouveaux syst\u00e8mes de freinage en cas de trafic transversal arri\u00e8re, l\u2019assistance \u00e0 la direction en cas d\u2019angle mort et l\u2019alerte de trafic pi\u00e9tonnier arri\u00e8re disponible. Le grand plateau \u00e0 usages multiples de la console poss\u00e8de deux prises de recharge \u00e9clair\u00e9es USB-C de 3,0 A, 45 W. Pour les passagers de la deuxi\u00e8me rang\u00e9e, deux prises de recharge USB-C de 3,0 A, 45 W sont offertes de s\u00e9rie.<\/p>\n<h3>Voici ce que vous allez obtenir avec chaque version vendue au Canada\u00a0:<\/h3>\n<p>\nLe Prologue EX offre des si\u00e8ges en tissu noir et anthracite avec surpiq\u00fbres de couleur d\u00e9corative, un si\u00e8ge conducteur \u00e0 8 r\u00e9glages \u00e9lectriques avec 2\u00a0r\u00e9glages de support lombaire \u00e9lectriques, des si\u00e8ges avant chauffants, un syst\u00e8me de contr\u00f4le de la temp\u00e9rature \u00e0 deux zones, une version en noir lustr\u00e9 sur le tableau de bord et des roues de 19 pouces.<\/p>\n<p>La version EX-L poss\u00e8de des si\u00e8ges en cuir noir et anthracite avec surpiq\u00fbres de couleur d\u00e9corative, un si\u00e8ge conducteur \u00e0 m\u00e9moire de position, un volant de direction gain\u00e9 de cuir, un r\u00e9troviseur int\u00e9rieur \u00e0 gradation automatique et un syst\u00e8me d\u2019aide au stationnement avant et arri\u00e8re.<\/p>\n<p>Le Prologue Touring vient avec des si\u00e8ges en cuir perfor\u00e9 noir et anthracite avec surpiq\u00fbres de couleur d\u00e9corative, des si\u00e8ges chauffant et ventil\u00e9s avant, d\u2019un volant de direction chauffant, d\u2019un mode de conduite Sport, de roues de 21 pouces et plus encore.<\/p>\n<h3>Et la conduite ?<\/h3>\n<p>\nLe mot confort est \u00e0 placer en haut de la liste des priorit\u00e9s. Spacieux et g\u00e9n\u00e9reux tant dans son espace que dans sa conduite, le Prologue sera le compagnon parfait pour les plus longs trajets. Les 288 chevaux n\u2019encouragent pas \u00e0 la conduite sportive. Il est capable d\u2019une certaine nervosit\u00e9, mais il le fait \u00e0 regret, sans conviction. On appr\u00e9cie sa conduite en priorisant le confort.\u00a0 D\u2019autre part, le freinage r\u00e9agit promptement, vous pouvez choisir la conduite \u00e0 une p\u00e9dale qui fonctionne de mani\u00e8re intuitive. Le mode Sport cr\u00e9e une exp\u00e9rience de conduite plus engag\u00e9e avec une r\u00e9ponse de l\u2019acc\u00e9l\u00e9rateur et de la direction plus nerveuse, une direction plus ferme et une puissance de freinage accrue.<\/p>\n<h3>Le prix<\/h3>\n<p>\nLa version EX de nase d\u00e9bute \u00e0 59\u00a0990 $ et a droit aux deux subventions (provinciale et f\u00e9d\u00e9rale) pour un\u00a0 montant de 12\u00a0000$. M\u00eame chose pour la version EX-L qui elle d\u00e9bute \u00e0 64\u00a0990 $. Toutefois, si vous prenez la version Touring \u00e0 67\u00a0990 $, vous n\u2019aurez droit qu\u2019\u00e0 une subvention de 5\u00a0000$ d\u2019Ottawa. C\u2019est pourquoi nous croyons que les versions EX et surtout EX-L constitue une meilleure affaire.<\/p>\n<h3>Conclusion<\/h3>\n<p>\nSolide, agr\u00e9able, spacieuse et offerte \u00e0 un prix r\u00e9aliste, le Honda Prologue marque le d\u00e9but de l\u2019histoire de l\u2019\u00e9lectrification de la marque sous nos cieux. \u00c0 partir de 2026, Honda va produire ses propres mod\u00e8les en association avec Sony. Bien h\u00e2te de voir.<\/p>\n<h3>Forces<\/h3>\n<p>\n\u00a0<\/p>\n<p>Int\u00e9rieur spacieux et bien am\u00e9nag\u00e9<\/p>\n<p>Conduite confortable<\/p>\n<p>Bonne tenue de route<\/p>\n<p>Court rayon de braquage<\/p>\n<p>\u00a0<\/p>\n<h3>Faiblesses<\/h3>\n<p>\n\u00a0<\/p>\n<p>Une version Touring un peu ch\u00e8re<\/p>\n<p>Direction qui manque de tonus<\/p>\n<p>\u00a0<\/p>\n<p>https:\/\/www.youtube.com\/watch?v=tQyp-ftH3Bk<\/p>\n<p>\u00a0<\/p>\n<p>\u00a0<\/p>\n<p>Le texte <a rel=\"nofollow\" href=\"https:\/\/annuelauto.ca\/honda-prologue\/\">Honda Prologue<\/a> provient de <a rel=\"nofollow\" href=\"https:\/\/annuelauto.ca\">L&#8217;annuel de l&#8217;automobile &#8211; Actualit\u00e9 automobile<\/a><\/p>\n<p><\/p>\n","protected":false},"excerpt":{"rendered":"<p>Voici un v\u00e9hicule qui va marquer l\u2019histoire comme ayant \u00e9t\u00e9 le seul projet conjoint entre GM et Honda dans le domaine des v\u00e9hicules \u00e9lectriques. Ce partenariat qui devait durer plus longtemps a abruptement pris fin \u00e0 l\u2019automne 2023.\u00a0 Le PDG de Honda, Toshihiro Mibe, ayant d\u00e9clar\u00e9 \u00e0 Bloomberg Television que le changement de climat \u00e9conomique [&hellip;]<\/p>\n","protected":false},"author":8,"featured_media":159604,"comment_status":"close","ping_status":"closed","sticky":false,"template":"","format":"standard","meta":{"_monsterinsights_skip_tracking":false,"_monsterinsights_sitenote_active":false,"_monsterinsights_sitenote_note":"","_monsterinsights_sitenote_category":0,"footnotes":""},"categories":[101],"tags":[],"yoast_head":"<!-- This site is optimized with the Yoast SEO plugin v23.2 - https:\/\/yoast.com\/wordpress\/plugins\/seo\/ -->\n<title>Honda Prologue - CanadaMotorJobs.com<\/title>\n<meta name=\"description\" content=\"Honda Prologue - Benoit Charette - Annuel automobile - CanadaMotorJobs.com.\" \/>\n<meta name=\"robots\" content=\"index, follow, max-snippet:-1, max-image-preview:large, max-video-preview:-1\" \/>\n<meta property=\"og:locale\" content=\"fr_CA\" \/>\n<meta property=\"og:type\" content=\"article\" \/>\n<meta property=\"og:title\" content=\"Honda Prologue - CanadaMotorJobs.com\" \/>\n<meta property=\"og:description\" content=\"Honda Prologue - Benoit Charette - Annuel automobile - CanadaMotorJobs.com.\" \/>\n<meta property=\"og:url\" content=\"https:\/\/news.canadamotorjobs.com\/fr\/honda-prologue\/\" \/>\n<meta property=\"og:site_name\" content=\"CanadaMotorJobs.com\" \/>\n<meta property=\"article:publisher\" content=\"https:\/\/www.facebook.com\/canadamotorjobs\/\" \/>\n<meta property=\"article:published_time\" content=\"2024-02-22T13:57:47+00:00\" \/>\n<meta property=\"article:modified_time\" content=\"2024-02-22T14:00:05+00:00\" \/>\n<meta property=\"og:image\" content=\"https:\/\/news.canadamotorjobs.com\/wp-content\/uploads\/2024\/02\/IMG_7650.jpg\" \/>\n\t<meta property=\"og:image:width\" content=\"1067\" \/>\n\t<meta property=\"og:image:height\" content=\"800\" \/>\n\t<meta property=\"og:image:type\" content=\"image\/jpeg\" \/>\n<meta name=\"author\" content=\"Benoit Charette\" \/>\n<meta name=\"twitter:card\" content=\"summary_large_image\" \/>\n<meta name=\"twitter:creator\" content=\"@canadamotorjobs\" \/>\n<meta name=\"twitter:site\" content=\"@canadamotorjobs\" \/>\n<meta name=\"twitter:label1\" content=\"\u00c9crit par\" \/>\n\t<meta name=\"twitter:data1\" content=\"Benoit Charette\" \/>\n\t<meta name=\"twitter:label2\" content=\"Estimation du temps de lecture\" \/>\n\t<meta name=\"twitter:data2\" content=\"5 minutes\" \/>\n<!-- \/ Yoast SEO plugin. -->","yoast_head_json":{"title":"Honda Prologue - CanadaMotorJobs.com","description":"Honda Prologue - Benoit Charette - Annuel automobile - CanadaMotorJobs.com.","robots":{"index":"index","follow":"follow","max-snippet":"max-snippet:-1","max-image-preview":"max-image-preview:large","max-video-preview":"max-video-preview:-1"},"og_locale":"fr_CA","og_type":"article","og_title":"Honda Prologue - CanadaMotorJobs.com","og_description":"Honda Prologue - Benoit Charette - Annuel automobile - CanadaMotorJobs.com.","og_url":"https:\/\/news.canadamotorjobs.com\/fr\/honda-prologue\/","og_site_name":"CanadaMotorJobs.com","article_publisher":"https:\/\/www.facebook.com\/canadamotorjobs\/","article_published_time":"2024-02-22T13:57:47+00:00","article_modified_time":"2024-02-22T14:00:05+00:00","og_image":[{"width":1067,"height":800,"url":"https:\/\/news.canadamotorjobs.com\/wp-content\/uploads\/2024\/02\/IMG_7650.jpg","type":"image\/jpeg"}],"author":"Benoit Charette","twitter_card":"summary_large_image","twitter_creator":"@canadamotorjobs","twitter_site":"@canadamotorjobs","twitter_misc":{"\u00c9crit par":"Benoit Charette","Estimation du temps de lecture":"5 minutes"},"schema":{"@context":"https:\/\/schema.org","@graph":[{"@type":"Article","@id":"https:\/\/news.canadamotorjobs.com\/fr\/honda-prologue\/#article","isPartOf":{"@id":"https:\/\/news.canadamotorjobs.com\/fr\/honda-prologue\/"},"author":{"name":"Benoit Charette","@id":"https:\/\/news.canadamotorjobs.com\/#\/schema\/person\/51793d1f87d44011d7bcc2ed99269a90"},"headline":"Honda Prologue","datePublished":"2024-02-22T13:57:47+00:00","dateModified":"2024-02-22T14:00:05+00:00","mainEntityOfPage":{"@id":"https:\/\/news.canadamotorjobs.com\/fr\/honda-prologue\/"},"wordCount":993,"publisher":{"@id":"https:\/\/news.canadamotorjobs.com\/#organization"},"image":{"@id":"https:\/\/news.canadamotorjobs.com\/fr\/honda-prologue\/#primaryimage"},"thumbnailUrl":"https:\/\/news.canadamotorjobs.com\/wp-content\/uploads\/2024\/02\/IMG_7650.jpg","articleSection":["Annuel automobile"],"inLanguage":"fr-CA"},{"@type":"WebPage","@id":"https:\/\/news.canadamotorjobs.com\/fr\/honda-prologue\/","url":"https:\/\/news.canadamotorjobs.com\/fr\/honda-prologue\/","name":"Honda Prologue - CanadaMotorJobs.com","isPartOf":{"@id":"https:\/\/news.canadamotorjobs.com\/#website"},"primaryImageOfPage":{"@id":"https:\/\/news.canadamotorjobs.com\/fr\/honda-prologue\/#primaryimage"},"image":{"@id":"https:\/\/news.canadamotorjobs.com\/fr\/honda-prologue\/#primaryimage"},"thumbnailUrl":"https:\/\/news.canadamotorjobs.com\/wp-content\/uploads\/2024\/02\/IMG_7650.jpg","datePublished":"2024-02-22T13:57:47+00:00","dateModified":"2024-02-22T14:00:05+00:00","description":"Honda Prologue - Benoit Charette - Annuel automobile - CanadaMotorJobs.com.","breadcrumb":{"@id":"https:\/\/news.canadamotorjobs.com\/fr\/honda-prologue\/#breadcrumb"},"inLanguage":"fr-CA","potentialAction":[{"@type":"ReadAction","target":["https:\/\/news.canadamotorjobs.com\/fr\/honda-prologue\/"]}]},{"@type":"ImageObject","inLanguage":"fr-CA","@id":"https:\/\/news.canadamotorjobs.com\/fr\/honda-prologue\/#primaryimage","url":"https:\/\/news.canadamotorjobs.com\/wp-content\/uploads\/2024\/02\/IMG_7650.jpg","contentUrl":"https:\/\/news.canadamotorjobs.com\/wp-content\/uploads\/2024\/02\/IMG_7650.jpg","width":1067,"height":800},{"@type":"BreadcrumbList","@id":"https:\/\/news.canadamotorjobs.com\/fr\/honda-prologue\/#breadcrumb","itemListElement":[{"@type":"ListItem","position":1,"name":"Home","item":"https:\/\/news.canadamotorjobs.com\/fr\/blog\/"},{"@type":"ListItem","position":2,"name":"Honda Prologue"}]},{"@type":"WebSite","@id":"https:\/\/news.canadamotorjobs.com\/#website","url":"https:\/\/news.canadamotorjobs.com\/","name":"CanadaMotorJobs.com","description":"Automotive Jobs","publisher":{"@id":"https:\/\/news.canadamotorjobs.com\/#organization"},"potentialAction":[{"@type":"SearchAction","target":{"@type":"EntryPoint","urlTemplate":"https:\/\/news.canadamotorjobs.com\/?s={search_term_string}"},"query-input":"required name=search_term_string"}],"inLanguage":"fr-CA"},{"@type":"Organization","@id":"https:\/\/news.canadamotorjobs.com\/#organization","name":"Canada Motor Jobs","url":"https:\/\/news.canadamotorjobs.com\/","logo":{"@type":"ImageObject","inLanguage":"fr-CA","@id":"https:\/\/news.canadamotorjobs.com\/#\/schema\/logo\/image\/","url":"https:\/\/news.canadamotorjobs.com\/wp-content\/uploads\/2022\/10\/logo-canada-motor-jobs-1.png","contentUrl":"https:\/\/news.canadamotorjobs.com\/wp-content\/uploads\/2022\/10\/logo-canada-motor-jobs-1.png","width":800,"height":400,"caption":"Canada Motor Jobs"},"image":{"@id":"https:\/\/news.canadamotorjobs.com\/#\/schema\/logo\/image\/"},"sameAs":["https:\/\/www.facebook.com\/canadamotorjobs\/","https:\/\/x.com\/canadamotorjobs","https:\/\/www.instagram.com\/canadamotorjobs\/","https:\/\/www.linkedin.com\/company\/canadamotorjobs"]},{"@type":"Person","@id":"https:\/\/news.canadamotorjobs.com\/#\/schema\/person\/51793d1f87d44011d7bcc2ed99269a90","name":"Benoit Charette","image":{"@type":"ImageObject","inLanguage":"fr-CA","@id":"https:\/\/news.canadamotorjobs.com\/#\/schema\/person\/image\/","url":"https:\/\/secure.gravatar.com\/avatar\/45f3d2eebcccd909668d7ce7ea7267b6?s=96&d=mm&r=g","contentUrl":"https:\/\/secure.gravatar.com\/avatar\/45f3d2eebcccd909668d7ce7ea7267b6?s=96&d=mm&r=g","caption":"Benoit Charette"},"description":"Benoit Charette \/ Propri\u00e9taire et r\u00e9dacteur en chef Benoit Charette pratique le journalisme automobile depuis bient\u00f4t 30 ans. Il a fait ses classes au c\u00f4t\u00e9 de Daniel H\u00e9raud et au Carnet de route de 1992 \u00e0 2001. Il est fondateur, copropri\u00e9taire et r\u00e9dacteur en chef de L\u2019Annuel de l\u2019automobile, qu\u2019il publie depuis 2001. Il a anim\u00e9 les \u00e9missions RPM et RPM+ sur V et les L\u00e9gendes de la route sur Historia. \u00c0 la radio depuis 1986, il reprend l\u2019antenne cette ann\u00e9e sur les ondes de Cogeco et participe pour la deuxi\u00e8me ann\u00e9e \u00e0 l\u2019\u00e9mission Passion Auto sur RDS en plus de mettre en ligne le site Web officiel de L\u2019Annuel de l\u2019automobile sur annuelauto.ca.","sameAs":["https:\/\/annuelauto.ca\/"],"url":"https:\/\/news.canadamotorjobs.com\/fr\/author\/benoit-charette\/"}]}},"_links":{"self":[{"href":"https:\/\/news.canadamotorjobs.com\/fr\/wp-json\/wp\/v2\/posts\/159602"}],"collection":[{"href":"https:\/\/news.canadamotorjobs.com\/fr\/wp-json\/wp\/v2\/posts"}],"about":[{"href":"https:\/\/news.canadamotorjobs.com\/fr\/wp-json\/wp\/v2\/types\/post"}],"author":[{"embeddable":true,"href":"https:\/\/news.canadamotorjobs.com\/fr\/wp-json\/wp\/v2\/users\/8"}],"replies":[{"embeddable":true,"href":"https:\/\/news.canadamotorjobs.com\/fr\/wp-json\/wp\/v2\/comments?post=159602"}],"version-history":[{"count":2,"href":"https:\/\/news.canadamotorjobs.com\/fr\/wp-json\/wp\/v2\/posts\/159602\/revisions"}],"predecessor-version":[{"id":159606,"href":"https:\/\/news.canadamotorjobs.com\/fr\/wp-json\/wp\/v2\/posts\/159602\/revisions\/159606"}],"wp:featuredmedia":[{"embeddable":true,"href":"https:\/\/news.canadamotorjobs.com\/fr\/wp-json\/wp\/v2\/media\/159604"}],"wp:attachment":[{"href":"https:\/\/news.canadamotorjobs.com\/fr\/wp-json\/wp\/v2\/media?parent=159602"}],"wp:term":[{"taxonomy":"category","embeddable":true,"href":"https:\/\/news.canadamotorjobs.com\/fr\/wp-json\/wp\/v2\/categories?post=159602"},{"taxonomy":"post_tag","embeddable":true,"href":"https:\/\/news.canadamotorjobs.com\/fr\/wp-json\/wp\/v2\/tags?post=159602"}],"curies":[{"name":"wp","href":"https:\/\/api.w.org\/{rel}","templated":true}]}}