{"id":159577,"date":"2024-02-22T07:11:46","date_gmt":"2024-02-22T12:11:46","guid":{"rendered":"https:\/\/news.canadamotorjobs.com\/?p=159577"},"modified":"2024-02-22T07:15:33","modified_gmt":"2024-02-22T12:15:33","slug":"ram-1500-2025-le-hemi-est-mort-vive-le-hurricane","status":"publish","type":"post","link":"https:\/\/news.canadamotorjobs.com\/fr\/ram-1500-2025-le-hemi-est-mort-vive-le-hurricane\/","title":{"rendered":"Ram\u00a01500 2025\u00a0: Le Hemi est mort, vive le Hurricane"},"content":{"rendered":"<\/p>\n<p><strong>Austin, Texas<\/strong> \u2013 La g\u00e9n\u00e9ration actuelle du Ram\u00a01500 a \u00e9t\u00e9 lanc\u00e9e pour l\u2019ann\u00e9e\u00a02019. Le mod\u00e8le a \u00e9t\u00e9 peaufin\u00e9 depuis, mais pour 2025, il subit ses premiers changements importants. Essentiellement, on parle de retouches esth\u00e9tiques, de l\u2019arriv\u00e9e d\u2019une nouvelle architecture \u00e9lectrique, de l\u2019ajout d\u2019une variante, mais surtout, d\u2019une transformation importante sous le capot.<\/p>\n<p>En effet, le V8 Hemi de 5,7 litres est envoy\u00e9 \u00e0 la retraite. Il est remplac\u00e9 par un 6-cylindres en ligne turbo de 3,0 litres, qui sera offert sous deux configurations. La premi\u00e8re va proposer 420 chevaux et 468 livres-pieds de couple, la deuxi\u00e8me (H\/O pour High-Output) va d\u00e9livrer 540 chevaux, alors que son couple maximal atteindra 521 livres-pieds. \u00c0 titre de r\u00e9f\u00e9rence, le V8 Hemi crachait 395 chevaux et 410 livres-pieds de couple. Notez que le V6 Pentastar de 3,6\u00a0litres (305 chevaux, 269 livres-pieds de couple) est toujours offert avec les deux versions de base, soit Tradesman et Big Horn.<\/p>\n<h3><strong>Rendement<\/strong><\/h3>\n<p>\nOn a donc plus de puissance, mais \u00e7a se vit de fa\u00e7on diff\u00e9rente derri\u00e8re le volant. On regrette tristement le rugissement du moteur V8, qui est remplac\u00e9 par celui plus timide du 6-cylindres. En revanche, la pouss\u00e9e est plus convaincante, et plus fluide aussi, surtout avec la version H\/O. Tout y est, mais avec un peu moins de testost\u00e9rone. Ce qu\u2019on a remarqu\u00e9, c\u2019est une livraison tr\u00e8s lin\u00e9aire de la puissance avec la configuration r\u00e9guli\u00e8re du moteur. Avec la variante H\/O, c\u2019est plus graduel et plus le r\u00e9gime moteur grimpe, plus \u00e7a devient probant, au point o\u00f9 l\u2019on s\u2019enfonce dans nos si\u00e8ges.<\/p>\n<p>Je ne suis cons\u00e9quemment pas trop inquiet pour le remorquage avec cette m\u00e9canique. Cela dit, la capacit\u00e9 maximale passe de 12\u2009750 \u00e0 11\u2009850 livres, ce qui ne pr\u00e9occupe pas trop les responsables. Ces derniers rappellent que plus de 90 % des acheteurs ne remorquent pas plus de 10\u2009000 livres, et que pour les autres, la gamme 2500 est l\u00e0. Ce n\u2019est pas faux, mais on va assur\u00e9ment jouer l\u2019argument chez Ford et GM. Pour l\u2019envoi de la puissance aux roues, Ram fait toujours appel \u00e0 sa bo\u00eete automatique \u00e0 huit rapports, qui a fait ses preuves et qui se montre efficace depuis son introduction, il y a un peu plus de 10 ans. Ce qui ne change pas, c\u2019est le niveau de confort. Ram est LA r\u00e9f\u00e9rence dans la cat\u00e9gorie et elle entretient fi\u00e8rement ce titre. M\u00eame la version Rebel, avec des pneus tout-terrain, se montre plus civilis\u00e9e que celles de la concurrence, \u00e9quip\u00e9es de gommes similaires.<\/p>\n<h3><strong>Tungsten<\/strong><\/h3>\n<p>\nUn autre domaine o\u00f9 Ram domine, c\u2019est en mati\u00e8re de luxe. M\u00eame si Ford a longtemps \u00e9t\u00e9 la r\u00e9f\u00e9rence et qu\u2019on a dr\u00f4lement rehauss\u00e9 la barre chez General Motors (Chevrolet Silverado et GMC Sierra), c\u2019est \u00e0 bord d\u2019un Ram qu\u2019on retrouve la pr\u00e9sentation la plus riche. Pour 2025, la division en remet avec l\u2019introduction d\u2019une nouvelle variante plus hupp\u00e9e, la Tungsten. En plus d\u2019offrir des mat\u00e9riaux plus nobles et des agencements de couleurs plus raffin\u00e9s, elle livre le nec plus ultra en mati\u00e8re d\u2019\u00e9quipement, que ce soit avec des si\u00e8ges chauffants avec massage ou une cha\u00eene audio Klipsch comptant 23\u00a0haut-parleurs. M\u00eame les contr\u00f4les pour les si\u00e8ges sont \u00e0 la porti\u00e8re, plut\u00f4t que sur le si\u00e8ge, \u00e0 la Mercedes-Benz.<\/p>\n<p>On peut vraiment parler d\u2019une camionnette de luxe. Le prix est en cons\u00e9quence, aussi, \u00e0 quelque 106\u2009000 $. On vous pr\u00e9sente la fourchette au bas. Qu\u2019est-ce qui change, mis \u00e0 part cela\u2009? Concentrons-nous sur deux \u00e9l\u00e9ments<\/p>\n<h3><strong>Le style<\/strong><\/h3>\n<p>\nDans un premier temps, cette mise \u00e0 niveau s\u2019accompagne de retouches stylistiques. C\u2019est l\u00e9ger, on s\u2019entend, mais vous allez reconna\u00eetre les Ram\u00a02025 en jetant un coup d\u2019\u0153il \u00e0 la calandre. Elle est plus massive, mais surtout, les lettres RAM ne sont plus en plein centre, mais bien au centre du haut de la calandre. Chaque version pr\u00e9sente sa propre signature\u2009; Ram conna\u00eet ses acheteurs et leur sert un produit \u00e0 leur image.<\/p>\n<p>Le design des jantes change \u00e9galement, comme c\u2019est souvent la norme lors de mises \u00e0 niveau de mi-parcours.<\/p>\n<h3><strong>L\u2019architecture \u00e9lectrique<\/strong><\/h3>\n<p>\nL\u2019autre \u00e9l\u00e9ment qui est nouveau, mais que vous ne verrez pas en analysant le v\u00e9hicule sous toutes ses coutures, c\u2019est la nouvelle architecture \u00e9lectrique dont il profite. Ces structures, qui servent au bon fonctionnement de quantit\u00e9 de bidules \u00e9lectroniques, occupent un r\u00f4le sans cesse croissant \u00e0 bord des v\u00e9hicules modernes, en raison de la quantit\u00e9 d\u2019\u00e9lectroniques pr\u00e9sente. La nouvelle architecture, nomm\u00e9e Atlantis, fait que certains syst\u00e8mes r\u00e9agissent plus rapidement (c\u2019est le cas des commandes du syst\u00e8me multim\u00e9dia Uconnect 5), mais que d\u2019autres sont aussi ajout\u00e9s \u00e0 l\u2019offre, comme le syst\u00e8me de conduite semi-autonome Active Driving Assist. Un exemple bien simple pour tout comprendre. Le Ram Classique, qui est toujours au menu en 2024, est de plus vieille conception (2009). Son architecture \u00e9lectrique ne lui permet pas de proposer quantit\u00e9 de trucs que l\u2019on retrouve avec ce nouveau Ram. Du reste, voici quelques informations, livr\u00e9es en vrac, concernant ce qui vous attend avec le mod\u00e8le\u00a02025.<\/p>\n<h3>Les prix<\/h3>\n<p><\/p>\n<ul><\/p>\n<li>Ram\u00a01500 Tradesman \u00e0 cabine double : 59\u2009445\u00a0$<\/li>\n<p><\/p>\n<li>Ram\u00a01500 Tradesman \u00e0 cabine d\u2019\u00e9quipe : 60\u2009945\u00a0$<\/li>\n<p><\/p>\n<li>Ram 1500 Big Horn \u00e0 cabine double \u00a0\u00a0\u00a0\u00a0\u00a0 : 62\u2009945 $<\/li>\n<p><\/p>\n<li>Ram\u00a01500 Big Horn \u00e0 cabine d\u2019\u00e9quipe : 64\u2009445\u00a0$<\/li>\n<p><\/p>\n<li>Ram\u00a01500 Sport \u00e0 cabine d\u2019\u00e9quipe : 74\u2009945\u00a0$<\/li>\n<p><\/p>\n<li>Ram\u00a01500 Rebel \u00e0 cabine d\u2019\u00e9quipe : 76\u2009945\u00a0$<\/li>\n<p><\/p>\n<li>Ram\u00a01500 Laramie \u00e0 cabine d\u2019\u00e9quipe : 81\u2009445\u00a0$<\/li>\n<p><\/p>\n<li>Ram\u00a01500 Limited \u00e0 cabine d\u2019\u00e9quipe : 93\u2009945\u00a0$<\/li>\n<p><\/p>\n<li>Ram\u00a01500 Tungsten \u00e0 cabine d\u2019\u00e9quipe : 106\u2009945\u00a0$<\/li>\n<p>\n<\/ul>\n<p>\n\u00a0<\/p>\n<ul><\/p>\n<li>Un rapport de pont a \u00e9t\u00e9 ajout\u00e9 pour le diff\u00e9rentiel arri\u00e8re, soit 3,55. Il s\u2019ajoute aux 3,21 et 3,92 d\u00e9j\u00e0 offerts.<\/li>\n<p><\/p>\n<li>21\u00a0: de s\u00e9rie avec les mod\u00e8les Tradesman et Big Horn. Il n\u2019est pas offert avec les autres.<\/li>\n<p><\/p>\n<li>55\u00a0: De s\u00e9rie avec les versions Sport et Laramie, en option avec Tradesman et Big Horn.<\/li>\n<p><\/p>\n<li>92\u00a0: De s\u00e9rie avec les variantes Rebel, Limited et Tungsten, en option avec Tradesman, Big Horn, Sport et Laramie.<\/li>\n<p><\/p>\n<li>Disponibilit\u00e9 des moteurs<\/li>\n<p><\/p>\n<li>Tradesman et Big Horn\u00a0: V6 de 3,6\u00a0litres, avec la version r\u00e9guli\u00e8re du 6-cylindres en ligne.<\/li>\n<p><\/p>\n<li>Sport, Rebel et Laramie\u00a0: version r\u00e9guli\u00e8re du 6-cylindres en ligne.<\/li>\n<p><\/p>\n<li>Limited, Limited Longhorn et Tungsten\u00a0: version H\/O du 6-cylindres en ligne.<\/li>\n<p><\/p>\n<li>Le poids r\u00e9duit du nouveau moteur (90\u00a0livres) fait qu\u2019on a revu les param\u00e8tres du ch\u00e2ssis \u00e0 l\u2019avant, ainsi que la calibration de la direction. Cette derni\u00e8re est plus l\u00e9g\u00e8re que jamais, et fort agr\u00e9able \u00e0 l\u2019usage.<\/li>\n<p><\/p>\n<li>Les r\u00e9troviseurs surdimensionn\u00e9s de la version Rebel essay\u00e9e sont vraiment trop gros, au point o\u00f9 \u00e7a devient un enjeu de s\u00e9curit\u00e9, tant pour la visibilit\u00e9 que pour le risque de heurter pi\u00e9tons et cyclistes.<\/li>\n<p>\n<\/ul>\n<p><\/p>\n<h3>Conclusion<\/h3>\n<p>\nL\u2019heure est \u00e0 la r\u00e9duction des moteurs \u00e0 travers l\u2019industrie. La tendance touche le march\u00e9 depuis plus de 10 ans, et elle rejoint tranquillement l\u2019univers des camionnettes pleine grandeur. Il faudra voir qu\u2019elle sera la r\u00e9ponse des acheteurs. Pour l\u2019efficacit\u00e9, tout y est, la testost\u00e9rone en moins. En ce qui a trait \u00e0 la fiabilit\u00e9, le nouveau bloc devra faire ses preuves. Seul le temps pourra nous fournir les r\u00e9ponses que nous aimerions avoir en ce moment.<\/p>\n<p>\u00a0<\/p>\n<h3>Forces<\/h3>\n<p>\nPuissance impressionnante de la version H\/O<\/p>\n<p>Direction bien calibr\u00e9e et agr\u00e9able \u00e0 l\u2019usage.<\/p>\n<p>Toujours la cabine la plus luxueuse de la cat\u00e9gorie<\/p>\n<p>Niveau de confort plut\u00f4t remarquable<\/p>\n<p>\u00a0<\/p>\n<h3>Faiblesses<\/h3>\n<p>\nLa sonorit\u00e9 du V8 Hemi va nous manquer<\/p>\n<p>Fiabilit\u00e9\u00a0: le travail reste \u00e0 faire<\/p>\n<p>L\u00e9ger retrait de la capacit\u00e9 de remorquage<\/p>\n<p>\u00a0<\/p>\n<p>\u00a0<\/p>\n<p>\u00a0<\/p>\n<p>\u00a0<\/p>\n<p>\u00a0<\/p>\n<p>\u00a0<\/p>\n<p>\u00a0<\/p>\n<p>\u00a0<\/p>\n<p>\u00a0<\/p>\n<p>Le texte <a rel=\"nofollow\" href=\"https:\/\/annuelauto.ca\/ram-1500-2025-le-hemi-est-mort-vive-le-hurricane\/\">Ram\u00a01500 2025\u00a0: Le Hemi est mort, vive le Hurricane<\/a> provient de <a rel=\"nofollow\" href=\"https:\/\/annuelauto.ca\">L&#8217;annuel de l&#8217;automobile &#8211; Actualit\u00e9 automobile<\/a><\/p>\n<p><\/p>\n","protected":false},"excerpt":{"rendered":"<p>Austin, Texas \u2013 La g\u00e9n\u00e9ration actuelle du Ram\u00a01500 a \u00e9t\u00e9 lanc\u00e9e pour l\u2019ann\u00e9e\u00a02019. Le mod\u00e8le a \u00e9t\u00e9 peaufin\u00e9 depuis, mais pour 2025, il subit ses premiers changements importants. Essentiellement, on parle de retouches esth\u00e9tiques, de l\u2019arriv\u00e9e d\u2019une nouvelle architecture \u00e9lectrique, de l\u2019ajout d\u2019une variante, mais surtout, d\u2019une transformation importante sous le capot. En effet, le [&hellip;]<\/p>\n","protected":false},"author":8,"featured_media":159579,"comment_status":"close","ping_status":"closed","sticky":false,"template":"","format":"standard","meta":{"_monsterinsights_skip_tracking":false,"_monsterinsights_sitenote_active":false,"_monsterinsights_sitenote_note":"","_monsterinsights_sitenote_category":0,"footnotes":""},"categories":[101],"tags":[],"yoast_head":"<!-- This site is optimized with the Yoast SEO plugin v23.2 - https:\/\/yoast.com\/wordpress\/plugins\/seo\/ -->\n<title>Ram\u00a01500 2025\u00a0: Le Hemi est mort, vive le Hurricane - CanadaMotorJobs.com<\/title>\n<meta name=\"description\" content=\"Ram\u00a01500 2025\u00a0: Le Hemi est mort, vive le Hurricane - Benoit Charette - Annuel automobile - CanadaMotorJobs.com.\" \/>\n<meta name=\"robots\" content=\"index, follow, max-snippet:-1, max-image-preview:large, max-video-preview:-1\" \/>\n<meta property=\"og:locale\" content=\"fr_CA\" \/>\n<meta property=\"og:type\" content=\"article\" \/>\n<meta property=\"og:title\" content=\"Ram\u00a01500 2025\u00a0: Le Hemi est mort, vive le Hurricane - CanadaMotorJobs.com\" \/>\n<meta property=\"og:description\" content=\"Ram\u00a01500 2025\u00a0: Le Hemi est mort, vive le Hurricane - Benoit Charette - Annuel automobile - CanadaMotorJobs.com.\" \/>\n<meta property=\"og:url\" content=\"https:\/\/news.canadamotorjobs.com\/fr\/ram-1500-2025-le-hemi-est-mort-vive-le-hurricane\/\" \/>\n<meta property=\"og:site_name\" content=\"CanadaMotorJobs.com\" \/>\n<meta property=\"article:publisher\" content=\"https:\/\/www.facebook.com\/canadamotorjobs\/\" \/>\n<meta property=\"article:published_time\" content=\"2024-02-22T12:11:46+00:00\" \/>\n<meta property=\"article:modified_time\" content=\"2024-02-22T12:15:33+00:00\" \/>\n<meta property=\"og:image\" content=\"https:\/\/news.canadamotorjobs.com\/wp-content\/uploads\/2024\/02\/Ram-1500-2025-62.jpg\" \/>\n\t<meta property=\"og:image:width\" content=\"1200\" \/>\n\t<meta property=\"og:image:height\" content=\"800\" \/>\n\t<meta property=\"og:image:type\" content=\"image\/jpeg\" \/>\n<meta name=\"author\" content=\"Benoit Charette\" \/>\n<meta name=\"twitter:card\" content=\"summary_large_image\" \/>\n<meta name=\"twitter:creator\" content=\"@canadamotorjobs\" \/>\n<meta name=\"twitter:site\" content=\"@canadamotorjobs\" \/>\n<meta name=\"twitter:label1\" content=\"\u00c9crit par\" \/>\n\t<meta name=\"twitter:data1\" content=\"Benoit Charette\" \/>\n\t<meta name=\"twitter:label2\" content=\"Estimation du temps de lecture\" \/>\n\t<meta name=\"twitter:data2\" content=\"6 minutes\" \/>\n<!-- \/ Yoast SEO plugin. -->","yoast_head_json":{"title":"Ram\u00a01500 2025\u00a0: Le Hemi est mort, vive le Hurricane - CanadaMotorJobs.com","description":"Ram\u00a01500 2025\u00a0: Le Hemi est mort, vive le Hurricane - Benoit Charette - Annuel automobile - CanadaMotorJobs.com.","robots":{"index":"index","follow":"follow","max-snippet":"max-snippet:-1","max-image-preview":"max-image-preview:large","max-video-preview":"max-video-preview:-1"},"og_locale":"fr_CA","og_type":"article","og_title":"Ram\u00a01500 2025\u00a0: Le Hemi est mort, vive le Hurricane - CanadaMotorJobs.com","og_description":"Ram\u00a01500 2025\u00a0: Le Hemi est mort, vive le Hurricane - Benoit Charette - Annuel automobile - CanadaMotorJobs.com.","og_url":"https:\/\/news.canadamotorjobs.com\/fr\/ram-1500-2025-le-hemi-est-mort-vive-le-hurricane\/","og_site_name":"CanadaMotorJobs.com","article_publisher":"https:\/\/www.facebook.com\/canadamotorjobs\/","article_published_time":"2024-02-22T12:11:46+00:00","article_modified_time":"2024-02-22T12:15:33+00:00","og_image":[{"width":1200,"height":800,"url":"https:\/\/news.canadamotorjobs.com\/wp-content\/uploads\/2024\/02\/Ram-1500-2025-62.jpg","type":"image\/jpeg"}],"author":"Benoit Charette","twitter_card":"summary_large_image","twitter_creator":"@canadamotorjobs","twitter_site":"@canadamotorjobs","twitter_misc":{"\u00c9crit par":"Benoit Charette","Estimation du temps de lecture":"6 minutes"},"schema":{"@context":"https:\/\/schema.org","@graph":[{"@type":"Article","@id":"https:\/\/news.canadamotorjobs.com\/fr\/ram-1500-2025-le-hemi-est-mort-vive-le-hurricane\/#article","isPartOf":{"@id":"https:\/\/news.canadamotorjobs.com\/fr\/ram-1500-2025-le-hemi-est-mort-vive-le-hurricane\/"},"author":{"name":"Benoit Charette","@id":"https:\/\/news.canadamotorjobs.com\/#\/schema\/person\/51793d1f87d44011d7bcc2ed99269a90"},"headline":"Ram\u00a01500 2025\u00a0: Le Hemi est mort, vive le Hurricane","datePublished":"2024-02-22T12:11:46+00:00","dateModified":"2024-02-22T12:15:33+00:00","mainEntityOfPage":{"@id":"https:\/\/news.canadamotorjobs.com\/fr\/ram-1500-2025-le-hemi-est-mort-vive-le-hurricane\/"},"wordCount":1307,"publisher":{"@id":"https:\/\/news.canadamotorjobs.com\/#organization"},"image":{"@id":"https:\/\/news.canadamotorjobs.com\/fr\/ram-1500-2025-le-hemi-est-mort-vive-le-hurricane\/#primaryimage"},"thumbnailUrl":"https:\/\/news.canadamotorjobs.com\/wp-content\/uploads\/2024\/02\/Ram-1500-2025-62.jpg","articleSection":["Annuel automobile"],"inLanguage":"fr-CA"},{"@type":"WebPage","@id":"https:\/\/news.canadamotorjobs.com\/fr\/ram-1500-2025-le-hemi-est-mort-vive-le-hurricane\/","url":"https:\/\/news.canadamotorjobs.com\/fr\/ram-1500-2025-le-hemi-est-mort-vive-le-hurricane\/","name":"Ram\u00a01500 2025\u00a0: Le Hemi est mort, vive le Hurricane - CanadaMotorJobs.com","isPartOf":{"@id":"https:\/\/news.canadamotorjobs.com\/#website"},"primaryImageOfPage":{"@id":"https:\/\/news.canadamotorjobs.com\/fr\/ram-1500-2025-le-hemi-est-mort-vive-le-hurricane\/#primaryimage"},"image":{"@id":"https:\/\/news.canadamotorjobs.com\/fr\/ram-1500-2025-le-hemi-est-mort-vive-le-hurricane\/#primaryimage"},"thumbnailUrl":"https:\/\/news.canadamotorjobs.com\/wp-content\/uploads\/2024\/02\/Ram-1500-2025-62.jpg","datePublished":"2024-02-22T12:11:46+00:00","dateModified":"2024-02-22T12:15:33+00:00","description":"Ram\u00a01500 2025\u00a0: Le Hemi est mort, vive le Hurricane - Benoit Charette - Annuel automobile - CanadaMotorJobs.com.","breadcrumb":{"@id":"https:\/\/news.canadamotorjobs.com\/fr\/ram-1500-2025-le-hemi-est-mort-vive-le-hurricane\/#breadcrumb"},"inLanguage":"fr-CA","potentialAction":[{"@type":"ReadAction","target":["https:\/\/news.canadamotorjobs.com\/fr\/ram-1500-2025-le-hemi-est-mort-vive-le-hurricane\/"]}]},{"@type":"ImageObject","inLanguage":"fr-CA","@id":"https:\/\/news.canadamotorjobs.com\/fr\/ram-1500-2025-le-hemi-est-mort-vive-le-hurricane\/#primaryimage","url":"https:\/\/news.canadamotorjobs.com\/wp-content\/uploads\/2024\/02\/Ram-1500-2025-62.jpg","contentUrl":"https:\/\/news.canadamotorjobs.com\/wp-content\/uploads\/2024\/02\/Ram-1500-2025-62.jpg","width":1200,"height":800},{"@type":"BreadcrumbList","@id":"https:\/\/news.canadamotorjobs.com\/fr\/ram-1500-2025-le-hemi-est-mort-vive-le-hurricane\/#breadcrumb","itemListElement":[{"@type":"ListItem","position":1,"name":"Home","item":"https:\/\/news.canadamotorjobs.com\/fr\/blog\/"},{"@type":"ListItem","position":2,"name":"Ram\u00a01500 2025\u00a0: Le Hemi est mort, vive le Hurricane"}]},{"@type":"WebSite","@id":"https:\/\/news.canadamotorjobs.com\/#website","url":"https:\/\/news.canadamotorjobs.com\/","name":"CanadaMotorJobs.com","description":"Automotive Jobs","publisher":{"@id":"https:\/\/news.canadamotorjobs.com\/#organization"},"potentialAction":[{"@type":"SearchAction","target":{"@type":"EntryPoint","urlTemplate":"https:\/\/news.canadamotorjobs.com\/?s={search_term_string}"},"query-input":"required name=search_term_string"}],"inLanguage":"fr-CA"},{"@type":"Organization","@id":"https:\/\/news.canadamotorjobs.com\/#organization","name":"Canada Motor Jobs","url":"https:\/\/news.canadamotorjobs.com\/","logo":{"@type":"ImageObject","inLanguage":"fr-CA","@id":"https:\/\/news.canadamotorjobs.com\/#\/schema\/logo\/image\/","url":"https:\/\/news.canadamotorjobs.com\/wp-content\/uploads\/2022\/10\/logo-canada-motor-jobs-1.png","contentUrl":"https:\/\/news.canadamotorjobs.com\/wp-content\/uploads\/2022\/10\/logo-canada-motor-jobs-1.png","width":800,"height":400,"caption":"Canada Motor Jobs"},"image":{"@id":"https:\/\/news.canadamotorjobs.com\/#\/schema\/logo\/image\/"},"sameAs":["https:\/\/www.facebook.com\/canadamotorjobs\/","https:\/\/x.com\/canadamotorjobs","https:\/\/www.instagram.com\/canadamotorjobs\/","https:\/\/www.linkedin.com\/company\/canadamotorjobs"]},{"@type":"Person","@id":"https:\/\/news.canadamotorjobs.com\/#\/schema\/person\/51793d1f87d44011d7bcc2ed99269a90","name":"Benoit Charette","image":{"@type":"ImageObject","inLanguage":"fr-CA","@id":"https:\/\/news.canadamotorjobs.com\/#\/schema\/person\/image\/","url":"https:\/\/secure.gravatar.com\/avatar\/45f3d2eebcccd909668d7ce7ea7267b6?s=96&d=mm&r=g","contentUrl":"https:\/\/secure.gravatar.com\/avatar\/45f3d2eebcccd909668d7ce7ea7267b6?s=96&d=mm&r=g","caption":"Benoit Charette"},"description":"Benoit Charette \/ Propri\u00e9taire et r\u00e9dacteur en chef Benoit Charette pratique le journalisme automobile depuis bient\u00f4t 30 ans. Il a fait ses classes au c\u00f4t\u00e9 de Daniel H\u00e9raud et au Carnet de route de 1992 \u00e0 2001. Il est fondateur, copropri\u00e9taire et r\u00e9dacteur en chef de L\u2019Annuel de l\u2019automobile, qu\u2019il publie depuis 2001. Il a anim\u00e9 les \u00e9missions RPM et RPM+ sur V et les L\u00e9gendes de la route sur Historia. \u00c0 la radio depuis 1986, il reprend l\u2019antenne cette ann\u00e9e sur les ondes de Cogeco et participe pour la deuxi\u00e8me ann\u00e9e \u00e0 l\u2019\u00e9mission Passion Auto sur RDS en plus de mettre en ligne le site Web officiel de L\u2019Annuel de l\u2019automobile sur annuelauto.ca.","sameAs":["https:\/\/annuelauto.ca\/"],"url":"https:\/\/news.canadamotorjobs.com\/fr\/author\/benoit-charette\/"}]}},"_links":{"self":[{"href":"https:\/\/news.canadamotorjobs.com\/fr\/wp-json\/wp\/v2\/posts\/159577"}],"collection":[{"href":"https:\/\/news.canadamotorjobs.com\/fr\/wp-json\/wp\/v2\/posts"}],"about":[{"href":"https:\/\/news.canadamotorjobs.com\/fr\/wp-json\/wp\/v2\/types\/post"}],"author":[{"embeddable":true,"href":"https:\/\/news.canadamotorjobs.com\/fr\/wp-json\/wp\/v2\/users\/8"}],"replies":[{"embeddable":true,"href":"https:\/\/news.canadamotorjobs.com\/fr\/wp-json\/wp\/v2\/comments?post=159577"}],"version-history":[{"count":2,"href":"https:\/\/news.canadamotorjobs.com\/fr\/wp-json\/wp\/v2\/posts\/159577\/revisions"}],"predecessor-version":[{"id":159581,"href":"https:\/\/news.canadamotorjobs.com\/fr\/wp-json\/wp\/v2\/posts\/159577\/revisions\/159581"}],"wp:featuredmedia":[{"embeddable":true,"href":"https:\/\/news.canadamotorjobs.com\/fr\/wp-json\/wp\/v2\/media\/159579"}],"wp:attachment":[{"href":"https:\/\/news.canadamotorjobs.com\/fr\/wp-json\/wp\/v2\/media?parent=159577"}],"wp:term":[{"taxonomy":"category","embeddable":true,"href":"https:\/\/news.canadamotorjobs.com\/fr\/wp-json\/wp\/v2\/categories?post=159577"},{"taxonomy":"post_tag","embeddable":true,"href":"https:\/\/news.canadamotorjobs.com\/fr\/wp-json\/wp\/v2\/tags?post=159577"}],"curies":[{"name":"wp","href":"https:\/\/api.w.org\/{rel}","templated":true}]}}