{"id":159495,"date":"2024-02-20T06:23:36","date_gmt":"2024-02-20T11:23:36","guid":{"rendered":"https:\/\/news.canadamotorjobs.com\/?p=159495"},"modified":"2024-02-21T16:29:53","modified_gmt":"2024-02-21T21:29:53","slug":"gm-met-en-pause-la-vente-de-ses-pick-up-colorado-et-canyon","status":"publish","type":"post","link":"https:\/\/news.canadamotorjobs.com\/fr\/gm-met-en-pause-la-vente-de-ses-pick-up-colorado-et-canyon\/","title":{"rendered":"GM met en pause la vente de ses pick-up Colorado et Canyon"},"content":{"rendered":"<\/p>\n<h3><strong>D\u00e9lai pour assurer la fonctionnalit\u00e9 du logiciel<\/strong><\/h3>\n<p>\nGeneral Motors reporte les premi\u00e8res ventes de ses pickups interm\u00e9diaires de 2024 pour garantir le bon fonctionnement du logiciel.<\/p>\n<h3><strong>Probl\u00e8mes de qualit\u00e9 logicielle identifi\u00e9s<\/strong><\/h3>\n<p>\nLes ventes des nouveaux mod\u00e8les GMC Canyon et Chevrolet Colorado de l&#8217;ann\u00e9e mod\u00e8le 2024 sont retard\u00e9es en raison d&#8217;un probl\u00e8me logiciel en cours de correction.<\/p>\n<h3><strong>15 000 pickups affect\u00e9s<\/strong><\/h3>\n<p>\nEnviron 15 000 pickups sont touch\u00e9s par cette d\u00e9cision, selon un porte-parole de GMC, bien que les v\u00e9hicules aient commenc\u00e9 \u00e0 \u00eatre exp\u00e9di\u00e9s aux concessionnaires.<\/p>\n<h3><strong>Pas de probl\u00e8me de s\u00e9curit\u00e9 signal\u00e9<\/strong><\/h3>\n<p>\nGeneral Motors assure que l&#8217;arr\u00eat des ventes n&#8217;est pas li\u00e9 \u00e0 un probl\u00e8me de s\u00e9curit\u00e9 et devrait \u00eatre lev\u00e9 prochainement.<\/p>\n<h3><strong>Intervention rapide<br \/>\n<\/strong><\/h3>\n<p>\nBrandee Barker, vice-pr\u00e9sidente des communications technologiques mondiales de GM, explique que des probl\u00e8mes intermittents de qualit\u00e9 logicielle ont \u00e9t\u00e9 identifi\u00e9s et r\u00e9solus rapidement.<\/p>\n<h3><strong>Nouvelles mesures apr\u00e8s l&#8217;arr\u00eat de vente du Blazer EV<\/strong><\/h3>\n<p>\nSuite \u00e0 un arr\u00eat de vente li\u00e9 au logiciel sur le Blazer EV l&#8217;ann\u00e9e derni\u00e8re, GM a renforc\u00e9 ses processus de test et de qualit\u00e9 sous la direction de Mike Abbott, vice-pr\u00e9sident ex\u00e9cutif du logiciel et des services.<\/p>\n<h3><strong>Engagement envers la qualit\u00e9 et l&#8217;exp\u00e9rience client<\/strong><\/h3>\n<p>\nGM exprime sa d\u00e9ception face \u00e0 la pause des ventes mais r\u00e9affirme son engagement envers la qualit\u00e9 et l&#8217;exp\u00e9rience client, soulignant que les mises \u00e0 jour logicielles seront int\u00e9gr\u00e9es r\u00e9guli\u00e8rement.<\/p>\n<h3><strong>Les experts sont sur le cas<br \/>\n<\/strong><\/h3>\n<p>\nUne \u00e9quipe de leadership logiciel de classe mondiale travaille activement pour r\u00e9soudre les probl\u00e8mes \u00e0 court terme tout en r\u00e9visant les processus de d\u00e9veloppement et de validation logiciels pour l&#8217;avenir.<\/p>\n<h3><strong>Confiance dans des logiciels d\u00e9passant les attentes des clients<\/strong><\/h3>\n<p>\nMalgr\u00e9 les d\u00e9fis, GM exprime sa confiance dans le fait que ses v\u00e9hicules auront des logiciels d\u00e9passant les attentes des clients.<\/p>\n<p>Avec des renseignements d\u2019Automotive News<\/p>\n<p>Le texte <a rel=\"nofollow\" href=\"https:\/\/annuelauto.ca\/gm-met-en-pause-la-vente-de-ses-pick-up-colorado-et-canyon\/\">GM met en pause la vente de ses pick-up Colorado et Canyon<\/a> provient de <a rel=\"nofollow\" href=\"https:\/\/annuelauto.ca\">L&#8217;annuel de l&#8217;automobile &#8211; Actualit\u00e9 automobile<\/a><\/p>\n<p><\/p>\n","protected":false},"excerpt":{"rendered":"<p>D\u00e9lai pour assurer la fonctionnalit\u00e9 du logiciel General Motors reporte les premi\u00e8res ventes de ses pickups interm\u00e9diaires de 2024 pour garantir le bon fonctionnement du logiciel. Probl\u00e8mes de qualit\u00e9 logicielle identifi\u00e9s Les ventes des nouveaux mod\u00e8les GMC Canyon et Chevrolet Colorado de l&#8217;ann\u00e9e mod\u00e8le 2024 sont retard\u00e9es en raison d&#8217;un probl\u00e8me logiciel en cours de [&hellip;]<\/p>\n","protected":false},"author":8,"featured_media":159497,"comment_status":"closed","ping_status":"closed","sticky":false,"template":"","format":"standard","meta":{"_monsterinsights_skip_tracking":false,"_monsterinsights_sitenote_active":false,"_monsterinsights_sitenote_note":"","_monsterinsights_sitenote_category":0,"footnotes":""},"categories":[101],"tags":[],"yoast_head":"<!-- This site is optimized with the Yoast SEO plugin v23.2 - https:\/\/yoast.com\/wordpress\/plugins\/seo\/ -->\n<title>GM met en pause la vente de ses pick-up Colorado et Canyon - CanadaMotorJobs.com<\/title>\n<meta name=\"description\" content=\"GM met en pause la vente de ses pick-up Colorado et Canyon - Benoit Charette - Annuel automobile - CanadaMotorJobs.com.\" \/>\n<meta name=\"robots\" content=\"index, follow, max-snippet:-1, max-image-preview:large, max-video-preview:-1\" \/>\n<meta property=\"og:locale\" content=\"fr_CA\" \/>\n<meta property=\"og:type\" content=\"article\" \/>\n<meta property=\"og:title\" content=\"GM met en pause la vente de ses pick-up Colorado et Canyon - CanadaMotorJobs.com\" \/>\n<meta property=\"og:description\" content=\"GM met en pause la vente de ses pick-up Colorado et Canyon - Benoit Charette - Annuel automobile - CanadaMotorJobs.com.\" \/>\n<meta property=\"og:url\" content=\"https:\/\/news.canadamotorjobs.com\/fr\/gm-met-en-pause-la-vente-de-ses-pick-up-colorado-et-canyon\/\" \/>\n<meta property=\"og:site_name\" content=\"CanadaMotorJobs.com\" \/>\n<meta property=\"article:publisher\" content=\"https:\/\/www.facebook.com\/canadamotorjobs\/\" \/>\n<meta property=\"article:published_time\" content=\"2024-02-20T11:23:36+00:00\" \/>\n<meta property=\"article:modified_time\" content=\"2024-02-21T21:29:53+00:00\" \/>\n<meta property=\"og:image\" content=\"https:\/\/news.canadamotorjobs.com\/wp-content\/uploads\/2024\/02\/575031-chevrolet-colorado-zr2-bison-2024-la-bete-est-de-retour-4.jpeg\" \/>\n\t<meta property=\"og:image:width\" content=\"1920\" \/>\n\t<meta property=\"og:image:height\" content=\"1200\" \/>\n\t<meta property=\"og:image:type\" content=\"image\/jpeg\" \/>\n<meta name=\"author\" content=\"Benoit Charette\" \/>\n<meta name=\"twitter:card\" content=\"summary_large_image\" \/>\n<meta name=\"twitter:creator\" content=\"@canadamotorjobs\" \/>\n<meta name=\"twitter:site\" content=\"@canadamotorjobs\" \/>\n<meta name=\"twitter:label1\" content=\"\u00c9crit par\" \/>\n\t<meta name=\"twitter:data1\" content=\"Benoit Charette\" \/>\n\t<meta name=\"twitter:label2\" content=\"Estimation du temps de lecture\" \/>\n\t<meta name=\"twitter:data2\" content=\"2 minutes\" \/>\n<!-- \/ Yoast SEO plugin. -->","yoast_head_json":{"title":"GM met en pause la vente de ses pick-up Colorado et Canyon - CanadaMotorJobs.com","description":"GM met en pause la vente de ses pick-up Colorado et Canyon - Benoit Charette - Annuel automobile - CanadaMotorJobs.com.","robots":{"index":"index","follow":"follow","max-snippet":"max-snippet:-1","max-image-preview":"max-image-preview:large","max-video-preview":"max-video-preview:-1"},"og_locale":"fr_CA","og_type":"article","og_title":"GM met en pause la vente de ses pick-up Colorado et Canyon - CanadaMotorJobs.com","og_description":"GM met en pause la vente de ses pick-up Colorado et Canyon - Benoit Charette - Annuel automobile - CanadaMotorJobs.com.","og_url":"https:\/\/news.canadamotorjobs.com\/fr\/gm-met-en-pause-la-vente-de-ses-pick-up-colorado-et-canyon\/","og_site_name":"CanadaMotorJobs.com","article_publisher":"https:\/\/www.facebook.com\/canadamotorjobs\/","article_published_time":"2024-02-20T11:23:36+00:00","article_modified_time":"2024-02-21T21:29:53+00:00","og_image":[{"width":1920,"height":1200,"url":"https:\/\/news.canadamotorjobs.com\/wp-content\/uploads\/2024\/02\/575031-chevrolet-colorado-zr2-bison-2024-la-bete-est-de-retour-4.jpeg","type":"image\/jpeg"}],"author":"Benoit Charette","twitter_card":"summary_large_image","twitter_creator":"@canadamotorjobs","twitter_site":"@canadamotorjobs","twitter_misc":{"\u00c9crit par":"Benoit Charette","Estimation du temps de lecture":"2 minutes"},"schema":{"@context":"https:\/\/schema.org","@graph":[{"@type":"Article","@id":"https:\/\/news.canadamotorjobs.com\/fr\/gm-met-en-pause-la-vente-de-ses-pick-up-colorado-et-canyon\/#article","isPartOf":{"@id":"https:\/\/news.canadamotorjobs.com\/fr\/gm-met-en-pause-la-vente-de-ses-pick-up-colorado-et-canyon\/"},"author":{"name":"Benoit Charette","@id":"https:\/\/news.canadamotorjobs.com\/#\/schema\/person\/51793d1f87d44011d7bcc2ed99269a90"},"headline":"GM met en pause la vente de ses pick-up Colorado et Canyon","datePublished":"2024-02-20T11:23:36+00:00","dateModified":"2024-02-21T21:29:53+00:00","mainEntityOfPage":{"@id":"https:\/\/news.canadamotorjobs.com\/fr\/gm-met-en-pause-la-vente-de-ses-pick-up-colorado-et-canyon\/"},"wordCount":372,"publisher":{"@id":"https:\/\/news.canadamotorjobs.com\/#organization"},"image":{"@id":"https:\/\/news.canadamotorjobs.com\/fr\/gm-met-en-pause-la-vente-de-ses-pick-up-colorado-et-canyon\/#primaryimage"},"thumbnailUrl":"https:\/\/news.canadamotorjobs.com\/wp-content\/uploads\/2024\/02\/575031-chevrolet-colorado-zr2-bison-2024-la-bete-est-de-retour-4.jpeg","articleSection":["Annuel automobile"],"inLanguage":"fr-CA"},{"@type":"WebPage","@id":"https:\/\/news.canadamotorjobs.com\/fr\/gm-met-en-pause-la-vente-de-ses-pick-up-colorado-et-canyon\/","url":"https:\/\/news.canadamotorjobs.com\/fr\/gm-met-en-pause-la-vente-de-ses-pick-up-colorado-et-canyon\/","name":"GM met en pause la vente de ses pick-up Colorado et Canyon - CanadaMotorJobs.com","isPartOf":{"@id":"https:\/\/news.canadamotorjobs.com\/#website"},"primaryImageOfPage":{"@id":"https:\/\/news.canadamotorjobs.com\/fr\/gm-met-en-pause-la-vente-de-ses-pick-up-colorado-et-canyon\/#primaryimage"},"image":{"@id":"https:\/\/news.canadamotorjobs.com\/fr\/gm-met-en-pause-la-vente-de-ses-pick-up-colorado-et-canyon\/#primaryimage"},"thumbnailUrl":"https:\/\/news.canadamotorjobs.com\/wp-content\/uploads\/2024\/02\/575031-chevrolet-colorado-zr2-bison-2024-la-bete-est-de-retour-4.jpeg","datePublished":"2024-02-20T11:23:36+00:00","dateModified":"2024-02-21T21:29:53+00:00","description":"GM met en pause la vente de ses pick-up Colorado et Canyon - Benoit Charette - Annuel automobile - CanadaMotorJobs.com.","breadcrumb":{"@id":"https:\/\/news.canadamotorjobs.com\/fr\/gm-met-en-pause-la-vente-de-ses-pick-up-colorado-et-canyon\/#breadcrumb"},"inLanguage":"fr-CA","potentialAction":[{"@type":"ReadAction","target":["https:\/\/news.canadamotorjobs.com\/fr\/gm-met-en-pause-la-vente-de-ses-pick-up-colorado-et-canyon\/"]}]},{"@type":"ImageObject","inLanguage":"fr-CA","@id":"https:\/\/news.canadamotorjobs.com\/fr\/gm-met-en-pause-la-vente-de-ses-pick-up-colorado-et-canyon\/#primaryimage","url":"https:\/\/news.canadamotorjobs.com\/wp-content\/uploads\/2024\/02\/575031-chevrolet-colorado-zr2-bison-2024-la-bete-est-de-retour-4.jpeg","contentUrl":"https:\/\/news.canadamotorjobs.com\/wp-content\/uploads\/2024\/02\/575031-chevrolet-colorado-zr2-bison-2024-la-bete-est-de-retour-4.jpeg","width":1920,"height":1200},{"@type":"BreadcrumbList","@id":"https:\/\/news.canadamotorjobs.com\/fr\/gm-met-en-pause-la-vente-de-ses-pick-up-colorado-et-canyon\/#breadcrumb","itemListElement":[{"@type":"ListItem","position":1,"name":"Home","item":"https:\/\/news.canadamotorjobs.com\/fr\/blog\/"},{"@type":"ListItem","position":2,"name":"GM met en pause la vente de ses pick-up Colorado et Canyon"}]},{"@type":"WebSite","@id":"https:\/\/news.canadamotorjobs.com\/#website","url":"https:\/\/news.canadamotorjobs.com\/","name":"CanadaMotorJobs.com","description":"Automotive Jobs","publisher":{"@id":"https:\/\/news.canadamotorjobs.com\/#organization"},"potentialAction":[{"@type":"SearchAction","target":{"@type":"EntryPoint","urlTemplate":"https:\/\/news.canadamotorjobs.com\/?s={search_term_string}"},"query-input":"required name=search_term_string"}],"inLanguage":"fr-CA"},{"@type":"Organization","@id":"https:\/\/news.canadamotorjobs.com\/#organization","name":"Canada Motor Jobs","url":"https:\/\/news.canadamotorjobs.com\/","logo":{"@type":"ImageObject","inLanguage":"fr-CA","@id":"https:\/\/news.canadamotorjobs.com\/#\/schema\/logo\/image\/","url":"https:\/\/news.canadamotorjobs.com\/wp-content\/uploads\/2022\/10\/logo-canada-motor-jobs-1.png","contentUrl":"https:\/\/news.canadamotorjobs.com\/wp-content\/uploads\/2022\/10\/logo-canada-motor-jobs-1.png","width":800,"height":400,"caption":"Canada Motor Jobs"},"image":{"@id":"https:\/\/news.canadamotorjobs.com\/#\/schema\/logo\/image\/"},"sameAs":["https:\/\/www.facebook.com\/canadamotorjobs\/","https:\/\/x.com\/canadamotorjobs","https:\/\/www.instagram.com\/canadamotorjobs\/","https:\/\/www.linkedin.com\/company\/canadamotorjobs"]},{"@type":"Person","@id":"https:\/\/news.canadamotorjobs.com\/#\/schema\/person\/51793d1f87d44011d7bcc2ed99269a90","name":"Benoit Charette","image":{"@type":"ImageObject","inLanguage":"fr-CA","@id":"https:\/\/news.canadamotorjobs.com\/#\/schema\/person\/image\/","url":"https:\/\/secure.gravatar.com\/avatar\/45f3d2eebcccd909668d7ce7ea7267b6?s=96&d=mm&r=g","contentUrl":"https:\/\/secure.gravatar.com\/avatar\/45f3d2eebcccd909668d7ce7ea7267b6?s=96&d=mm&r=g","caption":"Benoit Charette"},"description":"Benoit Charette \/ Propri\u00e9taire et r\u00e9dacteur en chef Benoit Charette pratique le journalisme automobile depuis bient\u00f4t 30 ans. Il a fait ses classes au c\u00f4t\u00e9 de Daniel H\u00e9raud et au Carnet de route de 1992 \u00e0 2001. Il est fondateur, copropri\u00e9taire et r\u00e9dacteur en chef de L\u2019Annuel de l\u2019automobile, qu\u2019il publie depuis 2001. Il a anim\u00e9 les \u00e9missions RPM et RPM+ sur V et les L\u00e9gendes de la route sur Historia. \u00c0 la radio depuis 1986, il reprend l\u2019antenne cette ann\u00e9e sur les ondes de Cogeco et participe pour la deuxi\u00e8me ann\u00e9e \u00e0 l\u2019\u00e9mission Passion Auto sur RDS en plus de mettre en ligne le site Web officiel de L\u2019Annuel de l\u2019automobile sur annuelauto.ca.","sameAs":["https:\/\/annuelauto.ca\/"],"url":"https:\/\/news.canadamotorjobs.com\/fr\/author\/benoit-charette\/"}]}},"_links":{"self":[{"href":"https:\/\/news.canadamotorjobs.com\/fr\/wp-json\/wp\/v2\/posts\/159495"}],"collection":[{"href":"https:\/\/news.canadamotorjobs.com\/fr\/wp-json\/wp\/v2\/posts"}],"about":[{"href":"https:\/\/news.canadamotorjobs.com\/fr\/wp-json\/wp\/v2\/types\/post"}],"author":[{"embeddable":true,"href":"https:\/\/news.canadamotorjobs.com\/fr\/wp-json\/wp\/v2\/users\/8"}],"replies":[{"embeddable":true,"href":"https:\/\/news.canadamotorjobs.com\/fr\/wp-json\/wp\/v2\/comments?post=159495"}],"version-history":[{"count":2,"href":"https:\/\/news.canadamotorjobs.com\/fr\/wp-json\/wp\/v2\/posts\/159495\/revisions"}],"predecessor-version":[{"id":159499,"href":"https:\/\/news.canadamotorjobs.com\/fr\/wp-json\/wp\/v2\/posts\/159495\/revisions\/159499"}],"wp:featuredmedia":[{"embeddable":true,"href":"https:\/\/news.canadamotorjobs.com\/fr\/wp-json\/wp\/v2\/media\/159497"}],"wp:attachment":[{"href":"https:\/\/news.canadamotorjobs.com\/fr\/wp-json\/wp\/v2\/media?parent=159495"}],"wp:term":[{"taxonomy":"category","embeddable":true,"href":"https:\/\/news.canadamotorjobs.com\/fr\/wp-json\/wp\/v2\/categories?post=159495"},{"taxonomy":"post_tag","embeddable":true,"href":"https:\/\/news.canadamotorjobs.com\/fr\/wp-json\/wp\/v2\/tags?post=159495"}],"curies":[{"name":"wp","href":"https:\/\/api.w.org\/{rel}","templated":true}]}}