{"id":159476,"date":"2024-02-20T06:48:14","date_gmt":"2024-02-20T11:48:14","guid":{"rendered":"https:\/\/news.canadamotorjobs.com\/?p=159476"},"modified":"2024-02-21T16:29:44","modified_gmt":"2024-02-21T21:29:44","slug":"baisse-significative-des-prix-du-ford-mustang-mach-e-2023-au-canada","status":"publish","type":"post","link":"https:\/\/news.canadamotorjobs.com\/fr\/baisse-significative-des-prix-du-ford-mustang-mach-e-2023-au-canada\/","title":{"rendered":"Baisse significative des prix du Ford Mustang Mach-E 2023 au Canada"},"content":{"rendered":"<\/p>\n<h3><strong>R\u00e9duction soudaine des prix<\/strong><\/h3>\n<p>\nLes prix du Ford Mustang Mach-E 2023 au Canada ont subi une r\u00e9duction significative, rendant tous les mod\u00e8les plus abordables.<\/p>\n<h3><strong>Remises importantes sur tous les mod\u00e8les<\/strong><\/h3>\n<p>\nChaque version du VUS \u00e9lectrique voit ses prix diminuer de 5 000 $, \u00e0 l&#8217;exception du mod\u00e8le GT Performance Edition, dont le prix est r\u00e9duit de 13 000 $.<\/p>\n<h3><strong>\u00c9ligibilit\u00e9 aux remises f\u00e9d\u00e9rales et provinciales<\/strong><\/h3>\n<p>\nTous les mod\u00e8les Mach-E sont d\u00e9sormais \u00e9ligibles aux remises f\u00e9d\u00e9rales et provinciales du Qu\u00e9bec, \u00e0 l&#8217;exception du GT Performance.<\/p>\n<h3><strong>Incertitude concernant les mod\u00e8les 2024<\/strong><\/h3>\n<p>\nIl n&#8217;est pas clair si les mod\u00e8les entrants de 2024 seront propos\u00e9s aux m\u00eames prix.<\/p>\n<h3><strong>D\u00e9tails sur les nouveaux prix<\/strong><\/h3>\n<p>\nLe mod\u00e8le le plus abordable, le Select RWD Standard Range, est d\u00e9sormais propos\u00e9 \u00e0 un PDSF de 51 995 $. Le GT Performance Edition reste le plus cher \u00e0 69 995 $.<\/p>\n<h3><strong>\u00c9largissement de l&#8217;\u00e9ligibilit\u00e9 aux remises EV f\u00e9d\u00e9rales<\/strong><\/h3>\n<p>\nToutes les versions, \u00e0 l&#8217;exception du GT Performance Edition, sont d\u00e9sormais \u00e9ligibles aux remises EV f\u00e9d\u00e9rales, r\u00e9duisant le co\u00fbt suppl\u00e9mentaire de 5 000 $.<\/p>\n<h3><strong>Avantages suppl\u00e9mentaires au Qu\u00e9bec<\/strong><\/h3>\n<p>\nEn plus des remises f\u00e9d\u00e9rales, tous les mod\u00e8les sauf le GT Performance Edition b\u00e9n\u00e9ficient \u00e9galement d&#8217;incitations provinciales du Qu\u00e9bec de 7 000 $, ramenant le prix de d\u00e9part effectif \u00e0 40 000 $ dans la province.<\/p>\n<h3><strong>Motifs de la r\u00e9duction des prix inconnus<\/strong><\/h3>\n<p>\nFord n&#8217;a pas expliqu\u00e9 la raison de cette r\u00e9duction significative, mais elle pourrait \u00eatre li\u00e9e \u00e0 l&#8217;arriv\u00e9e imminente des mod\u00e8les 2024 et aux ventes lentes du mod\u00e8le 2023.<\/p>\n<h3><strong>Incertitude sur les prix des mod\u00e8les 2024<\/strong><\/h3>\n<p>\nIl n&#8217;est pas encore clair si les futurs mod\u00e8les Mustang Mach-E 2024 maintiendront les prix r\u00e9duits ou reviendront \u00e0 leurs niveaux pr\u00e9c\u00e9dents.<\/p>\n<p>Avec des renseignements de Motor Illustrsted<\/p>\n<p>Le texte <a rel=\"nofollow\" href=\"https:\/\/annuelauto.ca\/baisse-significative-des-prix-du-ford-mustang-mach-e-2023-au-canada\/\">Baisse significative des prix du Ford Mustang Mach-E 2023 au Canada<\/a> provient de <a rel=\"nofollow\" href=\"https:\/\/annuelauto.ca\">L&#8217;annuel de l&#8217;automobile &#8211; Actualit\u00e9 automobile<\/a><\/p>\n<p><\/p>\n","protected":false},"excerpt":{"rendered":"<p>R\u00e9duction soudaine des prix Les prix du Ford Mustang Mach-E 2023 au Canada ont subi une r\u00e9duction significative, rendant tous les mod\u00e8les plus abordables. Remises importantes sur tous les mod\u00e8les Chaque version du VUS \u00e9lectrique voit ses prix diminuer de 5 000 $, \u00e0 l&#8217;exception du mod\u00e8le GT Performance Edition, dont le prix est r\u00e9duit [&hellip;]<\/p>\n","protected":false},"author":8,"featured_media":159478,"comment_status":"closed","ping_status":"closed","sticky":false,"template":"","format":"standard","meta":{"_monsterinsights_skip_tracking":false,"_monsterinsights_sitenote_active":false,"_monsterinsights_sitenote_note":"","_monsterinsights_sitenote_category":0,"footnotes":""},"categories":[101],"tags":[],"yoast_head":"<!-- This site is optimized with the Yoast SEO plugin v23.2 - https:\/\/yoast.com\/wordpress\/plugins\/seo\/ -->\n<title>Baisse significative des prix du Ford Mustang Mach-E 2023 au Canada - CanadaMotorJobs.com<\/title>\n<meta name=\"description\" content=\"Baisse significative des prix du Ford Mustang Mach-E 2023 au Canada - Benoit Charette - Annuel automobile - CanadaMotorJobs.com.\" \/>\n<meta name=\"robots\" content=\"index, follow, max-snippet:-1, max-image-preview:large, max-video-preview:-1\" \/>\n<meta property=\"og:locale\" content=\"fr_CA\" \/>\n<meta property=\"og:type\" content=\"article\" \/>\n<meta property=\"og:title\" content=\"Baisse significative des prix du Ford Mustang Mach-E 2023 au Canada - CanadaMotorJobs.com\" \/>\n<meta property=\"og:description\" content=\"Baisse significative des prix du Ford Mustang Mach-E 2023 au Canada - Benoit Charette - Annuel automobile - CanadaMotorJobs.com.\" \/>\n<meta property=\"og:url\" content=\"https:\/\/news.canadamotorjobs.com\/fr\/baisse-significative-des-prix-du-ford-mustang-mach-e-2023-au-canada\/\" \/>\n<meta property=\"og:site_name\" content=\"CanadaMotorJobs.com\" \/>\n<meta property=\"article:publisher\" content=\"https:\/\/www.facebook.com\/canadamotorjobs\/\" \/>\n<meta property=\"article:published_time\" content=\"2024-02-20T11:48:14+00:00\" \/>\n<meta property=\"article:modified_time\" content=\"2024-02-21T21:29:44+00:00\" \/>\n<meta property=\"og:image\" content=\"https:\/\/news.canadamotorjobs.com\/wp-content\/uploads\/2024\/02\/2021-ford-mustang-mach-e-e4x-112-1625066619-4.jpg\" \/>\n\t<meta property=\"og:image:width\" content=\"980\" \/>\n\t<meta property=\"og:image:height\" content=\"600\" \/>\n\t<meta property=\"og:image:type\" content=\"image\/jpeg\" \/>\n<meta name=\"author\" content=\"Benoit Charette\" \/>\n<meta name=\"twitter:card\" content=\"summary_large_image\" \/>\n<meta name=\"twitter:creator\" content=\"@canadamotorjobs\" \/>\n<meta name=\"twitter:site\" content=\"@canadamotorjobs\" \/>\n<meta name=\"twitter:label1\" content=\"\u00c9crit par\" \/>\n\t<meta name=\"twitter:data1\" content=\"Benoit Charette\" \/>\n\t<meta name=\"twitter:label2\" content=\"Estimation du temps de lecture\" \/>\n\t<meta name=\"twitter:data2\" content=\"2 minutes\" \/>\n<!-- \/ Yoast SEO plugin. -->","yoast_head_json":{"title":"Baisse significative des prix du Ford Mustang Mach-E 2023 au Canada - CanadaMotorJobs.com","description":"Baisse significative des prix du Ford Mustang Mach-E 2023 au Canada - Benoit Charette - Annuel automobile - CanadaMotorJobs.com.","robots":{"index":"index","follow":"follow","max-snippet":"max-snippet:-1","max-image-preview":"max-image-preview:large","max-video-preview":"max-video-preview:-1"},"og_locale":"fr_CA","og_type":"article","og_title":"Baisse significative des prix du Ford Mustang Mach-E 2023 au Canada - CanadaMotorJobs.com","og_description":"Baisse significative des prix du Ford Mustang Mach-E 2023 au Canada - Benoit Charette - Annuel automobile - CanadaMotorJobs.com.","og_url":"https:\/\/news.canadamotorjobs.com\/fr\/baisse-significative-des-prix-du-ford-mustang-mach-e-2023-au-canada\/","og_site_name":"CanadaMotorJobs.com","article_publisher":"https:\/\/www.facebook.com\/canadamotorjobs\/","article_published_time":"2024-02-20T11:48:14+00:00","article_modified_time":"2024-02-21T21:29:44+00:00","og_image":[{"width":980,"height":600,"url":"https:\/\/news.canadamotorjobs.com\/wp-content\/uploads\/2024\/02\/2021-ford-mustang-mach-e-e4x-112-1625066619-4.jpg","type":"image\/jpeg"}],"author":"Benoit Charette","twitter_card":"summary_large_image","twitter_creator":"@canadamotorjobs","twitter_site":"@canadamotorjobs","twitter_misc":{"\u00c9crit par":"Benoit Charette","Estimation du temps de lecture":"2 minutes"},"schema":{"@context":"https:\/\/schema.org","@graph":[{"@type":"Article","@id":"https:\/\/news.canadamotorjobs.com\/fr\/baisse-significative-des-prix-du-ford-mustang-mach-e-2023-au-canada\/#article","isPartOf":{"@id":"https:\/\/news.canadamotorjobs.com\/fr\/baisse-significative-des-prix-du-ford-mustang-mach-e-2023-au-canada\/"},"author":{"name":"Benoit Charette","@id":"https:\/\/news.canadamotorjobs.com\/#\/schema\/person\/51793d1f87d44011d7bcc2ed99269a90"},"headline":"Baisse significative des prix du Ford Mustang Mach-E 2023 au Canada","datePublished":"2024-02-20T11:48:14+00:00","dateModified":"2024-02-21T21:29:44+00:00","mainEntityOfPage":{"@id":"https:\/\/news.canadamotorjobs.com\/fr\/baisse-significative-des-prix-du-ford-mustang-mach-e-2023-au-canada\/"},"wordCount":334,"publisher":{"@id":"https:\/\/news.canadamotorjobs.com\/#organization"},"image":{"@id":"https:\/\/news.canadamotorjobs.com\/fr\/baisse-significative-des-prix-du-ford-mustang-mach-e-2023-au-canada\/#primaryimage"},"thumbnailUrl":"https:\/\/news.canadamotorjobs.com\/wp-content\/uploads\/2024\/02\/2021-ford-mustang-mach-e-e4x-112-1625066619-4.jpg","articleSection":["Annuel automobile"],"inLanguage":"fr-CA"},{"@type":"WebPage","@id":"https:\/\/news.canadamotorjobs.com\/fr\/baisse-significative-des-prix-du-ford-mustang-mach-e-2023-au-canada\/","url":"https:\/\/news.canadamotorjobs.com\/fr\/baisse-significative-des-prix-du-ford-mustang-mach-e-2023-au-canada\/","name":"Baisse significative des prix du Ford Mustang Mach-E 2023 au Canada - CanadaMotorJobs.com","isPartOf":{"@id":"https:\/\/news.canadamotorjobs.com\/#website"},"primaryImageOfPage":{"@id":"https:\/\/news.canadamotorjobs.com\/fr\/baisse-significative-des-prix-du-ford-mustang-mach-e-2023-au-canada\/#primaryimage"},"image":{"@id":"https:\/\/news.canadamotorjobs.com\/fr\/baisse-significative-des-prix-du-ford-mustang-mach-e-2023-au-canada\/#primaryimage"},"thumbnailUrl":"https:\/\/news.canadamotorjobs.com\/wp-content\/uploads\/2024\/02\/2021-ford-mustang-mach-e-e4x-112-1625066619-4.jpg","datePublished":"2024-02-20T11:48:14+00:00","dateModified":"2024-02-21T21:29:44+00:00","description":"Baisse significative des prix du Ford Mustang Mach-E 2023 au Canada - Benoit Charette - Annuel automobile - CanadaMotorJobs.com.","breadcrumb":{"@id":"https:\/\/news.canadamotorjobs.com\/fr\/baisse-significative-des-prix-du-ford-mustang-mach-e-2023-au-canada\/#breadcrumb"},"inLanguage":"fr-CA","potentialAction":[{"@type":"ReadAction","target":["https:\/\/news.canadamotorjobs.com\/fr\/baisse-significative-des-prix-du-ford-mustang-mach-e-2023-au-canada\/"]}]},{"@type":"ImageObject","inLanguage":"fr-CA","@id":"https:\/\/news.canadamotorjobs.com\/fr\/baisse-significative-des-prix-du-ford-mustang-mach-e-2023-au-canada\/#primaryimage","url":"https:\/\/news.canadamotorjobs.com\/wp-content\/uploads\/2024\/02\/2021-ford-mustang-mach-e-e4x-112-1625066619-4.jpg","contentUrl":"https:\/\/news.canadamotorjobs.com\/wp-content\/uploads\/2024\/02\/2021-ford-mustang-mach-e-e4x-112-1625066619-4.jpg","width":980,"height":600},{"@type":"BreadcrumbList","@id":"https:\/\/news.canadamotorjobs.com\/fr\/baisse-significative-des-prix-du-ford-mustang-mach-e-2023-au-canada\/#breadcrumb","itemListElement":[{"@type":"ListItem","position":1,"name":"Home","item":"https:\/\/news.canadamotorjobs.com\/fr\/blog\/"},{"@type":"ListItem","position":2,"name":"Baisse significative des prix du Ford Mustang Mach-E 2023 au Canada"}]},{"@type":"WebSite","@id":"https:\/\/news.canadamotorjobs.com\/#website","url":"https:\/\/news.canadamotorjobs.com\/","name":"CanadaMotorJobs.com","description":"Automotive Jobs","publisher":{"@id":"https:\/\/news.canadamotorjobs.com\/#organization"},"potentialAction":[{"@type":"SearchAction","target":{"@type":"EntryPoint","urlTemplate":"https:\/\/news.canadamotorjobs.com\/?s={search_term_string}"},"query-input":"required name=search_term_string"}],"inLanguage":"fr-CA"},{"@type":"Organization","@id":"https:\/\/news.canadamotorjobs.com\/#organization","name":"Canada Motor Jobs","url":"https:\/\/news.canadamotorjobs.com\/","logo":{"@type":"ImageObject","inLanguage":"fr-CA","@id":"https:\/\/news.canadamotorjobs.com\/#\/schema\/logo\/image\/","url":"https:\/\/news.canadamotorjobs.com\/wp-content\/uploads\/2022\/10\/logo-canada-motor-jobs-1.png","contentUrl":"https:\/\/news.canadamotorjobs.com\/wp-content\/uploads\/2022\/10\/logo-canada-motor-jobs-1.png","width":800,"height":400,"caption":"Canada Motor Jobs"},"image":{"@id":"https:\/\/news.canadamotorjobs.com\/#\/schema\/logo\/image\/"},"sameAs":["https:\/\/www.facebook.com\/canadamotorjobs\/","https:\/\/x.com\/canadamotorjobs","https:\/\/www.instagram.com\/canadamotorjobs\/","https:\/\/www.linkedin.com\/company\/canadamotorjobs"]},{"@type":"Person","@id":"https:\/\/news.canadamotorjobs.com\/#\/schema\/person\/51793d1f87d44011d7bcc2ed99269a90","name":"Benoit Charette","image":{"@type":"ImageObject","inLanguage":"fr-CA","@id":"https:\/\/news.canadamotorjobs.com\/#\/schema\/person\/image\/","url":"https:\/\/secure.gravatar.com\/avatar\/45f3d2eebcccd909668d7ce7ea7267b6?s=96&d=mm&r=g","contentUrl":"https:\/\/secure.gravatar.com\/avatar\/45f3d2eebcccd909668d7ce7ea7267b6?s=96&d=mm&r=g","caption":"Benoit Charette"},"description":"Benoit Charette \/ Propri\u00e9taire et r\u00e9dacteur en chef Benoit Charette pratique le journalisme automobile depuis bient\u00f4t 30 ans. Il a fait ses classes au c\u00f4t\u00e9 de Daniel H\u00e9raud et au Carnet de route de 1992 \u00e0 2001. Il est fondateur, copropri\u00e9taire et r\u00e9dacteur en chef de L\u2019Annuel de l\u2019automobile, qu\u2019il publie depuis 2001. Il a anim\u00e9 les \u00e9missions RPM et RPM+ sur V et les L\u00e9gendes de la route sur Historia. \u00c0 la radio depuis 1986, il reprend l\u2019antenne cette ann\u00e9e sur les ondes de Cogeco et participe pour la deuxi\u00e8me ann\u00e9e \u00e0 l\u2019\u00e9mission Passion Auto sur RDS en plus de mettre en ligne le site Web officiel de L\u2019Annuel de l\u2019automobile sur annuelauto.ca.","sameAs":["https:\/\/annuelauto.ca\/"],"url":"https:\/\/news.canadamotorjobs.com\/fr\/author\/benoit-charette\/"}]}},"_links":{"self":[{"href":"https:\/\/news.canadamotorjobs.com\/fr\/wp-json\/wp\/v2\/posts\/159476"}],"collection":[{"href":"https:\/\/news.canadamotorjobs.com\/fr\/wp-json\/wp\/v2\/posts"}],"about":[{"href":"https:\/\/news.canadamotorjobs.com\/fr\/wp-json\/wp\/v2\/types\/post"}],"author":[{"embeddable":true,"href":"https:\/\/news.canadamotorjobs.com\/fr\/wp-json\/wp\/v2\/users\/8"}],"replies":[{"embeddable":true,"href":"https:\/\/news.canadamotorjobs.com\/fr\/wp-json\/wp\/v2\/comments?post=159476"}],"version-history":[{"count":2,"href":"https:\/\/news.canadamotorjobs.com\/fr\/wp-json\/wp\/v2\/posts\/159476\/revisions"}],"predecessor-version":[{"id":159480,"href":"https:\/\/news.canadamotorjobs.com\/fr\/wp-json\/wp\/v2\/posts\/159476\/revisions\/159480"}],"wp:featuredmedia":[{"embeddable":true,"href":"https:\/\/news.canadamotorjobs.com\/fr\/wp-json\/wp\/v2\/media\/159478"}],"wp:attachment":[{"href":"https:\/\/news.canadamotorjobs.com\/fr\/wp-json\/wp\/v2\/media?parent=159476"}],"wp:term":[{"taxonomy":"category","embeddable":true,"href":"https:\/\/news.canadamotorjobs.com\/fr\/wp-json\/wp\/v2\/categories?post=159476"},{"taxonomy":"post_tag","embeddable":true,"href":"https:\/\/news.canadamotorjobs.com\/fr\/wp-json\/wp\/v2\/tags?post=159476"}],"curies":[{"name":"wp","href":"https:\/\/api.w.org\/{rel}","templated":true}]}}