{"id":159449,"date":"2024-02-20T07:23:14","date_gmt":"2024-02-20T12:23:14","guid":{"rendered":"https:\/\/news.canadamotorjobs.com\/?p=159449"},"modified":"2024-02-21T16:30:01","modified_gmt":"2024-02-21T21:30:01","slug":"moteurs-taiga-met-temporairement-a-pied-8-de-ses-employes-pour-reduire-les-couts","status":"publish","type":"post","link":"https:\/\/news.canadamotorjobs.com\/fr\/moteurs-taiga-met-temporairement-a-pied-8-de-ses-employes-pour-reduire-les-couts\/","title":{"rendered":"Moteurs Taiga met temporairement \u00e0 pied 8% de ses employ\u00e9s pour r\u00e9duire les co\u00fbts"},"content":{"rendered":"<\/p>\n<p>L&#8217;entreprise montr\u00e9alaise Moteurs Taiga a r\u00e9cemment mis \u00e0 pied temporairement 31 employ\u00e9s, soit 8% de son effectif, dans le cadre de ses efforts pour r\u00e9duire les co\u00fbts. Cette d\u00e9cision, prise en janvier, vise \u00e0 atteindre la rentabilit\u00e9 apr\u00e8s une ann\u00e9e de croissance rapide de la production. La dur\u00e9e de la mise \u00e0 pied pourrait s&#8217;\u00e9tendre jusqu&#8217;\u00e0 six mois, bien que l&#8217;entreprise esp\u00e8re rappeler rapidement ces employ\u00e9s.<\/p>\n<p>Ces actions interviennent \u00e0 un moment o\u00f9 les liquidit\u00e9s de Moteurs Taiga sont \u00e9troitement surveill\u00e9es par les investisseurs, malgr\u00e9 une aide d&#8217;urgence de 40,15 millions de dollars re\u00e7ue en mars dernier de la part d&#8217;Investissement Qu\u00e9bec et de Northern Private Capital.<\/p>\n<p>Au 30 septembre, les liquidit\u00e9s de Taiga \u00e9taient de 5,8 millions de dollars, compar\u00e9es \u00e0 22,8 millions de dollars \u00e0 la fin de 2022. La soci\u00e9t\u00e9 avait \u00e9galement obtenu un pr\u00eat \u00e0 terme garanti de 15 millions de dollars avec Exportation et d\u00e9veloppement Canada. L&#8217;analyste financier Cameron Doerksen de Financi\u00e8re Banque Nationale avait soulign\u00e9 en novembre la n\u00e9cessit\u00e9 pour l&#8217;entreprise d&#8217;obtenir un financement suppl\u00e9mentaire.<\/p>\n<p>Moteurs Taiga a annonc\u00e9 avoir construit plus de 1000 v\u00e9hicules en 2023, surpassant ainsi son objectif. Cependant, le projet d&#8217;usine \u00e0 Shawinigan, annonc\u00e9 en 2021, est actuellement en pause, en attendant que l&#8217;usine de Montr\u00e9al atteigne une cadence de production de 8000 v\u00e9hicules. Les gouvernements ont vers\u00e9 pr\u00e8s de 34 millions de dollars \u00e0 l&#8217;entreprise, mais les 30 millions de dollars promis par le gouvernement du Qu\u00e9bec pour l&#8217;usine de Shawinigan n&#8217;ont pas encore \u00e9t\u00e9 vers\u00e9s.<\/p>\n<p>Malgr\u00e9 la pertinence des produits de la marque, la faible autonomie \u00e9lectrique avec un prix tr\u00e8s \u00e9lev\u00e9 pour les produits en font des produits qui n\u2019attirent pas l\u2019int\u00e9r\u00eat des acheteurs.<\/p>\n<p>\u00a0<\/p>\n<p>Avec des renseignements du Devoir<\/p>\n<p>\u00a0<\/p>\n<p>Le texte <a rel=\"nofollow\" href=\"https:\/\/annuelauto.ca\/moteurs-taiga-met-temporairement-a-pied-8-de-ses-employes-pour-reduire-les-couts\/\">Moteurs Taiga met temporairement \u00e0 pied 8% de ses employ\u00e9s pour r\u00e9duire les co\u00fbts<\/a> provient de <a rel=\"nofollow\" href=\"https:\/\/annuelauto.ca\">L&#8217;annuel de l&#8217;automobile &#8211; Actualit\u00e9 automobile<\/a><\/p>\n<p><\/p>\n","protected":false},"excerpt":{"rendered":"<p>L&#8217;entreprise montr\u00e9alaise Moteurs Taiga a r\u00e9cemment mis \u00e0 pied temporairement 31 employ\u00e9s, soit 8% de son effectif, dans le cadre de ses efforts pour r\u00e9duire les co\u00fbts. Cette d\u00e9cision, prise en janvier, vise \u00e0 atteindre la rentabilit\u00e9 apr\u00e8s une ann\u00e9e de croissance rapide de la production. La dur\u00e9e de la mise \u00e0 pied pourrait s&#8217;\u00e9tendre [&hellip;]<\/p>\n","protected":false},"author":8,"featured_media":159451,"comment_status":"closed","ping_status":"closed","sticky":false,"template":"","format":"standard","meta":{"_monsterinsights_skip_tracking":false,"_monsterinsights_sitenote_active":false,"_monsterinsights_sitenote_note":"","_monsterinsights_sitenote_category":0,"footnotes":""},"categories":[101],"tags":[],"yoast_head":"<!-- This site is optimized with the Yoast SEO plugin v23.2 - https:\/\/yoast.com\/wordpress\/plugins\/seo\/ -->\n<title>Moteurs Taiga met temporairement \u00e0 pied 8% de ses employ\u00e9s pour r\u00e9duire les co\u00fbts - CanadaMotorJobs.com<\/title>\n<meta name=\"description\" content=\"Moteurs Taiga met temporairement \u00e0 pied 8% de ses employ\u00e9s pour r\u00e9duire les co\u00fbts - Benoit Charette - Annuel automobile - CanadaMotorJobs.com.\" \/>\n<meta name=\"robots\" content=\"index, follow, max-snippet:-1, max-image-preview:large, max-video-preview:-1\" \/>\n<meta property=\"og:locale\" content=\"fr_CA\" \/>\n<meta property=\"og:type\" content=\"article\" \/>\n<meta property=\"og:title\" content=\"Moteurs Taiga met temporairement \u00e0 pied 8% de ses employ\u00e9s pour r\u00e9duire les co\u00fbts - CanadaMotorJobs.com\" \/>\n<meta property=\"og:description\" content=\"Moteurs Taiga met temporairement \u00e0 pied 8% de ses employ\u00e9s pour r\u00e9duire les co\u00fbts - Benoit Charette - Annuel automobile - CanadaMotorJobs.com.\" \/>\n<meta property=\"og:url\" content=\"https:\/\/news.canadamotorjobs.com\/fr\/moteurs-taiga-met-temporairement-a-pied-8-de-ses-employes-pour-reduire-les-couts\/\" \/>\n<meta property=\"og:site_name\" content=\"CanadaMotorJobs.com\" \/>\n<meta property=\"article:publisher\" content=\"https:\/\/www.facebook.com\/canadamotorjobs\/\" \/>\n<meta property=\"article:published_time\" content=\"2024-02-20T12:23:14+00:00\" \/>\n<meta property=\"article:modified_time\" content=\"2024-02-21T21:30:01+00:00\" \/>\n<meta property=\"og:image\" content=\"https:\/\/news.canadamotorjobs.com\/wp-content\/uploads\/2024\/02\/373265_Taiga_TS2_la_motoneige_electrique_quebecoise_de_l_avenir-4.jpg\" \/>\n\t<meta property=\"og:image:width\" content=\"1920\" \/>\n\t<meta property=\"og:image:height\" content=\"1200\" \/>\n\t<meta property=\"og:image:type\" content=\"image\/jpeg\" \/>\n<meta name=\"author\" content=\"Benoit Charette\" \/>\n<meta name=\"twitter:card\" content=\"summary_large_image\" \/>\n<meta name=\"twitter:creator\" content=\"@canadamotorjobs\" \/>\n<meta name=\"twitter:site\" content=\"@canadamotorjobs\" \/>\n<meta name=\"twitter:label1\" content=\"\u00c9crit par\" \/>\n\t<meta name=\"twitter:data1\" content=\"Benoit Charette\" \/>\n\t<meta name=\"twitter:label2\" content=\"Estimation du temps de lecture\" \/>\n\t<meta name=\"twitter:data2\" content=\"2 minutes\" \/>\n<!-- \/ Yoast SEO plugin. -->","yoast_head_json":{"title":"Moteurs Taiga met temporairement \u00e0 pied 8% de ses employ\u00e9s pour r\u00e9duire les co\u00fbts - CanadaMotorJobs.com","description":"Moteurs Taiga met temporairement \u00e0 pied 8% de ses employ\u00e9s pour r\u00e9duire les co\u00fbts - Benoit Charette - Annuel automobile - CanadaMotorJobs.com.","robots":{"index":"index","follow":"follow","max-snippet":"max-snippet:-1","max-image-preview":"max-image-preview:large","max-video-preview":"max-video-preview:-1"},"og_locale":"fr_CA","og_type":"article","og_title":"Moteurs Taiga met temporairement \u00e0 pied 8% de ses employ\u00e9s pour r\u00e9duire les co\u00fbts - CanadaMotorJobs.com","og_description":"Moteurs Taiga met temporairement \u00e0 pied 8% de ses employ\u00e9s pour r\u00e9duire les co\u00fbts - Benoit Charette - Annuel automobile - CanadaMotorJobs.com.","og_url":"https:\/\/news.canadamotorjobs.com\/fr\/moteurs-taiga-met-temporairement-a-pied-8-de-ses-employes-pour-reduire-les-couts\/","og_site_name":"CanadaMotorJobs.com","article_publisher":"https:\/\/www.facebook.com\/canadamotorjobs\/","article_published_time":"2024-02-20T12:23:14+00:00","article_modified_time":"2024-02-21T21:30:01+00:00","og_image":[{"width":1920,"height":1200,"url":"https:\/\/news.canadamotorjobs.com\/wp-content\/uploads\/2024\/02\/373265_Taiga_TS2_la_motoneige_electrique_quebecoise_de_l_avenir-4.jpg","type":"image\/jpeg"}],"author":"Benoit Charette","twitter_card":"summary_large_image","twitter_creator":"@canadamotorjobs","twitter_site":"@canadamotorjobs","twitter_misc":{"\u00c9crit par":"Benoit Charette","Estimation du temps de lecture":"2 minutes"},"schema":{"@context":"https:\/\/schema.org","@graph":[{"@type":"Article","@id":"https:\/\/news.canadamotorjobs.com\/fr\/moteurs-taiga-met-temporairement-a-pied-8-de-ses-employes-pour-reduire-les-couts\/#article","isPartOf":{"@id":"https:\/\/news.canadamotorjobs.com\/fr\/moteurs-taiga-met-temporairement-a-pied-8-de-ses-employes-pour-reduire-les-couts\/"},"author":{"name":"Benoit Charette","@id":"https:\/\/news.canadamotorjobs.com\/#\/schema\/person\/51793d1f87d44011d7bcc2ed99269a90"},"headline":"Moteurs Taiga met temporairement \u00e0 pied 8% de ses employ\u00e9s pour r\u00e9duire les co\u00fbts","datePublished":"2024-02-20T12:23:14+00:00","dateModified":"2024-02-21T21:30:01+00:00","mainEntityOfPage":{"@id":"https:\/\/news.canadamotorjobs.com\/fr\/moteurs-taiga-met-temporairement-a-pied-8-de-ses-employes-pour-reduire-les-couts\/"},"wordCount":348,"publisher":{"@id":"https:\/\/news.canadamotorjobs.com\/#organization"},"image":{"@id":"https:\/\/news.canadamotorjobs.com\/fr\/moteurs-taiga-met-temporairement-a-pied-8-de-ses-employes-pour-reduire-les-couts\/#primaryimage"},"thumbnailUrl":"https:\/\/news.canadamotorjobs.com\/wp-content\/uploads\/2024\/02\/373265_Taiga_TS2_la_motoneige_electrique_quebecoise_de_l_avenir-4.jpg","articleSection":["Annuel automobile"],"inLanguage":"fr-CA"},{"@type":"WebPage","@id":"https:\/\/news.canadamotorjobs.com\/fr\/moteurs-taiga-met-temporairement-a-pied-8-de-ses-employes-pour-reduire-les-couts\/","url":"https:\/\/news.canadamotorjobs.com\/fr\/moteurs-taiga-met-temporairement-a-pied-8-de-ses-employes-pour-reduire-les-couts\/","name":"Moteurs Taiga met temporairement \u00e0 pied 8% de ses employ\u00e9s pour r\u00e9duire les co\u00fbts - CanadaMotorJobs.com","isPartOf":{"@id":"https:\/\/news.canadamotorjobs.com\/#website"},"primaryImageOfPage":{"@id":"https:\/\/news.canadamotorjobs.com\/fr\/moteurs-taiga-met-temporairement-a-pied-8-de-ses-employes-pour-reduire-les-couts\/#primaryimage"},"image":{"@id":"https:\/\/news.canadamotorjobs.com\/fr\/moteurs-taiga-met-temporairement-a-pied-8-de-ses-employes-pour-reduire-les-couts\/#primaryimage"},"thumbnailUrl":"https:\/\/news.canadamotorjobs.com\/wp-content\/uploads\/2024\/02\/373265_Taiga_TS2_la_motoneige_electrique_quebecoise_de_l_avenir-4.jpg","datePublished":"2024-02-20T12:23:14+00:00","dateModified":"2024-02-21T21:30:01+00:00","description":"Moteurs Taiga met temporairement \u00e0 pied 8% de ses employ\u00e9s pour r\u00e9duire les co\u00fbts - Benoit Charette - Annuel automobile - CanadaMotorJobs.com.","breadcrumb":{"@id":"https:\/\/news.canadamotorjobs.com\/fr\/moteurs-taiga-met-temporairement-a-pied-8-de-ses-employes-pour-reduire-les-couts\/#breadcrumb"},"inLanguage":"fr-CA","potentialAction":[{"@type":"ReadAction","target":["https:\/\/news.canadamotorjobs.com\/fr\/moteurs-taiga-met-temporairement-a-pied-8-de-ses-employes-pour-reduire-les-couts\/"]}]},{"@type":"ImageObject","inLanguage":"fr-CA","@id":"https:\/\/news.canadamotorjobs.com\/fr\/moteurs-taiga-met-temporairement-a-pied-8-de-ses-employes-pour-reduire-les-couts\/#primaryimage","url":"https:\/\/news.canadamotorjobs.com\/wp-content\/uploads\/2024\/02\/373265_Taiga_TS2_la_motoneige_electrique_quebecoise_de_l_avenir-4.jpg","contentUrl":"https:\/\/news.canadamotorjobs.com\/wp-content\/uploads\/2024\/02\/373265_Taiga_TS2_la_motoneige_electrique_quebecoise_de_l_avenir-4.jpg","width":1920,"height":1200},{"@type":"BreadcrumbList","@id":"https:\/\/news.canadamotorjobs.com\/fr\/moteurs-taiga-met-temporairement-a-pied-8-de-ses-employes-pour-reduire-les-couts\/#breadcrumb","itemListElement":[{"@type":"ListItem","position":1,"name":"Home","item":"https:\/\/news.canadamotorjobs.com\/fr\/blog\/"},{"@type":"ListItem","position":2,"name":"Moteurs Taiga met temporairement \u00e0 pied 8% de ses employ\u00e9s pour r\u00e9duire les co\u00fbts"}]},{"@type":"WebSite","@id":"https:\/\/news.canadamotorjobs.com\/#website","url":"https:\/\/news.canadamotorjobs.com\/","name":"CanadaMotorJobs.com","description":"Automotive Jobs","publisher":{"@id":"https:\/\/news.canadamotorjobs.com\/#organization"},"potentialAction":[{"@type":"SearchAction","target":{"@type":"EntryPoint","urlTemplate":"https:\/\/news.canadamotorjobs.com\/?s={search_term_string}"},"query-input":"required name=search_term_string"}],"inLanguage":"fr-CA"},{"@type":"Organization","@id":"https:\/\/news.canadamotorjobs.com\/#organization","name":"Canada Motor Jobs","url":"https:\/\/news.canadamotorjobs.com\/","logo":{"@type":"ImageObject","inLanguage":"fr-CA","@id":"https:\/\/news.canadamotorjobs.com\/#\/schema\/logo\/image\/","url":"https:\/\/news.canadamotorjobs.com\/wp-content\/uploads\/2022\/10\/logo-canada-motor-jobs-1.png","contentUrl":"https:\/\/news.canadamotorjobs.com\/wp-content\/uploads\/2022\/10\/logo-canada-motor-jobs-1.png","width":800,"height":400,"caption":"Canada Motor Jobs"},"image":{"@id":"https:\/\/news.canadamotorjobs.com\/#\/schema\/logo\/image\/"},"sameAs":["https:\/\/www.facebook.com\/canadamotorjobs\/","https:\/\/x.com\/canadamotorjobs","https:\/\/www.instagram.com\/canadamotorjobs\/","https:\/\/www.linkedin.com\/company\/canadamotorjobs"]},{"@type":"Person","@id":"https:\/\/news.canadamotorjobs.com\/#\/schema\/person\/51793d1f87d44011d7bcc2ed99269a90","name":"Benoit Charette","image":{"@type":"ImageObject","inLanguage":"fr-CA","@id":"https:\/\/news.canadamotorjobs.com\/#\/schema\/person\/image\/","url":"https:\/\/secure.gravatar.com\/avatar\/45f3d2eebcccd909668d7ce7ea7267b6?s=96&d=mm&r=g","contentUrl":"https:\/\/secure.gravatar.com\/avatar\/45f3d2eebcccd909668d7ce7ea7267b6?s=96&d=mm&r=g","caption":"Benoit Charette"},"description":"Benoit Charette \/ Propri\u00e9taire et r\u00e9dacteur en chef Benoit Charette pratique le journalisme automobile depuis bient\u00f4t 30 ans. Il a fait ses classes au c\u00f4t\u00e9 de Daniel H\u00e9raud et au Carnet de route de 1992 \u00e0 2001. Il est fondateur, copropri\u00e9taire et r\u00e9dacteur en chef de L\u2019Annuel de l\u2019automobile, qu\u2019il publie depuis 2001. Il a anim\u00e9 les \u00e9missions RPM et RPM+ sur V et les L\u00e9gendes de la route sur Historia. \u00c0 la radio depuis 1986, il reprend l\u2019antenne cette ann\u00e9e sur les ondes de Cogeco et participe pour la deuxi\u00e8me ann\u00e9e \u00e0 l\u2019\u00e9mission Passion Auto sur RDS en plus de mettre en ligne le site Web officiel de L\u2019Annuel de l\u2019automobile sur annuelauto.ca.","sameAs":["https:\/\/annuelauto.ca\/"],"url":"https:\/\/news.canadamotorjobs.com\/fr\/author\/benoit-charette\/"}]}},"_links":{"self":[{"href":"https:\/\/news.canadamotorjobs.com\/fr\/wp-json\/wp\/v2\/posts\/159449"}],"collection":[{"href":"https:\/\/news.canadamotorjobs.com\/fr\/wp-json\/wp\/v2\/posts"}],"about":[{"href":"https:\/\/news.canadamotorjobs.com\/fr\/wp-json\/wp\/v2\/types\/post"}],"author":[{"embeddable":true,"href":"https:\/\/news.canadamotorjobs.com\/fr\/wp-json\/wp\/v2\/users\/8"}],"replies":[{"embeddable":true,"href":"https:\/\/news.canadamotorjobs.com\/fr\/wp-json\/wp\/v2\/comments?post=159449"}],"version-history":[{"count":2,"href":"https:\/\/news.canadamotorjobs.com\/fr\/wp-json\/wp\/v2\/posts\/159449\/revisions"}],"predecessor-version":[{"id":159453,"href":"https:\/\/news.canadamotorjobs.com\/fr\/wp-json\/wp\/v2\/posts\/159449\/revisions\/159453"}],"wp:featuredmedia":[{"embeddable":true,"href":"https:\/\/news.canadamotorjobs.com\/fr\/wp-json\/wp\/v2\/media\/159451"}],"wp:attachment":[{"href":"https:\/\/news.canadamotorjobs.com\/fr\/wp-json\/wp\/v2\/media?parent=159449"}],"wp:term":[{"taxonomy":"category","embeddable":true,"href":"https:\/\/news.canadamotorjobs.com\/fr\/wp-json\/wp\/v2\/categories?post=159449"},{"taxonomy":"post_tag","embeddable":true,"href":"https:\/\/news.canadamotorjobs.com\/fr\/wp-json\/wp\/v2\/tags?post=159449"}],"curies":[{"name":"wp","href":"https:\/\/api.w.org\/{rel}","templated":true}]}}