{"id":159426,"date":"2024-02-20T07:31:53","date_gmt":"2024-02-20T12:31:53","guid":{"rendered":"https:\/\/news.canadamotorjobs.com\/?p=159426"},"modified":"2024-02-21T16:30:14","modified_gmt":"2024-02-21T21:30:14","slug":"nova-bus-coupe-125-postes-a-son-usine-de-st-eustache","status":"publish","type":"post","link":"https:\/\/news.canadamotorjobs.com\/fr\/nova-bus-coupe-125-postes-a-son-usine-de-st-eustache\/","title":{"rendered":"Nova Bus coupe 125 postes \u00e0 son usine de St-Eustache"},"content":{"rendered":"<\/p>\n<h3><strong>Restructuration majeure chez Nova Bus<\/strong><\/h3>\n<p>\nLe constructeur d&#8217;autobus Nova Bus, appartenant au Groupe Volvo, pr\u00e9voit une r\u00e9duction de 125 postes \u00e0 son usine de Saint-Eustache d&#8217;ici janvier 2025. Cette d\u00e9cision s&#8217;inscrit dans le cadre d&#8217;une restructuration visant \u00e0 recentrer ses activit\u00e9s sur le march\u00e9 canadien.<\/p>\n<h3><strong>Adaptation aux nouvelles r\u00e9alit\u00e9s commerciales<\/strong><\/h3>\n<p>\nLa fermeture annonc\u00e9e de l&#8217;usine \u00e0 Plattsburgh en juin dernier a conduit Nova Bus \u00e0 revoir son mod\u00e8le d&#8217;affaires. L&#8217;objectif est de devenir plus rentable et comp\u00e9titif, explique Alexandrine Gauvin, conseill\u00e8re en affaires publiques chez Nova Bus.<\/p>\n<h3><strong>Impact sur l&#8217;organisation<\/strong><\/h3>\n<p>\nNova Bus emploie actuellement 1350 travailleurs au Qu\u00e9bec, r\u00e9partis entre ses usines de Saint-Eustache et de Saint-Fran\u00e7ois-du-Lac. La restructuration vise \u00e0 adapter l&#8217;organisation \u00e0 la nouvelle r\u00e9alit\u00e9 commerciale.<\/p>\n<h3><strong>Contrat majeur pour la construction d&#8217;autobus \u00e9lectriques<\/strong><\/h3>\n<p>\nMalgr\u00e9 ces ajustements, Nova Bus, bien connue au Qu\u00e9bec, a remport\u00e9 un contrat de 2,1 milliards de dollars au printemps 2023 pour la construction de 1229 autobus \u00e9lectriques destin\u00e9s aux soci\u00e9t\u00e9s de transport public du Qu\u00e9bec.<\/p>\n<h3><strong>Assurance concernant la production d&#8217;autobus \u00e9lectriques<\/strong><\/h3>\n<p>\nLes compressions d&#8217;effectifs n&#8217;auront pas d&#8217;incidence sur la production des bus \u00e9lectriques de Nova Bus. La conseill\u00e8re assure que la capacit\u00e9 de production des usines de Saint-Eustache et de Saint-Fran\u00e7ois-du-Lac reste intacte malgr\u00e9 le r\u00e9am\u00e9nagement du personnel.<\/p>\n<h3><strong>Continuit\u00e9 des op\u00e9rations au Qu\u00e9bec<\/strong><\/h3>\n<p>\nNova Bus affirme prendre toutes les d\u00e9cisions n\u00e9cessaires pour assurer la continuit\u00e9 de ses op\u00e9rations au Qu\u00e9bec, notamment en garantissant la livraison des autobus \u00e9lectriques pr\u00e9vus pour 2027.<\/p>\n<h3><strong>Conditions gouvernementales pour le contrat<\/strong><\/h3>\n<p>\nl est rappel\u00e9 que le contrat de 2,1 milliards de dollars \u00e9tait soumis \u00e0 des exigences gouvernementales, dont un niveau de contenu canadien minimum de 25 % et l&#8217;assemblage final au Canada en \u00e9change du soutien financier des gouvernements.<\/p>\n<p>\u00a0<\/p>\n<p>Avec des renseignements de Radio-Canada<\/p>\n<p>Le texte <a rel=\"nofollow\" href=\"https:\/\/annuelauto.ca\/nova-bus-coupe-125-postes-a-son-usine-de-st-eustache\/\">Nova Bus coupe 125 postes \u00e0 son usine de St-Eustache<\/a> provient de <a rel=\"nofollow\" href=\"https:\/\/annuelauto.ca\">L&#8217;annuel de l&#8217;automobile &#8211; Actualit\u00e9 automobile<\/a><\/p>\n<p><\/p>\n","protected":false},"excerpt":{"rendered":"<p>Restructuration majeure chez Nova Bus Le constructeur d&#8217;autobus Nova Bus, appartenant au Groupe Volvo, pr\u00e9voit une r\u00e9duction de 125 postes \u00e0 son usine de Saint-Eustache d&#8217;ici janvier 2025. Cette d\u00e9cision s&#8217;inscrit dans le cadre d&#8217;une restructuration visant \u00e0 recentrer ses activit\u00e9s sur le march\u00e9 canadien. Adaptation aux nouvelles r\u00e9alit\u00e9s commerciales La fermeture annonc\u00e9e de l&#8217;usine [&hellip;]<\/p>\n","protected":false},"author":8,"featured_media":159428,"comment_status":"closed","ping_status":"closed","sticky":false,"template":"","format":"standard","meta":{"_monsterinsights_skip_tracking":false,"_monsterinsights_sitenote_active":false,"_monsterinsights_sitenote_note":"","_monsterinsights_sitenote_category":0,"footnotes":""},"categories":[101],"tags":[],"yoast_head":"<!-- This site is optimized with the Yoast SEO plugin v23.2 - https:\/\/yoast.com\/wordpress\/plugins\/seo\/ -->\n<title>Nova Bus coupe 125 postes \u00e0 son usine de St-Eustache - CanadaMotorJobs.com<\/title>\n<meta name=\"description\" content=\"Nova Bus coupe 125 postes \u00e0 son usine de St-Eustache - Benoit Charette - Annuel automobile - CanadaMotorJobs.com.\" \/>\n<meta name=\"robots\" content=\"index, follow, max-snippet:-1, max-image-preview:large, max-video-preview:-1\" \/>\n<meta property=\"og:locale\" content=\"fr_CA\" \/>\n<meta property=\"og:type\" content=\"article\" \/>\n<meta property=\"og:title\" content=\"Nova Bus coupe 125 postes \u00e0 son usine de St-Eustache - CanadaMotorJobs.com\" \/>\n<meta property=\"og:description\" content=\"Nova Bus coupe 125 postes \u00e0 son usine de St-Eustache - Benoit Charette - Annuel automobile - CanadaMotorJobs.com.\" \/>\n<meta property=\"og:url\" content=\"https:\/\/news.canadamotorjobs.com\/fr\/nova-bus-coupe-125-postes-a-son-usine-de-st-eustache\/\" \/>\n<meta property=\"og:site_name\" content=\"CanadaMotorJobs.com\" \/>\n<meta property=\"article:publisher\" content=\"https:\/\/www.facebook.com\/canadamotorjobs\/\" \/>\n<meta property=\"article:published_time\" content=\"2024-02-20T12:31:53+00:00\" \/>\n<meta property=\"article:modified_time\" content=\"2024-02-21T21:30:14+00:00\" \/>\n<meta property=\"og:image\" content=\"https:\/\/news.canadamotorjobs.com\/wp-content\/uploads\/2024\/02\/nova-bus-electrique_1080x516_acf_cropped-1080x516-1-4.jpg\" \/>\n\t<meta property=\"og:image:width\" content=\"1080\" \/>\n\t<meta property=\"og:image:height\" content=\"516\" \/>\n\t<meta property=\"og:image:type\" content=\"image\/jpeg\" \/>\n<meta name=\"author\" content=\"Benoit Charette\" \/>\n<meta name=\"twitter:card\" content=\"summary_large_image\" \/>\n<meta name=\"twitter:creator\" content=\"@canadamotorjobs\" \/>\n<meta name=\"twitter:site\" content=\"@canadamotorjobs\" \/>\n<meta name=\"twitter:label1\" content=\"\u00c9crit par\" \/>\n\t<meta name=\"twitter:data1\" content=\"Benoit Charette\" \/>\n\t<meta name=\"twitter:label2\" content=\"Estimation du temps de lecture\" \/>\n\t<meta name=\"twitter:data2\" content=\"2 minutes\" \/>\n<!-- \/ Yoast SEO plugin. -->","yoast_head_json":{"title":"Nova Bus coupe 125 postes \u00e0 son usine de St-Eustache - CanadaMotorJobs.com","description":"Nova Bus coupe 125 postes \u00e0 son usine de St-Eustache - Benoit Charette - Annuel automobile - CanadaMotorJobs.com.","robots":{"index":"index","follow":"follow","max-snippet":"max-snippet:-1","max-image-preview":"max-image-preview:large","max-video-preview":"max-video-preview:-1"},"og_locale":"fr_CA","og_type":"article","og_title":"Nova Bus coupe 125 postes \u00e0 son usine de St-Eustache - CanadaMotorJobs.com","og_description":"Nova Bus coupe 125 postes \u00e0 son usine de St-Eustache - Benoit Charette - Annuel automobile - CanadaMotorJobs.com.","og_url":"https:\/\/news.canadamotorjobs.com\/fr\/nova-bus-coupe-125-postes-a-son-usine-de-st-eustache\/","og_site_name":"CanadaMotorJobs.com","article_publisher":"https:\/\/www.facebook.com\/canadamotorjobs\/","article_published_time":"2024-02-20T12:31:53+00:00","article_modified_time":"2024-02-21T21:30:14+00:00","og_image":[{"width":1080,"height":516,"url":"https:\/\/news.canadamotorjobs.com\/wp-content\/uploads\/2024\/02\/nova-bus-electrique_1080x516_acf_cropped-1080x516-1-4.jpg","type":"image\/jpeg"}],"author":"Benoit Charette","twitter_card":"summary_large_image","twitter_creator":"@canadamotorjobs","twitter_site":"@canadamotorjobs","twitter_misc":{"\u00c9crit par":"Benoit Charette","Estimation du temps de lecture":"2 minutes"},"schema":{"@context":"https:\/\/schema.org","@graph":[{"@type":"Article","@id":"https:\/\/news.canadamotorjobs.com\/fr\/nova-bus-coupe-125-postes-a-son-usine-de-st-eustache\/#article","isPartOf":{"@id":"https:\/\/news.canadamotorjobs.com\/fr\/nova-bus-coupe-125-postes-a-son-usine-de-st-eustache\/"},"author":{"name":"Benoit Charette","@id":"https:\/\/news.canadamotorjobs.com\/#\/schema\/person\/51793d1f87d44011d7bcc2ed99269a90"},"headline":"Nova Bus coupe 125 postes \u00e0 son usine de St-Eustache","datePublished":"2024-02-20T12:31:53+00:00","dateModified":"2024-02-21T21:30:14+00:00","mainEntityOfPage":{"@id":"https:\/\/news.canadamotorjobs.com\/fr\/nova-bus-coupe-125-postes-a-son-usine-de-st-eustache\/"},"wordCount":341,"publisher":{"@id":"https:\/\/news.canadamotorjobs.com\/#organization"},"image":{"@id":"https:\/\/news.canadamotorjobs.com\/fr\/nova-bus-coupe-125-postes-a-son-usine-de-st-eustache\/#primaryimage"},"thumbnailUrl":"https:\/\/news.canadamotorjobs.com\/wp-content\/uploads\/2024\/02\/nova-bus-electrique_1080x516_acf_cropped-1080x516-1-4.jpg","articleSection":["Annuel automobile"],"inLanguage":"fr-CA"},{"@type":"WebPage","@id":"https:\/\/news.canadamotorjobs.com\/fr\/nova-bus-coupe-125-postes-a-son-usine-de-st-eustache\/","url":"https:\/\/news.canadamotorjobs.com\/fr\/nova-bus-coupe-125-postes-a-son-usine-de-st-eustache\/","name":"Nova Bus coupe 125 postes \u00e0 son usine de St-Eustache - CanadaMotorJobs.com","isPartOf":{"@id":"https:\/\/news.canadamotorjobs.com\/#website"},"primaryImageOfPage":{"@id":"https:\/\/news.canadamotorjobs.com\/fr\/nova-bus-coupe-125-postes-a-son-usine-de-st-eustache\/#primaryimage"},"image":{"@id":"https:\/\/news.canadamotorjobs.com\/fr\/nova-bus-coupe-125-postes-a-son-usine-de-st-eustache\/#primaryimage"},"thumbnailUrl":"https:\/\/news.canadamotorjobs.com\/wp-content\/uploads\/2024\/02\/nova-bus-electrique_1080x516_acf_cropped-1080x516-1-4.jpg","datePublished":"2024-02-20T12:31:53+00:00","dateModified":"2024-02-21T21:30:14+00:00","description":"Nova Bus coupe 125 postes \u00e0 son usine de St-Eustache - Benoit Charette - Annuel automobile - CanadaMotorJobs.com.","breadcrumb":{"@id":"https:\/\/news.canadamotorjobs.com\/fr\/nova-bus-coupe-125-postes-a-son-usine-de-st-eustache\/#breadcrumb"},"inLanguage":"fr-CA","potentialAction":[{"@type":"ReadAction","target":["https:\/\/news.canadamotorjobs.com\/fr\/nova-bus-coupe-125-postes-a-son-usine-de-st-eustache\/"]}]},{"@type":"ImageObject","inLanguage":"fr-CA","@id":"https:\/\/news.canadamotorjobs.com\/fr\/nova-bus-coupe-125-postes-a-son-usine-de-st-eustache\/#primaryimage","url":"https:\/\/news.canadamotorjobs.com\/wp-content\/uploads\/2024\/02\/nova-bus-electrique_1080x516_acf_cropped-1080x516-1-4.jpg","contentUrl":"https:\/\/news.canadamotorjobs.com\/wp-content\/uploads\/2024\/02\/nova-bus-electrique_1080x516_acf_cropped-1080x516-1-4.jpg","width":1080,"height":516},{"@type":"BreadcrumbList","@id":"https:\/\/news.canadamotorjobs.com\/fr\/nova-bus-coupe-125-postes-a-son-usine-de-st-eustache\/#breadcrumb","itemListElement":[{"@type":"ListItem","position":1,"name":"Home","item":"https:\/\/news.canadamotorjobs.com\/fr\/blog\/"},{"@type":"ListItem","position":2,"name":"Nova Bus coupe 125 postes \u00e0 son usine de St-Eustache"}]},{"@type":"WebSite","@id":"https:\/\/news.canadamotorjobs.com\/#website","url":"https:\/\/news.canadamotorjobs.com\/","name":"CanadaMotorJobs.com","description":"Automotive Jobs","publisher":{"@id":"https:\/\/news.canadamotorjobs.com\/#organization"},"potentialAction":[{"@type":"SearchAction","target":{"@type":"EntryPoint","urlTemplate":"https:\/\/news.canadamotorjobs.com\/?s={search_term_string}"},"query-input":"required name=search_term_string"}],"inLanguage":"fr-CA"},{"@type":"Organization","@id":"https:\/\/news.canadamotorjobs.com\/#organization","name":"Canada Motor Jobs","url":"https:\/\/news.canadamotorjobs.com\/","logo":{"@type":"ImageObject","inLanguage":"fr-CA","@id":"https:\/\/news.canadamotorjobs.com\/#\/schema\/logo\/image\/","url":"https:\/\/news.canadamotorjobs.com\/wp-content\/uploads\/2022\/10\/logo-canada-motor-jobs-1.png","contentUrl":"https:\/\/news.canadamotorjobs.com\/wp-content\/uploads\/2022\/10\/logo-canada-motor-jobs-1.png","width":800,"height":400,"caption":"Canada Motor Jobs"},"image":{"@id":"https:\/\/news.canadamotorjobs.com\/#\/schema\/logo\/image\/"},"sameAs":["https:\/\/www.facebook.com\/canadamotorjobs\/","https:\/\/x.com\/canadamotorjobs","https:\/\/www.instagram.com\/canadamotorjobs\/","https:\/\/www.linkedin.com\/company\/canadamotorjobs"]},{"@type":"Person","@id":"https:\/\/news.canadamotorjobs.com\/#\/schema\/person\/51793d1f87d44011d7bcc2ed99269a90","name":"Benoit Charette","image":{"@type":"ImageObject","inLanguage":"fr-CA","@id":"https:\/\/news.canadamotorjobs.com\/#\/schema\/person\/image\/","url":"https:\/\/secure.gravatar.com\/avatar\/45f3d2eebcccd909668d7ce7ea7267b6?s=96&d=mm&r=g","contentUrl":"https:\/\/secure.gravatar.com\/avatar\/45f3d2eebcccd909668d7ce7ea7267b6?s=96&d=mm&r=g","caption":"Benoit Charette"},"description":"Benoit Charette \/ Propri\u00e9taire et r\u00e9dacteur en chef Benoit Charette pratique le journalisme automobile depuis bient\u00f4t 30 ans. Il a fait ses classes au c\u00f4t\u00e9 de Daniel H\u00e9raud et au Carnet de route de 1992 \u00e0 2001. Il est fondateur, copropri\u00e9taire et r\u00e9dacteur en chef de L\u2019Annuel de l\u2019automobile, qu\u2019il publie depuis 2001. Il a anim\u00e9 les \u00e9missions RPM et RPM+ sur V et les L\u00e9gendes de la route sur Historia. \u00c0 la radio depuis 1986, il reprend l\u2019antenne cette ann\u00e9e sur les ondes de Cogeco et participe pour la deuxi\u00e8me ann\u00e9e \u00e0 l\u2019\u00e9mission Passion Auto sur RDS en plus de mettre en ligne le site Web officiel de L\u2019Annuel de l\u2019automobile sur annuelauto.ca.","sameAs":["https:\/\/annuelauto.ca\/"],"url":"https:\/\/news.canadamotorjobs.com\/fr\/author\/benoit-charette\/"}]}},"_links":{"self":[{"href":"https:\/\/news.canadamotorjobs.com\/fr\/wp-json\/wp\/v2\/posts\/159426"}],"collection":[{"href":"https:\/\/news.canadamotorjobs.com\/fr\/wp-json\/wp\/v2\/posts"}],"about":[{"href":"https:\/\/news.canadamotorjobs.com\/fr\/wp-json\/wp\/v2\/types\/post"}],"author":[{"embeddable":true,"href":"https:\/\/news.canadamotorjobs.com\/fr\/wp-json\/wp\/v2\/users\/8"}],"replies":[{"embeddable":true,"href":"https:\/\/news.canadamotorjobs.com\/fr\/wp-json\/wp\/v2\/comments?post=159426"}],"version-history":[{"count":2,"href":"https:\/\/news.canadamotorjobs.com\/fr\/wp-json\/wp\/v2\/posts\/159426\/revisions"}],"predecessor-version":[{"id":159430,"href":"https:\/\/news.canadamotorjobs.com\/fr\/wp-json\/wp\/v2\/posts\/159426\/revisions\/159430"}],"wp:featuredmedia":[{"embeddable":true,"href":"https:\/\/news.canadamotorjobs.com\/fr\/wp-json\/wp\/v2\/media\/159428"}],"wp:attachment":[{"href":"https:\/\/news.canadamotorjobs.com\/fr\/wp-json\/wp\/v2\/media?parent=159426"}],"wp:term":[{"taxonomy":"category","embeddable":true,"href":"https:\/\/news.canadamotorjobs.com\/fr\/wp-json\/wp\/v2\/categories?post=159426"},{"taxonomy":"post_tag","embeddable":true,"href":"https:\/\/news.canadamotorjobs.com\/fr\/wp-json\/wp\/v2\/tags?post=159426"}],"curies":[{"name":"wp","href":"https:\/\/api.w.org\/{rel}","templated":true}]}}